{"id":201365,"date":"2023-06-26T07:08:00","date_gmt":"2023-06-26T11:08:00","guid":{"rendered":"https:\/\/ifamnews.com\/?p=201365"},"modified":"2023-06-26T09:01:32","modified_gmt":"2023-06-26T13:01:32","slug":"elon-musk-d-nonce-l-utilisation-des-termes-cis-et-cisgenre-comme-des-insultes-sur-twitter-suscitant-un-d-bat-sur-l-id-ologie-du-genre","status":"publish","type":"post","link":"https:\/\/ifamnews.com\/fr\/elon-musk-d-nonce-l-utilisation-des-termes-cis-et-cisgenre-comme-des-insultes-sur-twitter-suscitant-un-d-bat-sur-l-id-ologie-du-genre","title":{"rendered":"Elon Musk qualifie les mots \u00ab\u00a0cis\u00a0\u00bb et \u00ab\u00a0cisgenre\u00a0\u00bb d&rsquo;insultes sur Twitter"},"content":{"rendered":"<p>Elon Musk a pris fermement position contre l&rsquo;utilisation abusive des termes \u00ab\u00a0cis\u00a0\u00bb et \u00ab\u00a0cisgenre\u00a0\u00bb sur Twitter. Cette d\u00e9cision a \u00e9t\u00e9 prise apr\u00e8s que des militants LGBT ont pris pour cible James Esses, cofondateur de Thoughtful Therapists, pour avoir critiqu\u00e9 l&rsquo;id\u00e9ologie de l&rsquo;identit\u00e9 de genre. Esses a publiquement rejet\u00e9 l&rsquo;\u00e9tiquette de \u00ab\u00a0cis\u00a0\u00bb et a exprim\u00e9 ses inqui\u00e9tudes quant \u00e0 l&rsquo;impact de l&rsquo;id\u00e9ologie de l&rsquo;identit\u00e9 de genre sur les enfants. En r\u00e9ponse, les militants LGBT l&rsquo;ont bombard\u00e9 de messages d\u00e9sobligeants, y compris d&rsquo;insultes et d&rsquo;injures.<\/p>\n<p>Musk est intervenu en d\u00e9clarant que le harc\u00e8lement cibl\u00e9 r\u00e9p\u00e9t\u00e9 entra\u00eenerait des suspensions temporaires et a d\u00e9clar\u00e9 que les mots \u00ab\u00a0cis\u00a0\u00bb et \u00ab\u00a0cisgenre\u00a0\u00bb \u00e9taient consid\u00e9r\u00e9s comme des insultes sur la plateforme. Le message de Musk a re\u00e7u un large soutien, avec plus de 147 000 likes au moment de la publication. M. Esses a remerci\u00e9 M. Musk d&rsquo;avoir d\u00e9fendu la r\u00e9alit\u00e9, et d&rsquo;autres, comme Tom Fitton de Judicial Watch, ont soulign\u00e9 l&rsquo;abus de langage dans l&rsquo;extr\u00e9misme transgenre.<\/p>\n<p>Un sondage r\u00e9alis\u00e9 sur Twitter en mai a r\u00e9v\u00e9l\u00e9 que 78,2 % des personnes interrog\u00e9es consid\u00e9raient le terme \u00ab\u00a0cis\u00a0\u00bb comme une insulte. Alors que le pr\u00e9fixe \u00ab\u00a0cis\u00a0\u00bb est utilis\u00e9 depuis longtemps dans les sciences pour signifier \u00ab\u00a0de ce c\u00f4t\u00e9\u00a0\u00bb, le terme \u00ab\u00a0cisgenre\u00a0\u00bb est un terme id\u00e9ologique qui suppose une d\u00e9connexion entre le genre et le sexe. Il sugg\u00e8re que l&rsquo;h\u00e9t\u00e9rosexualit\u00e9 n&rsquo;est pas la norme et que le fait d&rsquo;\u00eatre transgenre n&rsquo;est pas anormal.<\/p>\n<p>L&rsquo;Oxford English Dictionary a ajout\u00e9 le terme \u00ab\u00a0cisgenre\u00a0\u00bb \u00e0 sa liste en 2015, et le Merriam-Webster lui a embo\u00eet\u00e9 le pas en 2016. Cependant, les origines des termes \u00ab\u00a0cisgenre\u00a0\u00bb et \u00ab\u00a0cissexuel\u00a0\u00bb remontent aux travaux de Volkmar Siguschin, un apologiste de la p\u00e9dophilie. Siguschin a introduit ces termes dans une publication en 1991. Genevi\u00e8ve Gluck, cofondatrice de Reduxx, une publication f\u00e9ministe, a mis en lumi\u00e8re les ant\u00e9c\u00e9dents probl\u00e9matiques de Siguschin et ses opinions sur la sexualit\u00e9 des enfants et la pornographie.<\/p>\n<p>Musk a reconnu le pass\u00e9 troublant de Siguschin et l&rsquo;a qualifi\u00e9 de \u00ab\u00a0sale type m\u00e9prisable\u00a0\u00bb responsable de la cr\u00e9ation du terme \u00ab\u00a0cis\u00a0\u00bb. La position de Musk contre l&rsquo;utilisation abusive de ces termes est consid\u00e9r\u00e9e comme un geste significatif contre l&rsquo;id\u00e9ologie du genre et ses repr\u00e9sentants.<\/p>\n","protected":false},"excerpt":{"rendered":"<p>Elon Musk a pris fermement position contre l&rsquo;utilisation abusive des termes \u00ab\u00a0cis\u00a0\u00bb et \u00ab\u00a0cisgenre\u00a0\u00bb sur Twitter. Cette d\u00e9cision a \u00e9t\u00e9 prise apr\u00e8s que des militants LGBT ont pris pour cible James Esses, cofondateur de Thoughtful Therapists, pour avoir critiqu\u00e9 l&rsquo;id\u00e9ologie de l&rsquo;identit\u00e9 de genre.<\/p>\n","protected":false},"author":593,"featured_media":201439,"comment_status":"open","ping_status":"open","sticky":false,"template":"","format":"standard","meta":{"give_campaign_id":0,"om_disable_all_campaigns":false,"_monsterinsights_skip_tracking":false,"_monsterinsights_sitenote_active":false,"_monsterinsights_sitenote_note":"","_monsterinsights_sitenote_category":0,"mc4wp_mailchimp_campaign":[],"jnews-multi-image_gallery":[],"jnews_single_post":{"subtitle":"","format":"standard","video":"","gallery":"","source_name":"","source_url":"","via_name":"","via_url":"","override_template":"0","override":[{"template":"2","single_blog_custom":"","parallax":"1","fullscreen":"1","layout":"right-sidebar-narrow","sidebar":"default-sidebar","second_sidebar":"default-sidebar","sticky_sidebar":"1","share_position":"float","share_float_style":"share-normal","show_share_counter":"1","show_view_counter":"1","show_featured":"1","show_post_meta":"1","show_post_author":"1","show_post_author_image":"1","show_post_date":"1","post_date_format":"default","post_date_format_custom":"Y\/m\/d","show_post_category":"1","show_post_reading_time":"1","post_reading_time_wpm":"300","show_zoom_button":"0","zoom_button_out_step":"2","zoom_button_in_step":"3","show_post_tag":"1","show_prev_next_post":"0","show_popup_post":"0","number_popup_post":"1","show_author_box":"1","show_post_related":"0","show_inline_post_related":"0"}],"override_image_size":"0","image_override":[{"single_post_thumbnail_size":"crop-715","single_post_gallery_size":"crop-715"}],"trending_post":"0","trending_post_position":"meta","trending_post_label":"Trending","sponsored_post":"0","sponsored_post_label":"Sponsored by","sponsored_post_name":"","sponsored_post_url":"","sponsored_post_logo_enable":"0","sponsored_post_logo":"","sponsored_post_desc":"","disable_ad":"0"},"jnews_primary_category":{"id":"","hide":""},"jnews_social_meta":{"fb_title":"","fb_description":"","fb_image":"","twitter_title":"","twitter_description":"","twitter_image":""},"jnews_override_counter":{"override_view_counter":"0","view_counter_number":"0","override_share_counter":"0","share_counter_number":"0","override_like_counter":"0","like_counter_number":"0","override_dislike_counter":"0","dislike_counter_number":"0"},"footnotes":""},"categories":[762,809],"tags":[26078,8761,11080,6751,7501],"class_list":["post-201365","post","type-post","status-publish","format-standard","has-post-thumbnail","hentry","category-culture-fr","category-foreground-fr","tag-elon-musk-fr","tag-gender-ideology-fr","tag-lideologie-lgbt","tag-transgenderisme","tag-twitter-fr"],"yoast_head":"<!-- This site is optimized with the Yoast SEO Premium plugin v25.9 (Yoast SEO v27.3) - https:\/\/yoast.com\/product\/yoast-seo-premium-wordpress\/ -->\n<title>Elon Musk qualifie les mots &quot;cis&quot; et &quot;cisgenre&quot; d&#039;insultes sur Twitter - IFN<\/title>\n<meta name=\"description\" content=\"Elon Musk a pris fermement position contre l&#039;utilisation abusive des termes &quot;cis&quot; et &quot;cisgenre&quot; sur Twitter. Cette d\u00e9cision a \u00e9t\u00e9 prise apr\u00e8s que des militants LGBT ont pris pour cible James Esses, cofondateur de Thoughtful Therapists, pour avoir critiqu\u00e9 l&#039;id\u00e9ologie de l&#039;identit\u00e9 de genre.\" \/>\n<meta name=\"robots\" content=\"index, follow, max-snippet:-1, max-image-preview:large, max-video-preview:-1\" \/>\n<link rel=\"canonical\" href=\"https:\/\/ifamnews.com\/fr\/elon-musk-d-nonce-l-utilisation-des-termes-cis-et-cisgenre-comme-des-insultes-sur-twitter-suscitant-un-d-bat-sur-l-id-ologie-du-genre\" \/>\n<meta property=\"og:locale\" content=\"fr_FR\" \/>\n<meta property=\"og:type\" content=\"article\" \/>\n<meta property=\"og:title\" content=\"Elon Musk qualifie les mots &quot;cis&quot; et &quot;cisgenre&quot; d&#039;insultes sur Twitter\" \/>\n<meta property=\"og:description\" content=\"Elon Musk a pris fermement position contre l&#039;utilisation abusive des termes &quot;cis&quot; et &quot;cisgenre&quot; sur Twitter. Cette d\u00e9cision a \u00e9t\u00e9 prise apr\u00e8s que des militants LGBT ont pris pour cible James Esses, cofondateur de Thoughtful Therapists, pour avoir critiqu\u00e9 l&#039;id\u00e9ologie de l&#039;identit\u00e9 de genre.\" \/>\n<meta property=\"og:url\" content=\"https:\/\/ifamnews.com\/fr\/elon-musk-d-nonce-l-utilisation-des-termes-cis-et-cisgenre-comme-des-insultes-sur-twitter-suscitant-un-d-bat-sur-l-id-ologie-du-genre\" \/>\n<meta property=\"og:site_name\" content=\"IFN\" \/>\n<meta property=\"article:publisher\" content=\"https:\/\/www.facebook.com\/iFamNews\" \/>\n<meta property=\"article:author\" content=\"https:\/\/www.facebook.com\/iFamNews\/\" \/>\n<meta property=\"article:published_time\" content=\"2023-06-26T11:08:00+00:00\" \/>\n<meta property=\"article:modified_time\" content=\"2023-06-26T13:01:32+00:00\" \/>\n<meta property=\"og:image\" content=\"https:\/\/ifamnews.com\/wp-content\/uploads\/2019\/11\/logo@2x.png\" \/>\n\t<meta property=\"og:image:width\" content=\"363\" \/>\n\t<meta property=\"og:image:height\" content=\"112\" \/>\n\t<meta property=\"og:image:type\" content=\"image\/png\" \/>\n<meta name=\"author\" content=\"IFN English\" \/>\n<meta name=\"twitter:card\" content=\"summary_large_image\" \/>\n<meta name=\"twitter:creator\" content=\"@https:\/\/twitter.com\/iFamNewsEN\" \/>\n<meta name=\"twitter:site\" content=\"@iFamNewsEN\" \/>\n<meta name=\"twitter:label1\" content=\"\u00c9crit par\" \/>\n\t<meta name=\"twitter:data1\" content=\"iFamNews\" \/>\n\t<meta name=\"twitter:label2\" content=\"Dur\u00e9e de lecture estim\u00e9e\" \/>\n\t<meta name=\"twitter:data2\" content=\"2 minutes\" \/>\n<!-- \/ Yoast SEO Premium plugin. -->","yoast_head_json":{"title":"Elon Musk qualifie les mots \"cis\" et \"cisgenre\" d'insultes sur Twitter - IFN","description":"Elon Musk a pris fermement position contre l'utilisation abusive des termes \"cis\" et \"cisgenre\" sur Twitter. Cette d\u00e9cision a \u00e9t\u00e9 prise apr\u00e8s que des militants LGBT ont pris pour cible James Esses, cofondateur de Thoughtful Therapists, pour avoir critiqu\u00e9 l'id\u00e9ologie de l'identit\u00e9 de genre.","robots":{"index":"index","follow":"follow","max-snippet":"max-snippet:-1","max-image-preview":"max-image-preview:large","max-video-preview":"max-video-preview:-1"},"canonical":"https:\/\/ifamnews.com\/fr\/elon-musk-d-nonce-l-utilisation-des-termes-cis-et-cisgenre-comme-des-insultes-sur-twitter-suscitant-un-d-bat-sur-l-id-ologie-du-genre","og_locale":"fr_FR","og_type":"article","og_title":"Elon Musk qualifie les mots \"cis\" et \"cisgenre\" d'insultes sur Twitter","og_description":"Elon Musk a pris fermement position contre l'utilisation abusive des termes \"cis\" et \"cisgenre\" sur Twitter. Cette d\u00e9cision a \u00e9t\u00e9 prise apr\u00e8s que des militants LGBT ont pris pour cible James Esses, cofondateur de Thoughtful Therapists, pour avoir critiqu\u00e9 l'id\u00e9ologie de l'identit\u00e9 de genre.","og_url":"https:\/\/ifamnews.com\/fr\/elon-musk-d-nonce-l-utilisation-des-termes-cis-et-cisgenre-comme-des-insultes-sur-twitter-suscitant-un-d-bat-sur-l-id-ologie-du-genre","og_site_name":"IFN","article_publisher":"https:\/\/www.facebook.com\/iFamNews","article_author":"https:\/\/www.facebook.com\/iFamNews\/","article_published_time":"2023-06-26T11:08:00+00:00","article_modified_time":"2023-06-26T13:01:32+00:00","og_image":[{"width":363,"height":112,"url":"https:\/\/ifamnews.com\/wp-content\/uploads\/2019\/11\/logo@2x.png","type":"image\/png"}],"author":"IFN English","twitter_card":"summary_large_image","twitter_creator":"@https:\/\/twitter.com\/iFamNewsEN","twitter_site":"@iFamNewsEN","twitter_misc":{"\u00c9crit par":"iFamNews","Dur\u00e9e de lecture estim\u00e9e":"2 minutes"},"schema":{"@context":"https:\/\/schema.org","@graph":[{"@type":"NewsArticle","@id":"https:\/\/ifamnews.com\/fr\/elon-musk-d-nonce-l-utilisation-des-termes-cis-et-cisgenre-comme-des-insultes-sur-twitter-suscitant-un-d-bat-sur-l-id-ologie-du-genre#article","isPartOf":{"@id":"https:\/\/ifamnews.com\/fr\/elon-musk-d-nonce-l-utilisation-des-termes-cis-et-cisgenre-comme-des-insultes-sur-twitter-suscitant-un-d-bat-sur-l-id-ologie-du-genre"},"author":{"name":"IFN English","@id":"https:\/\/ifamnews.com\/en\/#\/schema\/person\/633bdb7ac2496c9b9304ce62d071cdfa"},"headline":"Elon Musk qualifie les mots \u00ab\u00a0cis\u00a0\u00bb et \u00ab\u00a0cisgenre\u00a0\u00bb d&rsquo;insultes sur Twitter","datePublished":"2023-06-26T11:08:00+00:00","dateModified":"2023-06-26T13:01:32+00:00","mainEntityOfPage":{"@id":"https:\/\/ifamnews.com\/fr\/elon-musk-d-nonce-l-utilisation-des-termes-cis-et-cisgenre-comme-des-insultes-sur-twitter-suscitant-un-d-bat-sur-l-id-ologie-du-genre"},"wordCount":428,"commentCount":0,"publisher":{"@id":"https:\/\/ifamnews.com\/en\/#organization"},"image":{"@id":"https:\/\/ifamnews.com\/fr\/elon-musk-d-nonce-l-utilisation-des-termes-cis-et-cisgenre-comme-des-insultes-sur-twitter-suscitant-un-d-bat-sur-l-id-ologie-du-genre#primaryimage"},"thumbnailUrl":"https:\/\/ifamnews.com\/wp-content\/uploads\/2023\/06\/Untitled-design-2023-06-26T085838.725.png","keywords":["Elon Musk","gender ideology","L'id\u00e9ologie LGBT","Transgend\u00e9risme","twitter"],"articleSection":["Culture","Foreground"],"inLanguage":"fr-FR","potentialAction":[{"@type":"CommentAction","name":"Comment","target":["https:\/\/ifamnews.com\/fr\/elon-musk-d-nonce-l-utilisation-des-termes-cis-et-cisgenre-comme-des-insultes-sur-twitter-suscitant-un-d-bat-sur-l-id-ologie-du-genre#respond"]}]},{"@type":"WebPage","@id":"https:\/\/ifamnews.com\/fr\/elon-musk-d-nonce-l-utilisation-des-termes-cis-et-cisgenre-comme-des-insultes-sur-twitter-suscitant-un-d-bat-sur-l-id-ologie-du-genre","url":"https:\/\/ifamnews.com\/fr\/elon-musk-d-nonce-l-utilisation-des-termes-cis-et-cisgenre-comme-des-insultes-sur-twitter-suscitant-un-d-bat-sur-l-id-ologie-du-genre","name":"Elon Musk qualifie les mots \"cis\" et \"cisgenre\" d'insultes sur Twitter - IFN","isPartOf":{"@id":"https:\/\/ifamnews.com\/en\/#website"},"primaryImageOfPage":{"@id":"https:\/\/ifamnews.com\/fr\/elon-musk-d-nonce-l-utilisation-des-termes-cis-et-cisgenre-comme-des-insultes-sur-twitter-suscitant-un-d-bat-sur-l-id-ologie-du-genre#primaryimage"},"image":{"@id":"https:\/\/ifamnews.com\/fr\/elon-musk-d-nonce-l-utilisation-des-termes-cis-et-cisgenre-comme-des-insultes-sur-twitter-suscitant-un-d-bat-sur-l-id-ologie-du-genre#primaryimage"},"thumbnailUrl":"https:\/\/ifamnews.com\/wp-content\/uploads\/2023\/06\/Untitled-design-2023-06-26T085838.725.png","datePublished":"2023-06-26T11:08:00+00:00","dateModified":"2023-06-26T13:01:32+00:00","description":"Elon Musk a pris fermement position contre l'utilisation abusive des termes \"cis\" et \"cisgenre\" sur Twitter. Cette d\u00e9cision a \u00e9t\u00e9 prise apr\u00e8s que des militants LGBT ont pris pour cible James Esses, cofondateur de Thoughtful Therapists, pour avoir critiqu\u00e9 l'id\u00e9ologie de l'identit\u00e9 de genre.","breadcrumb":{"@id":"https:\/\/ifamnews.com\/fr\/elon-musk-d-nonce-l-utilisation-des-termes-cis-et-cisgenre-comme-des-insultes-sur-twitter-suscitant-un-d-bat-sur-l-id-ologie-du-genre#breadcrumb"},"inLanguage":"fr-FR","potentialAction":[{"@type":"ReadAction","target":["https:\/\/ifamnews.com\/fr\/elon-musk-d-nonce-l-utilisation-des-termes-cis-et-cisgenre-comme-des-insultes-sur-twitter-suscitant-un-d-bat-sur-l-id-ologie-du-genre"]}]},{"@type":"ImageObject","inLanguage":"fr-FR","@id":"https:\/\/ifamnews.com\/fr\/elon-musk-d-nonce-l-utilisation-des-termes-cis-et-cisgenre-comme-des-insultes-sur-twitter-suscitant-un-d-bat-sur-l-id-ologie-du-genre#primaryimage","url":"https:\/\/ifamnews.com\/wp-content\/uploads\/2023\/06\/Untitled-design-2023-06-26T085838.725.png","contentUrl":"https:\/\/ifamnews.com\/wp-content\/uploads\/2023\/06\/Untitled-design-2023-06-26T085838.725.png","width":1200,"height":675},{"@type":"BreadcrumbList","@id":"https:\/\/ifamnews.com\/fr\/elon-musk-d-nonce-l-utilisation-des-termes-cis-et-cisgenre-comme-des-insultes-sur-twitter-suscitant-un-d-bat-sur-l-id-ologie-du-genre#breadcrumb","itemListElement":[{"@type":"ListItem","position":1,"name":"Home","item":"https:\/\/ifamnews.com\/de"},{"@type":"ListItem","position":2,"name":"\u041a\u0443\u043b\u0442\u0443\u0440\u0430","item":"https:\/\/ifamnews.com\/sr\/kategorija\/kultura-sr"},{"@type":"ListItem","position":3,"name":"Elon Musk qualifie les mots &#8220;cis&#8221; et &#8220;cisgenre&#8221; d&#8217;insultes sur Twitter"}]},{"@type":"WebSite","@id":"https:\/\/ifamnews.com\/en\/#website","url":"https:\/\/ifamnews.com\/en\/","name":"IFN","description":"International Family News Network","publisher":{"@id":"https:\/\/ifamnews.com\/en\/#organization"},"potentialAction":[{"@type":"SearchAction","target":{"@type":"EntryPoint","urlTemplate":"https:\/\/ifamnews.com\/en\/?s={search_term_string}"},"query-input":{"@type":"PropertyValueSpecification","valueRequired":true,"valueName":"search_term_string"}}],"inLanguage":"fr-FR"},{"@type":"Organization","@id":"https:\/\/ifamnews.com\/en\/#organization","name":"iFamNews","url":"https:\/\/ifamnews.com\/en\/","logo":{"@type":"ImageObject","inLanguage":"fr-FR","@id":"https:\/\/ifamnews.com\/en\/#\/schema\/logo\/image\/","url":"https:\/\/ifamnews.com\/wp-content\/uploads\/2020\/01\/Share-logo.png","contentUrl":"https:\/\/ifamnews.com\/wp-content\/uploads\/2020\/01\/Share-logo.png","width":200,"height":200,"caption":"iFamNews"},"image":{"@id":"https:\/\/ifamnews.com\/en\/#\/schema\/logo\/image\/"},"sameAs":["https:\/\/www.facebook.com\/iFamNews","https:\/\/x.com\/iFamNewsEN"]},{"@type":"Person","@id":"https:\/\/ifamnews.com\/en\/#\/schema\/person\/633bdb7ac2496c9b9304ce62d071cdfa","name":"IFN English","image":{"@type":"ImageObject","inLanguage":"fr-FR","@id":"https:\/\/secure.gravatar.com\/avatar\/6f16ce95b558ae6f6eb9ae2f68122482a2c61696af2a8fc343c2e10f981a959d?s=96&d=mm&r=g","url":"https:\/\/secure.gravatar.com\/avatar\/6f16ce95b558ae6f6eb9ae2f68122482a2c61696af2a8fc343c2e10f981a959d?s=96&d=mm&r=g","contentUrl":"https:\/\/secure.gravatar.com\/avatar\/6f16ce95b558ae6f6eb9ae2f68122482a2c61696af2a8fc343c2e10f981a959d?s=96&d=mm&r=g","caption":"IFN English"},"description":"Articles published by the English iFamNews editorial team.","sameAs":["https:\/\/ifamnews.com\/en","https:\/\/www.facebook.com\/iFamNews\/","https:\/\/x.com\/https:\/\/twitter.com\/iFamNewsEN","https:\/\/www.youtube.com\/channel\/UCMVyIt4z9BANW3d09kwfUpw"],"url":"https:\/\/ifamnews.com\/fr\/author\/ifamnews-staff"}]}},"amp_enabled":true,"_links":{"self":[{"href":"https:\/\/ifamnews.com\/fr\/wp-json\/wp\/v2\/posts\/201365","targetHints":{"allow":["GET"]}}],"collection":[{"href":"https:\/\/ifamnews.com\/fr\/wp-json\/wp\/v2\/posts"}],"about":[{"href":"https:\/\/ifamnews.com\/fr\/wp-json\/wp\/v2\/types\/post"}],"author":[{"embeddable":true,"href":"https:\/\/ifamnews.com\/fr\/wp-json\/wp\/v2\/users\/593"}],"replies":[{"embeddable":true,"href":"https:\/\/ifamnews.com\/fr\/wp-json\/wp\/v2\/comments?post=201365"}],"version-history":[{"count":2,"href":"https:\/\/ifamnews.com\/fr\/wp-json\/wp\/v2\/posts\/201365\/revisions"}],"predecessor-version":[{"id":201455,"href":"https:\/\/ifamnews.com\/fr\/wp-json\/wp\/v2\/posts\/201365\/revisions\/201455"}],"wp:featuredmedia":[{"embeddable":true,"href":"https:\/\/ifamnews.com\/fr\/wp-json\/wp\/v2\/media\/201439"}],"wp:attachment":[{"href":"https:\/\/ifamnews.com\/fr\/wp-json\/wp\/v2\/media?parent=201365"}],"wp:term":[{"taxonomy":"category","embeddable":true,"href":"https:\/\/ifamnews.com\/fr\/wp-json\/wp\/v2\/categories?post=201365"},{"taxonomy":"post_tag","embeddable":true,"href":"https:\/\/ifamnews.com\/fr\/wp-json\/wp\/v2\/tags?post=201365"}],"curies":[{"name":"wp","href":"https:\/\/api.w.org\/{rel}","templated":true}]}}