{"id":200598,"date":"2023-06-22T06:16:00","date_gmt":"2023-06-22T10:16:00","guid":{"rendered":"https:\/\/ifamnews.com\/?p=200598"},"modified":"2023-06-22T05:56:00","modified_gmt":"2023-06-22T09:56:00","slug":"les-valeurs-deviennent-d-cisives-en-espagne","status":"publish","type":"post","link":"https:\/\/ifamnews.com\/fr\/les-valeurs-deviennent-d-cisives-en-espagne","title":{"rendered":"Les valeurs deviennent d\u00e9cisives en Espagne"},"content":{"rendered":"\n<p><em>&#8211;<\/em><em> La campagne \u00ab\u00a0Tu Voto acT\u00daa\u00a0\u00bb, men\u00e9e par acT\u00daa FAMILIA, a r\u00e9ussi \u00e0 stimuler les candidats pro-valeurs de Vox qui s&rsquo;y sont engag\u00e9s.<\/em> <em><\/em><\/p>\n\n\n\n<p><em>&#8211; Ils sont aujourd&rsquo;hui la cl\u00e9 du gouvernement dans les grandes villes et dans certaines communaut\u00e9s autonomes.<\/em><\/p>\n\n\n\n<p><em>&#8211;  <strong>Commen\u00e7ons par les valeurs. Pour avoir \u00e9limin\u00e9 ce qui est propre au Sanchismo. Pour gagner r\u00e9ellement contre Pedro S\u00e1nchez, contre son \u0153uvre destructrice, il faut \u00e9liminer le Sanchismo lui-m\u00eame, son id\u00e9ologie.<\/strong>.<\/em><\/p>\n\n\n\n<p><strong>L&rsquo;avanc\u00e9e \u00e9lectorale annonc\u00e9e en Espagne ouvre la porte \u00e0 ce qui a d\u00e9j\u00e0 commenc\u00e9 lors des \u00e9lections locales de dimanche : la reconqu\u00eate politique des valeurs permanentes.<\/strong>  qui n&rsquo;auraient jamais d\u00fb \u00eatre abandonn\u00e9es, et le d\u00e9mant\u00e8lement des politiques du Sanchismo, \u00e0 commencer par les lois id\u00e9ologiques impos\u00e9es par le gouvernement de l&rsquo;alliance communiste-socialiste.<\/p>\n\n\n\n<p>En outre, de nombreux candidats \u00ab\u00a0acT\u00daantes\u00a0\u00bb Vox parviennent \u00e0 \u00eatre fondamentaux pour que le Parti Populaire puisse gouverner dans des villes telles que S\u00e9ville, Valence, Valladolid, Elche&#8230; Et dans des r\u00e9gions telles que Valence, l&rsquo;Estr\u00e9madure, l&rsquo;Aragon et les \u00eeles Bal\u00e9ares. Et nous esp\u00e9rons qu&rsquo;ils ne vendront pas \u00e0 bas prix l&rsquo;alliance de gouvernement ou l&rsquo;investiture dans ces localit\u00e9s et r\u00e9gions. Je pense donc que le bilan est tr\u00e8s positif et que <strong>les valeurs ont progress<\/strong>\u00e9.<\/p>\n\n\n\n<p>Bien que ce jour soit parfois un peu doux-amer &#8211; nous aurions aim\u00e9 voir <strong>Javier Ortega<\/strong> au gouvernement du conseil municipal de Madrid, par exemple &#8211;<strong> les valeurs que nous d\u00e9fendons ont \u00e9norm\u00e9ment progress\u00e9 dans toute l&rsquo;Espagne<\/strong>, et Vox se consolide.<\/p>\n\n\n\n<p>Nous avons rencontr\u00e9 plusieurs candidats dans diff\u00e9rentes villes d&rsquo;Espagne au cours de cette campagne. Lors de ces r\u00e9unions, le document d&rsquo;initiatives politiques leur a \u00e9t\u00e9 pr\u00e9sent\u00e9. <a href=\"https:\/\/drive.google.com\/file\/d\/158uSiCRdPgVrhyoQQDH2wX1ju2kCK8fp\/view?usp=sharing\">\n  <strong>document sur les initiatives politiques<\/strong>\n<\/a>synth\u00e9tis\u00e9 dans les <a href=\"https:\/\/drive.google.com\/file\/d\/1gqNwSLx_WNhVZE_k35MjL2xAW308mua_\/view?usp=sharing\">\n  <strong>12 conseils essentiels pour bien voter.<\/strong>\n<\/a>. Il s&rsquo;agit de tout un <a href=\"https:\/\/drive.google.com\/file\/d\/1YcNH2ByPtUOb1smbjIXBo-Y4O5fG_GTJ\/view?usp=share_link\">\n  <strong>programme en faveur de la famille, de la vie et de la libert\u00e9<\/strong>\n<\/a> pro-famille, pro-vie et pro-libert\u00e9, pour d\u00e9fendre ces valeurs fondamentales dans les municipalit\u00e9s et les communaut\u00e9s autonomes. On leur a pos\u00e9 deux questions fondamentales, colossales et d\u00e9finitives : s&rsquo;ils allaient \u00e9liminer les entretiens d&rsquo;endoctrinement de la mairie ou de la communaut\u00e9 autonome, et s&rsquo;ils allaient mettre en \u0153uvre des protocoles d&rsquo;aide aux femmes enceintes risquant d&rsquo;avoir recours \u00e0 l&rsquo;avortement.<\/p>\n\n\n\n<p><em>acT\u00daa FAMILIA<\/em> a men\u00e9 une action de sensibilisation, d&rsquo;enqu\u00eate et de lobbying aupr\u00e8s des candidats des principales villes et communaut\u00e9s qui \u00e9taient cens\u00e9s nous \u00e9couter, les candidats de centre-droit. Eh bien, <strong>seuls les gens de Vox nous \u00e9cout<\/strong>aient, pour la plupart. Presque aucun n&rsquo;est issu du Parti populaire. Seuls deux des candidats populaires, originaires de Catalogne, nous ont r\u00e9pondu par des r\u00e9ponses \u00e9vasives, faisant allusion \u00e0 un programme cens\u00e9 d\u00e9fendre la famille.<\/p>\n\n\n\n<p>Il faut dire que certains candidats de Vox ont \u00e9galement \u00e9vit\u00e9 de nous r\u00e9pondre, pour des raisons de pusillanimit\u00e9 politique, supposons-nous. Mais nous pr\u00e9f\u00e9rons l&rsquo;oublier.<\/p>\n\n\n\n<p><strong> Les r\u00e9sultats des r\u00e9centes \u00e9lections locales nous laissent donc un certain nombre de cons\u00e9quences tr\u00e8s importantes<\/strong>:<\/p>\n\n\n\n<p><strong><em><u>VOX et les valeurs seront d\u00e9terminants<\/u><\/em><\/strong><\/p>\n\n\n<div class=\"wp-block-image\">\n<figure class=\"aligncenter size-large is-resized\"><img decoding=\"async\" src=\"https:\/\/ifamnews.com\/wp-content\/uploads\/2023\/06\/image-39-1024x575.png\" alt=\"\" class=\"wp-image-198557\" width=\"782\" height=\"439\" srcset=\"https:\/\/ifamnews.com\/wp-content\/uploads\/2023\/06\/image-39-1024x575.png 1024w, https:\/\/ifamnews.com\/wp-content\/uploads\/2023\/06\/image-39-768x431.png 768w, https:\/\/ifamnews.com\/wp-content\/uploads\/2023\/06\/image-39-750x421.png 750w, https:\/\/ifamnews.com\/wp-content\/uploads\/2023\/06\/image-39-1140x640.png 1140w, https:\/\/ifamnews.com\/wp-content\/uploads\/2023\/06\/image-39.png 1200w\" sizes=\"(max-width: 782px) 100vw, 782px\" \/><\/figure>\n<\/div>\n\n\n<p><strong>Tout d&rsquo;abord, de nombreux candidats Vox, qui ont r\u00e9pondu positivement \u00e0 <em>acT\u00daa familia<\/em> lors de la campagne \u00ab\u00a0Tu voto acT\u00daa\u00a0\u00bb, sont aujourd&rsquo;hui la cl\u00e9 du gouvernement dans des villes importantes et dans certaines r\u00e9gions autonomes<\/strong>.<\/p>\n\n\n\n<p>C&rsquo;est exactement ce que l&rsquo;on pourrait croire. Nous esp\u00e9rons que le \u00ab\u00a0protocole pro-vie\u00a0\u00bb et la fin de l&rsquo;endoctrinement commenceront \u00e0 devenir une r\u00e9alit\u00e9 dans certaines villes et communaut\u00e9s. <strong>Notre campagne \u00ab\u00a0Tu voto acT\u00daa\u00a0\u00bb a humblement contribu\u00e9 \u00e0 faire avancer les valeurs<\/strong>, et de nombreux candidats qui nous ont r\u00e9pondu ont \u00e9t\u00e9 \u00e9lus, m\u00eame comme une cl\u00e9 pour gouverner.<\/p>\n\n\n\n<p><strong>La campagne <em>acT\u00daa FAMILIA<\/em> a r\u00e9ussi \u00e0 galvaniser les candidats pro-valeurs de Vox qui s&rsquo;y sont engag\u00e9s.  <\/strong>En fait, des villes importantes comme S\u00e9ville, Valladolid, Valence et bien d&rsquo;autres, ainsi que des communaut\u00e9s autonomes comme Valence et l&rsquo;Aragon, d\u00e9pendent du parti de Santiago Abascal pour leur gouvernement, le seul parti pro-vie ayant une repr\u00e9sentation nationale.<\/p>\n\n\n\n<p><strong>Nous esp\u00e9rons d\u00e9sormais que le \u00ab\u00a0protocole pro-vie\u00a0\u00bb et la fin de l&rsquo;endoctrinement commenceront \u00e0 devenir <\/strong>une r\u00e9alit\u00e9 dans certaines villes et communaut\u00e9s autonomes.<\/p>\n\n\n\n<p><strong><em><u>\u00c9lections anticip\u00e9es<\/u><\/em><\/strong><\/p>\n\n\n\n<p><strong>La deuxi\u00e8me cons\u00e9quence est que<\/strong> <strong>Pedro S\u00e1nchez a \u00e9t\u00e9 contraint de convoquer des \u00e9lections anticip\u00e9es et pr\u00e9cipit\u00e9es.<\/strong>  (le 23 juillet, en plein milieu des vacances d&rsquo;\u00e9t\u00e9 espagnoles) pour plusieurs raisons : parce qu&rsquo;il pense qu&rsquo;il peut encore sauver les meubles s&rsquo;il parvient \u00e0 capter le vote des gens des partis de gauche (\u00a0\u00bb Podemos \u00a0\u00bb et autres, tr\u00e8s en perte de vitesse), qui sont rest\u00e9s chez eux et n&rsquo;ont pas vot\u00e9 ; et peut-\u00eatre certains du d\u00e9funt \u00a0\u00bb Ciudadanos \u00a0\u00bb qui n&rsquo;ont pas vot\u00e9 non plus. On dit qu&rsquo;il y a pr\u00e8s d&rsquo;un demi-million de voix qu&rsquo;il veut r\u00e9cup\u00e9rer. Il veut concentrer tous les votes de gauche.  <strong><em><u><\/u><\/em><\/strong><\/p>\n\n\n\n<p>On parle \u00e9galement d&rsquo;une possible <strong>r\u00e9bellion des \u00ab\u00a0m\u00e2les\u00a0\u00bb socialistes<\/strong>, les dirigeants locaux du parti, qui se voient eux-m\u00eames et nombre de leurs \u00ab\u00a0employ\u00e9s\u00a0\u00bb au ch\u00f4mage. En convoquant des \u00e9lections, S\u00e1nchez renforce momentan\u00e9ment son leadership, \u00e9limine toute subversion interne possible et met tout le monde en ordre de marche pour une campagne \u00e9lectorale, sans avoir \u00e0 se soumettre \u00e0 des primaires qui n&rsquo;en laisseraient pas le temps.<\/p>\n\n\n\n<p>L&rsquo;actuel premier ministre espagnol est un homme politique qui a d\u00e9j\u00e0 \u00e9t\u00e9 exclu par son propre peuple, qui est ind\u00e9sirable au niveau international et qui n&rsquo;a plus que quelques partisans parmi les secteurs les plus radicaux du progressisme europ\u00e9en et les partis communistes et les dictatures d&rsquo;Am\u00e9rique latine.<\/p>\n\n\n\n<p>On peut y lire <strong><em>L&rsquo;Ib\u00e9rosph\u00e8re<\/em> <em>de l&rsquo;Iberosph\u00e8re<\/em><\/strong>  que les \u00e9lections anticip\u00e9es pourraient \u00eatre \u00ab\u00a0un \u00e9cran de fum\u00e9e pour d\u00e9tourner l&rsquo;attention du succ\u00e8s de la droite, ou une man\u0153uvre pour entraver le transfert du pouvoir r\u00e9gional et municipal, ou une tentative de ressusciter l'\u00a0\u00bbalerte antifasciste\u00a0\u00bb contre VOX, ou une ruse pour d\u00e9mobiliser le vote de droite pendant la p\u00e9riode des vacances\u00a0\u00bb.<\/p>\n\n\n\n<p><strong><em><u>Un parti populaire peu fiable<\/u><\/em><\/strong><em><\/em><\/p>\n\n\n\n<p>Troisi\u00e8mement, il est vrai que le Parti populaire, grand vainqueur en Espagne, nous inqui\u00e8te encore beaucoup en raison de son alignement sur les postulats id\u00e9ologiques de la gauche.  <strong>ont le pouvoir de r\u00e9parer les trahisons et de revenir \u00e0 leurs anciennes valeurs.<\/strong>  par la main de Vox.<\/p>\n\n\n\n<p>Nous esp\u00e9rons que les pactes qui devront \u00eatre conclus le seront pour revenir \u00e0 la raison et aux principes du droit : libert\u00e9, patrie, famille et d\u00e9fense de la vie.<\/p>\n\n\n\n<p>Le lot de charges explosives laiss\u00e9es par le gouvernement Sanchez en Espagne semble ne pas avoir de fin et nous pourrions en \u00e9crire des pages. Il est bon de ne pas les perdre de vue maintenant. Un h\u00e9ritage fertile d&rsquo;ignominie, de corruption et de d\u00e9cadence : <strong>loi sur l&rsquo;euthanasie, nouvelle loi sur l&rsquo;avortement, enfants \u00ab\u00a0trans\u00a0\u00bb sans consentement parental, marginalisation de l&rsquo;espagnol en Catalogne, endoctrinement id\u00e9ologique du genre dans l&rsquo;\u00e9ducation<\/strong>.Deux \u00e9tats d&rsquo;alerte ill\u00e9gaux dans la pand\u00e9mie, l&rsquo;affaire \u00e9nigmatique des \u00ab\u00a0valises de Delcy\u00a0\u00bb -le leader v\u00e9n\u00e9zu\u00e9lien-, l&rsquo;assaut honteux contre la Cour constitutionnelle, plus de 100 violeurs dans les rues avec la loi \u00ab\u00a0Solo s\u00ed es s\u00ed\u00a0\u00bb, des cas flagrants de corruption politique et d&rsquo;achat de votes, 44 assassins sur les listes Bildu, le transfert des prisonniers de l&rsquo;ETA au Pays basque, l&rsquo;\u00e9limination du d\u00e9lit de s\u00e9dition, une dette publique \u00e0 113% du PIB, 30% de ch\u00f4mage chez les jeunes, une augmentation de 16% du panier de la m\u00e9nag\u00e8re ?<\/p>\n\n\n\n<p>C&rsquo;est ce dont la droite h\u00e9ritera. Nous devrons rectifier le cours de la nation avec l&rsquo;effort de tous les bons Espagnols. Une grande reconstruction nationale. Le PP pourra-t-il lui tenir t\u00eate ? Je pense qu&rsquo;il <strong>faudra un Vox fort avec des id\u00e9es tr\u00e8s claires<\/strong>.<\/p>\n\n\n\n<p>Oui,  <strong>Commen\u00e7ons par les valeurs. Pour avoir \u00e9limin\u00e9 ce qui est propre au Sanchismo. Pour gagner r\u00e9ellement contre Pedro S\u00e1nchez, contre son \u0153uvre destructrice, il faut \u00e9liminer le Sanchismo lui-m\u00eame, son id\u00e9ologie.<\/strong>.<\/p>\n\n\n\n<p>Nous serons <strong>tr\u00e8s vigilants sur tous les pactes, dans les villes et les communaut\u00e9s, et nous demanderons \u00e0 Vox de fixer deux lignes rouges : la vie et la famille, <\/strong>c&rsquo;est-\u00e0-dire de mettre en \u0153uvre des protocoles pour aider les femmes enceintes et pour prot\u00e9ger les enfants de l&rsquo;endoctrinement \u00e0 l&rsquo;\u00e9cole.<\/p>\n\n\n\n<hr class=\"wp-block-separator has-alpha-channel-opacity\"\/>\n\n\n\n<p><em>Photo de l&rsquo;auteur 1 : <\/em><a href=\"https:\/\/share.icloud.com\/photos\/0a8Q8V391VRv8PBU-BXq27sgQ\">\n  <em>https:\/\/share.icloud.com\/photos\/0a8Q8V391VRv8PBU-BXq27sgQ<\/em>\n<\/a><em><\/em><\/p>\n\n\n\n<p><em>Photo de l&rsquo;auteur 2 : <\/em><a href=\"https:\/\/share.icloud.com\/photos\/0bfJ0KTWgY8pt7K7PGRn1y-dQ\">\n  <em>https:\/\/share.icloud.com\/photos\/0bfJ0KTWgY8pt7K7PGRn1y-dQ<\/em>\n<\/a><em><\/em><\/p>\n\n\n\n<p><em>Photo de l&rsquo;auteur 3 : <\/em><a href=\"https:\/\/share.icloud.com\/photos\/078a9T21v20zmh69x494T5Qhw\">\n  <em>https:\/\/share.icloud.com\/photos\/078a9T21v20zmh69x494T5Qhw<\/em>\n<\/a><em><\/em><\/p>\n","protected":false},"excerpt":{"rendered":"<p>L&rsquo;avanc\u00e9e \u00e9lectorale annonc\u00e9e en Espagne ouvre la voie \u00e0 ce qui a d\u00e9j\u00e0 commenc\u00e9 lors des \u00e9lections locales de dimanche : la reconqu\u00eate politique de valeurs permanentes qui n&rsquo;auraient jamais d\u00fb \u00eatre abandonn\u00e9es et le d\u00e9mant\u00e8lement des politiques du Sanchismo.<\/p>\n","protected":false},"author":569,"featured_media":198948,"comment_status":"open","ping_status":"open","sticky":false,"template":"","format":"standard","meta":{"give_campaign_id":0,"om_disable_all_campaigns":false,"_monsterinsights_skip_tracking":false,"_monsterinsights_sitenote_active":false,"_monsterinsights_sitenote_note":"","_monsterinsights_sitenote_category":0,"mc4wp_mailchimp_campaign":[],"jnews-multi-image_gallery":[],"jnews_single_post":{"subtitle":"","format":"standard","video":"","gallery":"","source_name":"","source_url":"","via_name":"","via_url":"","override_template":"0","override":[{"template":"2","single_blog_custom":"","parallax":"1","fullscreen":"1","layout":"right-sidebar-narrow","sidebar":"default-sidebar","second_sidebar":"default-sidebar","sticky_sidebar":"1","share_position":"float","share_float_style":"share-normal","show_share_counter":"1","show_view_counter":"1","show_featured":"1","show_post_meta":"1","show_post_author":"1","show_post_author_image":"1","show_post_date":"1","post_date_format":"default","post_date_format_custom":"Y\/m\/d","show_post_category":"1","show_post_reading_time":"1","post_reading_time_wpm":"300","show_zoom_button":"0","zoom_button_out_step":"2","zoom_button_in_step":"3","show_post_tag":"1","show_prev_next_post":"0","show_popup_post":"0","number_popup_post":"1","show_author_box":"1","show_post_related":"0","show_inline_post_related":"0"}],"override_image_size":"0","image_override":[{"single_post_thumbnail_size":"crop-715","single_post_gallery_size":"crop-715"}],"trending_post":"0","trending_post_position":"meta","trending_post_label":"Trending","sponsored_post":"0","sponsored_post_label":"Sponsored by","sponsored_post_name":"","sponsored_post_url":"","sponsored_post_logo_enable":"0","sponsored_post_logo":"","sponsored_post_desc":"","disable_ad":"0"},"jnews_primary_category":{"id":"800","hide":""},"jnews_social_meta":{"fb_title":"","fb_description":"","fb_image":"","twitter_title":"","twitter_description":"","twitter_image":""},"jnews_override_counter":{"override_view_counter":"0","view_counter_number":"0","override_share_counter":"0","share_counter_number":"0","override_like_counter":"0","like_counter_number":"0","override_dislike_counter":"0","dislike_counter_number":"0"},"footnotes":""},"categories":[809,813,800],"tags":[26962,26963,26964,26961,26960],"class_list":["post-200598","post","type-post","status-publish","format-standard","has-post-thumbnail","hentry","category-foreground-fr","category-breaking-news-fr","category-politique","tag-elections-en-espagne","tag-sanchismo-fr","tag-santiago-abascal-fr","tag-socialisme-fr","tag-vox-fr"],"yoast_head":"<!-- This site is optimized with the Yoast SEO Premium plugin v25.9 (Yoast SEO v27.3) - https:\/\/yoast.com\/product\/yoast-seo-premium-wordpress\/ -->\n<title>Les valeurs deviennent d\u00e9cisives en Espagne - IFN<\/title>\n<meta name=\"description\" content=\"La campagne acT\u00daa FAMILIA a r\u00e9ussi \u00e0 galvaniser les candidats pro-valeurs de Vox qui s&#039;y sont engag\u00e9s.\" \/>\n<meta name=\"robots\" content=\"index, follow, max-snippet:-1, max-image-preview:large, max-video-preview:-1\" \/>\n<link rel=\"canonical\" href=\"https:\/\/ifamnews.com\/fr\/les-valeurs-deviennent-d-cisives-en-espagne\" \/>\n<meta property=\"og:locale\" content=\"fr_FR\" \/>\n<meta property=\"og:type\" content=\"article\" \/>\n<meta property=\"og:title\" content=\"Les valeurs deviennent d\u00e9cisives en Espagne\" \/>\n<meta property=\"og:description\" content=\"La campagne acT\u00daa FAMILIA a r\u00e9ussi \u00e0 galvaniser les candidats pro-valeurs de Vox qui s&#039;y sont engag\u00e9s.\" \/>\n<meta property=\"og:url\" content=\"https:\/\/ifamnews.com\/fr\/les-valeurs-deviennent-d-cisives-en-espagne\" \/>\n<meta property=\"og:site_name\" content=\"IFN\" \/>\n<meta property=\"article:publisher\" content=\"https:\/\/www.facebook.com\/iFamNews\" \/>\n<meta property=\"article:published_time\" content=\"2023-06-22T10:16:00+00:00\" \/>\n<meta property=\"og:image\" content=\"https:\/\/ifamnews.com\/wp-content\/uploads\/2023\/06\/image-40.png\" \/>\n\t<meta property=\"og:image:width\" content=\"1200\" \/>\n\t<meta property=\"og:image:height\" content=\"674\" \/>\n\t<meta property=\"og:image:type\" content=\"image\/png\" \/>\n<meta name=\"author\" content=\"Pedro Mejias\" \/>\n<meta name=\"twitter:card\" content=\"summary_large_image\" \/>\n<meta name=\"twitter:creator\" content=\"@iFamNewsEN\" \/>\n<meta name=\"twitter:site\" content=\"@iFamNewsEN\" \/>\n<meta name=\"twitter:label1\" content=\"\u00c9crit par\" \/>\n\t<meta name=\"twitter:data1\" content=\"Pedro Mejias\" \/>\n\t<meta name=\"twitter:label2\" content=\"Dur\u00e9e de lecture estim\u00e9e\" \/>\n\t<meta name=\"twitter:data2\" content=\"7 minutes\" \/>\n<!-- \/ Yoast SEO Premium plugin. -->","yoast_head_json":{"title":"Les valeurs deviennent d\u00e9cisives en Espagne - IFN","description":"La campagne acT\u00daa FAMILIA a r\u00e9ussi \u00e0 galvaniser les candidats pro-valeurs de Vox qui s'y sont engag\u00e9s.","robots":{"index":"index","follow":"follow","max-snippet":"max-snippet:-1","max-image-preview":"max-image-preview:large","max-video-preview":"max-video-preview:-1"},"canonical":"https:\/\/ifamnews.com\/fr\/les-valeurs-deviennent-d-cisives-en-espagne","og_locale":"fr_FR","og_type":"article","og_title":"Les valeurs deviennent d\u00e9cisives en Espagne","og_description":"La campagne acT\u00daa FAMILIA a r\u00e9ussi \u00e0 galvaniser les candidats pro-valeurs de Vox qui s'y sont engag\u00e9s.","og_url":"https:\/\/ifamnews.com\/fr\/les-valeurs-deviennent-d-cisives-en-espagne","og_site_name":"IFN","article_publisher":"https:\/\/www.facebook.com\/iFamNews","article_published_time":"2023-06-22T10:16:00+00:00","og_image":[{"width":1200,"height":674,"url":"https:\/\/ifamnews.com\/wp-content\/uploads\/2023\/06\/image-40.png","type":"image\/png"}],"author":"Pedro Mejias","twitter_card":"summary_large_image","twitter_creator":"@iFamNewsEN","twitter_site":"@iFamNewsEN","twitter_misc":{"\u00c9crit par":"Pedro Mejias","Dur\u00e9e de lecture estim\u00e9e":"7 minutes"},"schema":{"@context":"https:\/\/schema.org","@graph":[{"@type":"NewsArticle","@id":"https:\/\/ifamnews.com\/fr\/les-valeurs-deviennent-d-cisives-en-espagne#article","isPartOf":{"@id":"https:\/\/ifamnews.com\/fr\/les-valeurs-deviennent-d-cisives-en-espagne"},"author":{"name":"Pedro Mejias","@id":"https:\/\/ifamnews.com\/en\/#\/schema\/person\/fe7df91d6a98b1a0a14a05dea0f0e7e1"},"headline":"Les valeurs deviennent d\u00e9cisives en Espagne","datePublished":"2023-06-22T10:16:00+00:00","mainEntityOfPage":{"@id":"https:\/\/ifamnews.com\/fr\/les-valeurs-deviennent-d-cisives-en-espagne"},"wordCount":1522,"commentCount":0,"publisher":{"@id":"https:\/\/ifamnews.com\/en\/#organization"},"image":{"@id":"https:\/\/ifamnews.com\/fr\/les-valeurs-deviennent-d-cisives-en-espagne#primaryimage"},"thumbnailUrl":"https:\/\/ifamnews.com\/wp-content\/uploads\/2023\/06\/image-40.png","keywords":["\u00c9lections en Espagne","Sanchismo","Santiago Abascal","socialisme","Vox"],"articleSection":["Foreground","Nouvelles r\u00e9centes","Politique"],"inLanguage":"fr-FR","potentialAction":[{"@type":"CommentAction","name":"Comment","target":["https:\/\/ifamnews.com\/fr\/les-valeurs-deviennent-d-cisives-en-espagne#respond"]}]},{"@type":"WebPage","@id":"https:\/\/ifamnews.com\/fr\/les-valeurs-deviennent-d-cisives-en-espagne","url":"https:\/\/ifamnews.com\/fr\/les-valeurs-deviennent-d-cisives-en-espagne","name":"Les valeurs deviennent d\u00e9cisives en Espagne - IFN","isPartOf":{"@id":"https:\/\/ifamnews.com\/en\/#website"},"primaryImageOfPage":{"@id":"https:\/\/ifamnews.com\/fr\/les-valeurs-deviennent-d-cisives-en-espagne#primaryimage"},"image":{"@id":"https:\/\/ifamnews.com\/fr\/les-valeurs-deviennent-d-cisives-en-espagne#primaryimage"},"thumbnailUrl":"https:\/\/ifamnews.com\/wp-content\/uploads\/2023\/06\/image-40.png","datePublished":"2023-06-22T10:16:00+00:00","description":"La campagne acT\u00daa FAMILIA a r\u00e9ussi \u00e0 galvaniser les candidats pro-valeurs de Vox qui s'y sont engag\u00e9s.","breadcrumb":{"@id":"https:\/\/ifamnews.com\/fr\/les-valeurs-deviennent-d-cisives-en-espagne#breadcrumb"},"inLanguage":"fr-FR","potentialAction":[{"@type":"ReadAction","target":["https:\/\/ifamnews.com\/fr\/les-valeurs-deviennent-d-cisives-en-espagne"]}]},{"@type":"ImageObject","inLanguage":"fr-FR","@id":"https:\/\/ifamnews.com\/fr\/les-valeurs-deviennent-d-cisives-en-espagne#primaryimage","url":"https:\/\/ifamnews.com\/wp-content\/uploads\/2023\/06\/image-40.png","contentUrl":"https:\/\/ifamnews.com\/wp-content\/uploads\/2023\/06\/image-40.png","width":1200,"height":674},{"@type":"BreadcrumbList","@id":"https:\/\/ifamnews.com\/fr\/les-valeurs-deviennent-d-cisives-en-espagne#breadcrumb","itemListElement":[{"@type":"ListItem","position":1,"name":"Home","item":"https:\/\/ifamnews.com\/de"},{"@type":"ListItem","position":2,"name":"Politics","item":"https:\/\/ifamnews.com\/en\/category\/politics"},{"@type":"ListItem","position":3,"name":"Les valeurs deviennent d\u00e9cisives en Espagne"}]},{"@type":"WebSite","@id":"https:\/\/ifamnews.com\/en\/#website","url":"https:\/\/ifamnews.com\/en\/","name":"IFN","description":"International Family News Network","publisher":{"@id":"https:\/\/ifamnews.com\/en\/#organization"},"potentialAction":[{"@type":"SearchAction","target":{"@type":"EntryPoint","urlTemplate":"https:\/\/ifamnews.com\/en\/?s={search_term_string}"},"query-input":{"@type":"PropertyValueSpecification","valueRequired":true,"valueName":"search_term_string"}}],"inLanguage":"fr-FR"},{"@type":"Organization","@id":"https:\/\/ifamnews.com\/en\/#organization","name":"iFamNews","url":"https:\/\/ifamnews.com\/en\/","logo":{"@type":"ImageObject","inLanguage":"fr-FR","@id":"https:\/\/ifamnews.com\/en\/#\/schema\/logo\/image\/","url":"https:\/\/ifamnews.com\/wp-content\/uploads\/2020\/01\/Share-logo.png","contentUrl":"https:\/\/ifamnews.com\/wp-content\/uploads\/2020\/01\/Share-logo.png","width":200,"height":200,"caption":"iFamNews"},"image":{"@id":"https:\/\/ifamnews.com\/en\/#\/schema\/logo\/image\/"},"sameAs":["https:\/\/www.facebook.com\/iFamNews","https:\/\/x.com\/iFamNewsEN"]},{"@type":"Person","@id":"https:\/\/ifamnews.com\/en\/#\/schema\/person\/fe7df91d6a98b1a0a14a05dea0f0e7e1","name":"Pedro Mejias","image":{"@type":"ImageObject","inLanguage":"fr-FR","@id":"https:\/\/secure.gravatar.com\/avatar\/3d9bd72664d471d9724b6cd0a49fb02e0f1d5c5748458ae91cab8fe51b6e14bd?s=96&d=mm&r=g","url":"https:\/\/secure.gravatar.com\/avatar\/3d9bd72664d471d9724b6cd0a49fb02e0f1d5c5748458ae91cab8fe51b6e14bd?s=96&d=mm&r=g","contentUrl":"https:\/\/secure.gravatar.com\/avatar\/3d9bd72664d471d9724b6cd0a49fb02e0f1d5c5748458ae91cab8fe51b6e14bd?s=96&d=mm&r=g","caption":"Pedro Mejias"},"description":"Pedro Mej\u00edas, father of a large family, manage of the very active group \u201cacT\u00daa FAMILIA\u201d. Professor, social activist, specialist in conservative pro-life and pro-family movements. Founding member of the \"Pin Parental Platform\" of Spain.","url":"https:\/\/ifamnews.com\/fr\/author\/pedro-mejias"}]}},"amp_enabled":true,"_links":{"self":[{"href":"https:\/\/ifamnews.com\/fr\/wp-json\/wp\/v2\/posts\/200598","targetHints":{"allow":["GET"]}}],"collection":[{"href":"https:\/\/ifamnews.com\/fr\/wp-json\/wp\/v2\/posts"}],"about":[{"href":"https:\/\/ifamnews.com\/fr\/wp-json\/wp\/v2\/types\/post"}],"author":[{"embeddable":true,"href":"https:\/\/ifamnews.com\/fr\/wp-json\/wp\/v2\/users\/569"}],"replies":[{"embeddable":true,"href":"https:\/\/ifamnews.com\/fr\/wp-json\/wp\/v2\/comments?post=200598"}],"version-history":[{"count":2,"href":"https:\/\/ifamnews.com\/fr\/wp-json\/wp\/v2\/posts\/200598\/revisions"}],"predecessor-version":[{"id":200681,"href":"https:\/\/ifamnews.com\/fr\/wp-json\/wp\/v2\/posts\/200598\/revisions\/200681"}],"wp:featuredmedia":[{"embeddable":true,"href":"https:\/\/ifamnews.com\/fr\/wp-json\/wp\/v2\/media\/198948"}],"wp:attachment":[{"href":"https:\/\/ifamnews.com\/fr\/wp-json\/wp\/v2\/media?parent=200598"}],"wp:term":[{"taxonomy":"category","embeddable":true,"href":"https:\/\/ifamnews.com\/fr\/wp-json\/wp\/v2\/categories?post=200598"},{"taxonomy":"post_tag","embeddable":true,"href":"https:\/\/ifamnews.com\/fr\/wp-json\/wp\/v2\/tags?post=200598"}],"curies":[{"name":"wp","href":"https:\/\/api.w.org\/{rel}","templated":true}]}}