{"id":199804,"date":"2023-06-19T06:09:00","date_gmt":"2023-06-19T10:09:00","guid":{"rendered":"https:\/\/ifamnews.com\/?p=199804"},"modified":"2023-06-19T05:01:54","modified_gmt":"2023-06-19T09:01:54","slug":"c-est-la-sant-de-la-soci-t-qui-est-en-jeu-dans-mon-mariage-et-non-l-inverse","status":"publish","type":"post","link":"https:\/\/ifamnews.com\/fr\/c-est-la-sant-de-la-soci-t-qui-est-en-jeu-dans-mon-mariage-et-non-l-inverse","title":{"rendered":"C&rsquo;est la sant\u00e9 de la soci\u00e9t\u00e9 qui est en jeu dans mon mariage&#8230; et non l&rsquo;inverse !"},"content":{"rendered":"\n<p><a href=\"http:\/\/www.linkedin.com\/in\/tom%C3%A1s-melendo-granados-04750a234\"><\/a>\u00ab\u00a0Telle est la famille, telle est la soci\u00e9t\u00e9, parce que tel est l&rsquo;homme\u00a0\u00bb (Jean-Paul II).<\/p>\n\n\n\n<p>La relation entre la famille et la soci\u00e9t\u00e9 est un lieu commun dans l&rsquo;histoire de l&rsquo;humanit\u00e9. La nouveaut\u00e9 apport\u00e9e par Jean-Paul II r\u00e9side dans l&rsquo;affirmation que l&rsquo;influence la plus pertinente est celle que <strong>la famille<\/strong> exerce &#8211; celle qu&rsquo;elle doit exercer &#8211; <strong>sur la soci\u00e9t\u00e9,<\/strong> et non l&rsquo;inverse.<\/p>\n\n\n\n<p>En effet, l&rsquo;\u00eatre humain se fait et se refait jour apr\u00e8s jour dans la famille.<\/p>\n\n\n\n<p>La vie va de l&rsquo;int\u00e9rieur vers l&rsquo;ext\u00e9rieur : dans chaque mariage, l&rsquo;humanit\u00e9 enti\u00e8re rena\u00eet.  <\/p>\n\n\n\n<p>La question <strong>n&rsquo;<\/strong> est donc <strong>pas<\/strong> \u00ab\u00a0que doit faire la soci\u00e9t\u00e9 &#8211; que dois-je faire dans la soci\u00e9t\u00e9, si vous voulez &#8211; pour am\u00e9liorer la famille et ma famille\u00a0\u00bb, mais <strong>\u00ab\u00a0que dois-je faire dans ma famille pour am\u00e9liorer la soci\u00e9t\u00e9 dans son ensemble\u00a0\u00bb<\/strong>.<\/p>\n\n\n\n<p>La famille ne doit pas \u00eatre sur la d\u00e9fensive, en \u00e9vitant le mal qui pourrait \u00eatre inflig\u00e9 de l&rsquo;ext\u00e9rieur. Aujourd&rsquo;hui, nous avons besoin de familles <strong>\u00ab\u00a0gentiment agressives\u00a0\u00bb<em>. <\/em><\/strong>La famille, votre famille, a beaucoup \u00e0 offrir. Il doit proposer la seule chose qui compte vraiment : l&rsquo;amour.<strong><em> <\/em><\/strong><\/p>\n\n\n\n<p><strong>La question n&rsquo;est pas de savoir ce que la soci\u00e9t\u00e9 doit faire pour la famille, mais ce que moi, dans ma famille, je dois faire pour am\u00e9liorer la soci\u00e9t\u00e9.<\/strong><\/p>\n\n\n\n<h2 class=\"wp-block-heading\" id=\"h-el-enemigo-numero-uno\">L&rsquo;ennemi num\u00e9ro un  <\/h2>\n\n\n\n<p>Comme nous l&rsquo;a rappel\u00e9 Chesterton, \u00ab\u00a0l&rsquo;ennemi num\u00e9ro un de la famille <strong>n&rsquo;est pas<\/strong> \u00e0 chercher \u00e0 <strong>l&rsquo;ext\u00e9rieur,<\/strong> dans ces forces \u00e9normes et \u00e9crasantes qui font tomber des soci\u00e9t\u00e9s enti\u00e8res [&#8230;]. L&rsquo;<strong>ennemi de l&rsquo;amour et de la famille, c&rsquo;est soi-m\u00eame<\/strong> [&#8230;]. C&rsquo;est le \u00ab\u00a0moi\u00a0\u00bb qui, dans sa l\u00e2chet\u00e9 \u00e9go\u00efste, se montre incapable d&rsquo;accepter le prodigieux sc\u00e9nario du foyer, avec sa grandeur de composition \u00e9pique, tragique et comique&#8230; dont chaque \u00eatre humain peut jouer le r\u00f4le principal !\u00a0\u00bb<\/p>\n\n\n\n<p>Je traduis : l&rsquo;<strong>ennemi num\u00e9ro un de ma famille, c&rsquo;est moi,<\/strong> Tom\u00e1s Melendo, avec mes 71 ans, chaque fois que je ne commence <strong>pas<\/strong> la journ\u00e9e <strong>avec l&rsquo;illusion de la terminer beaucoup plus amoureux de Lourdes, ma femme<\/strong>.<\/p>\n\n\n\n<p>Traduisez aussi vous-m\u00eame, avec les noms propres de votre mariage : le v\u00f4tre et celui de votre conjoint. Et assumez joyeusement votre responsabilit\u00e9.<\/p>\n\n\n\n<h2 class=\"wp-block-heading\" id=\"h-mi-matrimonio-la-humanidad-mi-matrimonio\">Mon mariage, l&rsquo;humanit\u00e9, mon mariage<\/h2>\n\n\n\n<p>\u00ab\u00a0<strong>Tout le<\/strong> grand r\u00e9seau des relations humaines na\u00eet et se r\u00e9g\u00e9n\u00e8re continuellement \u00e0 partir de la relation dans laquelle un homme et une femme reconnaissent qu&rsquo;ils sont faits l&rsquo;un pour l&rsquo;autre et d\u00e9cident d&rsquo;unir leur vie dans un unique projet de vie\u00a0\u00bb (Jean-Paul II).<\/p>\n\n\n\n<p><strong>Notez le soulignement<\/strong>, qui provient de l&rsquo;original : la qualit\u00e9 de <strong>toute <\/strong>la grande toile des relations humaines &#8211; toute la toile <strong>&#8211; <\/strong>d\u00e9pend de celle que toi et moi \u00e9tablissons dans notre mariage.<\/p>\n\n\n\n<p>C&rsquo;est ce qu&rsquo;affirme sans \u00e9quivoque Jean-Paul II.<\/p>\n\n\n\n<p>Exag\u00e9ration ?  <\/p>\n\n\n\n<p>R\u00e9fl\u00e9chissez avec moi.  <\/p>\n\n\n\n<ol class=\"wp-block-list\">\n<li>La qualit\u00e9 de toute relation humaine (familiale, sociale, amicale, professionnelle, commerciale, etc.  <strong>l&rsquo;amour v\u00e9ritable<\/strong>  Il ne s&rsquo;agit pas de sentimentalit\u00e9 ou de tapes sur l&rsquo;\u00e9paule, de poign\u00e9es de main ou d&rsquo;accolades, de c\u00e9l\u00e9brations et de caresses, mais d&rsquo;un engagement r\u00e9el et efficace \u00e0 l&rsquo;\u00e9gard de ce qui suit  <strong>veulent et recherchent  <\/strong>le plus efficacement possible<strong>  le bon<\/strong>  de la personne ou des personnes avec lesquelles j&rsquo;interagis.<\/li>\n\n\n\n<li>En d&rsquo;autres termes, la qualit\u00e9 de toute relation humaine, de toutes les relations humaines, d\u00e9pend de l&rsquo;<strong>amour r\u00e9el<\/strong> qui y vibre.  <\/li>\n\n\n\n<li>Et la seule \u00ab\u00a0institution\u00a0\u00bb cr\u00e9\u00e9e pour susciter et renforcer l&rsquo;amour est le mariage (et tout ce qui en d\u00e9coule).<\/li>\n\n\n\n<li>Par cons\u00e9quent&#8230;<\/li>\n<\/ol>\n\n\n\n<p><strong><em>La qualit\u00e9 de toutes les relations humaines d\u00e9pend de celle que nous \u00e9tablissons, toi et moi, dans notre mariage.<\/em><\/strong><\/p>\n\n\n\n<h2 class=\"wp-block-heading\" id=\"h-nada-menos\">Rien de moins !<\/h2>\n\n\n\n<p><strong>C&rsquo;est pourquoi<\/strong> \u00ab\u00a0, poursuit Jean-Paul II, \u00ab\u00a0l&rsquo;homme quittera son p\u00e8re et sa m\u00e8re et s&rsquo;attachera \u00e0 sa femme, et les deux deviendront une seule chair\u00a0\u00bb.<\/p>\n\n\n\n<p>Pourquoi ? Parce que <strong>toute <\/strong>la grande toile des relations humaines&#8230; <strong>toute<\/strong> la toile <strong>!<\/strong><\/p>\n\n\n\n<p><strong>Chaque mariage, le<\/strong> v\u00f4tre comme le mien, a une port\u00e9e, une dimension <strong>universelle :<\/strong> la sant\u00e9 de l&rsquo;humanit\u00e9 y est en jeu. La qualit\u00e9 de toutes les relations humaines d\u00e9pend de ce que vous et moi faisons, minute par minute, jour par jour, d\u00e9tail par d\u00e9tail, dans notre mariage.<\/p>\n\n\n\n<p>L&rsquo;\u00e9ducation des enfants, par exemple, d\u00e9coule directement de l&rsquo;amour conjugal : pour \u00e9duquer les enfants, il <strong>suffit &#8211; il suffit ! &#8211; <\/strong>que les \u00e9poux s&rsquo;aiment profond\u00e9ment et sinc\u00e8rement (ce qui n&rsquo;est pas rien, loin s&rsquo;en faut).<\/p>\n\n\n\n<p>Conclusion : <strong>la plus grande chose que je puisse faire pour l&rsquo;humanit\u00e9 est de m&rsquo;efforcer \u00e0 chaque instant &#8211; maintenant &#8211; d&rsquo;aimer davantage mon conjoint<\/strong>.<\/p>\n\n\n\n<p>Et vous aussi.<\/p>\n\n\n\n<p><\/p>\n","protected":false},"excerpt":{"rendered":"<p>Chaque mariage, le v\u00f4tre comme le mien, a une port\u00e9e, une dimension universelle : la sant\u00e9 de l&rsquo;humanit\u00e9 y est en jeu. La qualit\u00e9 de toutes les relations humaines d\u00e9pend de ce que vous et moi faisons, minute par minute, jour par jour, d\u00e9tail par d\u00e9tail, dans notre mariage.<\/p>\n","protected":false},"author":1102,"featured_media":197906,"comment_status":"open","ping_status":"open","sticky":false,"template":"","format":"standard","meta":{"give_campaign_id":0,"om_disable_all_campaigns":false,"_monsterinsights_skip_tracking":false,"_monsterinsights_sitenote_active":false,"_monsterinsights_sitenote_note":"","_monsterinsights_sitenote_category":0,"mc4wp_mailchimp_campaign":[],"jnews-multi-image_gallery":[],"jnews_single_post":{"subtitle":"La question n'est pas de savoir ce que la soci\u00e9t\u00e9 doit faire pour la famille, mais ce que je dois faire, dans ma famille, pour am\u00e9liorer la soci\u00e9t\u00e9.","format":"standard","video":"","gallery":"","source_name":"","source_url":"","via_name":"","via_url":"","override_template":"0","override":[{"template":"2","single_blog_custom":"","parallax":"1","fullscreen":"1","layout":"right-sidebar-narrow","sidebar":"default-sidebar","second_sidebar":"default-sidebar","sticky_sidebar":"1","share_position":"float","share_float_style":"share-normal","show_share_counter":"1","show_view_counter":"1","show_featured":"1","show_post_meta":"1","show_post_author":"1","show_post_author_image":"1","show_post_date":"1","post_date_format":"default","post_date_format_custom":"Y\/m\/d","show_post_category":"1","show_post_reading_time":"1","post_reading_time_wpm":"300","show_zoom_button":"0","zoom_button_out_step":"2","zoom_button_in_step":"3","show_post_tag":"1","show_prev_next_post":"0","show_popup_post":"0","number_popup_post":"1","show_author_box":"1","show_post_related":"0","show_inline_post_related":"0"}],"override_image_size":"0","image_override":[{"single_post_thumbnail_size":"crop-715","single_post_gallery_size":"crop-715"}],"trending_post":"0","trending_post_position":"meta","trending_post_label":"Trending","sponsored_post":"0","sponsored_post_label":"Sponsored by","sponsored_post_name":"","sponsored_post_url":"","sponsored_post_logo_enable":"0","sponsored_post_logo":"","sponsored_post_desc":"","disable_ad":"0"},"jnews_primary_category":{"id":"798","hide":""},"jnews_social_meta":{"fb_title":"","fb_description":"","fb_image":"","twitter_title":"","twitter_description":"","twitter_image":""},"jnews_override_counter":{"override_view_counter":"0","view_counter_number":"0","override_share_counter":"0","share_counter_number":"0","override_like_counter":"0","like_counter_number":"0","override_dislike_counter":"0","dislike_counter_number":"0"},"footnotes":""},"categories":[798,809,813],"tags":[1456,8925,26825,2415],"class_list":["post-199804","post","type-post","status-publish","format-standard","has-post-thumbnail","hentry","category-famille","category-foreground-fr","category-breaking-news-fr","tag-famille","tag-jean-paul-ii","tag-lamour-conjugal","tag-mariage"],"yoast_head":"<!-- This site is optimized with the Yoast SEO Premium plugin v25.9 (Yoast SEO v27.3) - https:\/\/yoast.com\/product\/yoast-seo-premium-wordpress\/ -->\n<title>C&#039;est la sant\u00e9 de la soci\u00e9t\u00e9 qui est en jeu dans mon mariage... et non l&#039;inverse ! - IFN<\/title>\n<meta name=\"description\" content=\"La seule &quot;institution&quot; cr\u00e9\u00e9e pour susciter et renforcer l&#039;amour est le mariage (et tout ce qui en d\u00e9coule).\" \/>\n<meta name=\"robots\" content=\"index, follow, max-snippet:-1, max-image-preview:large, max-video-preview:-1\" \/>\n<link rel=\"canonical\" href=\"https:\/\/ifamnews.com\/fr\/c-est-la-sant-de-la-soci-t-qui-est-en-jeu-dans-mon-mariage-et-non-l-inverse\" \/>\n<meta property=\"og:locale\" content=\"fr_FR\" \/>\n<meta property=\"og:type\" content=\"article\" \/>\n<meta property=\"og:title\" content=\"C&#039;est la sant\u00e9 de la soci\u00e9t\u00e9 qui est en jeu dans mon mariage... et non l&#039;inverse !\" \/>\n<meta property=\"og:description\" content=\"La seule &quot;institution&quot; cr\u00e9\u00e9e pour susciter et renforcer l&#039;amour est le mariage (et tout ce qui en d\u00e9coule).\" \/>\n<meta property=\"og:url\" content=\"https:\/\/ifamnews.com\/fr\/c-est-la-sant-de-la-soci-t-qui-est-en-jeu-dans-mon-mariage-et-non-l-inverse\" \/>\n<meta property=\"og:site_name\" content=\"IFN\" \/>\n<meta property=\"article:publisher\" content=\"https:\/\/www.facebook.com\/iFamNews\" \/>\n<meta property=\"article:author\" content=\"https:\/\/www.facebook.com\/TomasMelendo\" \/>\n<meta property=\"article:published_time\" content=\"2023-06-19T10:09:00+00:00\" \/>\n<meta property=\"og:image\" content=\"https:\/\/ifamnews.com\/wp-content\/uploads\/2023\/06\/image-35.png\" \/>\n\t<meta property=\"og:image:width\" content=\"1200\" \/>\n\t<meta property=\"og:image:height\" content=\"674\" \/>\n\t<meta property=\"og:image:type\" content=\"image\/png\" \/>\n<meta name=\"author\" content=\"Tomas Melendo Granados\" \/>\n<meta name=\"twitter:card\" content=\"summary_large_image\" \/>\n<meta name=\"twitter:creator\" content=\"@iFamNewsEN\" \/>\n<meta name=\"twitter:site\" content=\"@iFamNewsEN\" \/>\n<meta name=\"twitter:label1\" content=\"\u00c9crit par\" \/>\n\t<meta name=\"twitter:data1\" content=\"Tomas Melendo Granados\" \/>\n\t<meta name=\"twitter:label2\" content=\"Dur\u00e9e de lecture estim\u00e9e\" \/>\n\t<meta name=\"twitter:data2\" content=\"4 minutes\" \/>\n<!-- \/ Yoast SEO Premium plugin. -->","yoast_head_json":{"title":"C'est la sant\u00e9 de la soci\u00e9t\u00e9 qui est en jeu dans mon mariage... et non l'inverse ! - IFN","description":"La seule \"institution\" cr\u00e9\u00e9e pour susciter et renforcer l'amour est le mariage (et tout ce qui en d\u00e9coule).","robots":{"index":"index","follow":"follow","max-snippet":"max-snippet:-1","max-image-preview":"max-image-preview:large","max-video-preview":"max-video-preview:-1"},"canonical":"https:\/\/ifamnews.com\/fr\/c-est-la-sant-de-la-soci-t-qui-est-en-jeu-dans-mon-mariage-et-non-l-inverse","og_locale":"fr_FR","og_type":"article","og_title":"C'est la sant\u00e9 de la soci\u00e9t\u00e9 qui est en jeu dans mon mariage... et non l'inverse !","og_description":"La seule \"institution\" cr\u00e9\u00e9e pour susciter et renforcer l'amour est le mariage (et tout ce qui en d\u00e9coule).","og_url":"https:\/\/ifamnews.com\/fr\/c-est-la-sant-de-la-soci-t-qui-est-en-jeu-dans-mon-mariage-et-non-l-inverse","og_site_name":"IFN","article_publisher":"https:\/\/www.facebook.com\/iFamNews","article_author":"https:\/\/www.facebook.com\/TomasMelendo","article_published_time":"2023-06-19T10:09:00+00:00","og_image":[{"width":1200,"height":674,"url":"https:\/\/ifamnews.com\/wp-content\/uploads\/2023\/06\/image-35.png","type":"image\/png"}],"author":"Tomas Melendo Granados","twitter_card":"summary_large_image","twitter_creator":"@iFamNewsEN","twitter_site":"@iFamNewsEN","twitter_misc":{"\u00c9crit par":"Tomas Melendo Granados","Dur\u00e9e de lecture estim\u00e9e":"4 minutes"},"schema":{"@context":"https:\/\/schema.org","@graph":[{"@type":"NewsArticle","@id":"https:\/\/ifamnews.com\/fr\/c-est-la-sant-de-la-soci-t-qui-est-en-jeu-dans-mon-mariage-et-non-l-inverse#article","isPartOf":{"@id":"https:\/\/ifamnews.com\/fr\/c-est-la-sant-de-la-soci-t-qui-est-en-jeu-dans-mon-mariage-et-non-l-inverse"},"author":{"name":"Tomas Melendo Granados","@id":"https:\/\/ifamnews.com\/en\/#\/schema\/person\/6a80884ea62cd6f678cb6e329b1d18d0"},"headline":"C&rsquo;est la sant\u00e9 de la soci\u00e9t\u00e9 qui est en jeu dans mon mariage&#8230; et non l&rsquo;inverse !","datePublished":"2023-06-19T10:09:00+00:00","mainEntityOfPage":{"@id":"https:\/\/ifamnews.com\/fr\/c-est-la-sant-de-la-soci-t-qui-est-en-jeu-dans-mon-mariage-et-non-l-inverse"},"wordCount":849,"commentCount":0,"publisher":{"@id":"https:\/\/ifamnews.com\/en\/#organization"},"image":{"@id":"https:\/\/ifamnews.com\/fr\/c-est-la-sant-de-la-soci-t-qui-est-en-jeu-dans-mon-mariage-et-non-l-inverse#primaryimage"},"thumbnailUrl":"https:\/\/ifamnews.com\/wp-content\/uploads\/2023\/06\/image-35.png","keywords":["famille","Jean Paul II","L'amour conjugal","mariage"],"articleSection":["Famille","Foreground","Nouvelles r\u00e9centes"],"inLanguage":"fr-FR","potentialAction":[{"@type":"CommentAction","name":"Comment","target":["https:\/\/ifamnews.com\/fr\/c-est-la-sant-de-la-soci-t-qui-est-en-jeu-dans-mon-mariage-et-non-l-inverse#respond"]}]},{"@type":"WebPage","@id":"https:\/\/ifamnews.com\/fr\/c-est-la-sant-de-la-soci-t-qui-est-en-jeu-dans-mon-mariage-et-non-l-inverse","url":"https:\/\/ifamnews.com\/fr\/c-est-la-sant-de-la-soci-t-qui-est-en-jeu-dans-mon-mariage-et-non-l-inverse","name":"C'est la sant\u00e9 de la soci\u00e9t\u00e9 qui est en jeu dans mon mariage... et non l'inverse ! - IFN","isPartOf":{"@id":"https:\/\/ifamnews.com\/en\/#website"},"primaryImageOfPage":{"@id":"https:\/\/ifamnews.com\/fr\/c-est-la-sant-de-la-soci-t-qui-est-en-jeu-dans-mon-mariage-et-non-l-inverse#primaryimage"},"image":{"@id":"https:\/\/ifamnews.com\/fr\/c-est-la-sant-de-la-soci-t-qui-est-en-jeu-dans-mon-mariage-et-non-l-inverse#primaryimage"},"thumbnailUrl":"https:\/\/ifamnews.com\/wp-content\/uploads\/2023\/06\/image-35.png","datePublished":"2023-06-19T10:09:00+00:00","description":"La seule \"institution\" cr\u00e9\u00e9e pour susciter et renforcer l'amour est le mariage (et tout ce qui en d\u00e9coule).","breadcrumb":{"@id":"https:\/\/ifamnews.com\/fr\/c-est-la-sant-de-la-soci-t-qui-est-en-jeu-dans-mon-mariage-et-non-l-inverse#breadcrumb"},"inLanguage":"fr-FR","potentialAction":[{"@type":"ReadAction","target":["https:\/\/ifamnews.com\/fr\/c-est-la-sant-de-la-soci-t-qui-est-en-jeu-dans-mon-mariage-et-non-l-inverse"]}]},{"@type":"ImageObject","inLanguage":"fr-FR","@id":"https:\/\/ifamnews.com\/fr\/c-est-la-sant-de-la-soci-t-qui-est-en-jeu-dans-mon-mariage-et-non-l-inverse#primaryimage","url":"https:\/\/ifamnews.com\/wp-content\/uploads\/2023\/06\/image-35.png","contentUrl":"https:\/\/ifamnews.com\/wp-content\/uploads\/2023\/06\/image-35.png","width":1200,"height":674},{"@type":"BreadcrumbList","@id":"https:\/\/ifamnews.com\/fr\/c-est-la-sant-de-la-soci-t-qui-est-en-jeu-dans-mon-mariage-et-non-l-inverse#breadcrumb","itemListElement":[{"@type":"ListItem","position":1,"name":"Home","item":"https:\/\/ifamnews.com\/de"},{"@type":"ListItem","position":2,"name":"\u041f\u043e\u0440\u043e\u0434\u0438\u0446\u0430","item":"https:\/\/ifamnews.com\/sr\/kategorija\/poroditsa"},{"@type":"ListItem","position":3,"name":"C&#8217;est la sant\u00e9 de la soci\u00e9t\u00e9 qui est en jeu dans mon mariage&#8230; et non l&#8217;inverse !"}]},{"@type":"WebSite","@id":"https:\/\/ifamnews.com\/en\/#website","url":"https:\/\/ifamnews.com\/en\/","name":"IFN","description":"International Family News Network","publisher":{"@id":"https:\/\/ifamnews.com\/en\/#organization"},"potentialAction":[{"@type":"SearchAction","target":{"@type":"EntryPoint","urlTemplate":"https:\/\/ifamnews.com\/en\/?s={search_term_string}"},"query-input":{"@type":"PropertyValueSpecification","valueRequired":true,"valueName":"search_term_string"}}],"inLanguage":"fr-FR"},{"@type":"Organization","@id":"https:\/\/ifamnews.com\/en\/#organization","name":"iFamNews","url":"https:\/\/ifamnews.com\/en\/","logo":{"@type":"ImageObject","inLanguage":"fr-FR","@id":"https:\/\/ifamnews.com\/en\/#\/schema\/logo\/image\/","url":"https:\/\/ifamnews.com\/wp-content\/uploads\/2020\/01\/Share-logo.png","contentUrl":"https:\/\/ifamnews.com\/wp-content\/uploads\/2020\/01\/Share-logo.png","width":200,"height":200,"caption":"iFamNews"},"image":{"@id":"https:\/\/ifamnews.com\/en\/#\/schema\/logo\/image\/"},"sameAs":["https:\/\/www.facebook.com\/iFamNews","https:\/\/x.com\/iFamNewsEN"]},{"@type":"Person","@id":"https:\/\/ifamnews.com\/en\/#\/schema\/person\/6a80884ea62cd6f678cb6e329b1d18d0","name":"Tomas Melendo Granados","image":{"@type":"ImageObject","inLanguage":"fr-FR","@id":"https:\/\/secure.gravatar.com\/avatar\/5f9633e77b5867b7d148cb81c262b053e30e6ab681748aa56bfb9c0f6c109328?s=96&d=mm&r=g","url":"https:\/\/secure.gravatar.com\/avatar\/5f9633e77b5867b7d148cb81c262b053e30e6ab681748aa56bfb9c0f6c109328?s=96&d=mm&r=g","contentUrl":"https:\/\/secure.gravatar.com\/avatar\/5f9633e77b5867b7d148cb81c262b053e30e6ab681748aa56bfb9c0f6c109328?s=96&d=mm&r=g","caption":"Tomas Melendo Granados"},"description":"Tom\u00e1s Melendo Granados was born in Melilla, Spain in 1951. PhD in Science Education and PhD in Philosophy. He carried out undergraduate and graduate studies at Navarra\u2019s University and completed them in Italy and Germany. Until his retirement in September 2021, he was Director of the Study of the Family at Malaga\u2019s University. Now, they are taught by Edufamilia (a nonprofit organization he runs) and can be done completely online. Together with his wife, he was appointed as member of the Pontifical Council for the Family by Pope Benedict XVI. He is father of seven children, grandfather of thirteen grandchildren and, above all, as he defines himself, a husband who is deeply and increasingly in love of his wife.","sameAs":["http:\/\/www.edufamilia.com","https:\/\/www.facebook.com\/TomasMelendo","https:\/\/www.instagram.com\/tomasmelendo\/","www.linkedin.com\/in\/tom\u00e1s-melendo-granados-04750a234","https:\/\/www.youtube.com\/channel\/UCU- 7o2eQZJuHNtXB8AMMc1Q?view_as=subscriber"],"url":"https:\/\/ifamnews.com\/fr\/author\/tomas-melendo-granados"}]}},"amp_enabled":true,"_links":{"self":[{"href":"https:\/\/ifamnews.com\/fr\/wp-json\/wp\/v2\/posts\/199804","targetHints":{"allow":["GET"]}}],"collection":[{"href":"https:\/\/ifamnews.com\/fr\/wp-json\/wp\/v2\/posts"}],"about":[{"href":"https:\/\/ifamnews.com\/fr\/wp-json\/wp\/v2\/types\/post"}],"author":[{"embeddable":true,"href":"https:\/\/ifamnews.com\/fr\/wp-json\/wp\/v2\/users\/1102"}],"replies":[{"embeddable":true,"href":"https:\/\/ifamnews.com\/fr\/wp-json\/wp\/v2\/comments?post=199804"}],"version-history":[{"count":2,"href":"https:\/\/ifamnews.com\/fr\/wp-json\/wp\/v2\/posts\/199804\/revisions"}],"predecessor-version":[{"id":199883,"href":"https:\/\/ifamnews.com\/fr\/wp-json\/wp\/v2\/posts\/199804\/revisions\/199883"}],"wp:featuredmedia":[{"embeddable":true,"href":"https:\/\/ifamnews.com\/fr\/wp-json\/wp\/v2\/media\/197906"}],"wp:attachment":[{"href":"https:\/\/ifamnews.com\/fr\/wp-json\/wp\/v2\/media?parent=199804"}],"wp:term":[{"taxonomy":"category","embeddable":true,"href":"https:\/\/ifamnews.com\/fr\/wp-json\/wp\/v2\/categories?post=199804"},{"taxonomy":"post_tag","embeddable":true,"href":"https:\/\/ifamnews.com\/fr\/wp-json\/wp\/v2\/tags?post=199804"}],"curies":[{"name":"wp","href":"https:\/\/api.w.org\/{rel}","templated":true}]}}