{"id":195872,"date":"2023-06-01T10:25:00","date_gmt":"2023-06-01T14:25:00","guid":{"rendered":"https:\/\/ifamnews.com\/?p=195872"},"modified":"2023-06-01T05:30:18","modified_gmt":"2023-06-01T09:30:18","slug":"de-la-nomination-la-maison-blanche-au-scandale-l-histoire-de-sam-brinton","status":"publish","type":"post","link":"https:\/\/ifamnews.com\/fr\/de-la-nomination-la-maison-blanche-au-scandale-l-histoire-de-sam-brinton","title":{"rendered":"De la nomination \u00e0 la Maison Blanche au scandale : L&rsquo;histoire de Sam Brinton"},"content":{"rendered":"\n<p>Sam Brinton, ancien fonctionnaire de l&rsquo;administration Biden, a occup\u00e9 un r\u00f4le cl\u00e9 au sein des blasph\u00e9matoires S\u0153urs de la Perp\u00e9tuelle Indulgence (SPI). Avant sa sortie honteuse, M. Brinton \u00e9tait une figure c\u00e9l\u00e8bre dans les m\u00e9dias, principalement pour avoir \u00e9t\u00e9 la premi\u00e8re personne s&rsquo;identifiant comme \u00ab\u00a0fluide de genre non binaire\u00a0\u00bb \u00e0 \u00eatre nomm\u00e9e par la Maison Blanche. Son r\u00f4le consistait notamment \u00e0 g\u00e9rer les politiques relatives aux d\u00e9chets nucl\u00e9aires au sein de l&rsquo;Office de l&rsquo;\u00e9nergie nucl\u00e9aire du minist\u00e8re de l&rsquo;\u00e9nergie.<\/p>\n\n\n\n<figure class=\"wp-block-embed is-type-rich is-provider-twitter wp-block-embed-twitter\"><div class=\"wp-block-embed__wrapper\">\n<blockquote class=\"twitter-tweet\" data-width=\"500\" data-dnt=\"true\"><p lang=\"en\" dir=\"ltr\">An added layer to the <a href=\"https:\/\/twitter.com\/dodger?ref_src=twsrc%5Etfw\">@dodger<\/a> fiasco.<br>See the guy on the bottom right? Look familiar? <br>Yep, it\u2019s Sam Brinton; disgraced DOE official under the Biden admin. Also known as \u201cSister Ray Dee O&#39;Active\u201d in the Order of Perpetual Indulgence.<br><br>SMH. <a href=\"https:\/\/t.co\/mCgGnovnHx\">pic.twitter.com\/mCgGnovnHx<\/a><\/p>&mdash; RachelReneeReeves (@RachelReneeRee1) <a href=\"https:\/\/twitter.com\/RachelReneeRee1\/status\/1661495978480791553?ref_src=twsrc%5Etfw\">May 24, 2023<\/a><\/blockquote><script async src=\"https:\/\/platform.twitter.com\/widgets.js\" charset=\"utf-8\"><\/script>\n<\/div><\/figure>\n\n\n\n<p>Il s&rsquo;est impliqu\u00e9 dans le SPI en organisant diverses activit\u00e9s de groupe. Fox News a soulign\u00e9 qu&rsquo;il accueillait r\u00e9guli\u00e8rement des \u00e9v\u00e9nements tels que des r\u00e9unions de \u00ab\u00a0minist\u00e8re du bar\u00a0\u00bb, des brunchs de travestis, des manifestations \u00e0 la Maison Blanche et m\u00eame une \u00ab\u00a0course de talons hauts\u00a0\u00bb. Un \u00e9v\u00e9nement notable a \u00e9t\u00e9 la c\u00e9l\u00e9bration explicite du dimanche de P\u00e2ques \u00e0 San Francisco en 2019, au cours de laquelle des hommes l\u00e9g\u00e8rement v\u00eatus ont repr\u00e9sent\u00e9 la crucifixion du Christ d&rsquo;une mani\u00e8re d\u00e9go\u00fbtante.<\/p>\n\n\n\n<figure class=\"wp-block-embed is-type-rich is-provider-twitter wp-block-embed-twitter\"><div class=\"wp-block-embed__wrapper\">\n<blockquote class=\"twitter-tweet\" data-width=\"500\" data-dnt=\"true\"><p lang=\"en\" dir=\"ltr\">The <a href=\"https:\/\/twitter.com\/Dodgers?ref_src=twsrc%5Etfw\">@Dodgers<\/a> support this anti-Catholic group. <br><br>Their decision to reinvite the SPI was a decision to honor anti-Catholic hate.<br><br>How do you feel about this? \ud83d\udc47 <a href=\"https:\/\/t.co\/MwvZOYSSrF\">pic.twitter.com\/MwvZOYSSrF<\/a><\/p>&mdash; CatholicVote (@CatholicVote) <a href=\"https:\/\/twitter.com\/CatholicVote\/status\/1661417081328353280?ref_src=twsrc%5Etfw\">May 24, 2023<\/a><\/blockquote><script async src=\"https:\/\/platform.twitter.com\/widgets.js\" charset=\"utf-8\"><\/script>\n<\/div><\/figure>\n\n\n\n<p>Traduction du tweet:  Les <a href=\"https:\/\/www.google.com\/search?gs_ssp=eJzj4tDP1Tcwyc3KMWD0Yk_JT0lPLSoGADaZBe8&amp;q=dodgers&amp;rlz=1C1GCEA_enRS980RS980&amp;oq=Dogers&amp;aqs=chrome.1.69i57j46i10i512j0i10i512l7.8946j0j15&amp;sourceid=chrome&amp;ie=UTF-8\">Dodgers<\/a>  soutiennent ce groupe anti-catholique. Leur d\u00e9cision de r\u00e9inviter le SPI \u00e9tait une d\u00e9cision de r\u00e9inviter la haine anti-catholique.<\/p>\n\n\n\n<p>Les r\u00e9cents probl\u00e8mes de Brinton ont \u00e9clips\u00e9 ses activit\u00e9s pass\u00e9es telles que SPI. Il a fait la une des journaux lorsqu&rsquo;il a \u00e9t\u00e9 arr\u00eat\u00e9 dans le Maryland en tant que \u00ab\u00a0fugitif de la justice\u00a0\u00bb pour vol. Cet incident particulier concernait des bagages d&rsquo;une valeur de plus de 3 670 dollars. La police a \u00e9tabli un lien entre cette arrestation et un vol commis en 2018 \u00e0 l&rsquo;a\u00e9roport Ronald Reagan Washington. Les bagages vol\u00e9s auraient appartenu \u00e0 un cr\u00e9ateur de mode tanzanien et contenaient des dessins personnalis\u00e9s.<\/p>\n","protected":false},"excerpt":{"rendered":"<p>Sam Brinton, ancien fonctionnaire de l&rsquo;administration Biden, a occup\u00e9 un r\u00f4le cl\u00e9 au sein des S\u0153urs de la Perp\u00e9tuelle Indulgence (SPI), un mouvement blasph\u00e9matoire.<\/p>\n","protected":false},"author":594,"featured_media":195815,"comment_status":"open","ping_status":"open","sticky":false,"template":"","format":"standard","meta":{"give_campaign_id":0,"om_disable_all_campaigns":false,"_monsterinsights_skip_tracking":false,"_monsterinsights_sitenote_active":false,"_monsterinsights_sitenote_note":"","_monsterinsights_sitenote_category":0,"mc4wp_mailchimp_campaign":[],"jnews-multi-image_gallery":[],"jnews_single_post":{"subtitle":"Un ex-nomm\u00e9 par Biden ressent les r\u00e9percussions de son style de vie d\u00e9g\u00e9n\u00e9r\u00e9","format":"standard","video":"","gallery":"","source_name":"","source_url":"","via_name":"","via_url":"","override_template":"0","override":[{"template":"2","single_blog_custom":"","parallax":"1","fullscreen":"1","layout":"right-sidebar-narrow","sidebar":"default-sidebar","second_sidebar":"default-sidebar","sticky_sidebar":"1","share_position":"float","share_float_style":"share-normal","show_share_counter":"1","show_view_counter":"1","show_featured":"1","show_post_meta":"1","show_post_author":"1","show_post_author_image":"1","show_post_date":"1","post_date_format":"default","post_date_format_custom":"Y\/m\/d","show_post_category":"1","show_post_reading_time":"1","post_reading_time_wpm":"300","show_zoom_button":"0","zoom_button_out_step":"2","zoom_button_in_step":"3","show_post_tag":"1","show_prev_next_post":"0","show_popup_post":"0","number_popup_post":"1","show_author_box":"1","show_post_related":"0","show_inline_post_related":"0"}],"override_image_size":"0","image_override":[{"single_post_thumbnail_size":"crop-715","single_post_gallery_size":"crop-715"}],"trending_post":"0","trending_post_position":"meta","trending_post_label":"Trending","sponsored_post":"0","sponsored_post_label":"Sponsored by","sponsored_post_name":"","sponsored_post_url":"","sponsored_post_logo_enable":"0","sponsored_post_logo":"","sponsored_post_desc":"","disable_ad":"0"},"jnews_primary_category":{"id":"800"},"jnews_social_meta":{"fb_title":"","fb_description":"","fb_image":"","twitter_title":"","twitter_description":"","twitter_image":""},"jnews_override_counter":{"override_view_counter":"0","view_counter_number":"0","override_share_counter":"0","share_counter_number":"0","override_like_counter":"0","like_counter_number":"0","override_dislike_counter":"0","dislike_counter_number":"0"},"footnotes":""},"categories":[809,800],"tags":[11080,6751],"class_list":["post-195872","post","type-post","status-publish","format-standard","has-post-thumbnail","hentry","category-foreground-fr","category-politique","tag-lideologie-lgbt","tag-transgenderisme"],"yoast_head":"<!-- This site is optimized with the Yoast SEO Premium plugin v25.9 (Yoast SEO v27.3) - https:\/\/yoast.com\/product\/yoast-seo-premium-wordpress\/ -->\n<title>De la nomination \u00e0 la Maison Blanche au scandale : L&#039;histoire de Sam Brinton - IFN<\/title>\n<meta name=\"robots\" content=\"index, follow, max-snippet:-1, max-image-preview:large, max-video-preview:-1\" \/>\n<link rel=\"canonical\" href=\"https:\/\/ifamnews.com\/fr\/de-la-nomination-la-maison-blanche-au-scandale-l-histoire-de-sam-brinton\" \/>\n<meta property=\"og:locale\" content=\"fr_FR\" \/>\n<meta property=\"og:type\" content=\"article\" \/>\n<meta property=\"og:title\" content=\"De la nomination \u00e0 la Maison Blanche au scandale : L&#039;histoire de Sam Brinton\" \/>\n<meta property=\"og:description\" content=\"Sam Brinton, ancien fonctionnaire de l&#039;administration Biden, a occup\u00e9 un r\u00f4le cl\u00e9 au sein des S\u0153urs de la Perp\u00e9tuelle Indulgence (SPI), un mouvement blasph\u00e9matoire.\" \/>\n<meta property=\"og:url\" content=\"https:\/\/ifamnews.com\/fr\/de-la-nomination-la-maison-blanche-au-scandale-l-histoire-de-sam-brinton\" \/>\n<meta property=\"og:site_name\" content=\"IFN\" \/>\n<meta property=\"article:publisher\" content=\"https:\/\/www.facebook.com\/iFamNews\" \/>\n<meta property=\"article:published_time\" content=\"2023-06-01T14:25:00+00:00\" \/>\n<meta property=\"og:image\" content=\"https:\/\/ifamnews.com\/wp-content\/uploads\/2023\/05\/Untitled-design-29.png\" \/>\n\t<meta property=\"og:image:width\" content=\"1200\" \/>\n\t<meta property=\"og:image:height\" content=\"675\" \/>\n\t<meta property=\"og:image:type\" content=\"image\/png\" \/>\n<meta name=\"author\" content=\"Brian Brown, Jr.\" \/>\n<meta name=\"twitter:card\" content=\"summary_large_image\" \/>\n<meta name=\"twitter:creator\" content=\"@iFamNewsEN\" \/>\n<meta name=\"twitter:site\" content=\"@iFamNewsEN\" \/>\n<meta name=\"twitter:label1\" content=\"\u00c9crit par\" \/>\n\t<meta name=\"twitter:data1\" content=\"Brian Brown, Jr.\" \/>\n\t<meta name=\"twitter:label2\" content=\"Dur\u00e9e de lecture estim\u00e9e\" \/>\n\t<meta name=\"twitter:data2\" content=\"2 minutes\" \/>\n<!-- \/ Yoast SEO Premium plugin. -->","yoast_head_json":{"title":"De la nomination \u00e0 la Maison Blanche au scandale : L'histoire de Sam Brinton - IFN","robots":{"index":"index","follow":"follow","max-snippet":"max-snippet:-1","max-image-preview":"max-image-preview:large","max-video-preview":"max-video-preview:-1"},"canonical":"https:\/\/ifamnews.com\/fr\/de-la-nomination-la-maison-blanche-au-scandale-l-histoire-de-sam-brinton","og_locale":"fr_FR","og_type":"article","og_title":"De la nomination \u00e0 la Maison Blanche au scandale : L'histoire de Sam Brinton","og_description":"Sam Brinton, ancien fonctionnaire de l'administration Biden, a occup\u00e9 un r\u00f4le cl\u00e9 au sein des S\u0153urs de la Perp\u00e9tuelle Indulgence (SPI), un mouvement blasph\u00e9matoire.","og_url":"https:\/\/ifamnews.com\/fr\/de-la-nomination-la-maison-blanche-au-scandale-l-histoire-de-sam-brinton","og_site_name":"IFN","article_publisher":"https:\/\/www.facebook.com\/iFamNews","article_published_time":"2023-06-01T14:25:00+00:00","og_image":[{"width":1200,"height":675,"url":"https:\/\/ifamnews.com\/wp-content\/uploads\/2023\/05\/Untitled-design-29.png","type":"image\/png"}],"author":"Brian Brown, Jr.","twitter_card":"summary_large_image","twitter_creator":"@iFamNewsEN","twitter_site":"@iFamNewsEN","twitter_misc":{"\u00c9crit par":"Brian Brown, Jr.","Dur\u00e9e de lecture estim\u00e9e":"2 minutes"},"schema":{"@context":"https:\/\/schema.org","@graph":[{"@type":"NewsArticle","@id":"https:\/\/ifamnews.com\/fr\/de-la-nomination-la-maison-blanche-au-scandale-l-histoire-de-sam-brinton#article","isPartOf":{"@id":"https:\/\/ifamnews.com\/fr\/de-la-nomination-la-maison-blanche-au-scandale-l-histoire-de-sam-brinton"},"author":{"name":"Brian Brown, Jr.","@id":"https:\/\/ifamnews.com\/en\/#\/schema\/person\/eb211c3275f4deb5cbcfc4795ce45fc6"},"headline":"De la nomination \u00e0 la Maison Blanche au scandale : L&rsquo;histoire de Sam Brinton","datePublished":"2023-06-01T14:25:00+00:00","mainEntityOfPage":{"@id":"https:\/\/ifamnews.com\/fr\/de-la-nomination-la-maison-blanche-au-scandale-l-histoire-de-sam-brinton"},"wordCount":338,"commentCount":0,"publisher":{"@id":"https:\/\/ifamnews.com\/en\/#organization"},"image":{"@id":"https:\/\/ifamnews.com\/fr\/de-la-nomination-la-maison-blanche-au-scandale-l-histoire-de-sam-brinton#primaryimage"},"thumbnailUrl":"https:\/\/ifamnews.com\/wp-content\/uploads\/2023\/05\/Untitled-design-29.png","keywords":["L'id\u00e9ologie LGBT","Transgend\u00e9risme"],"articleSection":["Foreground","Politique"],"inLanguage":"fr-FR","potentialAction":[{"@type":"CommentAction","name":"Comment","target":["https:\/\/ifamnews.com\/fr\/de-la-nomination-la-maison-blanche-au-scandale-l-histoire-de-sam-brinton#respond"]}]},{"@type":"WebPage","@id":"https:\/\/ifamnews.com\/fr\/de-la-nomination-la-maison-blanche-au-scandale-l-histoire-de-sam-brinton","url":"https:\/\/ifamnews.com\/fr\/de-la-nomination-la-maison-blanche-au-scandale-l-histoire-de-sam-brinton","name":"De la nomination \u00e0 la Maison Blanche au scandale : L'histoire de Sam Brinton - IFN","isPartOf":{"@id":"https:\/\/ifamnews.com\/en\/#website"},"primaryImageOfPage":{"@id":"https:\/\/ifamnews.com\/fr\/de-la-nomination-la-maison-blanche-au-scandale-l-histoire-de-sam-brinton#primaryimage"},"image":{"@id":"https:\/\/ifamnews.com\/fr\/de-la-nomination-la-maison-blanche-au-scandale-l-histoire-de-sam-brinton#primaryimage"},"thumbnailUrl":"https:\/\/ifamnews.com\/wp-content\/uploads\/2023\/05\/Untitled-design-29.png","datePublished":"2023-06-01T14:25:00+00:00","breadcrumb":{"@id":"https:\/\/ifamnews.com\/fr\/de-la-nomination-la-maison-blanche-au-scandale-l-histoire-de-sam-brinton#breadcrumb"},"inLanguage":"fr-FR","potentialAction":[{"@type":"ReadAction","target":["https:\/\/ifamnews.com\/fr\/de-la-nomination-la-maison-blanche-au-scandale-l-histoire-de-sam-brinton"]}]},{"@type":"ImageObject","inLanguage":"fr-FR","@id":"https:\/\/ifamnews.com\/fr\/de-la-nomination-la-maison-blanche-au-scandale-l-histoire-de-sam-brinton#primaryimage","url":"https:\/\/ifamnews.com\/wp-content\/uploads\/2023\/05\/Untitled-design-29.png","contentUrl":"https:\/\/ifamnews.com\/wp-content\/uploads\/2023\/05\/Untitled-design-29.png","width":1200,"height":675},{"@type":"BreadcrumbList","@id":"https:\/\/ifamnews.com\/fr\/de-la-nomination-la-maison-blanche-au-scandale-l-histoire-de-sam-brinton#breadcrumb","itemListElement":[{"@type":"ListItem","position":1,"name":"Home","item":"https:\/\/ifamnews.com\/de"},{"@type":"ListItem","position":2,"name":"Politics","item":"https:\/\/ifamnews.com\/en\/category\/politics"},{"@type":"ListItem","position":3,"name":"De la nomination \u00e0 la Maison Blanche au scandale : L&#8217;histoire de Sam Brinton"}]},{"@type":"WebSite","@id":"https:\/\/ifamnews.com\/en\/#website","url":"https:\/\/ifamnews.com\/en\/","name":"IFN","description":"International Family News Network","publisher":{"@id":"https:\/\/ifamnews.com\/en\/#organization"},"potentialAction":[{"@type":"SearchAction","target":{"@type":"EntryPoint","urlTemplate":"https:\/\/ifamnews.com\/en\/?s={search_term_string}"},"query-input":{"@type":"PropertyValueSpecification","valueRequired":true,"valueName":"search_term_string"}}],"inLanguage":"fr-FR"},{"@type":"Organization","@id":"https:\/\/ifamnews.com\/en\/#organization","name":"iFamNews","url":"https:\/\/ifamnews.com\/en\/","logo":{"@type":"ImageObject","inLanguage":"fr-FR","@id":"https:\/\/ifamnews.com\/en\/#\/schema\/logo\/image\/","url":"https:\/\/ifamnews.com\/wp-content\/uploads\/2020\/01\/Share-logo.png","contentUrl":"https:\/\/ifamnews.com\/wp-content\/uploads\/2020\/01\/Share-logo.png","width":200,"height":200,"caption":"iFamNews"},"image":{"@id":"https:\/\/ifamnews.com\/en\/#\/schema\/logo\/image\/"},"sameAs":["https:\/\/www.facebook.com\/iFamNews","https:\/\/x.com\/iFamNewsEN"]},{"@type":"Person","@id":"https:\/\/ifamnews.com\/en\/#\/schema\/person\/eb211c3275f4deb5cbcfc4795ce45fc6","name":"Brian Brown, Jr.","image":{"@type":"ImageObject","inLanguage":"fr-FR","@id":"https:\/\/secure.gravatar.com\/avatar\/37743590c369d87e70348dd9f74f7c9eb0c8ac8e1b327f3f41660c645159f33e?s=96&d=mm&r=g","url":"https:\/\/secure.gravatar.com\/avatar\/37743590c369d87e70348dd9f74f7c9eb0c8ac8e1b327f3f41660c645159f33e?s=96&d=mm&r=g","contentUrl":"https:\/\/secure.gravatar.com\/avatar\/37743590c369d87e70348dd9f74f7c9eb0c8ac8e1b327f3f41660c645159f33e?s=96&d=mm&r=g","caption":"Brian Brown, Jr."},"description":"Brian Brown, Jr. is a recent graduate of Thomas Aquinas College, studying at the Columbus School of Law at CUA","url":"https:\/\/ifamnews.com\/fr\/author\/bbrownjr"}]}},"amp_enabled":true,"_links":{"self":[{"href":"https:\/\/ifamnews.com\/fr\/wp-json\/wp\/v2\/posts\/195872","targetHints":{"allow":["GET"]}}],"collection":[{"href":"https:\/\/ifamnews.com\/fr\/wp-json\/wp\/v2\/posts"}],"about":[{"href":"https:\/\/ifamnews.com\/fr\/wp-json\/wp\/v2\/types\/post"}],"author":[{"embeddable":true,"href":"https:\/\/ifamnews.com\/fr\/wp-json\/wp\/v2\/users\/594"}],"replies":[{"embeddable":true,"href":"https:\/\/ifamnews.com\/fr\/wp-json\/wp\/v2\/comments?post=195872"}],"version-history":[{"count":3,"href":"https:\/\/ifamnews.com\/fr\/wp-json\/wp\/v2\/posts\/195872\/revisions"}],"predecessor-version":[{"id":196309,"href":"https:\/\/ifamnews.com\/fr\/wp-json\/wp\/v2\/posts\/195872\/revisions\/196309"}],"wp:featuredmedia":[{"embeddable":true,"href":"https:\/\/ifamnews.com\/fr\/wp-json\/wp\/v2\/media\/195815"}],"wp:attachment":[{"href":"https:\/\/ifamnews.com\/fr\/wp-json\/wp\/v2\/media?parent=195872"}],"wp:term":[{"taxonomy":"category","embeddable":true,"href":"https:\/\/ifamnews.com\/fr\/wp-json\/wp\/v2\/categories?post=195872"},{"taxonomy":"post_tag","embeddable":true,"href":"https:\/\/ifamnews.com\/fr\/wp-json\/wp\/v2\/tags?post=195872"}],"curies":[{"name":"wp","href":"https:\/\/api.w.org\/{rel}","templated":true}]}}