{"id":195682,"date":"2023-05-30T08:01:00","date_gmt":"2023-05-30T12:01:00","guid":{"rendered":"https:\/\/ifamnews.com\/?p=195682"},"modified":"2023-05-30T05:07:29","modified_gmt":"2023-05-30T09:07:29","slug":"l-tat-contre-l-glise-saisie-sans-pr-c-dent-d-un-h-pital-catholique-en-australie","status":"publish","type":"post","link":"https:\/\/ifamnews.com\/fr\/l-tat-contre-l-glise-saisie-sans-pr-c-dent-d-un-h-pital-catholique-en-australie","title":{"rendered":"L&rsquo;\u00c9tat contre l&rsquo;\u00c9glise : saisie sans pr\u00e9c\u00e9dent d&rsquo;un h\u00f4pital catholique en Australie"},"content":{"rendered":"\n<p>Le gouvernement du Territoire de la capitale australienne (ACT) a propos\u00e9 de reprendre obligatoirement l&rsquo;h\u00f4pital catholique Calvary de Canberra, ce qui t\u00e9moigne d&rsquo;un antagonisme politique accru \u00e0 l&rsquo;\u00e9gard des institutions catholiques et chr\u00e9tiennes en Australie. Cette action a n\u00e9cessit\u00e9 l&rsquo;introduction d&rsquo;un projet de loi et une modification de la loi, une \u00e9tape sans pr\u00e9c\u00e9dent dans l&rsquo;histoire de l&rsquo;Australie. La loi stipule que le gouvernement d&rsquo;ACT prendra le contr\u00f4le de l&rsquo;h\u00f4pital le 3 juillet, avant m\u00eame de fixer ou d&rsquo;accorder une quelconque compensation.<\/p>\n\n\n\n<p>Cette d\u00e9cision soudaine et radicale serait li\u00e9e \u00e0 la position historique de l&rsquo;h\u00f4pital en faveur de la vie et \u00e0 son opposition \u00e0 l&rsquo;euthanasie. Une r\u00e9cente enqu\u00eate du gouvernement d&rsquo;ACT sur l&rsquo;avortement et les droits reproductifs a jug\u00e9 l&rsquo;h\u00f4pital \u00ab\u00a0probl\u00e9matique\u00a0\u00bb en raison de son \u00e9thique religieuse prononc\u00e9e. Bien que la prise de contr\u00f4le soit pr\u00e9sent\u00e9e comme une d\u00e9cision administrative, les critiques affirment que les man\u0153uvres l\u00e9gislatives extraordinaires t\u00e9moignent d&rsquo;une animosit\u00e9 plus profonde.<\/p>\n\n\n\n<p>Le chef de l&rsquo;opposition f\u00e9d\u00e9rale, Peter Dutton, a critiqu\u00e9 cette prise de contr\u00f4le, la d\u00e9crivant comme une attaque id\u00e9ologiquement motiv\u00e9e contre les institutions religieuses. De m\u00eame, le p\u00e8re Tony Percy, du dioc\u00e8se catholique de l&rsquo;ACT, a qualifi\u00e9 cette mesure de \u00ab\u00a0bigoterie religieuse \u00e0 grande \u00e9chelle\u00a0\u00bb, avertissant qu&rsquo;elle pourrait cr\u00e9er un pr\u00e9c\u00e9dent pour la saisie par le gouvernement d&rsquo;autres installations appartenant \u00e0 des chr\u00e9tiens.<\/p>\n\n\n\n<p>Dans une lettre, l&rsquo;archev\u00eaque de Canberra, Christopher Prowse, s&rsquo;est dit choqu\u00e9 par la nouvelle, craignant qu&rsquo;une telle intervention gouvernementale ne constitue une menace pour toute entreprise confessionnelle. En outre, Rob Norman, directeur du Lobby chr\u00e9tien australien pour l&rsquo;ACT, a d\u00e9nonc\u00e9 cette d\u00e9cision \u00ab\u00a0autoritaire\u00a0\u00bb, la comparant \u00e0 une \u00ab\u00a0prise de contr\u00f4le \u00e0 la sovi\u00e9tique d&rsquo;actifs non gouvernementaux\u00a0\u00bb.<\/p>\n\n\n\n<p>Ce rachat met en lumi\u00e8re deux probl\u00e8mes de soci\u00e9t\u00e9 importants en Australie. Tout d&rsquo;abord, elle ne tient pas compte de l&rsquo;histoire de l&rsquo;Australie, o\u00f9 l&rsquo;\u00c9glise catholique a cr\u00e9\u00e9 de nombreuses institutions de soins, dont le Calvaire, sans l&rsquo;aide du gouvernement. Deuxi\u00e8mement, il r\u00e9v\u00e8le une conception erron\u00e9e de la s\u00e9paration juridique de l&rsquo;\u00c9glise et de l&rsquo;\u00c9tat en Australie. Si la Constitution pr\u00e9voit une clause de libert\u00e9 de religion, celle-ci ne s&rsquo;applique qu&rsquo;au gouvernement du Commonwealth et non aux \u00c9tats. En tant que territoire, l&rsquo;ACT tombe th\u00e9oriquement sous le contr\u00f4le du gouvernement f\u00e9d\u00e9ral, mais une intervention du gouvernement f\u00e9d\u00e9ral travailliste de gauche est peu probable. Cela sugg\u00e8re que les chr\u00e9tiens australiens qui s&rsquo;en tiennent \u00e0 leurs positions morales risquent de se retrouver de plus en plus souvent en conflit avec l&rsquo;\u00c9tat.<\/p>\n","protected":false},"excerpt":{"rendered":"<p>Le gouvernement du Territoire de la capitale australienne (ACT) a propos\u00e9 de reprendre obligatoirement l&rsquo;h\u00f4pital catholique Calvary de Canberra, ce qui t\u00e9moigne d&rsquo;un antagonisme politique accru \u00e0 l&rsquo;\u00e9gard des institutions catholiques et chr\u00e9tiennes en Australie.<\/p>\n","protected":false},"author":593,"featured_media":195673,"comment_status":"open","ping_status":"open","sticky":false,"template":"","format":"standard","meta":{"give_campaign_id":0,"om_disable_all_campaigns":false,"_monsterinsights_skip_tracking":false,"_monsterinsights_sitenote_active":false,"_monsterinsights_sitenote_note":"","_monsterinsights_sitenote_category":0,"mc4wp_mailchimp_campaign":[],"jnews-multi-image_gallery":[],"jnews_single_post":{"subtitle":"Un h\u00f4pital pro-vie attaqu\u00e9 en Australie","format":"standard","video":"","gallery":"","source_name":"","source_url":"","via_name":"","via_url":"","override_template":"0","override":[{"template":"2","single_blog_custom":"","parallax":"1","fullscreen":"1","layout":"right-sidebar-narrow","sidebar":"default-sidebar","second_sidebar":"default-sidebar","sticky_sidebar":"1","share_position":"float","share_float_style":"share-normal","show_share_counter":"1","show_view_counter":"1","show_featured":"1","show_post_meta":"1","show_post_author":"1","show_post_author_image":"1","show_post_date":"1","post_date_format":"default","post_date_format_custom":"Y\/m\/d","show_post_category":"1","show_post_reading_time":"1","post_reading_time_wpm":"300","show_zoom_button":"0","zoom_button_out_step":"2","zoom_button_in_step":"3","show_post_tag":"1","show_prev_next_post":"0","show_popup_post":"0","number_popup_post":"1","show_author_box":"1","show_post_related":"0","show_inline_post_related":"0"}],"override_image_size":"0","image_override":[{"single_post_thumbnail_size":"crop-715","single_post_gallery_size":"crop-715"}],"trending_post":"0","trending_post_position":"meta","trending_post_label":"Trending","sponsored_post":"0","sponsored_post_label":"Sponsored by","sponsored_post_name":"","sponsored_post_url":"","sponsored_post_logo_enable":"0","sponsored_post_logo":"","sponsored_post_desc":"","disable_ad":"0"},"jnews_primary_category":{"id":"819"},"jnews_social_meta":{"fb_title":"","fb_description":"","fb_image":"","twitter_title":"","twitter_description":"","twitter_image":""},"jnews_override_counter":{"override_view_counter":"0","view_counter_number":"0","override_share_counter":"0","share_counter_number":"0","override_like_counter":"0","like_counter_number":"0","override_dislike_counter":"0","dislike_counter_number":"0"},"footnotes":""},"categories":[813,819],"tags":[475,11080,491],"class_list":["post-195682","post","type-post","status-publish","format-standard","has-post-thumbnail","hentry","category-breaking-news-fr","category-vie","tag-abortion","tag-lideologie-lgbt","tag-pro-life"],"yoast_head":"<!-- This site is optimized with the Yoast SEO Premium plugin v25.9 (Yoast SEO v27.3) - https:\/\/yoast.com\/product\/yoast-seo-premium-wordpress\/ -->\n<title>L&#039;\u00c9tat contre l&#039;\u00c9glise : saisie sans pr\u00e9c\u00e9dent d&#039;un h\u00f4pital catholique en Australie - IFN<\/title>\n<meta name=\"robots\" content=\"index, follow, max-snippet:-1, max-image-preview:large, max-video-preview:-1\" \/>\n<link rel=\"canonical\" href=\"https:\/\/ifamnews.com\/fr\/l-tat-contre-l-glise-saisie-sans-pr-c-dent-d-un-h-pital-catholique-en-australie\" \/>\n<meta property=\"og:locale\" content=\"fr_FR\" \/>\n<meta property=\"og:type\" content=\"article\" \/>\n<meta property=\"og:title\" content=\"L&#039;\u00c9tat contre l&#039;\u00c9glise : saisie sans pr\u00e9c\u00e9dent d&#039;un h\u00f4pital catholique en Australie\" \/>\n<meta property=\"og:description\" content=\"Le gouvernement du Territoire de la capitale australienne (ACT) a propos\u00e9 de reprendre obligatoirement l&#039;h\u00f4pital catholique Calvary de Canberra, ce qui t\u00e9moigne d&#039;un antagonisme politique accru \u00e0 l&#039;\u00e9gard des institutions catholiques et chr\u00e9tiennes en Australie.\" \/>\n<meta property=\"og:url\" content=\"https:\/\/ifamnews.com\/fr\/l-tat-contre-l-glise-saisie-sans-pr-c-dent-d-un-h-pital-catholique-en-australie\" \/>\n<meta property=\"og:site_name\" content=\"IFN\" \/>\n<meta property=\"article:publisher\" content=\"https:\/\/www.facebook.com\/iFamNews\" \/>\n<meta property=\"article:author\" content=\"https:\/\/www.facebook.com\/iFamNews\/\" \/>\n<meta property=\"article:published_time\" content=\"2023-05-30T12:01:00+00:00\" \/>\n<meta property=\"og:image\" content=\"https:\/\/ifamnews.com\/wp-content\/uploads\/2023\/05\/Untitled-design-25.png\" \/>\n\t<meta property=\"og:image:width\" content=\"1200\" \/>\n\t<meta property=\"og:image:height\" content=\"675\" \/>\n\t<meta property=\"og:image:type\" content=\"image\/png\" \/>\n<meta name=\"author\" content=\"IFN English\" \/>\n<meta name=\"twitter:card\" content=\"summary_large_image\" \/>\n<meta name=\"twitter:creator\" content=\"@https:\/\/twitter.com\/iFamNewsEN\" \/>\n<meta name=\"twitter:site\" content=\"@iFamNewsEN\" \/>\n<meta name=\"twitter:label1\" content=\"\u00c9crit par\" \/>\n\t<meta name=\"twitter:data1\" content=\"iFamNews\" \/>\n\t<meta name=\"twitter:label2\" content=\"Dur\u00e9e de lecture estim\u00e9e\" \/>\n\t<meta name=\"twitter:data2\" content=\"3 minutes\" \/>\n<!-- \/ Yoast SEO Premium plugin. -->","yoast_head_json":{"title":"L'\u00c9tat contre l'\u00c9glise : saisie sans pr\u00e9c\u00e9dent d'un h\u00f4pital catholique en Australie - IFN","robots":{"index":"index","follow":"follow","max-snippet":"max-snippet:-1","max-image-preview":"max-image-preview:large","max-video-preview":"max-video-preview:-1"},"canonical":"https:\/\/ifamnews.com\/fr\/l-tat-contre-l-glise-saisie-sans-pr-c-dent-d-un-h-pital-catholique-en-australie","og_locale":"fr_FR","og_type":"article","og_title":"L'\u00c9tat contre l'\u00c9glise : saisie sans pr\u00e9c\u00e9dent d'un h\u00f4pital catholique en Australie","og_description":"Le gouvernement du Territoire de la capitale australienne (ACT) a propos\u00e9 de reprendre obligatoirement l'h\u00f4pital catholique Calvary de Canberra, ce qui t\u00e9moigne d'un antagonisme politique accru \u00e0 l'\u00e9gard des institutions catholiques et chr\u00e9tiennes en Australie.","og_url":"https:\/\/ifamnews.com\/fr\/l-tat-contre-l-glise-saisie-sans-pr-c-dent-d-un-h-pital-catholique-en-australie","og_site_name":"IFN","article_publisher":"https:\/\/www.facebook.com\/iFamNews","article_author":"https:\/\/www.facebook.com\/iFamNews\/","article_published_time":"2023-05-30T12:01:00+00:00","og_image":[{"width":1200,"height":675,"url":"https:\/\/ifamnews.com\/wp-content\/uploads\/2023\/05\/Untitled-design-25.png","type":"image\/png"}],"author":"IFN English","twitter_card":"summary_large_image","twitter_creator":"@https:\/\/twitter.com\/iFamNewsEN","twitter_site":"@iFamNewsEN","twitter_misc":{"\u00c9crit par":"iFamNews","Dur\u00e9e de lecture estim\u00e9e":"3 minutes"},"schema":{"@context":"https:\/\/schema.org","@graph":[{"@type":"NewsArticle","@id":"https:\/\/ifamnews.com\/fr\/l-tat-contre-l-glise-saisie-sans-pr-c-dent-d-un-h-pital-catholique-en-australie#article","isPartOf":{"@id":"https:\/\/ifamnews.com\/fr\/l-tat-contre-l-glise-saisie-sans-pr-c-dent-d-un-h-pital-catholique-en-australie"},"author":{"name":"IFN English","@id":"https:\/\/ifamnews.com\/en\/#\/schema\/person\/633bdb7ac2496c9b9304ce62d071cdfa"},"headline":"L&rsquo;\u00c9tat contre l&rsquo;\u00c9glise : saisie sans pr\u00e9c\u00e9dent d&rsquo;un h\u00f4pital catholique en Australie","datePublished":"2023-05-30T12:01:00+00:00","mainEntityOfPage":{"@id":"https:\/\/ifamnews.com\/fr\/l-tat-contre-l-glise-saisie-sans-pr-c-dent-d-un-h-pital-catholique-en-australie"},"wordCount":506,"commentCount":0,"publisher":{"@id":"https:\/\/ifamnews.com\/en\/#organization"},"image":{"@id":"https:\/\/ifamnews.com\/fr\/l-tat-contre-l-glise-saisie-sans-pr-c-dent-d-un-h-pital-catholique-en-australie#primaryimage"},"thumbnailUrl":"https:\/\/ifamnews.com\/wp-content\/uploads\/2023\/05\/Untitled-design-25.png","keywords":["Abortion","L'id\u00e9ologie LGBT","Pro Life"],"articleSection":["Nouvelles r\u00e9centes","Vie"],"inLanguage":"fr-FR","potentialAction":[{"@type":"CommentAction","name":"Comment","target":["https:\/\/ifamnews.com\/fr\/l-tat-contre-l-glise-saisie-sans-pr-c-dent-d-un-h-pital-catholique-en-australie#respond"]}]},{"@type":"WebPage","@id":"https:\/\/ifamnews.com\/fr\/l-tat-contre-l-glise-saisie-sans-pr-c-dent-d-un-h-pital-catholique-en-australie","url":"https:\/\/ifamnews.com\/fr\/l-tat-contre-l-glise-saisie-sans-pr-c-dent-d-un-h-pital-catholique-en-australie","name":"L'\u00c9tat contre l'\u00c9glise : saisie sans pr\u00e9c\u00e9dent d'un h\u00f4pital catholique en Australie - IFN","isPartOf":{"@id":"https:\/\/ifamnews.com\/en\/#website"},"primaryImageOfPage":{"@id":"https:\/\/ifamnews.com\/fr\/l-tat-contre-l-glise-saisie-sans-pr-c-dent-d-un-h-pital-catholique-en-australie#primaryimage"},"image":{"@id":"https:\/\/ifamnews.com\/fr\/l-tat-contre-l-glise-saisie-sans-pr-c-dent-d-un-h-pital-catholique-en-australie#primaryimage"},"thumbnailUrl":"https:\/\/ifamnews.com\/wp-content\/uploads\/2023\/05\/Untitled-design-25.png","datePublished":"2023-05-30T12:01:00+00:00","breadcrumb":{"@id":"https:\/\/ifamnews.com\/fr\/l-tat-contre-l-glise-saisie-sans-pr-c-dent-d-un-h-pital-catholique-en-australie#breadcrumb"},"inLanguage":"fr-FR","potentialAction":[{"@type":"ReadAction","target":["https:\/\/ifamnews.com\/fr\/l-tat-contre-l-glise-saisie-sans-pr-c-dent-d-un-h-pital-catholique-en-australie"]}]},{"@type":"ImageObject","inLanguage":"fr-FR","@id":"https:\/\/ifamnews.com\/fr\/l-tat-contre-l-glise-saisie-sans-pr-c-dent-d-un-h-pital-catholique-en-australie#primaryimage","url":"https:\/\/ifamnews.com\/wp-content\/uploads\/2023\/05\/Untitled-design-25.png","contentUrl":"https:\/\/ifamnews.com\/wp-content\/uploads\/2023\/05\/Untitled-design-25.png","width":1200,"height":675},{"@type":"BreadcrumbList","@id":"https:\/\/ifamnews.com\/fr\/l-tat-contre-l-glise-saisie-sans-pr-c-dent-d-un-h-pital-catholique-en-australie#breadcrumb","itemListElement":[{"@type":"ListItem","position":1,"name":"Home","item":"https:\/\/ifamnews.com\/de"},{"@type":"ListItem","position":2,"name":"Life","item":"https:\/\/ifamnews.com\/en\/category\/life"},{"@type":"ListItem","position":3,"name":"L&#8217;\u00c9tat contre l&#8217;\u00c9glise : saisie sans pr\u00e9c\u00e9dent d&#8217;un h\u00f4pital catholique en Australie"}]},{"@type":"WebSite","@id":"https:\/\/ifamnews.com\/en\/#website","url":"https:\/\/ifamnews.com\/en\/","name":"IFN","description":"International Family News Network","publisher":{"@id":"https:\/\/ifamnews.com\/en\/#organization"},"potentialAction":[{"@type":"SearchAction","target":{"@type":"EntryPoint","urlTemplate":"https:\/\/ifamnews.com\/en\/?s={search_term_string}"},"query-input":{"@type":"PropertyValueSpecification","valueRequired":true,"valueName":"search_term_string"}}],"inLanguage":"fr-FR"},{"@type":"Organization","@id":"https:\/\/ifamnews.com\/en\/#organization","name":"iFamNews","url":"https:\/\/ifamnews.com\/en\/","logo":{"@type":"ImageObject","inLanguage":"fr-FR","@id":"https:\/\/ifamnews.com\/en\/#\/schema\/logo\/image\/","url":"https:\/\/ifamnews.com\/wp-content\/uploads\/2020\/01\/Share-logo.png","contentUrl":"https:\/\/ifamnews.com\/wp-content\/uploads\/2020\/01\/Share-logo.png","width":200,"height":200,"caption":"iFamNews"},"image":{"@id":"https:\/\/ifamnews.com\/en\/#\/schema\/logo\/image\/"},"sameAs":["https:\/\/www.facebook.com\/iFamNews","https:\/\/x.com\/iFamNewsEN"]},{"@type":"Person","@id":"https:\/\/ifamnews.com\/en\/#\/schema\/person\/633bdb7ac2496c9b9304ce62d071cdfa","name":"IFN English","image":{"@type":"ImageObject","inLanguage":"fr-FR","@id":"https:\/\/secure.gravatar.com\/avatar\/6f16ce95b558ae6f6eb9ae2f68122482a2c61696af2a8fc343c2e10f981a959d?s=96&d=mm&r=g","url":"https:\/\/secure.gravatar.com\/avatar\/6f16ce95b558ae6f6eb9ae2f68122482a2c61696af2a8fc343c2e10f981a959d?s=96&d=mm&r=g","contentUrl":"https:\/\/secure.gravatar.com\/avatar\/6f16ce95b558ae6f6eb9ae2f68122482a2c61696af2a8fc343c2e10f981a959d?s=96&d=mm&r=g","caption":"IFN English"},"description":"Articles published by the English iFamNews editorial team.","sameAs":["https:\/\/ifamnews.com\/en","https:\/\/www.facebook.com\/iFamNews\/","https:\/\/x.com\/https:\/\/twitter.com\/iFamNewsEN","https:\/\/www.youtube.com\/channel\/UCMVyIt4z9BANW3d09kwfUpw"],"url":"https:\/\/ifamnews.com\/fr\/author\/ifamnews-staff"}]}},"amp_enabled":true,"_links":{"self":[{"href":"https:\/\/ifamnews.com\/fr\/wp-json\/wp\/v2\/posts\/195682","targetHints":{"allow":["GET"]}}],"collection":[{"href":"https:\/\/ifamnews.com\/fr\/wp-json\/wp\/v2\/posts"}],"about":[{"href":"https:\/\/ifamnews.com\/fr\/wp-json\/wp\/v2\/types\/post"}],"author":[{"embeddable":true,"href":"https:\/\/ifamnews.com\/fr\/wp-json\/wp\/v2\/users\/593"}],"replies":[{"embeddable":true,"href":"https:\/\/ifamnews.com\/fr\/wp-json\/wp\/v2\/comments?post=195682"}],"version-history":[{"count":2,"href":"https:\/\/ifamnews.com\/fr\/wp-json\/wp\/v2\/posts\/195682\/revisions"}],"predecessor-version":[{"id":195800,"href":"https:\/\/ifamnews.com\/fr\/wp-json\/wp\/v2\/posts\/195682\/revisions\/195800"}],"wp:featuredmedia":[{"embeddable":true,"href":"https:\/\/ifamnews.com\/fr\/wp-json\/wp\/v2\/media\/195673"}],"wp:attachment":[{"href":"https:\/\/ifamnews.com\/fr\/wp-json\/wp\/v2\/media?parent=195682"}],"wp:term":[{"taxonomy":"category","embeddable":true,"href":"https:\/\/ifamnews.com\/fr\/wp-json\/wp\/v2\/categories?post=195682"},{"taxonomy":"post_tag","embeddable":true,"href":"https:\/\/ifamnews.com\/fr\/wp-json\/wp\/v2\/tags?post=195682"}],"curies":[{"name":"wp","href":"https:\/\/api.w.org\/{rel}","templated":true}]}}