{"id":194580,"date":"2023-05-25T05:47:00","date_gmt":"2023-05-25T09:47:00","guid":{"rendered":"https:\/\/ifamnews.com\/?p=194580"},"modified":"2023-05-24T09:55:04","modified_gmt":"2023-05-24T13:55:04","slug":"les-gauchistes-conformistes-et-l-enfer-qu-ils-veulent-cr-er","status":"publish","type":"post","link":"https:\/\/ifamnews.com\/fr\/les-gauchistes-conformistes-et-l-enfer-qu-ils-veulent-cr-er","title":{"rendered":"Les gauchistes conformistes et l&rsquo;enfer qu&rsquo;ils veulent cr\u00e9er"},"content":{"rendered":"\n<p>Les dirigeants de gauche du monde entier ont tendance \u00e0 affirmer qu&rsquo;ils sont des individualistes dont les points de vue sont adapt\u00e9s aux circonstances particuli\u00e8res de leur pays, de leur r\u00e9gion ou de leur ville. Pourtant, presque tous les dirigeants lib\u00e9raux du monde &#8211; du pr\u00e9sident am\u00e9ricain Joe Biden, du pr\u00e9sident fran\u00e7ais Emmanuel Macron et du chef de l&rsquo;opposition polonaise Donald Tusk au PDG de Disney Bob Iger et au milliardaire George Soros &#8211; croient exactement la m\u00eame chose. Quelles sont ces choses qu&rsquo;ils croient ? En voici une courte liste :<\/p>\n\n\n\n<ol class=\"wp-block-list\" type=\"1\"><li>Les programmes radicaux en mati\u00e8re de sexualit\u00e9 et de LGBT doivent \u00eatre promus \u00e0 tout prix. Le programme sexuel radical comprend la promotion d&rsquo;une activit\u00e9 sexuelle illimit\u00e9e, en particulier chez les personnes non mari\u00e9es, et l&rsquo;avortement, tandis que le programme LGBT radical comprend, entre autres, le soutien au mariage homosexuel, l&rsquo;adoption d&rsquo;enfants par des homosexuels, le traitement des hommes qui s&rsquo;identifient comme des femmes comme de v\u00e9ritables femmes, et l&rsquo;administration \u00e0 des jeunes en mal de sexe d&rsquo;hormones du sexe oppos\u00e9 et l&rsquo;autorisation de mutiler leur corps dans une tentative futile d&rsquo;appartenir au sexe oppos\u00e9. Il est important de noter que les gauchistes veulent endoctriner les enfants le plus t\u00f4t possible dans ces programmes radicaux afin de pouvoir capter l&rsquo;esprit des enfants avant qu&rsquo;ils n&rsquo;aient atteint la maturit\u00e9.<\/li><li>Le multiculturalisme &#8211; la croyance que toutes les cultures sont \u00e9gales, \u00e0 l&rsquo;exception de la culture occidentale, qui est raciste, sexiste, homophobe, etc.<\/li><li>La th\u00e9orie critique de la race, qui enseigne que tous les Blancs sont des racistes et que tous les autres sont des victimes, doit \u00eatre soutenue \u00e0 tout prix.<\/li><li>La pr\u00e9f\u00e9rence accord\u00e9e aux minorit\u00e9s en mati\u00e8re d&#8217;embauche, de promotion, d&rsquo;admission \u00e0 l&rsquo;universit\u00e9 et de passation de march\u00e9s doit \u00eatre encourag\u00e9e afin de cr\u00e9er une parit\u00e9 exacte dans tous les domaines de la vie, ind\u00e9pendamment de la personnalit\u00e9 et des comp\u00e9tences de chacun.<\/li><li>Il faut \u00e0 tout prix promouvoir l&rsquo;immigration massive de populations des pays en d\u00e9veloppement vers l&rsquo;Europe, les \u00c9tats-Unis, le Canada, l&rsquo;Australie et la Nouvelle-Z\u00e9lande, afin de diluer le nombre de Blancs, en particulier de chr\u00e9tiens, vivant dans ces r\u00e9gions.<\/li><li>Tout ce qui n&rsquo;est pas mentionn\u00e9 ci-dessus et qui vise \u00e0 d\u00e9truire la civilisation occidentale doit \u00eatre promu parce que cette civilisation est raciste, sexiste, homophobe, etc.<\/li><li>Plus important encore, tout ce qui affaiblit le christianisme &#8211; et en particulier l&rsquo;\u00c9glise catholique &#8211; doit \u00eatre encourag\u00e9 \u00e0 tout prix. Pourquoi ? Parce que le christianisme traditionnel et l&rsquo;\u00c9glise catholique sont les piliers de la civilisation occidentale et sont tout ce qui emp\u00eache les gauchistes de r\u00e9aliser leurs r\u00eaves. Par exemple, le christianisme traditionnel et l&rsquo;\u00c9glise catholique promeuvent la morale traditionnelle et la famille, que le bon sens, des mill\u00e9naires d&rsquo;exp\u00e9rience et la recherche en sciences sociales consid\u00e8rent comme n\u00e9cessaires \u00e0 l&rsquo;\u00e9panouissement de l&rsquo;\u00eatre humain. Ils d\u00e9fendent l&rsquo;id\u00e9e que tous les hommes sont cr\u00e9\u00e9s \u00e9gaux par Dieu et que la ligne de d\u00e9marcation entre le bien et le mal passe par le c\u0153ur de chacun, de sorte qu&rsquo;aucune race ou ethnie n&rsquo;est intrins\u00e8quement mauvaise ou ne devrait \u00eatre pr\u00e9f\u00e9r\u00e9e \u00e0 une autre. Et, plus important encore, elles sont une source d&rsquo;all\u00e9geance pour les citoyens, en concurrence avec les gouvernements et les entreprises de gauche.<\/li><\/ol>\n\n\n\n<p>Le th\u00e8me commun \u00e0 toutes ces id\u00e9es est que la civilisation occidentale doit \u00eatre vaincue pour que les gauchistes puissent cr\u00e9er une nouvelle soci\u00e9t\u00e9 marxiste, \u00ab\u00a0meilleure\u00a0\u00bb, sur ses cendres. Mais nous avons tous vu comment cela a tourn\u00e9 en Russie sovi\u00e9tique et dans les autres pays communistes du monde qui ont tent\u00e9 de subvertir la civilisation occidentale &#8211; plus de 100 millions de personnes tu\u00e9es et des centaines de millions d&rsquo;autres tortur\u00e9es, exil\u00e9es, r\u00e9duites au silence et victimes d&rsquo;autres formes d&rsquo;abus. S&rsquo;il y a jamais eu un enfer sur terre, c&rsquo;est bien dans ces pays.<\/p>\n\n\n\n<p>Ainsi, la prochaine fois que vous entendrez un gauchiste vous dire qu&rsquo;il pense en tant qu&rsquo;individu et qu&rsquo;il n&rsquo;est redevable de rien, soumettez-lui cette liste et demandez-lui quelle est sa position sur ces questions. Vous vous rendrez vite compte que vous avez devant vous un automate irr\u00e9fl\u00e9chi. Demandez-lui ensuite comment s&rsquo;est d\u00e9roul\u00e9e la derni\u00e8re fois que des gens ont tent\u00e9 de d\u00e9truire la civilisation occidentale. Il est fort probable que vous entendiez un bruit d&rsquo;\u00e9pingle.<\/p>\n","protected":false},"excerpt":{"rendered":"<p>Les dirigeants de gauche du monde entier ont tendance \u00e0 affirmer qu&rsquo;ils sont des individualistes dont les points de vue sont adapt\u00e9s aux circonstances particuli\u00e8res de leur pays, de leur r\u00e9gion ou de leur ville. Pourtant, presque tous les dirigeants lib\u00e9raux du monde croient exactement la m\u00eame chose. En voici une courte liste.<\/p>\n","protected":false},"author":593,"featured_media":194459,"comment_status":"open","ping_status":"open","sticky":false,"template":"","format":"standard","meta":{"give_campaign_id":0,"om_disable_all_campaigns":false,"_monsterinsights_skip_tracking":false,"_monsterinsights_sitenote_active":false,"_monsterinsights_sitenote_note":"","_monsterinsights_sitenote_category":0,"mc4wp_mailchimp_campaign":[],"jnews-multi-image_gallery":[],"jnews_single_post":{"subtitle":"Les dirigeants de gauche du monde entier ont tendance \u00e0 affirmer qu'ils sont des individualistes dont les points de vue sont adapt\u00e9s aux circonstances particuli\u00e8res de leur pays, de leur r\u00e9gion ou de leur ville. Pourtant, presque tous les dirigeants lib\u00e9raux du monde - du pr\u00e9sident am\u00e9ricain Joe Biden, du pr\u00e9sident fran\u00e7ais Emmanuel Macron et du chef de l'opposition polonaise Donald Tusk au PDG de Disney Bob Iger et au milliardaire George Soros - croient exactement la m\u00eame chose. Quelles sont ces choses qu'ils croient ? En voici une courte liste :","format":"standard","video":"","gallery":"","source_name":"","source_url":"","via_name":"","via_url":"","override_template":"0","override":[{"template":"2","single_blog_custom":"","parallax":"1","fullscreen":"1","layout":"right-sidebar-narrow","sidebar":"default-sidebar","second_sidebar":"default-sidebar","sticky_sidebar":"1","share_position":"float","share_float_style":"share-normal","show_share_counter":"1","show_view_counter":"1","show_featured":"1","show_post_meta":"1","show_post_author":"1","show_post_author_image":"1","show_post_date":"1","post_date_format":"default","post_date_format_custom":"Y\/m\/d","show_post_category":"1","show_post_reading_time":"1","post_reading_time_wpm":"300","show_zoom_button":"0","zoom_button_out_step":"2","zoom_button_in_step":"3","show_post_tag":"1","show_prev_next_post":"0","show_popup_post":"0","number_popup_post":"1","show_author_box":"1","show_post_related":"0","show_inline_post_related":"0"}],"override_image_size":"0","image_override":[{"single_post_thumbnail_size":"crop-715","single_post_gallery_size":"crop-715"}],"trending_post":"0","trending_post_position":"meta","trending_post_label":"Trending","sponsored_post":"0","sponsored_post_label":"Sponsored by","sponsored_post_name":"","sponsored_post_url":"","sponsored_post_logo_enable":"0","sponsored_post_logo":"","sponsored_post_desc":"","disable_ad":"0"},"jnews_primary_category":{"id":"800"},"jnews_social_meta":{"fb_title":"","fb_description":"","fb_image":"","twitter_title":"","twitter_description":"","twitter_image":""},"jnews_override_counter":{"override_view_counter":"0","view_counter_number":"0","override_share_counter":"0","share_counter_number":"0","override_like_counter":"0","like_counter_number":"0","override_dislike_counter":"0","dislike_counter_number":"0"},"footnotes":""},"categories":[762,809,800],"tags":[21584,21108,720,10382,26226,26269,18554,1367,7338,453,7342,2188,11080,26270,9537,9547,10680],"class_list":["post-194580","post","type-post","status-publish","format-standard","has-post-thumbnail","hentry","category-culture-fr","category-foreground-fr","category-politique","tag-bob-iger-fr","tag-bob-iger","tag-catholic-church","tag-catholic-church-fr-2","tag-donald-tusk","tag-donald-tusk-fr","tag-emmanuel-macron-fr-2","tag-emmanuel-macron","tag-george-soros-fr","tag-george-soros","tag-joe-biden-fr","tag-joe-biden","tag-lideologie-lgbt","tag-le-multiculturalisme","tag-marxism","tag-marxism-fr","tag-theorie-de-la-race-critique"],"yoast_head":"<!-- This site is optimized with the Yoast SEO Premium plugin v25.9 (Yoast SEO v27.3) - https:\/\/yoast.com\/product\/yoast-seo-premium-wordpress\/ -->\n<title>Les gauchistes conformistes et l&#039;enfer qu&#039;ils veulent cr\u00e9er - IFN<\/title>\n<meta name=\"description\" content=\"Les dirigeants de gauche du monde entier ont tendance \u00e0 affirmer qu&#039;ils sont des individualistes dont les points de vue sont adapt\u00e9s aux circonstances particuli\u00e8res de leur pays, de leur r\u00e9gion ou de leur ville. Pourtant, presque tous les dirigeants lib\u00e9raux du monde croient exactement la m\u00eame chose. En voici une courte liste.\" \/>\n<meta name=\"robots\" content=\"index, follow, max-snippet:-1, max-image-preview:large, max-video-preview:-1\" \/>\n<link rel=\"canonical\" href=\"https:\/\/ifamnews.com\/fr\/les-gauchistes-conformistes-et-l-enfer-qu-ils-veulent-cr-er\" \/>\n<meta property=\"og:locale\" content=\"fr_FR\" \/>\n<meta property=\"og:type\" content=\"article\" \/>\n<meta property=\"og:title\" content=\"Les gauchistes conformistes et l&#039;enfer qu&#039;ils veulent cr\u00e9er\" \/>\n<meta property=\"og:description\" content=\"Les dirigeants de gauche du monde entier ont tendance \u00e0 affirmer qu&#039;ils sont des individualistes dont les points de vue sont adapt\u00e9s aux circonstances particuli\u00e8res de leur pays, de leur r\u00e9gion ou de leur ville. Pourtant, presque tous les dirigeants lib\u00e9raux du monde croient exactement la m\u00eame chose. En voici une courte liste.\" \/>\n<meta property=\"og:url\" content=\"https:\/\/ifamnews.com\/fr\/les-gauchistes-conformistes-et-l-enfer-qu-ils-veulent-cr-er\" \/>\n<meta property=\"og:site_name\" content=\"IFN\" \/>\n<meta property=\"article:publisher\" content=\"https:\/\/www.facebook.com\/iFamNews\" \/>\n<meta property=\"article:author\" content=\"https:\/\/www.facebook.com\/iFamNews\/\" \/>\n<meta property=\"article:published_time\" content=\"2023-05-25T09:47:00+00:00\" \/>\n<meta property=\"og:image\" content=\"https:\/\/ifamnews.com\/wp-content\/uploads\/2023\/05\/looney-leftist-soros-iger-macron-biden-tusk.jpg\" \/>\n\t<meta property=\"og:image:width\" content=\"1600\" \/>\n\t<meta property=\"og:image:height\" content=\"900\" \/>\n\t<meta property=\"og:image:type\" content=\"image\/jpeg\" \/>\n<meta name=\"author\" content=\"IFN English\" \/>\n<meta name=\"twitter:card\" content=\"summary_large_image\" \/>\n<meta name=\"twitter:creator\" content=\"@https:\/\/twitter.com\/iFamNewsEN\" \/>\n<meta name=\"twitter:site\" content=\"@iFamNewsEN\" \/>\n<meta name=\"twitter:label1\" content=\"\u00c9crit par\" \/>\n\t<meta name=\"twitter:data1\" content=\"iFamNews\" \/>\n\t<meta name=\"twitter:label2\" content=\"Dur\u00e9e de lecture estim\u00e9e\" \/>\n\t<meta name=\"twitter:data2\" content=\"4 minutes\" \/>\n<!-- \/ Yoast SEO Premium plugin. -->","yoast_head_json":{"title":"Les gauchistes conformistes et l'enfer qu'ils veulent cr\u00e9er - IFN","description":"Les dirigeants de gauche du monde entier ont tendance \u00e0 affirmer qu'ils sont des individualistes dont les points de vue sont adapt\u00e9s aux circonstances particuli\u00e8res de leur pays, de leur r\u00e9gion ou de leur ville. Pourtant, presque tous les dirigeants lib\u00e9raux du monde croient exactement la m\u00eame chose. En voici une courte liste.","robots":{"index":"index","follow":"follow","max-snippet":"max-snippet:-1","max-image-preview":"max-image-preview:large","max-video-preview":"max-video-preview:-1"},"canonical":"https:\/\/ifamnews.com\/fr\/les-gauchistes-conformistes-et-l-enfer-qu-ils-veulent-cr-er","og_locale":"fr_FR","og_type":"article","og_title":"Les gauchistes conformistes et l'enfer qu'ils veulent cr\u00e9er","og_description":"Les dirigeants de gauche du monde entier ont tendance \u00e0 affirmer qu'ils sont des individualistes dont les points de vue sont adapt\u00e9s aux circonstances particuli\u00e8res de leur pays, de leur r\u00e9gion ou de leur ville. Pourtant, presque tous les dirigeants lib\u00e9raux du monde croient exactement la m\u00eame chose. En voici une courte liste.","og_url":"https:\/\/ifamnews.com\/fr\/les-gauchistes-conformistes-et-l-enfer-qu-ils-veulent-cr-er","og_site_name":"IFN","article_publisher":"https:\/\/www.facebook.com\/iFamNews","article_author":"https:\/\/www.facebook.com\/iFamNews\/","article_published_time":"2023-05-25T09:47:00+00:00","og_image":[{"width":1600,"height":900,"url":"https:\/\/ifamnews.com\/wp-content\/uploads\/2023\/05\/looney-leftist-soros-iger-macron-biden-tusk.jpg","type":"image\/jpeg"}],"author":"IFN English","twitter_card":"summary_large_image","twitter_creator":"@https:\/\/twitter.com\/iFamNewsEN","twitter_site":"@iFamNewsEN","twitter_misc":{"\u00c9crit par":"iFamNews","Dur\u00e9e de lecture estim\u00e9e":"4 minutes"},"schema":{"@context":"https:\/\/schema.org","@graph":[{"@type":"NewsArticle","@id":"https:\/\/ifamnews.com\/fr\/les-gauchistes-conformistes-et-l-enfer-qu-ils-veulent-cr-er#article","isPartOf":{"@id":"https:\/\/ifamnews.com\/fr\/les-gauchistes-conformistes-et-l-enfer-qu-ils-veulent-cr-er"},"author":{"name":"IFN English","@id":"https:\/\/ifamnews.com\/en\/#\/schema\/person\/633bdb7ac2496c9b9304ce62d071cdfa"},"headline":"Les gauchistes conformistes et l&rsquo;enfer qu&rsquo;ils veulent cr\u00e9er","datePublished":"2023-05-25T09:47:00+00:00","mainEntityOfPage":{"@id":"https:\/\/ifamnews.com\/fr\/les-gauchistes-conformistes-et-l-enfer-qu-ils-veulent-cr-er"},"wordCount":808,"commentCount":0,"publisher":{"@id":"https:\/\/ifamnews.com\/en\/#organization"},"image":{"@id":"https:\/\/ifamnews.com\/fr\/les-gauchistes-conformistes-et-l-enfer-qu-ils-veulent-cr-er#primaryimage"},"thumbnailUrl":"https:\/\/ifamnews.com\/wp-content\/uploads\/2023\/05\/looney-leftist-soros-iger-macron-biden-tusk.jpg","keywords":["Bob Iger","Bob Iger","Catholic Church","Catholic Church","Donald Tusk","Donald Tusk","Emmanuel Macron","Emmanuel Macron","George Soros","George Soros","Joe Biden","Joe Biden","L'id\u00e9ologie LGBT","le multiculturalisme","Marxism","Marxism","th\u00e9orie de la race critique"],"articleSection":["Culture","Foreground","Politique"],"inLanguage":"fr-FR","potentialAction":[{"@type":"CommentAction","name":"Comment","target":["https:\/\/ifamnews.com\/fr\/les-gauchistes-conformistes-et-l-enfer-qu-ils-veulent-cr-er#respond"]}]},{"@type":"WebPage","@id":"https:\/\/ifamnews.com\/fr\/les-gauchistes-conformistes-et-l-enfer-qu-ils-veulent-cr-er","url":"https:\/\/ifamnews.com\/fr\/les-gauchistes-conformistes-et-l-enfer-qu-ils-veulent-cr-er","name":"Les gauchistes conformistes et l'enfer qu'ils veulent cr\u00e9er - IFN","isPartOf":{"@id":"https:\/\/ifamnews.com\/en\/#website"},"primaryImageOfPage":{"@id":"https:\/\/ifamnews.com\/fr\/les-gauchistes-conformistes-et-l-enfer-qu-ils-veulent-cr-er#primaryimage"},"image":{"@id":"https:\/\/ifamnews.com\/fr\/les-gauchistes-conformistes-et-l-enfer-qu-ils-veulent-cr-er#primaryimage"},"thumbnailUrl":"https:\/\/ifamnews.com\/wp-content\/uploads\/2023\/05\/looney-leftist-soros-iger-macron-biden-tusk.jpg","datePublished":"2023-05-25T09:47:00+00:00","description":"Les dirigeants de gauche du monde entier ont tendance \u00e0 affirmer qu'ils sont des individualistes dont les points de vue sont adapt\u00e9s aux circonstances particuli\u00e8res de leur pays, de leur r\u00e9gion ou de leur ville. Pourtant, presque tous les dirigeants lib\u00e9raux du monde croient exactement la m\u00eame chose. En voici une courte liste.","breadcrumb":{"@id":"https:\/\/ifamnews.com\/fr\/les-gauchistes-conformistes-et-l-enfer-qu-ils-veulent-cr-er#breadcrumb"},"inLanguage":"fr-FR","potentialAction":[{"@type":"ReadAction","target":["https:\/\/ifamnews.com\/fr\/les-gauchistes-conformistes-et-l-enfer-qu-ils-veulent-cr-er"]}]},{"@type":"ImageObject","inLanguage":"fr-FR","@id":"https:\/\/ifamnews.com\/fr\/les-gauchistes-conformistes-et-l-enfer-qu-ils-veulent-cr-er#primaryimage","url":"https:\/\/ifamnews.com\/wp-content\/uploads\/2023\/05\/looney-leftist-soros-iger-macron-biden-tusk.jpg","contentUrl":"https:\/\/ifamnews.com\/wp-content\/uploads\/2023\/05\/looney-leftist-soros-iger-macron-biden-tusk.jpg","width":1600,"height":900},{"@type":"BreadcrumbList","@id":"https:\/\/ifamnews.com\/fr\/les-gauchistes-conformistes-et-l-enfer-qu-ils-veulent-cr-er#breadcrumb","itemListElement":[{"@type":"ListItem","position":1,"name":"Home","item":"https:\/\/ifamnews.com\/de"},{"@type":"ListItem","position":2,"name":"\u041a\u0443\u043b\u0442\u0443\u0440\u0430","item":"https:\/\/ifamnews.com\/sr\/kategorija\/kultura-sr"},{"@type":"ListItem","position":3,"name":"Les gauchistes conformistes et l&#8217;enfer qu&#8217;ils veulent cr\u00e9er"}]},{"@type":"WebSite","@id":"https:\/\/ifamnews.com\/en\/#website","url":"https:\/\/ifamnews.com\/en\/","name":"IFN","description":"International Family News Network","publisher":{"@id":"https:\/\/ifamnews.com\/en\/#organization"},"potentialAction":[{"@type":"SearchAction","target":{"@type":"EntryPoint","urlTemplate":"https:\/\/ifamnews.com\/en\/?s={search_term_string}"},"query-input":{"@type":"PropertyValueSpecification","valueRequired":true,"valueName":"search_term_string"}}],"inLanguage":"fr-FR"},{"@type":"Organization","@id":"https:\/\/ifamnews.com\/en\/#organization","name":"iFamNews","url":"https:\/\/ifamnews.com\/en\/","logo":{"@type":"ImageObject","inLanguage":"fr-FR","@id":"https:\/\/ifamnews.com\/en\/#\/schema\/logo\/image\/","url":"https:\/\/ifamnews.com\/wp-content\/uploads\/2020\/01\/Share-logo.png","contentUrl":"https:\/\/ifamnews.com\/wp-content\/uploads\/2020\/01\/Share-logo.png","width":200,"height":200,"caption":"iFamNews"},"image":{"@id":"https:\/\/ifamnews.com\/en\/#\/schema\/logo\/image\/"},"sameAs":["https:\/\/www.facebook.com\/iFamNews","https:\/\/x.com\/iFamNewsEN"]},{"@type":"Person","@id":"https:\/\/ifamnews.com\/en\/#\/schema\/person\/633bdb7ac2496c9b9304ce62d071cdfa","name":"IFN English","image":{"@type":"ImageObject","inLanguage":"fr-FR","@id":"https:\/\/secure.gravatar.com\/avatar\/6f16ce95b558ae6f6eb9ae2f68122482a2c61696af2a8fc343c2e10f981a959d?s=96&d=mm&r=g","url":"https:\/\/secure.gravatar.com\/avatar\/6f16ce95b558ae6f6eb9ae2f68122482a2c61696af2a8fc343c2e10f981a959d?s=96&d=mm&r=g","contentUrl":"https:\/\/secure.gravatar.com\/avatar\/6f16ce95b558ae6f6eb9ae2f68122482a2c61696af2a8fc343c2e10f981a959d?s=96&d=mm&r=g","caption":"IFN English"},"description":"Articles published by the English iFamNews editorial team.","sameAs":["https:\/\/ifamnews.com\/en","https:\/\/www.facebook.com\/iFamNews\/","https:\/\/x.com\/https:\/\/twitter.com\/iFamNewsEN","https:\/\/www.youtube.com\/channel\/UCMVyIt4z9BANW3d09kwfUpw"],"url":"https:\/\/ifamnews.com\/fr\/author\/ifamnews-staff"}]}},"amp_enabled":true,"_links":{"self":[{"href":"https:\/\/ifamnews.com\/fr\/wp-json\/wp\/v2\/posts\/194580","targetHints":{"allow":["GET"]}}],"collection":[{"href":"https:\/\/ifamnews.com\/fr\/wp-json\/wp\/v2\/posts"}],"about":[{"href":"https:\/\/ifamnews.com\/fr\/wp-json\/wp\/v2\/types\/post"}],"author":[{"embeddable":true,"href":"https:\/\/ifamnews.com\/fr\/wp-json\/wp\/v2\/users\/593"}],"replies":[{"embeddable":true,"href":"https:\/\/ifamnews.com\/fr\/wp-json\/wp\/v2\/comments?post=194580"}],"version-history":[{"count":2,"href":"https:\/\/ifamnews.com\/fr\/wp-json\/wp\/v2\/posts\/194580\/revisions"}],"predecessor-version":[{"id":194586,"href":"https:\/\/ifamnews.com\/fr\/wp-json\/wp\/v2\/posts\/194580\/revisions\/194586"}],"wp:featuredmedia":[{"embeddable":true,"href":"https:\/\/ifamnews.com\/fr\/wp-json\/wp\/v2\/media\/194459"}],"wp:attachment":[{"href":"https:\/\/ifamnews.com\/fr\/wp-json\/wp\/v2\/media?parent=194580"}],"wp:term":[{"taxonomy":"category","embeddable":true,"href":"https:\/\/ifamnews.com\/fr\/wp-json\/wp\/v2\/categories?post=194580"},{"taxonomy":"post_tag","embeddable":true,"href":"https:\/\/ifamnews.com\/fr\/wp-json\/wp\/v2\/tags?post=194580"}],"curies":[{"name":"wp","href":"https:\/\/api.w.org\/{rel}","templated":true}]}}