{"id":194223,"date":"2023-05-22T09:50:00","date_gmt":"2023-05-22T13:50:00","guid":{"rendered":"https:\/\/ifamnews.com\/?p=194223"},"modified":"2023-05-22T09:40:26","modified_gmt":"2023-05-22T13:40:26","slug":"des-drogues-douces-il-n-y-a-pas-de","status":"publish","type":"post","link":"https:\/\/ifamnews.com\/fr\/des-drogues-douces-il-n-y-a-pas-de","title":{"rendered":"Des drogues douces ? Il n&rsquo;y a pas de"},"content":{"rendered":"\n<p>La drogue douce ? Il n&rsquo;a jamais exist\u00e9, mais il est maintenant prouv\u00e9 que le fait de \u00ab\u00a0fumer\u00a0\u00bb provoque une schizophr\u00e9nie grave. Inutile de dire qu&rsquo;il n&rsquo;y a pas besoin de science pour le prouver, il suffit de regarder autour de soi dans la vie de tous les jours ou d&rsquo;\u00e9couter les \u00ab\u00a0d\u00e9lires\u00a0\u00bb dans les m\u00e9dias ou les \u00e9missions t\u00e9l\u00e9vis\u00e9es. Il \u00e9tait donc n\u00e9cessaire que cette \u00e9tude soit publi\u00e9e et, maintenant que l  <a href=\"https:\/\/www.nytimes.com\/2023\/05\/17\/opinion\/marijuana-legalization-disaster.html\" target=\"_blank\" rel=\"noreferrer noopener\">New York Times<\/a>  Commentant sa gravit\u00e9 et d\u00e9non\u00e7ant la grave erreur que constitue le soutien \u00e0 la l\u00e9galisation du cannabis, on peut se demander pourquoi tant de silence sur la d\u00e9monstration que \u00ab\u00a0plus la marijuana est consomm\u00e9e, plus elle ruine irr\u00e9m\u00e9diablement la vie\u00a0\u00bb. Alors que de plus en plus d&rsquo;\u00c9tats aux \u00c9tats-Unis et dans le monde l\u00e9galisent la marijuana, que la culture populaire consid\u00e8re comme inoffensive, il devient de plus en plus \u00e9vident que son utilisation comporte au contraire de <a href=\"https:\/\/www.forbes.com\/sites\/dariosabaghi\/2023\/05\/09\/young-males-with-cannabis-use-disorder-more-likely-to-develop-schizophrenia-study-finds\/\" target=\"_blank\" rel=\"noreferrer noopener\">graves risques<\/a>. Les l\u00e9gislateurs devraient cesser de d\u00e9p\u00e9naliser l&rsquo;usage r\u00e9cr\u00e9atif de la marijuana et ne l&rsquo;autoriser que lorsqu&rsquo;elle est prescrite, selon des protocoles stricts, par des m\u00e9decins agr\u00e9\u00e9s, et m\u00eame dans ce cas, compte tenu des dommages irr\u00e9parables qu&rsquo;elle entra\u00eene, son utilisation ne devrait \u00eatre qu&rsquo;un dernier recours.<\/p>\n\n\n\n<p>La derni\u00e8re \u00e9tude inqui\u00e9tante, publi\u00e9e <a href=\"https:\/\/www.nih.gov\/news-events\/news-releases\/young-men-highest-risk-schizophrenia-linked-cannabis-use-disorder\" target=\"_blank\" rel=\"noreferrer noopener\">d\u00e9but mai<\/a>, a \u00e9t\u00e9 men\u00e9e par des chercheurs des National Institutes of Health des \u00c9tats-Unis et du National Institute on Drug Abuse and Mental Health Services de la r\u00e9gion de la capitale du Danemark. Le r\u00e9sultat le plus convaincant est que \u00ab\u00a0jusqu&rsquo;\u00e0 30 % des cas de schizophr\u00e9nie chez les hommes \u00e2g\u00e9s de 21 \u00e0 30 ans auraient pu \u00eatre \u00e9vit\u00e9s en \u00e9vitant le trouble li\u00e9 \u00e0 la consommation de cannabis\u00a0\u00bb. La schizophr\u00e9nie, d\u00e9finie par les National Institutes of Mental Health, est \u00ab\u00a0un trouble mental caract\u00e9ris\u00e9 par des alt\u00e9rations des processus de pens\u00e9e, des perceptions, de la r\u00e9activit\u00e9 \u00e9motionnelle et des interactions sociales&#8230;\u00a0\u00bb. La schizophr\u00e9nie est g\u00e9n\u00e9ralement persistante et peut \u00eatre grave et invalidante\u00a0\u00bb.  <\/p>\n\n\n\n<p>La schizophr\u00e9nie peut \u00eatre d\u00e9clench\u00e9e par une forte consommation d&rsquo;herbe, alors qu&rsquo;elle ne se d\u00e9velopperait pas autrement. \u00ab\u00a0L&rsquo;imbrication des troubles li\u00e9s \u00e0 la consommation de substances psychoactives et des maladies mentales est un probl\u00e8me de sant\u00e9 publique majeur qui n\u00e9cessite une action et un soutien urgents pour les personnes qui en ont besoin\u00a0\u00bb, a d\u00e9clar\u00e9 Nora Volkow, directrice du NIDA et coauteur de l&rsquo;\u00e9tude. L&rsquo;existence d&rsquo;un lien entre la consommation de marijuana et la schizophr\u00e9nie est connue depuis des d\u00e9cennies, mais la nouvelle \u00e9tude ne fait pas que r\u00e9affirmer ce lien, elle montre aussi la gravit\u00e9 croissante du probl\u00e8me, en particulier chez les jeunes hommes. L&rsquo;<a href=\"https:\/\/www.cambridge.org\/core\/journals\/psychological-medicine\/article\/association-between-cannabis-use-disorder-and-schizophrenia-stronger-in-young-males-than-in-females\/E1F8F0E09C6541CB8529A326C3641A68\" target=\"_blank\" rel=\"noreferrer noopener\">\u00e9tude attribue<\/a> la \u00ab\u00a0pr\u00e9valence croissante\u00a0\u00bb du probl\u00e8me \u00e0 la \u00ab\u00a0plus grande puissance du cannabis\u00a0\u00bb g\u00e9n\u00e9ralement utilis\u00e9 aujourd&rsquo;hui par rapport \u00e0 la marijuana de rue typique d&rsquo;il y a un demi-si\u00e8cle. Selon Carsten Hjorth\u00f8j, auteur principal de l&rsquo;\u00e9tude, \u00ab\u00a0l&rsquo;augmentation de la l\u00e9galisation du cannabis au cours des derni\u00e8res d\u00e9cennies en a fait l&rsquo;une des substances psychoactives les plus utilis\u00e9es au monde, tout en diminuant la perception de sa nocivit\u00e9 par le public. Cette \u00e9tude contribue \u00e0 nous faire prendre conscience que la consommation de cannabis n&rsquo;est pas inoffensive\u00a0\u00bb.<\/p>\n\n\n\n<p>La schizophr\u00e9nie est loin d&rsquo;\u00eatre le seul danger de ce que la culture populaire consid\u00e8re comme un divertissement inoffensif. Le <a href=\"https:\/\/www.thelancet.com\/journals\/lanpsy\/article\/PIIS2215-0366(23)00143-8\/fulltext\" target=\"_blank\" rel=\"noreferrer noopener\">cannabis<\/a> a \u00e9galement \u00e9t\u00e9 d\u00e9finitivement associ\u00e9 \u00e0 la d\u00e9pression, \u00e0 l&rsquo;anxi\u00e9t\u00e9 et \u00e0 la suicidalit\u00e9 chez les adolescents. Son acceptation croissante par le public a \u00e9galement co\u00efncid\u00e9 avec un doublement des accidents de voiture mortels entre 2000 et 2018. Les cas d&#8217;empoisonnement p\u00e9diatrique \u00e0 la marijuana ont augment\u00e9 de fa\u00e7on spectaculaire. Le document examine les donn\u00e9es sur la consommation d&rsquo;opio\u00efdes et de marijuana et aboutit \u00e0 deux conclusions principales : la premi\u00e8re est que \u00ab\u00a0la marijuana m\u00e9dicale, en particulier lorsqu&rsquo;elle est disponible dans les dispensaires, est associ\u00e9e \u00e0 une mortalit\u00e9 plus \u00e9lev\u00e9e li\u00e9e aux opio\u00efdes\u00a0\u00bb. La deuxi\u00e8me conclusion est que les donn\u00e9es \u00ab\u00a0relatives \u00e0 la marijuana r\u00e9cr\u00e9ative, bien que moins fiables, sugg\u00e8rent que les ventes au d\u00e9tail par l&rsquo;interm\u00e9diaire de dispensaires sont associ\u00e9es \u00e0 des taux de mortalit\u00e9 plus \u00e9lev\u00e9s que l&rsquo;hypoth\u00e8se contrefactuelle de l&rsquo;absence de cannabis l\u00e9gal\u00a0\u00bb. Les Nations unies, dans leur dernier rapport annuel de l&rsquo;<a href=\"https:\/\/unis.unvienna.org\/unis\/pressrels\/2023\/unisnar1469.html\" target=\"_blank\" rel=\"noreferrer noopener\">Organe international de contr\u00f4le des stup\u00e9fiants<\/a>, avaient d\u00e9j\u00e0 exprim\u00e9 leurs pr\u00e9occupations quant \u00e0 la l\u00e9galisation du cannabis \u00e0 des fins r\u00e9cr\u00e9atives. Pour \u00eatre tout \u00e0 fait clair, dans les \u00c9tats qui l&rsquo;ont l\u00e9galis\u00e9, la criminalit\u00e9, y compris celle des organisations criminelles arm\u00e9es, a augment\u00e9, et non diminu\u00e9.<\/p>\n\n\n\n<p><\/p>\n","protected":false},"excerpt":{"rendered":"<p>Quiconque lib\u00e9ralise le cannabis commet une infraction p\u00e9nale contre la sant\u00e9 des citoyens<\/p>\n","protected":false},"author":54,"featured_media":11269,"comment_status":"open","ping_status":"open","sticky":false,"template":"","format":"standard","meta":{"give_campaign_id":0,"om_disable_all_campaigns":false,"_monsterinsights_skip_tracking":false,"_monsterinsights_sitenote_active":false,"_monsterinsights_sitenote_note":"","_monsterinsights_sitenote_category":0,"mc4wp_mailchimp_campaign":[],"jnews-multi-image_gallery":[],"jnews_single_post":{"subtitle":"Quiconque lib\u00e9ralise le cannabis commet une infraction p\u00e9nale contre la sant\u00e9 des citoyens","format":"standard","video":"","gallery":"","source_name":"","source_url":"","via_name":"","via_url":"","override_template":"0","override":[{"template":"2","single_blog_custom":"","parallax":"1","fullscreen":"1","layout":"right-sidebar-narrow","sidebar":"default-sidebar","second_sidebar":"default-sidebar","sticky_sidebar":"1","share_position":"float","share_float_style":"share-normal","show_share_counter":"1","show_view_counter":"1","show_featured":"1","show_post_meta":"1","show_post_author":"1","show_post_author_image":"1","show_post_date":"1","post_date_format":"default","post_date_format_custom":"Y\/m\/d","show_post_category":"1","show_post_reading_time":"1","post_reading_time_wpm":"300","show_zoom_button":"0","zoom_button_out_step":"2","zoom_button_in_step":"3","show_post_tag":"1","show_prev_next_post":"0","show_popup_post":"0","number_popup_post":"1","show_author_box":"1","show_post_related":"0","show_inline_post_related":"0"}],"override_image_size":"0","image_override":[{"single_post_thumbnail_size":"crop-715","single_post_gallery_size":"crop-715"}],"trending_post":"0","trending_post_position":"meta","trending_post_label":"Trending","sponsored_post":"0","sponsored_post_label":"Sponsored by","sponsored_post_name":"","sponsored_post_url":"","sponsored_post_logo_enable":"0","sponsored_post_logo":"","sponsored_post_desc":"","disable_ad":"0"},"jnews_primary_category":{"id":"819"},"jnews_social_meta":{"fb_title":"","fb_description":"","fb_image":"","twitter_title":"","twitter_description":"","twitter_image":""},"jnews_override_counter":{"override_view_counter":"0","view_counter_number":"0","override_share_counter":"0","share_counter_number":"0","override_like_counter":"0","like_counter_number":"0","override_dislike_counter":"0","dislike_counter_number":"0"},"footnotes":""},"categories":[809,819],"tags":[11283,26159,26158,26160],"class_list":["post-194223","post","type-post","status-publish","format-standard","has-post-thumbnail","hentry","category-foreground-fr","category-vie","tag-drogues","tag-le-cannabis","tag-marijuana-fr","tag-schizophrenie"],"yoast_head":"<!-- This site is optimized with the Yoast SEO Premium plugin v25.9 (Yoast SEO v27.3) - https:\/\/yoast.com\/product\/yoast-seo-premium-wordpress\/ -->\n<title>Des drogues douces ? Il n&#039;y a pas de - IFN<\/title>\n<meta name=\"description\" content=\"Quiconque lib\u00e9ralise le cannabis commet une infraction p\u00e9nale contre la sant\u00e9 des citoyens\" \/>\n<meta name=\"robots\" content=\"index, follow, max-snippet:-1, max-image-preview:large, max-video-preview:-1\" \/>\n<link rel=\"canonical\" href=\"https:\/\/ifamnews.com\/fr\/des-drogues-douces-il-n-y-a-pas-de\" \/>\n<meta property=\"og:locale\" content=\"fr_FR\" \/>\n<meta property=\"og:type\" content=\"article\" \/>\n<meta property=\"og:title\" content=\"Des drogues douces ? Il n&#039;y a pas de\" \/>\n<meta property=\"og:description\" content=\"Quiconque lib\u00e9ralise le cannabis commet une infraction p\u00e9nale contre la sant\u00e9 des citoyens\" \/>\n<meta property=\"og:url\" content=\"https:\/\/ifamnews.com\/fr\/des-drogues-douces-il-n-y-a-pas-de\" \/>\n<meta property=\"og:site_name\" content=\"IFN\" \/>\n<meta property=\"article:publisher\" content=\"https:\/\/www.facebook.com\/iFamNews\" \/>\n<meta property=\"article:author\" content=\"https:\/\/facebook.com\/lvolonte1\" \/>\n<meta property=\"article:published_time\" content=\"2023-05-22T13:50:00+00:00\" \/>\n<meta property=\"og:image\" content=\"https:\/\/ifamnews.com\/wp-content\/uploads\/2020\/03\/1280px-Cannabis_01_bgiu.jpg\" \/>\n\t<meta property=\"og:image:width\" content=\"1280\" \/>\n\t<meta property=\"og:image:height\" content=\"960\" \/>\n\t<meta property=\"og:image:type\" content=\"image\/jpeg\" \/>\n<meta name=\"author\" content=\"Luca Volont\u00e8\" \/>\n<meta name=\"twitter:card\" content=\"summary_large_image\" \/>\n<meta name=\"twitter:creator\" content=\"@https:\/\/twitter.com\/l_volonte\" \/>\n<meta name=\"twitter:site\" content=\"@iFamNewsEN\" \/>\n<meta name=\"twitter:label1\" content=\"\u00c9crit par\" \/>\n\t<meta name=\"twitter:data1\" content=\"Luca Volont\u00e8\" \/>\n\t<meta name=\"twitter:label2\" content=\"Dur\u00e9e de lecture estim\u00e9e\" \/>\n\t<meta name=\"twitter:data2\" content=\"4 minutes\" \/>\n<!-- \/ Yoast SEO Premium plugin. -->","yoast_head_json":{"title":"Des drogues douces ? Il n'y a pas de - IFN","description":"Quiconque lib\u00e9ralise le cannabis commet une infraction p\u00e9nale contre la sant\u00e9 des citoyens","robots":{"index":"index","follow":"follow","max-snippet":"max-snippet:-1","max-image-preview":"max-image-preview:large","max-video-preview":"max-video-preview:-1"},"canonical":"https:\/\/ifamnews.com\/fr\/des-drogues-douces-il-n-y-a-pas-de","og_locale":"fr_FR","og_type":"article","og_title":"Des drogues douces ? Il n'y a pas de","og_description":"Quiconque lib\u00e9ralise le cannabis commet une infraction p\u00e9nale contre la sant\u00e9 des citoyens","og_url":"https:\/\/ifamnews.com\/fr\/des-drogues-douces-il-n-y-a-pas-de","og_site_name":"IFN","article_publisher":"https:\/\/www.facebook.com\/iFamNews","article_author":"https:\/\/facebook.com\/lvolonte1","article_published_time":"2023-05-22T13:50:00+00:00","og_image":[{"width":1280,"height":960,"url":"https:\/\/ifamnews.com\/wp-content\/uploads\/2020\/03\/1280px-Cannabis_01_bgiu.jpg","type":"image\/jpeg"}],"author":"Luca Volont\u00e8","twitter_card":"summary_large_image","twitter_creator":"@https:\/\/twitter.com\/l_volonte","twitter_site":"@iFamNewsEN","twitter_misc":{"\u00c9crit par":"Luca Volont\u00e8","Dur\u00e9e de lecture estim\u00e9e":"4 minutes"},"schema":{"@context":"https:\/\/schema.org","@graph":[{"@type":"NewsArticle","@id":"https:\/\/ifamnews.com\/fr\/des-drogues-douces-il-n-y-a-pas-de#article","isPartOf":{"@id":"https:\/\/ifamnews.com\/fr\/des-drogues-douces-il-n-y-a-pas-de"},"author":{"name":"Luca Volont\u00e8","@id":"https:\/\/ifamnews.com\/en\/#\/schema\/person\/bed5b7c6161f317421caa94dc3be6a53"},"headline":"Des drogues douces ? Il n&rsquo;y a pas de","datePublished":"2023-05-22T13:50:00+00:00","mainEntityOfPage":{"@id":"https:\/\/ifamnews.com\/fr\/des-drogues-douces-il-n-y-a-pas-de"},"wordCount":846,"commentCount":0,"publisher":{"@id":"https:\/\/ifamnews.com\/en\/#organization"},"image":{"@id":"https:\/\/ifamnews.com\/fr\/des-drogues-douces-il-n-y-a-pas-de#primaryimage"},"thumbnailUrl":"https:\/\/ifamnews.com\/wp-content\/uploads\/2020\/03\/1280px-Cannabis_01_bgiu.jpg","keywords":["Drogues","le cannabis","marijuana","schizophr\u00e9nie"],"articleSection":["Foreground","Vie"],"inLanguage":"fr-FR","potentialAction":[{"@type":"CommentAction","name":"Comment","target":["https:\/\/ifamnews.com\/fr\/des-drogues-douces-il-n-y-a-pas-de#respond"]}]},{"@type":"WebPage","@id":"https:\/\/ifamnews.com\/fr\/des-drogues-douces-il-n-y-a-pas-de","url":"https:\/\/ifamnews.com\/fr\/des-drogues-douces-il-n-y-a-pas-de","name":"Des drogues douces ? Il n'y a pas de - IFN","isPartOf":{"@id":"https:\/\/ifamnews.com\/en\/#website"},"primaryImageOfPage":{"@id":"https:\/\/ifamnews.com\/fr\/des-drogues-douces-il-n-y-a-pas-de#primaryimage"},"image":{"@id":"https:\/\/ifamnews.com\/fr\/des-drogues-douces-il-n-y-a-pas-de#primaryimage"},"thumbnailUrl":"https:\/\/ifamnews.com\/wp-content\/uploads\/2020\/03\/1280px-Cannabis_01_bgiu.jpg","datePublished":"2023-05-22T13:50:00+00:00","description":"Quiconque lib\u00e9ralise le cannabis commet une infraction p\u00e9nale contre la sant\u00e9 des citoyens","breadcrumb":{"@id":"https:\/\/ifamnews.com\/fr\/des-drogues-douces-il-n-y-a-pas-de#breadcrumb"},"inLanguage":"fr-FR","potentialAction":[{"@type":"ReadAction","target":["https:\/\/ifamnews.com\/fr\/des-drogues-douces-il-n-y-a-pas-de"]}]},{"@type":"ImageObject","inLanguage":"fr-FR","@id":"https:\/\/ifamnews.com\/fr\/des-drogues-douces-il-n-y-a-pas-de#primaryimage","url":"https:\/\/ifamnews.com\/wp-content\/uploads\/2020\/03\/1280px-Cannabis_01_bgiu.jpg","contentUrl":"https:\/\/ifamnews.com\/wp-content\/uploads\/2020\/03\/1280px-Cannabis_01_bgiu.jpg","width":1280,"height":960,"caption":"Image de Google Images"},{"@type":"BreadcrumbList","@id":"https:\/\/ifamnews.com\/fr\/des-drogues-douces-il-n-y-a-pas-de#breadcrumb","itemListElement":[{"@type":"ListItem","position":1,"name":"Home","item":"https:\/\/ifamnews.com\/de"},{"@type":"ListItem","position":2,"name":"Life","item":"https:\/\/ifamnews.com\/en\/category\/life"},{"@type":"ListItem","position":3,"name":"Des drogues douces ? Il n&#8217;y a pas de"}]},{"@type":"WebSite","@id":"https:\/\/ifamnews.com\/en\/#website","url":"https:\/\/ifamnews.com\/en\/","name":"IFN","description":"International Family News Network","publisher":{"@id":"https:\/\/ifamnews.com\/en\/#organization"},"potentialAction":[{"@type":"SearchAction","target":{"@type":"EntryPoint","urlTemplate":"https:\/\/ifamnews.com\/en\/?s={search_term_string}"},"query-input":{"@type":"PropertyValueSpecification","valueRequired":true,"valueName":"search_term_string"}}],"inLanguage":"fr-FR"},{"@type":"Organization","@id":"https:\/\/ifamnews.com\/en\/#organization","name":"iFamNews","url":"https:\/\/ifamnews.com\/en\/","logo":{"@type":"ImageObject","inLanguage":"fr-FR","@id":"https:\/\/ifamnews.com\/en\/#\/schema\/logo\/image\/","url":"https:\/\/ifamnews.com\/wp-content\/uploads\/2020\/01\/Share-logo.png","contentUrl":"https:\/\/ifamnews.com\/wp-content\/uploads\/2020\/01\/Share-logo.png","width":200,"height":200,"caption":"iFamNews"},"image":{"@id":"https:\/\/ifamnews.com\/en\/#\/schema\/logo\/image\/"},"sameAs":["https:\/\/www.facebook.com\/iFamNews","https:\/\/x.com\/iFamNewsEN"]},{"@type":"Person","@id":"https:\/\/ifamnews.com\/en\/#\/schema\/person\/bed5b7c6161f317421caa94dc3be6a53","name":"Luca Volont\u00e8","image":{"@type":"ImageObject","inLanguage":"fr-FR","@id":"https:\/\/secure.gravatar.com\/avatar\/354ed6bca06f9968278e6eb25fa8a123306c69f5c50f711836cf12e6c8ecbbf6?s=96&d=mm&r=g","url":"https:\/\/secure.gravatar.com\/avatar\/354ed6bca06f9968278e6eb25fa8a123306c69f5c50f711836cf12e6c8ecbbf6?s=96&d=mm&r=g","contentUrl":"https:\/\/secure.gravatar.com\/avatar\/354ed6bca06f9968278e6eb25fa8a123306c69f5c50f711836cf12e6c8ecbbf6?s=96&d=mm&r=g","caption":"Luca Volont\u00e8"},"description":"Luca Volont\u00e8 was an Italian parliamentarian from 1996 to 2013, and served as president of the PPE-CD at the Assembly of the Council of Europe. Publicly engaged for decades in the promotion of life, family and religious and educational freedom, Luca\u00a0 has served as a board member for various international organizations promoting Christian values and human rights, including his current role as a board member of the International Organization for the Family. He has authored books and essays for the Novae Terrae series by the publisher Rubbettino; he has been a correspondent for several Italian newspapers, and currently collaborates with La nuova Bussola Quotidiana, an online newspaper. He is a also a great bicycle enthusiast.","sameAs":["https:\/\/facebook.com\/lvolonte1","https:\/\/x.com\/https:\/\/twitter.com\/l_volonte"],"url":"https:\/\/ifamnews.com\/fr\/author\/lvolonte"}]}},"amp_enabled":true,"_links":{"self":[{"href":"https:\/\/ifamnews.com\/fr\/wp-json\/wp\/v2\/posts\/194223","targetHints":{"allow":["GET"]}}],"collection":[{"href":"https:\/\/ifamnews.com\/fr\/wp-json\/wp\/v2\/posts"}],"about":[{"href":"https:\/\/ifamnews.com\/fr\/wp-json\/wp\/v2\/types\/post"}],"author":[{"embeddable":true,"href":"https:\/\/ifamnews.com\/fr\/wp-json\/wp\/v2\/users\/54"}],"replies":[{"embeddable":true,"href":"https:\/\/ifamnews.com\/fr\/wp-json\/wp\/v2\/comments?post=194223"}],"version-history":[{"count":2,"href":"https:\/\/ifamnews.com\/fr\/wp-json\/wp\/v2\/posts\/194223\/revisions"}],"predecessor-version":[{"id":194450,"href":"https:\/\/ifamnews.com\/fr\/wp-json\/wp\/v2\/posts\/194223\/revisions\/194450"}],"wp:featuredmedia":[{"embeddable":true,"href":"https:\/\/ifamnews.com\/fr\/wp-json\/wp\/v2\/media\/11269"}],"wp:attachment":[{"href":"https:\/\/ifamnews.com\/fr\/wp-json\/wp\/v2\/media?parent=194223"}],"wp:term":[{"taxonomy":"category","embeddable":true,"href":"https:\/\/ifamnews.com\/fr\/wp-json\/wp\/v2\/categories?post=194223"},{"taxonomy":"post_tag","embeddable":true,"href":"https:\/\/ifamnews.com\/fr\/wp-json\/wp\/v2\/tags?post=194223"}],"curies":[{"name":"wp","href":"https:\/\/api.w.org\/{rel}","templated":true}]}}