{"id":190212,"date":"2023-04-20T07:31:14","date_gmt":"2023-04-20T11:31:14","guid":{"rendered":"https:\/\/ifamnews.com\/?p=190212"},"modified":"2023-04-20T07:31:16","modified_gmt":"2023-04-20T11:31:16","slug":"l-italie-aux-c-t-s-d-orban","status":"publish","type":"post","link":"https:\/\/ifamnews.com\/fr\/l-italie-aux-c-t-s-d-orban","title":{"rendered":"L&rsquo;Italie aux c\u00f4t\u00e9s d&rsquo;Orban"},"content":{"rendered":"\n<p>La loi, adopt\u00e9e par le Parlement hongrois en juin 2021, \u00ab\u00a0interdit ou restreint l&rsquo;acc\u00e8s aux contenus qui propagent ou repr\u00e9sentent une soi-disant divergence par rapport \u00e0 l&rsquo;identit\u00e9 personnelle correspondant au sexe \u00e0 la naissance, au changement de sexe ou \u00e0 l&rsquo;homosexualit\u00e9 pour les personnes \u00e2g\u00e9es de moins de 18 ans\u00a0\u00bb. Ursula von der Leyen avait qualifi\u00e9 la loi de \u00ab\u00a0honteuse\u00a0\u00bb car, selon la Commission europ\u00e9enne, elle viole les valeurs europ\u00e9ennes et les droits fondamentaux des individus, en particulier des personnes Lgbtiq+. C&rsquo;est pourquoi l&rsquo;ex\u00e9cutif europ\u00e9en avait imm\u00e9diatement engag\u00e9 une proc\u00e9dure d&rsquo;infraction d\u00e8s juillet 2021 et, un an plus tard, en l&rsquo;absence de tout recul de Viktor Orban, d\u00e9cid\u00e9 de saisir la Cour de justice de l&rsquo;UE.<\/p>\n\n\n\n<p>Les gouvernements avaient jusqu&rsquo;au 7 avril pour se joindre \u00e0 l&rsquo;action en justice et quinze d&rsquo;entre eux ont d\u00e9cid\u00e9 de se joindre \u00e0 la Commission, ce qui leur permettra de pr\u00e9senter formellement leur cas. Sur les bancs de l&rsquo;accusation, on ne trouvera cependant pas le gouvernement italien, qui a \u00e9t\u00e9 officiellement condamn\u00e9 ces derni\u00e8res semaines par le Parlement europ\u00e9en pour sa d\u00e9cision de ne plus enregistrer les enfants de couples homog\u00e8nes et pour les \u00ab\u00a0attaques contre la communaut\u00e9 Lgbtiq+\u00a0\u00bb.<\/p>\n\n\n\n<p>Les m\u00e9dias ont largement relay\u00e9 l&rsquo;information selon laquelle quinze pays de l&rsquo;UE ont fait appel d&rsquo;une r\u00e9cente loi promulgu\u00e9e en Hongrie et d\u00e9crite comme contraire aux droits des minorit\u00e9s LGBT : la France, l&rsquo;Allemagne, la Belgique, le Luxembourg, les Pays-Bas, l&rsquo;Espagne, le Portugal, le Danemark, l&rsquo;Irlande, Malte, l&rsquo;Autriche, la Finlande, la Su\u00e8de, la Slov\u00e9nie et la Gr\u00e8ce. L&rsquo;Italie n&rsquo;y figure pas, suivie de la Pologne, de la Roumanie, de la Bulgarie, de Chypre, de la Croatie, de l&rsquo;Estonie, de la Lettonie, de la Lituanie, de la R\u00e9publique tch\u00e8que et de la Slovaquie.  <\/p>\n","protected":false},"excerpt":{"rendered":"<p>Dans le collimateur, la loi anti-Lgbtiq+ qui vise \u00e0 censurer l&rsquo;homosexualit\u00e9 dans les livres scolaires et les films ou programmes t\u00e9l\u00e9vis\u00e9s destin\u00e9s aux moins de 18 ans.<\/p>\n","protected":false},"author":46,"featured_media":190122,"comment_status":"open","ping_status":"open","sticky":false,"template":"","format":"standard","meta":{"give_campaign_id":0,"om_disable_all_campaigns":false,"_monsterinsights_skip_tracking":false,"_monsterinsights_sitenote_active":false,"_monsterinsights_sitenote_note":"","_monsterinsights_sitenote_category":0,"mc4wp_mailchimp_campaign":[],"jnews-multi-image_gallery":[],"jnews_single_post":{"subtitle":"Dans le collimateur, la loi anti-Lgbtiq+ qui vise \u00e0 censurer l'homosexualit\u00e9 dans les livres scolaires et les films ou programmes t\u00e9l\u00e9vis\u00e9s destin\u00e9s aux moins de 18 ans.","format":"standard","video":"","gallery":"","source_name":"","source_url":"","via_name":"","via_url":"","override_template":"0","override":[{"template":"2","single_blog_custom":"","parallax":"1","fullscreen":"1","layout":"right-sidebar-narrow","sidebar":"default-sidebar","second_sidebar":"default-sidebar","sticky_sidebar":"1","share_position":"float","share_float_style":"share-normal","show_share_counter":"1","show_view_counter":"1","show_featured":"1","show_post_meta":"1","show_post_author":"1","show_post_author_image":"1","show_post_date":"1","post_date_format":"default","post_date_format_custom":"Y\/m\/d","show_post_category":"1","show_post_reading_time":"1","post_reading_time_wpm":"300","show_zoom_button":"0","zoom_button_out_step":"2","zoom_button_in_step":"3","show_post_tag":"1","show_prev_next_post":"0","show_popup_post":"0","number_popup_post":"1","show_author_box":"1","show_post_related":"0","show_inline_post_related":"0"}],"override_image_size":"0","image_override":[{"single_post_thumbnail_size":"crop-715","single_post_gallery_size":"crop-715"}],"trending_post":"0","trending_post_position":"meta","trending_post_label":"Trending","sponsored_post":"0","sponsored_post_label":"Sponsored by","sponsored_post_name":"","sponsored_post_url":"","sponsored_post_logo_enable":"0","sponsored_post_logo":"","sponsored_post_desc":"","disable_ad":"0"},"jnews_primary_category":{"id":"800"},"jnews_social_meta":{"fb_title":"","fb_description":"","fb_image":"","twitter_title":"","twitter_description":"","twitter_image":""},"jnews_override_counter":{"override_view_counter":"0","view_counter_number":"0","override_share_counter":"0","share_counter_number":"0","override_like_counter":"0","like_counter_number":"0","override_dislike_counter":"0","dislike_counter_number":"0"},"footnotes":""},"categories":[809,800],"tags":[1604,23673,25223,25254],"class_list":["post-190212","post","type-post","status-publish","format-standard","has-post-thumbnail","hentry","category-foreground-fr","category-politique","tag-hongrie","tag-la-loi","tag-lgbtiq","tag-pays-de-lue"],"yoast_head":"<!-- This site is optimized with the Yoast SEO Premium plugin v25.9 (Yoast SEO v27.3) - https:\/\/yoast.com\/product\/yoast-seo-premium-wordpress\/ -->\n<title>L&#039;Italie aux c\u00f4t\u00e9s d&#039;Orban - IFN<\/title>\n<meta name=\"description\" content=\"Dans le collimateur, la loi anti-Lgbtiq+ qui vise \u00e0 censurer l&#039;homosexualit\u00e9 dans les livres scolaires et les films ou programmes t\u00e9l\u00e9vis\u00e9s destin\u00e9s aux moins de 18 ans.\" \/>\n<meta name=\"robots\" content=\"index, follow, max-snippet:-1, max-image-preview:large, max-video-preview:-1\" \/>\n<link rel=\"canonical\" href=\"https:\/\/ifamnews.com\/fr\/l-italie-aux-c-t-s-d-orban\" \/>\n<meta property=\"og:locale\" content=\"fr_FR\" \/>\n<meta property=\"og:type\" content=\"article\" \/>\n<meta property=\"og:title\" content=\"L&#039;Italie aux c\u00f4t\u00e9s d&#039;Orban\" \/>\n<meta property=\"og:description\" content=\"Dans le collimateur, la loi anti-Lgbtiq+ qui vise \u00e0 censurer l&#039;homosexualit\u00e9 dans les livres scolaires et les films ou programmes t\u00e9l\u00e9vis\u00e9s destin\u00e9s aux moins de 18 ans.\" \/>\n<meta property=\"og:url\" content=\"https:\/\/ifamnews.com\/fr\/l-italie-aux-c-t-s-d-orban\" \/>\n<meta property=\"og:site_name\" content=\"IFN\" \/>\n<meta property=\"article:publisher\" content=\"https:\/\/www.facebook.com\/iFamNews\" \/>\n<meta property=\"article:author\" content=\"https:\/\/www.facebook.com\/iFamNews\/\" \/>\n<meta property=\"article:published_time\" content=\"2023-04-20T11:31:14+00:00\" \/>\n<meta property=\"article:modified_time\" content=\"2023-04-20T11:31:16+00:00\" \/>\n<meta property=\"og:image\" content=\"https:\/\/ifamnews.com\/wp-content\/uploads\/2023\/04\/italia-e-ungheria.png\" \/>\n\t<meta property=\"og:image:width\" content=\"1200\" \/>\n\t<meta property=\"og:image:height\" content=\"675\" \/>\n\t<meta property=\"og:image:type\" content=\"image\/png\" \/>\n<meta name=\"author\" content=\"iFamNews Italia\" \/>\n<meta name=\"twitter:card\" content=\"summary_large_image\" \/>\n<meta name=\"twitter:creator\" content=\"@https:\/\/twitter.com\/iFamNewsIT\" \/>\n<meta name=\"twitter:site\" content=\"@iFamNewsEN\" \/>\n<meta name=\"twitter:label1\" content=\"\u00c9crit par\" \/>\n\t<meta name=\"twitter:data1\" content=\"IFN Italie\" \/>\n\t<meta name=\"twitter:label2\" content=\"Dur\u00e9e de lecture estim\u00e9e\" \/>\n\t<meta name=\"twitter:data2\" content=\"2 minutes\" \/>\n<!-- \/ Yoast SEO Premium plugin. -->","yoast_head_json":{"title":"L'Italie aux c\u00f4t\u00e9s d'Orban - IFN","description":"Dans le collimateur, la loi anti-Lgbtiq+ qui vise \u00e0 censurer l'homosexualit\u00e9 dans les livres scolaires et les films ou programmes t\u00e9l\u00e9vis\u00e9s destin\u00e9s aux moins de 18 ans.","robots":{"index":"index","follow":"follow","max-snippet":"max-snippet:-1","max-image-preview":"max-image-preview:large","max-video-preview":"max-video-preview:-1"},"canonical":"https:\/\/ifamnews.com\/fr\/l-italie-aux-c-t-s-d-orban","og_locale":"fr_FR","og_type":"article","og_title":"L'Italie aux c\u00f4t\u00e9s d'Orban","og_description":"Dans le collimateur, la loi anti-Lgbtiq+ qui vise \u00e0 censurer l'homosexualit\u00e9 dans les livres scolaires et les films ou programmes t\u00e9l\u00e9vis\u00e9s destin\u00e9s aux moins de 18 ans.","og_url":"https:\/\/ifamnews.com\/fr\/l-italie-aux-c-t-s-d-orban","og_site_name":"IFN","article_publisher":"https:\/\/www.facebook.com\/iFamNews","article_author":"https:\/\/www.facebook.com\/iFamNews\/","article_published_time":"2023-04-20T11:31:14+00:00","article_modified_time":"2023-04-20T11:31:16+00:00","og_image":[{"width":1200,"height":675,"url":"https:\/\/ifamnews.com\/wp-content\/uploads\/2023\/04\/italia-e-ungheria.png","type":"image\/png"}],"author":"iFamNews Italia","twitter_card":"summary_large_image","twitter_creator":"@https:\/\/twitter.com\/iFamNewsIT","twitter_site":"@iFamNewsEN","twitter_misc":{"\u00c9crit par":"IFN Italie","Dur\u00e9e de lecture estim\u00e9e":"2 minutes"},"schema":{"@context":"https:\/\/schema.org","@graph":[{"@type":"NewsArticle","@id":"https:\/\/ifamnews.com\/fr\/l-italie-aux-c-t-s-d-orban#article","isPartOf":{"@id":"https:\/\/ifamnews.com\/fr\/l-italie-aux-c-t-s-d-orban"},"author":{"name":"iFamNews Italia","@id":"https:\/\/ifamnews.com\/en\/#\/schema\/person\/fafda7d79212f3690f4af10238556aac"},"headline":"L&rsquo;Italie aux c\u00f4t\u00e9s d&rsquo;Orban","datePublished":"2023-04-20T11:31:14+00:00","dateModified":"2023-04-20T11:31:16+00:00","mainEntityOfPage":{"@id":"https:\/\/ifamnews.com\/fr\/l-italie-aux-c-t-s-d-orban"},"wordCount":335,"commentCount":0,"publisher":{"@id":"https:\/\/ifamnews.com\/en\/#organization"},"image":{"@id":"https:\/\/ifamnews.com\/fr\/l-italie-aux-c-t-s-d-orban#primaryimage"},"thumbnailUrl":"https:\/\/ifamnews.com\/wp-content\/uploads\/2023\/04\/italia-e-ungheria.png","keywords":["Hongrie","la loi","Lgbtiq+","Pays de l'UE"],"articleSection":["Foreground","Politique"],"inLanguage":"fr-FR","potentialAction":[{"@type":"CommentAction","name":"Comment","target":["https:\/\/ifamnews.com\/fr\/l-italie-aux-c-t-s-d-orban#respond"]}]},{"@type":"WebPage","@id":"https:\/\/ifamnews.com\/fr\/l-italie-aux-c-t-s-d-orban","url":"https:\/\/ifamnews.com\/fr\/l-italie-aux-c-t-s-d-orban","name":"L'Italie aux c\u00f4t\u00e9s d'Orban - IFN","isPartOf":{"@id":"https:\/\/ifamnews.com\/en\/#website"},"primaryImageOfPage":{"@id":"https:\/\/ifamnews.com\/fr\/l-italie-aux-c-t-s-d-orban#primaryimage"},"image":{"@id":"https:\/\/ifamnews.com\/fr\/l-italie-aux-c-t-s-d-orban#primaryimage"},"thumbnailUrl":"https:\/\/ifamnews.com\/wp-content\/uploads\/2023\/04\/italia-e-ungheria.png","datePublished":"2023-04-20T11:31:14+00:00","dateModified":"2023-04-20T11:31:16+00:00","description":"Dans le collimateur, la loi anti-Lgbtiq+ qui vise \u00e0 censurer l'homosexualit\u00e9 dans les livres scolaires et les films ou programmes t\u00e9l\u00e9vis\u00e9s destin\u00e9s aux moins de 18 ans.","breadcrumb":{"@id":"https:\/\/ifamnews.com\/fr\/l-italie-aux-c-t-s-d-orban#breadcrumb"},"inLanguage":"fr-FR","potentialAction":[{"@type":"ReadAction","target":["https:\/\/ifamnews.com\/fr\/l-italie-aux-c-t-s-d-orban"]}]},{"@type":"ImageObject","inLanguage":"fr-FR","@id":"https:\/\/ifamnews.com\/fr\/l-italie-aux-c-t-s-d-orban#primaryimage","url":"https:\/\/ifamnews.com\/wp-content\/uploads\/2023\/04\/italia-e-ungheria.png","contentUrl":"https:\/\/ifamnews.com\/wp-content\/uploads\/2023\/04\/italia-e-ungheria.png","width":1200,"height":675},{"@type":"BreadcrumbList","@id":"https:\/\/ifamnews.com\/fr\/l-italie-aux-c-t-s-d-orban#breadcrumb","itemListElement":[{"@type":"ListItem","position":1,"name":"Home","item":"https:\/\/ifamnews.com\/de"},{"@type":"ListItem","position":2,"name":"Politics","item":"https:\/\/ifamnews.com\/en\/category\/politics"},{"@type":"ListItem","position":3,"name":"L&#8217;Italie aux c\u00f4t\u00e9s d&#8217;Orban"}]},{"@type":"WebSite","@id":"https:\/\/ifamnews.com\/en\/#website","url":"https:\/\/ifamnews.com\/en\/","name":"IFN","description":"International Family News Network","publisher":{"@id":"https:\/\/ifamnews.com\/en\/#organization"},"potentialAction":[{"@type":"SearchAction","target":{"@type":"EntryPoint","urlTemplate":"https:\/\/ifamnews.com\/en\/?s={search_term_string}"},"query-input":{"@type":"PropertyValueSpecification","valueRequired":true,"valueName":"search_term_string"}}],"inLanguage":"fr-FR"},{"@type":"Organization","@id":"https:\/\/ifamnews.com\/en\/#organization","name":"iFamNews","url":"https:\/\/ifamnews.com\/en\/","logo":{"@type":"ImageObject","inLanguage":"fr-FR","@id":"https:\/\/ifamnews.com\/en\/#\/schema\/logo\/image\/","url":"https:\/\/ifamnews.com\/wp-content\/uploads\/2020\/01\/Share-logo.png","contentUrl":"https:\/\/ifamnews.com\/wp-content\/uploads\/2020\/01\/Share-logo.png","width":200,"height":200,"caption":"iFamNews"},"image":{"@id":"https:\/\/ifamnews.com\/en\/#\/schema\/logo\/image\/"},"sameAs":["https:\/\/www.facebook.com\/iFamNews","https:\/\/x.com\/iFamNewsEN"]},{"@type":"Person","@id":"https:\/\/ifamnews.com\/en\/#\/schema\/person\/fafda7d79212f3690f4af10238556aac","name":"iFamNews Italia","image":{"@type":"ImageObject","inLanguage":"fr-FR","@id":"https:\/\/secure.gravatar.com\/avatar\/2e50539bc89809bc22a0b2bb9dc3d7f67ffd1e564e5461707f0153146f8c99b5?s=96&d=mm&r=g","url":"https:\/\/secure.gravatar.com\/avatar\/2e50539bc89809bc22a0b2bb9dc3d7f67ffd1e564e5461707f0153146f8c99b5?s=96&d=mm&r=g","contentUrl":"https:\/\/secure.gravatar.com\/avatar\/2e50539bc89809bc22a0b2bb9dc3d7f67ffd1e564e5461707f0153146f8c99b5?s=96&d=mm&r=g","caption":"iFamNews Italia"},"description":"Articles published by the Italian iFamNews editorial team.","sameAs":["https:\/\/ifamnews.com\/it","https:\/\/www.facebook.com\/iFamNews\/","https:\/\/x.com\/https:\/\/twitter.com\/iFamNewsIT","https:\/\/www.youtube.com\/channel\/UCMVyIt4z9BANW3d09kwfUpw"],"url":"https:\/\/ifamnews.com\/fr\/author\/redazioneit"}]}},"amp_enabled":true,"_links":{"self":[{"href":"https:\/\/ifamnews.com\/fr\/wp-json\/wp\/v2\/posts\/190212","targetHints":{"allow":["GET"]}}],"collection":[{"href":"https:\/\/ifamnews.com\/fr\/wp-json\/wp\/v2\/posts"}],"about":[{"href":"https:\/\/ifamnews.com\/fr\/wp-json\/wp\/v2\/types\/post"}],"author":[{"embeddable":true,"href":"https:\/\/ifamnews.com\/fr\/wp-json\/wp\/v2\/users\/46"}],"replies":[{"embeddable":true,"href":"https:\/\/ifamnews.com\/fr\/wp-json\/wp\/v2\/comments?post=190212"}],"version-history":[{"count":2,"href":"https:\/\/ifamnews.com\/fr\/wp-json\/wp\/v2\/posts\/190212\/revisions"}],"predecessor-version":[{"id":190930,"href":"https:\/\/ifamnews.com\/fr\/wp-json\/wp\/v2\/posts\/190212\/revisions\/190930"}],"wp:featuredmedia":[{"embeddable":true,"href":"https:\/\/ifamnews.com\/fr\/wp-json\/wp\/v2\/media\/190122"}],"wp:attachment":[{"href":"https:\/\/ifamnews.com\/fr\/wp-json\/wp\/v2\/media?parent=190212"}],"wp:term":[{"taxonomy":"category","embeddable":true,"href":"https:\/\/ifamnews.com\/fr\/wp-json\/wp\/v2\/categories?post=190212"},{"taxonomy":"post_tag","embeddable":true,"href":"https:\/\/ifamnews.com\/fr\/wp-json\/wp\/v2\/tags?post=190212"}],"curies":[{"name":"wp","href":"https:\/\/api.w.org\/{rel}","templated":true}]}}