{"id":189565,"date":"2023-04-07T11:03:00","date_gmt":"2023-04-07T15:03:00","guid":{"rendered":"https:\/\/ifamnews.com\/?p=189565"},"modified":"2023-04-07T10:06:08","modified_gmt":"2023-04-07T14:06:08","slug":"jeunes-transgenres-italiens","status":"publish","type":"post","link":"https:\/\/ifamnews.com\/fr\/jeunes-transgenres-italiens","title":{"rendered":"Jeunes transgenres italiens"},"content":{"rendered":"\n<p>Le 31 mars est la date \u00e0 laquelle nous c\u00e9l\u00e9brons la \u00ab\u00a0Journ\u00e9e internationale de la visibilit\u00e9 des transgenres (Tdov)\u00a0\u00bb, un \u00e9v\u00e9nement qui vise \u00e0 sensibiliser \u00e0 la discrimination dont sont victimes les personnes transgenres dans le monde entier. Une marche nationale \u00ab\u00a0Protect Trans Youth\u00a0\u00bb a \u00e9t\u00e9 organis\u00e9e \u00e0 Rome \u00e0 la suite de cette date symbolique pour le mouvement.<\/p>\n\n\n\n<p>Au moins deux mille personnes \u00e9taient pr\u00e9sentes sur la place pour soutenir les droits des transgenres. Sur une sc\u00e8ne sp\u00e9cialement \u00e9rig\u00e9e, des d\u00e9clarations ont \u00e9t\u00e9 faites par ceux qui demandent un plus grand respect et des droits garantis pour les personnes transgenres. Un grand nombre de personnes ont assist\u00e9 \u00e0 l&rsquo;\u00e9v\u00e9nement, en particulier de nombreux jeunes qui ont partag\u00e9 leurs exp\u00e9riences. L&rsquo;une des demandes les plus fortes des participants est d&rsquo;avoir la possibilit\u00e9 d&rsquo;entrer dans la \u00ab\u00a0carri\u00e8re d&rsquo;alias\u00a0\u00bb \u00e0 la fois dans les universit\u00e9s et les \u00e9coles. C&rsquo;est la raison pour laquelle certaines institutions choisissent d&rsquo;utiliser le nom de leur choix au lieu du nom attribu\u00e9 \u00e0 la naissance en fonction du sexe biologique.<\/p>\n\n\n\n<p>  Le directeur de l&rsquo;\u00e9cole secondaire Marco Polo de Venise a re\u00e7u un courrier \u00e9lectronique lui demandant de supprimer imm\u00e9diatement le \u00ab\u00a0pseudonyme de carri\u00e8re\u00a0\u00bb. Sign\u00e9 par les d\u00e9l\u00e9gu\u00e9s de Fratelli d&rsquo;Italia de la municipalit\u00e9<strong> <\/strong>de Venise (le parti de Giorgia Meloni au pouvoir en Italie) dans l&rsquo;invitation dit : \u00ab\u00a0Nous demandons instamment aux chefs d&rsquo;\u00e9tablissement de renoncer \u00e0 un tel projet par respect pour les enseignants qui, en vertu de l&rsquo;article 479 du code p\u00e9nal, qui pr\u00e9voit le d\u00e9lit de \u00ab\u00a0fausset\u00e9 id\u00e9ologique\u00a0\u00bb commis par un fonctionnaire public dans des actes publics, seraient poursuivis\u00a0\u00bb.<\/p>\n\n\n\n<p>Dans la circulaire envoy\u00e9e \u00e0 tous les enseignants, Maria Rosa Cesari, directrice de l&rsquo;\u00e9cole, commente : \u00ab\u00a0Il est inacceptable qu&rsquo;un parti politique s&rsquo;immisce dans la vie de l&rsquo;\u00e9cole. Comme ils ne sont pas d&rsquo;accord en tant que parti, ils exigent que nous supprimions le pseudo-carri\u00e8re. Mais il s&rsquo;agit pour nous de questions \u00e9thiques et non politiques\u00a0\u00bb.<\/p>\n\n\n\n<p><\/p>\n","protected":false},"excerpt":{"rendered":"<p>Des milliers de personnes ont particip\u00e9 \u00e0 la procession \u00ab\u00a0Protect Trans Youth\u00a0\u00bb \/ Le FdI menace l&rsquo;\u00e9cole secondaire de Venise : \u00ab\u00a0Fini les pseudo-carri\u00e8res\u00a0\u00bb.<\/p>\n","protected":false},"author":46,"featured_media":189425,"comment_status":"open","ping_status":"open","sticky":false,"template":"","format":"standard","meta":{"give_campaign_id":0,"om_disable_all_campaigns":false,"_monsterinsights_skip_tracking":false,"_monsterinsights_sitenote_active":false,"_monsterinsights_sitenote_note":"","_monsterinsights_sitenote_category":0,"mc4wp_mailchimp_campaign":[],"jnews-multi-image_gallery":[],"jnews_single_post":{"subtitle":"Des milliers de personnes ont particip\u00e9 \u00e0 la procession \"Protect Trans Youth\" \/ Le FdI menace l'\u00e9cole secondaire de Venise : \"Fini les pseudo-carri\u00e8res\".","format":"standard","video":"","gallery":"","source_name":"","source_url":"","via_name":"","via_url":"","override_template":"0","override":[{"template":"2","single_blog_custom":"","parallax":"1","fullscreen":"1","layout":"right-sidebar-narrow","sidebar":"default-sidebar","second_sidebar":"default-sidebar","sticky_sidebar":"1","share_position":"float","share_float_style":"share-normal","show_share_counter":"1","show_view_counter":"1","show_featured":"1","show_post_meta":"1","show_post_author":"1","show_post_author_image":"1","show_post_date":"1","post_date_format":"default","post_date_format_custom":"Y\/m\/d","show_post_category":"1","show_post_reading_time":"1","post_reading_time_wpm":"300","show_zoom_button":"0","zoom_button_out_step":"2","zoom_button_in_step":"3","show_post_tag":"1","show_prev_next_post":"0","show_popup_post":"0","number_popup_post":"1","show_author_box":"1","show_post_related":"0","show_inline_post_related":"0"}],"override_image_size":"0","image_override":[{"single_post_thumbnail_size":"crop-715","single_post_gallery_size":"crop-715"}],"trending_post":"0","trending_post_position":"meta","trending_post_label":"Trending","sponsored_post":"0","sponsored_post_label":"Sponsored by","sponsored_post_name":"","sponsored_post_url":"","sponsored_post_logo_enable":"0","sponsored_post_logo":"","sponsored_post_desc":"","disable_ad":"0"},"jnews_primary_category":{"id":"819"},"jnews_social_meta":{"fb_title":"","fb_description":"","fb_image":"","twitter_title":"","twitter_description":"","twitter_image":""},"jnews_override_counter":{"override_view_counter":"0","view_counter_number":"0","override_share_counter":"0","share_counter_number":"0","override_like_counter":"0","like_counter_number":"0","override_dislike_counter":"0","dislike_counter_number":"0"},"footnotes":""},"categories":[809,819],"tags":[25097,9044,24373,25096,25098],"class_list":["post-189565","post","type-post","status-publish","format-standard","has-post-thumbnail","hentry","category-foreground-fr","category-vie","tag-defile","tag-lgbt-fr-2","tag-pseudonyme-de-carriere","tag-rome-fr","tag-venise"],"yoast_head":"<!-- This site is optimized with the Yoast SEO Premium plugin v25.9 (Yoast SEO v27.3) - https:\/\/yoast.com\/product\/yoast-seo-premium-wordpress\/ -->\n<title>Jeunes transgenres italiens - IFN<\/title>\n<meta name=\"description\" content=\"Des milliers de personnes ont particip\u00e9 \u00e0 la procession &quot;Protect Trans Youth&quot; \/ Le FdI menace l&#039;\u00e9cole secondaire de Venise : &quot;Fini les pseudo-carri\u00e8res&quot;.\" \/>\n<meta name=\"robots\" content=\"index, follow, max-snippet:-1, max-image-preview:large, max-video-preview:-1\" \/>\n<link rel=\"canonical\" href=\"https:\/\/ifamnews.com\/fr\/jeunes-transgenres-italiens\" \/>\n<meta property=\"og:locale\" content=\"fr_FR\" \/>\n<meta property=\"og:type\" content=\"article\" \/>\n<meta property=\"og:title\" content=\"Jeunes transgenres italiens\" \/>\n<meta property=\"og:description\" content=\"Des milliers de personnes ont particip\u00e9 \u00e0 la procession &quot;Protect Trans Youth&quot; \/ Le FdI menace l&#039;\u00e9cole secondaire de Venise : &quot;Fini les pseudo-carri\u00e8res&quot;.\" \/>\n<meta property=\"og:url\" content=\"https:\/\/ifamnews.com\/fr\/jeunes-transgenres-italiens\" \/>\n<meta property=\"og:site_name\" content=\"IFN\" \/>\n<meta property=\"article:publisher\" content=\"https:\/\/www.facebook.com\/iFamNews\" \/>\n<meta property=\"article:author\" content=\"https:\/\/www.facebook.com\/iFamNews\/\" \/>\n<meta property=\"article:published_time\" content=\"2023-04-07T15:03:00+00:00\" \/>\n<meta property=\"og:image\" content=\"https:\/\/ifamnews.com\/wp-content\/uploads\/2023\/04\/Roma-.png\" \/>\n\t<meta property=\"og:image:width\" content=\"1201\" \/>\n\t<meta property=\"og:image:height\" content=\"536\" \/>\n\t<meta property=\"og:image:type\" content=\"image\/png\" \/>\n<meta name=\"author\" content=\"iFamNews Italia\" \/>\n<meta name=\"twitter:card\" content=\"summary_large_image\" \/>\n<meta name=\"twitter:creator\" content=\"@https:\/\/twitter.com\/iFamNewsIT\" \/>\n<meta name=\"twitter:site\" content=\"@iFamNewsEN\" \/>\n<meta name=\"twitter:label1\" content=\"\u00c9crit par\" \/>\n\t<meta name=\"twitter:data1\" content=\"IFN Italie\" \/>\n\t<meta name=\"twitter:label2\" content=\"Dur\u00e9e de lecture estim\u00e9e\" \/>\n\t<meta name=\"twitter:data2\" content=\"2 minutes\" \/>\n<!-- \/ Yoast SEO Premium plugin. -->","yoast_head_json":{"title":"Jeunes transgenres italiens - IFN","description":"Des milliers de personnes ont particip\u00e9 \u00e0 la procession \"Protect Trans Youth\" \/ Le FdI menace l'\u00e9cole secondaire de Venise : \"Fini les pseudo-carri\u00e8res\".","robots":{"index":"index","follow":"follow","max-snippet":"max-snippet:-1","max-image-preview":"max-image-preview:large","max-video-preview":"max-video-preview:-1"},"canonical":"https:\/\/ifamnews.com\/fr\/jeunes-transgenres-italiens","og_locale":"fr_FR","og_type":"article","og_title":"Jeunes transgenres italiens","og_description":"Des milliers de personnes ont particip\u00e9 \u00e0 la procession \"Protect Trans Youth\" \/ Le FdI menace l'\u00e9cole secondaire de Venise : \"Fini les pseudo-carri\u00e8res\".","og_url":"https:\/\/ifamnews.com\/fr\/jeunes-transgenres-italiens","og_site_name":"IFN","article_publisher":"https:\/\/www.facebook.com\/iFamNews","article_author":"https:\/\/www.facebook.com\/iFamNews\/","article_published_time":"2023-04-07T15:03:00+00:00","og_image":[{"width":1201,"height":536,"url":"https:\/\/ifamnews.com\/wp-content\/uploads\/2023\/04\/Roma-.png","type":"image\/png"}],"author":"iFamNews Italia","twitter_card":"summary_large_image","twitter_creator":"@https:\/\/twitter.com\/iFamNewsIT","twitter_site":"@iFamNewsEN","twitter_misc":{"\u00c9crit par":"IFN Italie","Dur\u00e9e de lecture estim\u00e9e":"2 minutes"},"schema":{"@context":"https:\/\/schema.org","@graph":[{"@type":"NewsArticle","@id":"https:\/\/ifamnews.com\/fr\/jeunes-transgenres-italiens#article","isPartOf":{"@id":"https:\/\/ifamnews.com\/fr\/jeunes-transgenres-italiens"},"author":{"name":"iFamNews Italia","@id":"https:\/\/ifamnews.com\/en\/#\/schema\/person\/fafda7d79212f3690f4af10238556aac"},"headline":"Jeunes transgenres italiens","datePublished":"2023-04-07T15:03:00+00:00","mainEntityOfPage":{"@id":"https:\/\/ifamnews.com\/fr\/jeunes-transgenres-italiens"},"wordCount":354,"commentCount":0,"publisher":{"@id":"https:\/\/ifamnews.com\/en\/#organization"},"image":{"@id":"https:\/\/ifamnews.com\/fr\/jeunes-transgenres-italiens#primaryimage"},"thumbnailUrl":"https:\/\/ifamnews.com\/wp-content\/uploads\/2023\/04\/Roma-.png","keywords":["d\u00e9fil\u00e9","LGBT+","pseudonyme de carri\u00e8re","Rome","Venise"],"articleSection":["Foreground","Vie"],"inLanguage":"fr-FR","potentialAction":[{"@type":"CommentAction","name":"Comment","target":["https:\/\/ifamnews.com\/fr\/jeunes-transgenres-italiens#respond"]}]},{"@type":"WebPage","@id":"https:\/\/ifamnews.com\/fr\/jeunes-transgenres-italiens","url":"https:\/\/ifamnews.com\/fr\/jeunes-transgenres-italiens","name":"Jeunes transgenres italiens - IFN","isPartOf":{"@id":"https:\/\/ifamnews.com\/en\/#website"},"primaryImageOfPage":{"@id":"https:\/\/ifamnews.com\/fr\/jeunes-transgenres-italiens#primaryimage"},"image":{"@id":"https:\/\/ifamnews.com\/fr\/jeunes-transgenres-italiens#primaryimage"},"thumbnailUrl":"https:\/\/ifamnews.com\/wp-content\/uploads\/2023\/04\/Roma-.png","datePublished":"2023-04-07T15:03:00+00:00","description":"Des milliers de personnes ont particip\u00e9 \u00e0 la procession \"Protect Trans Youth\" \/ Le FdI menace l'\u00e9cole secondaire de Venise : \"Fini les pseudo-carri\u00e8res\".","breadcrumb":{"@id":"https:\/\/ifamnews.com\/fr\/jeunes-transgenres-italiens#breadcrumb"},"inLanguage":"fr-FR","potentialAction":[{"@type":"ReadAction","target":["https:\/\/ifamnews.com\/fr\/jeunes-transgenres-italiens"]}]},{"@type":"ImageObject","inLanguage":"fr-FR","@id":"https:\/\/ifamnews.com\/fr\/jeunes-transgenres-italiens#primaryimage","url":"https:\/\/ifamnews.com\/wp-content\/uploads\/2023\/04\/Roma-.png","contentUrl":"https:\/\/ifamnews.com\/wp-content\/uploads\/2023\/04\/Roma-.png","width":1201,"height":536,"caption":"YouTube, Captures d'\u00e9cran"},{"@type":"BreadcrumbList","@id":"https:\/\/ifamnews.com\/fr\/jeunes-transgenres-italiens#breadcrumb","itemListElement":[{"@type":"ListItem","position":1,"name":"Home","item":"https:\/\/ifamnews.com\/de"},{"@type":"ListItem","position":2,"name":"Life","item":"https:\/\/ifamnews.com\/en\/category\/life"},{"@type":"ListItem","position":3,"name":"Jeunes transgenres italiens"}]},{"@type":"WebSite","@id":"https:\/\/ifamnews.com\/en\/#website","url":"https:\/\/ifamnews.com\/en\/","name":"IFN","description":"International Family News Network","publisher":{"@id":"https:\/\/ifamnews.com\/en\/#organization"},"potentialAction":[{"@type":"SearchAction","target":{"@type":"EntryPoint","urlTemplate":"https:\/\/ifamnews.com\/en\/?s={search_term_string}"},"query-input":{"@type":"PropertyValueSpecification","valueRequired":true,"valueName":"search_term_string"}}],"inLanguage":"fr-FR"},{"@type":"Organization","@id":"https:\/\/ifamnews.com\/en\/#organization","name":"iFamNews","url":"https:\/\/ifamnews.com\/en\/","logo":{"@type":"ImageObject","inLanguage":"fr-FR","@id":"https:\/\/ifamnews.com\/en\/#\/schema\/logo\/image\/","url":"https:\/\/ifamnews.com\/wp-content\/uploads\/2020\/01\/Share-logo.png","contentUrl":"https:\/\/ifamnews.com\/wp-content\/uploads\/2020\/01\/Share-logo.png","width":200,"height":200,"caption":"iFamNews"},"image":{"@id":"https:\/\/ifamnews.com\/en\/#\/schema\/logo\/image\/"},"sameAs":["https:\/\/www.facebook.com\/iFamNews","https:\/\/x.com\/iFamNewsEN"]},{"@type":"Person","@id":"https:\/\/ifamnews.com\/en\/#\/schema\/person\/fafda7d79212f3690f4af10238556aac","name":"iFamNews Italia","image":{"@type":"ImageObject","inLanguage":"fr-FR","@id":"https:\/\/secure.gravatar.com\/avatar\/2e50539bc89809bc22a0b2bb9dc3d7f67ffd1e564e5461707f0153146f8c99b5?s=96&d=mm&r=g","url":"https:\/\/secure.gravatar.com\/avatar\/2e50539bc89809bc22a0b2bb9dc3d7f67ffd1e564e5461707f0153146f8c99b5?s=96&d=mm&r=g","contentUrl":"https:\/\/secure.gravatar.com\/avatar\/2e50539bc89809bc22a0b2bb9dc3d7f67ffd1e564e5461707f0153146f8c99b5?s=96&d=mm&r=g","caption":"iFamNews Italia"},"description":"Articles published by the Italian iFamNews editorial team.","sameAs":["https:\/\/ifamnews.com\/it","https:\/\/www.facebook.com\/iFamNews\/","https:\/\/x.com\/https:\/\/twitter.com\/iFamNewsIT","https:\/\/www.youtube.com\/channel\/UCMVyIt4z9BANW3d09kwfUpw"],"url":"https:\/\/ifamnews.com\/fr\/author\/redazioneit"}]}},"amp_enabled":true,"_links":{"self":[{"href":"https:\/\/ifamnews.com\/fr\/wp-json\/wp\/v2\/posts\/189565","targetHints":{"allow":["GET"]}}],"collection":[{"href":"https:\/\/ifamnews.com\/fr\/wp-json\/wp\/v2\/posts"}],"about":[{"href":"https:\/\/ifamnews.com\/fr\/wp-json\/wp\/v2\/types\/post"}],"author":[{"embeddable":true,"href":"https:\/\/ifamnews.com\/fr\/wp-json\/wp\/v2\/users\/46"}],"replies":[{"embeddable":true,"href":"https:\/\/ifamnews.com\/fr\/wp-json\/wp\/v2\/comments?post=189565"}],"version-history":[{"count":2,"href":"https:\/\/ifamnews.com\/fr\/wp-json\/wp\/v2\/posts\/189565\/revisions"}],"predecessor-version":[{"id":189699,"href":"https:\/\/ifamnews.com\/fr\/wp-json\/wp\/v2\/posts\/189565\/revisions\/189699"}],"wp:featuredmedia":[{"embeddable":true,"href":"https:\/\/ifamnews.com\/fr\/wp-json\/wp\/v2\/media\/189425"}],"wp:attachment":[{"href":"https:\/\/ifamnews.com\/fr\/wp-json\/wp\/v2\/media?parent=189565"}],"wp:term":[{"taxonomy":"category","embeddable":true,"href":"https:\/\/ifamnews.com\/fr\/wp-json\/wp\/v2\/categories?post=189565"},{"taxonomy":"post_tag","embeddable":true,"href":"https:\/\/ifamnews.com\/fr\/wp-json\/wp\/v2\/tags?post=189565"}],"curies":[{"name":"wp","href":"https:\/\/api.w.org\/{rel}","templated":true}]}}