{"id":189254,"date":"2023-04-04T07:07:33","date_gmt":"2023-04-04T11:07:33","guid":{"rendered":"https:\/\/ifamnews.com\/?p=189254"},"modified":"2023-04-04T04:07:50","modified_gmt":"2023-04-04T08:07:50","slug":"le-gouvernement-japonais-pr-sente-des-propositions-pour-augmenter-le-taux-de-natalit","status":"publish","type":"post","link":"https:\/\/ifamnews.com\/fr\/le-gouvernement-japonais-pr-sente-des-propositions-pour-augmenter-le-taux-de-natalit","title":{"rendered":"Le gouvernement japonais pr\u00e9sente des propositions pour augmenter le taux de natalit\u00e9"},"content":{"rendered":"\n<p>Le ministre des politiques de l&rsquo;enfance du gouvernement japonais, Masanobu Ogura, charg\u00e9 de lutter contre la baisse du taux de natalit\u00e9 du pays, a pr\u00e9sent\u00e9 vendredi un <a href=\"https:\/\/apnews.com\/article\/japan-declining-birthrate-reverse-plan-fd5c77386b0f85e9f4d993265070781b\" target=\"_blank\" rel=\"noreferrer noopener\">projet de proposition<\/a> visant \u00e0 inverser la catastrophe d\u00e9mographique du pays. Il s&rsquo;agit notamment d&rsquo;augmenter les subventions pour l&rsquo;\u00e9ducation des enfants et d&rsquo;augmenter le salaire des jeunes travailleurs pour les inciter \u00e0 se marier et \u00e0 avoir des enfants.<\/p>\n\n\n\n<p>Comme nous le savons tous, la population du Japon, qui compte plus de 125 millions d&rsquo;habitants, diminue depuis 15 ans et devrait tomber \u00e0 86,7 millions d&rsquo;ici 2060. La diminution et le vieillissement de la population ont d&rsquo;\u00e9normes r\u00e9percussions sur l&rsquo;\u00e9conomie et la s\u00e9curit\u00e9 nationale. \u00c0 la suite des promesses faites par le Premier ministre japonais au cours des derniers mois, le ministre de l&rsquo;enfance a d\u00e9clar\u00e9 que les prochaines ann\u00e9es repr\u00e9sentaient peut-\u00eatre \u00ab\u00a0la derni\u00e8re chance\u00a0\u00bb pour le Japon d&rsquo;inverser la tendance \u00e0 la baisse du taux de natalit\u00e9. Si le nombre de naissances continue \u00e0 diminuer au rythme du d\u00e9but des ann\u00e9es 2000, la population jeune sera encore deux fois moins nombreuse qu&rsquo;aujourd&rsquo;hui en 2030, ce qui aura des cons\u00e9quences catastrophiques pour le pays.<\/p>\n\n\n\n<p>De nombreux jeunes Japonais ont renonc\u00e9 \u00e0 se marier ou \u00e0 fonder une famille, d\u00e9courag\u00e9s par des perspectives d&#8217;emploi m\u00e9diocres, des organisations d&rsquo;entreprise incompatibles avec le travail des deux parents, en particulier des femmes, et une faible tol\u00e9rance du public \u00e0 l&rsquo;\u00e9gard des jeunes enfants. <a href=\"https:\/\/www.reuters.com\/world\/asia-pacific\/japan-unveils-fresh-childcare-plan-funding-unclear-2023-03-31\/\" target=\"_blank\" rel=\"noreferrer noopener\">Le ministre Ogura<\/a> propose de renforcer l&rsquo;aide financi\u00e8re, notamment en augmentant les subventions gouvernementales pour l&rsquo;\u00e9ducation des enfants, en accordant des pr\u00eats \u00e9tudiants plus g\u00e9n\u00e9reux pour l&rsquo;enseignement sup\u00e9rieur et en am\u00e9liorant l&rsquo;acc\u00e8s aux services de garde d&rsquo;enfants. Il vise \u00e9galement \u00e0 changer les mentalit\u00e9s en faveur d&rsquo;une plus grande \u00e9galit\u00e9 entre les hommes et les femmes, tant au travail qu&rsquo;\u00e0 la maison. La proposition pr\u00e9voit \u00e9galement une aide gouvernementale accrue aux entreprises pour encourager le personnel masculin \u00e0 prendre un cong\u00e9 de paternit\u00e9, ce qui a \u00e9t\u00e9 un point de discorde pour les p\u00e8res qui travaillent et qui craignent des repr\u00e9sailles. . L&rsquo;ensemble des propositions a \u00e9t\u00e9 soumis au Premier ministre Fumio Kishida pour un examen plus approfondi. En juin prochain, comme <a href=\"https:\/\/www.reuters.com\/world\/asia-pacific\/japans-birthrate-policy-could-be-funded-by-government-bonds-says-ruling-party-2023-03-12\/\" target=\"_blank\" rel=\"noreferrer noopener\">promis<\/a> apr\u00e8s les \u00e9lections, le Premier ministre Kishida pr\u00e9sentera au Parlement l&rsquo;ensemble du plan relatif aux naissances et aux mariages.<\/p>\n\n\n\n<p>En 2022, le Japon a enregistr\u00e9 799 728 nouvelles naissances,<strong> un niveau historiquement bas, <\/strong>tombant sous la barre des 800 000 pour la premi\u00e8re fois depuis le d\u00e9but des enregistrements en 1899. La proposition de M. Ogura ne mentionne pas le co\u00fbt estim\u00e9, mais au cours des derni\u00e8res semaines, des plans ont \u00e9t\u00e9 divulgu\u00e9s pour couvrir les co\u00fbts des mesures relatives aux naissances et \u00e0 la famille en \u00e9mettant des<a href=\"https:\/\/www.reuters.com\/world\/asia-pacific\/japans-birthrate-policy-could-be-funded-by-government-bonds-says-ruling-party-2023-03-12\/\" target=\"_blank\" rel=\"noreferrer noopener\">\u00ab\u00a0obligations d&rsquo;\u00c9tat<\/a>\u00a0\u00bb ad hoc. Le budget des politiques de l&rsquo;enfance pourrait \u00eatre couvert par des obligations d&rsquo;\u00c9tat, une id\u00e9e brillante que le Parti lib\u00e9ral d\u00e9mocrate (PLD) envisage afin de prendre des mesures<a href=\"https:\/\/www.japantimes.co.jp\/news\/2023\/01\/19\/national\/government-discussion-reverse-birth-rate-decline\/\" target=\"_blank\" rel=\"noreferrer noopener\">\u00ab\u00a0sans pr\u00e9c\u00e9dent<\/a>\u00a0\u00bb pour contrer la baisse du taux de natalit\u00e9 dans le pays.<\/p>\n\n\n\n<p><\/p>\n","protected":false},"excerpt":{"rendered":"<p>Le Japon est s\u00e9rieux, la guerre contre la d\u00e9natalit\u00e9 et le soutien aux familles et aux enfants sont vraiment une priorit\u00e9 absolue du gouvernement Kishida.  <\/p>\n","protected":false},"author":54,"featured_media":189238,"comment_status":"open","ping_status":"open","sticky":false,"template":"","format":"standard","meta":{"give_campaign_id":0,"om_disable_all_campaigns":false,"_monsterinsights_skip_tracking":false,"_monsterinsights_sitenote_active":false,"_monsterinsights_sitenote_note":"","_monsterinsights_sitenote_category":0,"mc4wp_mailchimp_campaign":[],"jnews-multi-image_gallery":[],"jnews_single_post":{"subtitle":"Le Japon est s\u00e9rieux, la guerre contre la d\u00e9natalit\u00e9 et le soutien aux familles et aux enfants sont vraiment une priorit\u00e9 absolue du gouvernement Kishida.  ","format":"standard","video":"","gallery":"","source_name":"","source_url":"","via_name":"","via_url":"","override_template":"0","override":[{"template":"2","single_blog_custom":"","parallax":"1","fullscreen":"1","layout":"right-sidebar-narrow","sidebar":"default-sidebar","second_sidebar":"default-sidebar","sticky_sidebar":"1","share_position":"float","share_float_style":"share-normal","show_share_counter":"1","show_view_counter":"1","show_featured":"1","show_post_meta":"1","show_post_author":"1","show_post_author_image":"1","show_post_date":"1","post_date_format":"default","post_date_format_custom":"Y\/m\/d","show_post_category":"1","show_post_reading_time":"1","post_reading_time_wpm":"300","show_zoom_button":"0","zoom_button_out_step":"2","zoom_button_in_step":"3","show_post_tag":"1","show_prev_next_post":"0","show_popup_post":"0","number_popup_post":"1","show_author_box":"1","show_post_related":"0","show_inline_post_related":"0"}],"override_image_size":"0","image_override":[{"single_post_thumbnail_size":"crop-715","single_post_gallery_size":"crop-715"}],"trending_post":"0","trending_post_position":"meta","trending_post_label":"Trending","sponsored_post":"0","sponsored_post_label":"Sponsored by","sponsored_post_name":"","sponsored_post_url":"","sponsored_post_logo_enable":"0","sponsored_post_logo":"","sponsored_post_desc":"","disable_ad":"0"},"jnews_primary_category":{"id":"798"},"jnews_social_meta":{"fb_title":"","fb_description":"","fb_image":"","twitter_title":"","twitter_description":"","twitter_image":""},"jnews_override_counter":{"override_view_counter":"0","view_counter_number":"0","override_share_counter":"0","share_counter_number":"0","override_like_counter":"0","like_counter_number":"0","override_dislike_counter":"0","dislike_counter_number":"0"},"footnotes":""},"categories":[798,809],"tags":[11444,25033,25035,13660,23156,25034],"class_list":["post-189254","post","type-post","status-publish","format-standard","has-post-thumbnail","hentry","category-famille","category-foreground-fr","tag-japon","tag-la-catastrophe-demographique","tag-la-naissance-des-enfants","tag-mariage-fr-2","tag-natalita-fr","tag-salaire"],"yoast_head":"<!-- This site is optimized with the Yoast SEO Premium plugin v25.9 (Yoast SEO v27.3) - https:\/\/yoast.com\/product\/yoast-seo-premium-wordpress\/ -->\n<title>Le gouvernement japonais pr\u00e9sente des propositions pour augmenter le taux de natalit\u00e9 - IFN<\/title>\n<meta name=\"description\" content=\"Le Japon est s\u00e9rieux, la guerre contre la d\u00e9natalit\u00e9 et le soutien aux familles et aux enfants sont vraiment une priorit\u00e9 absolue du gouvernement Kishida.\" \/>\n<meta name=\"robots\" content=\"index, follow, max-snippet:-1, max-image-preview:large, max-video-preview:-1\" \/>\n<link rel=\"canonical\" href=\"https:\/\/ifamnews.com\/fr\/le-gouvernement-japonais-pr-sente-des-propositions-pour-augmenter-le-taux-de-natalit\" \/>\n<meta property=\"og:locale\" content=\"fr_FR\" \/>\n<meta property=\"og:type\" content=\"article\" \/>\n<meta property=\"og:title\" content=\"Le gouvernement japonais pr\u00e9sente des propositions pour augmenter le taux de natalit\u00e9\" \/>\n<meta property=\"og:description\" content=\"Le Japon est s\u00e9rieux, la guerre contre la d\u00e9natalit\u00e9 et le soutien aux familles et aux enfants sont vraiment une priorit\u00e9 absolue du gouvernement Kishida.\" \/>\n<meta property=\"og:url\" content=\"https:\/\/ifamnews.com\/fr\/le-gouvernement-japonais-pr-sente-des-propositions-pour-augmenter-le-taux-de-natalit\" \/>\n<meta property=\"og:site_name\" content=\"IFN\" \/>\n<meta property=\"article:publisher\" content=\"https:\/\/www.facebook.com\/iFamNews\" \/>\n<meta property=\"article:author\" content=\"https:\/\/facebook.com\/lvolonte1\" \/>\n<meta property=\"article:published_time\" content=\"2023-04-04T11:07:33+00:00\" \/>\n<meta property=\"og:image\" content=\"https:\/\/ifamnews.com\/wp-content\/uploads\/2023\/04\/japanese-mother.png\" \/>\n\t<meta property=\"og:image:width\" content=\"1199\" \/>\n\t<meta property=\"og:image:height\" content=\"588\" \/>\n\t<meta property=\"og:image:type\" content=\"image\/png\" \/>\n<meta name=\"author\" content=\"Luca Volont\u00e8\" \/>\n<meta name=\"twitter:card\" content=\"summary_large_image\" \/>\n<meta name=\"twitter:creator\" content=\"@https:\/\/twitter.com\/l_volonte\" \/>\n<meta name=\"twitter:site\" content=\"@iFamNewsEN\" \/>\n<meta name=\"twitter:label1\" content=\"\u00c9crit par\" \/>\n\t<meta name=\"twitter:data1\" content=\"Luca Volont\u00e8\" \/>\n\t<meta name=\"twitter:label2\" content=\"Dur\u00e9e de lecture estim\u00e9e\" \/>\n\t<meta name=\"twitter:data2\" content=\"3 minutes\" \/>\n<!-- \/ Yoast SEO Premium plugin. -->","yoast_head_json":{"title":"Le gouvernement japonais pr\u00e9sente des propositions pour augmenter le taux de natalit\u00e9 - IFN","description":"Le Japon est s\u00e9rieux, la guerre contre la d\u00e9natalit\u00e9 et le soutien aux familles et aux enfants sont vraiment une priorit\u00e9 absolue du gouvernement Kishida.","robots":{"index":"index","follow":"follow","max-snippet":"max-snippet:-1","max-image-preview":"max-image-preview:large","max-video-preview":"max-video-preview:-1"},"canonical":"https:\/\/ifamnews.com\/fr\/le-gouvernement-japonais-pr-sente-des-propositions-pour-augmenter-le-taux-de-natalit","og_locale":"fr_FR","og_type":"article","og_title":"Le gouvernement japonais pr\u00e9sente des propositions pour augmenter le taux de natalit\u00e9","og_description":"Le Japon est s\u00e9rieux, la guerre contre la d\u00e9natalit\u00e9 et le soutien aux familles et aux enfants sont vraiment une priorit\u00e9 absolue du gouvernement Kishida.","og_url":"https:\/\/ifamnews.com\/fr\/le-gouvernement-japonais-pr-sente-des-propositions-pour-augmenter-le-taux-de-natalit","og_site_name":"IFN","article_publisher":"https:\/\/www.facebook.com\/iFamNews","article_author":"https:\/\/facebook.com\/lvolonte1","article_published_time":"2023-04-04T11:07:33+00:00","og_image":[{"width":1199,"height":588,"url":"https:\/\/ifamnews.com\/wp-content\/uploads\/2023\/04\/japanese-mother.png","type":"image\/png"}],"author":"Luca Volont\u00e8","twitter_card":"summary_large_image","twitter_creator":"@https:\/\/twitter.com\/l_volonte","twitter_site":"@iFamNewsEN","twitter_misc":{"\u00c9crit par":"Luca Volont\u00e8","Dur\u00e9e de lecture estim\u00e9e":"3 minutes"},"schema":{"@context":"https:\/\/schema.org","@graph":[{"@type":"NewsArticle","@id":"https:\/\/ifamnews.com\/fr\/le-gouvernement-japonais-pr-sente-des-propositions-pour-augmenter-le-taux-de-natalit#article","isPartOf":{"@id":"https:\/\/ifamnews.com\/fr\/le-gouvernement-japonais-pr-sente-des-propositions-pour-augmenter-le-taux-de-natalit"},"author":{"name":"Luca Volont\u00e8","@id":"https:\/\/ifamnews.com\/en\/#\/schema\/person\/bed5b7c6161f317421caa94dc3be6a53"},"headline":"Le gouvernement japonais pr\u00e9sente des propositions pour augmenter le taux de natalit\u00e9","datePublished":"2023-04-04T11:07:33+00:00","mainEntityOfPage":{"@id":"https:\/\/ifamnews.com\/fr\/le-gouvernement-japonais-pr-sente-des-propositions-pour-augmenter-le-taux-de-natalit"},"wordCount":547,"commentCount":0,"publisher":{"@id":"https:\/\/ifamnews.com\/en\/#organization"},"image":{"@id":"https:\/\/ifamnews.com\/fr\/le-gouvernement-japonais-pr-sente-des-propositions-pour-augmenter-le-taux-de-natalit#primaryimage"},"thumbnailUrl":"https:\/\/ifamnews.com\/wp-content\/uploads\/2023\/04\/japanese-mother.png","keywords":["Japon","la catastrophe d\u00e9mographique","la naissance des enfants","Mariage","natalit\u00e0","salaire"],"articleSection":["Famille","Foreground"],"inLanguage":"fr-FR","potentialAction":[{"@type":"CommentAction","name":"Comment","target":["https:\/\/ifamnews.com\/fr\/le-gouvernement-japonais-pr-sente-des-propositions-pour-augmenter-le-taux-de-natalit#respond"]}]},{"@type":"WebPage","@id":"https:\/\/ifamnews.com\/fr\/le-gouvernement-japonais-pr-sente-des-propositions-pour-augmenter-le-taux-de-natalit","url":"https:\/\/ifamnews.com\/fr\/le-gouvernement-japonais-pr-sente-des-propositions-pour-augmenter-le-taux-de-natalit","name":"Le gouvernement japonais pr\u00e9sente des propositions pour augmenter le taux de natalit\u00e9 - IFN","isPartOf":{"@id":"https:\/\/ifamnews.com\/en\/#website"},"primaryImageOfPage":{"@id":"https:\/\/ifamnews.com\/fr\/le-gouvernement-japonais-pr-sente-des-propositions-pour-augmenter-le-taux-de-natalit#primaryimage"},"image":{"@id":"https:\/\/ifamnews.com\/fr\/le-gouvernement-japonais-pr-sente-des-propositions-pour-augmenter-le-taux-de-natalit#primaryimage"},"thumbnailUrl":"https:\/\/ifamnews.com\/wp-content\/uploads\/2023\/04\/japanese-mother.png","datePublished":"2023-04-04T11:07:33+00:00","description":"Le Japon est s\u00e9rieux, la guerre contre la d\u00e9natalit\u00e9 et le soutien aux familles et aux enfants sont vraiment une priorit\u00e9 absolue du gouvernement Kishida.","breadcrumb":{"@id":"https:\/\/ifamnews.com\/fr\/le-gouvernement-japonais-pr-sente-des-propositions-pour-augmenter-le-taux-de-natalit#breadcrumb"},"inLanguage":"fr-FR","potentialAction":[{"@type":"ReadAction","target":["https:\/\/ifamnews.com\/fr\/le-gouvernement-japonais-pr-sente-des-propositions-pour-augmenter-le-taux-de-natalit"]}]},{"@type":"ImageObject","inLanguage":"fr-FR","@id":"https:\/\/ifamnews.com\/fr\/le-gouvernement-japonais-pr-sente-des-propositions-pour-augmenter-le-taux-de-natalit#primaryimage","url":"https:\/\/ifamnews.com\/wp-content\/uploads\/2023\/04\/japanese-mother.png","contentUrl":"https:\/\/ifamnews.com\/wp-content\/uploads\/2023\/04\/japanese-mother.png","width":1199,"height":588,"caption":"Captures d'\u00e9cran YouTube"},{"@type":"BreadcrumbList","@id":"https:\/\/ifamnews.com\/fr\/le-gouvernement-japonais-pr-sente-des-propositions-pour-augmenter-le-taux-de-natalit#breadcrumb","itemListElement":[{"@type":"ListItem","position":1,"name":"Home","item":"https:\/\/ifamnews.com\/de"},{"@type":"ListItem","position":2,"name":"Famiglia","item":"https:\/\/ifamnews.com\/it\/categoria\/famiglia"},{"@type":"ListItem","position":3,"name":"Le gouvernement japonais pr\u00e9sente des propositions pour augmenter le taux de natalit\u00e9"}]},{"@type":"WebSite","@id":"https:\/\/ifamnews.com\/en\/#website","url":"https:\/\/ifamnews.com\/en\/","name":"IFN","description":"International Family News Network","publisher":{"@id":"https:\/\/ifamnews.com\/en\/#organization"},"potentialAction":[{"@type":"SearchAction","target":{"@type":"EntryPoint","urlTemplate":"https:\/\/ifamnews.com\/en\/?s={search_term_string}"},"query-input":{"@type":"PropertyValueSpecification","valueRequired":true,"valueName":"search_term_string"}}],"inLanguage":"fr-FR"},{"@type":"Organization","@id":"https:\/\/ifamnews.com\/en\/#organization","name":"iFamNews","url":"https:\/\/ifamnews.com\/en\/","logo":{"@type":"ImageObject","inLanguage":"fr-FR","@id":"https:\/\/ifamnews.com\/en\/#\/schema\/logo\/image\/","url":"https:\/\/ifamnews.com\/wp-content\/uploads\/2020\/01\/Share-logo.png","contentUrl":"https:\/\/ifamnews.com\/wp-content\/uploads\/2020\/01\/Share-logo.png","width":200,"height":200,"caption":"iFamNews"},"image":{"@id":"https:\/\/ifamnews.com\/en\/#\/schema\/logo\/image\/"},"sameAs":["https:\/\/www.facebook.com\/iFamNews","https:\/\/x.com\/iFamNewsEN"]},{"@type":"Person","@id":"https:\/\/ifamnews.com\/en\/#\/schema\/person\/bed5b7c6161f317421caa94dc3be6a53","name":"Luca Volont\u00e8","image":{"@type":"ImageObject","inLanguage":"fr-FR","@id":"https:\/\/secure.gravatar.com\/avatar\/354ed6bca06f9968278e6eb25fa8a123306c69f5c50f711836cf12e6c8ecbbf6?s=96&d=mm&r=g","url":"https:\/\/secure.gravatar.com\/avatar\/354ed6bca06f9968278e6eb25fa8a123306c69f5c50f711836cf12e6c8ecbbf6?s=96&d=mm&r=g","contentUrl":"https:\/\/secure.gravatar.com\/avatar\/354ed6bca06f9968278e6eb25fa8a123306c69f5c50f711836cf12e6c8ecbbf6?s=96&d=mm&r=g","caption":"Luca Volont\u00e8"},"description":"Luca Volont\u00e8 was an Italian parliamentarian from 1996 to 2013, and served as president of the PPE-CD at the Assembly of the Council of Europe. Publicly engaged for decades in the promotion of life, family and religious and educational freedom, Luca\u00a0 has served as a board member for various international organizations promoting Christian values and human rights, including his current role as a board member of the International Organization for the Family. He has authored books and essays for the Novae Terrae series by the publisher Rubbettino; he has been a correspondent for several Italian newspapers, and currently collaborates with La nuova Bussola Quotidiana, an online newspaper. He is a also a great bicycle enthusiast.","sameAs":["https:\/\/facebook.com\/lvolonte1","https:\/\/x.com\/https:\/\/twitter.com\/l_volonte"],"url":"https:\/\/ifamnews.com\/fr\/author\/lvolonte"}]}},"amp_enabled":true,"_links":{"self":[{"href":"https:\/\/ifamnews.com\/fr\/wp-json\/wp\/v2\/posts\/189254","targetHints":{"allow":["GET"]}}],"collection":[{"href":"https:\/\/ifamnews.com\/fr\/wp-json\/wp\/v2\/posts"}],"about":[{"href":"https:\/\/ifamnews.com\/fr\/wp-json\/wp\/v2\/types\/post"}],"author":[{"embeddable":true,"href":"https:\/\/ifamnews.com\/fr\/wp-json\/wp\/v2\/users\/54"}],"replies":[{"embeddable":true,"href":"https:\/\/ifamnews.com\/fr\/wp-json\/wp\/v2\/comments?post=189254"}],"version-history":[{"count":2,"href":"https:\/\/ifamnews.com\/fr\/wp-json\/wp\/v2\/posts\/189254\/revisions"}],"predecessor-version":[{"id":189313,"href":"https:\/\/ifamnews.com\/fr\/wp-json\/wp\/v2\/posts\/189254\/revisions\/189313"}],"wp:featuredmedia":[{"embeddable":true,"href":"https:\/\/ifamnews.com\/fr\/wp-json\/wp\/v2\/media\/189238"}],"wp:attachment":[{"href":"https:\/\/ifamnews.com\/fr\/wp-json\/wp\/v2\/media?parent=189254"}],"wp:term":[{"taxonomy":"category","embeddable":true,"href":"https:\/\/ifamnews.com\/fr\/wp-json\/wp\/v2\/categories?post=189254"},{"taxonomy":"post_tag","embeddable":true,"href":"https:\/\/ifamnews.com\/fr\/wp-json\/wp\/v2\/tags?post=189254"}],"curies":[{"name":"wp","href":"https:\/\/api.w.org\/{rel}","templated":true}]}}