{"id":185859,"date":"2023-03-08T08:00:00","date_gmt":"2023-03-08T13:00:00","guid":{"rendered":"https:\/\/ifamnews.com\/?p=185859"},"modified":"2023-03-08T04:52:30","modified_gmt":"2023-03-08T09:52:30","slug":"la-coalition-gay-rejette-une-manifestation-de-drag-queens-pour-les-parents-et-les-enfants-en-angleterre","status":"publish","type":"post","link":"https:\/\/ifamnews.com\/fr\/la-coalition-gay-rejette-une-manifestation-de-drag-queens-pour-les-parents-et-les-enfants-en-angleterre","title":{"rendered":"La coalition gay rejette une manifestation de drag-queens pour les parents et les enfants en Angleterre"},"content":{"rendered":"\n<p>\u00ab\u00a0Gays Against Groomers\u00a0\u00bb une <a href=\"https:\/\/www.gaysagainstgroomers.com\/about\">coalition d&rsquo; homosexuels<\/a> qui se d\u00e9crit sur son site web comme une institution luttant \u00ab\u00a0contre la sexualisation, l&rsquo;endoctrinement et la m\u00e9dicalisation des enfants\u00a0\u00bb, a rejet\u00e9 un <a href=\"https:\/\/thepostmillennial.com\/erotic-drag-show-for-babies-children-in-uk-sparks-international-outrage\" target=\"_blank\" rel=\"noreferrer noopener\">spectacle de drag queens<\/a> pour les parents et leurs enfants en Angleterre. Les parents qui emm\u00e8nent leurs enfants \u00e0 des \u00e9v\u00e9nements comme celui-ci devraient perdre la garde de leurs enfants et les organisateurs devraient \u00eatre enferm\u00e9s en prison. \u00ab\u00a0Absolument d\u00e9go\u00fbtant\u00a0\u00bb, a d\u00e9clar\u00e9 Gay Against Groomers (GAG) sur Twitter le 1er mars. Soyons clairs, il ne s&rsquo;agit pas d&rsquo;un groupe de catholiques et\/ou de chr\u00e9tiens fondamentalistes et obscurantistes, ni m\u00eame de \u00ab\u00a0Fr\u00e8res musulmans\u00a0\u00bb, non, les membres et les organisations qui se regroupent dans le r\u00e9seau sont ultra-lib\u00e9raux et fiers de leurs combats et de leurs identit\u00e9s homosexuelles et lesbiennes. C&rsquo;est pr\u00e9cis\u00e9ment pour cette raison que nous sommes r\u00e9confort\u00e9s par l&rsquo;analyse dramatique de la situation faite par les membres de \u00ab\u00a0GAG\u00a0\u00bb : la communaut\u00e9 gay \u00ab\u00a0a \u00e9t\u00e9 d\u00e9tourn\u00e9e par des activistes radicaux qui poussent maintenant des concepts extr\u00eames dans la soci\u00e9t\u00e9, en ciblant particuli\u00e8rement les enfants ces derni\u00e8res ann\u00e9es\u00a0\u00bb.<\/p>\n\n\n\n<p>L&rsquo;occasion qui a incit\u00e9 \u00ab\u00a0Gays Against Groomers\u00a0\u00bb \u00e0 critiquer la propagation de plus en plus absurde du transgend\u00e9risme et de la violence \u00e0 l&rsquo;\u00e9gard des enfants a \u00e9t\u00e9 l&rsquo;activit\u00e9 de l&rsquo;association \u00ab\u00a0Gays Against Groomers\u00a0\u00bb (Gays contre toiletteurs).<a href=\"https:\/\/archive.is\/NgWPg\" target=\"_blank\" rel=\"noreferrer noopener\">Caba Baba Rave<\/a>, la compagnie qui a organis\u00e9 un \u00e9v\u00e9nement drag queen pour les parents et les enfants et qui s&rsquo;est pr\u00e9sent\u00e9e comme un \u00a0\u00bb petit d\u00e9lice de l&rsquo;apr\u00e8s-midi \u00a0\u00bb m\u00ealant le cabaret \u00e0 des \u00a0\u00bb moments sensoriels captivants pour les enfants \u00a0\u00bb avant de \u00a0\u00bb finir en rave \u00ab\u00a0. Le 1er mars, la journaliste Dominique Samuels a partag\u00e9 sur Twitter les <a href=\"https:\/\/twitter.com\/Dominiquetaegon\/status\/1630948003962912768\" target=\"_blank\" rel=\"noreferrer noopener\">vid\u00e9os originales<\/a> de l&rsquo;\u00e9mission, des images vraiment d\u00e9rangeantes. La repr\u00e9sentation a eu lieu au milieu de parents assis sur le sol d&rsquo;un salon, applaudissant et tenant leurs enfants dans leurs bras. La soci\u00e9t\u00e9 \u00ab\u00a0Caba Baba Rave\u00a0\u00bb a tent\u00e9 de se d\u00e9fendre dans une d\u00e9claration, soulignant qu&rsquo;elle avait \u00e9t\u00e9 victime d&rsquo;une \u00ab\u00a0attaque de trolls\u00a0\u00bb, qui avaient des probl\u00e8mes avec les \u00ab\u00a0artistes dragons et non-binaires\u00a0\u00bb. Le \u00ab\u00a0Caba Baba Rave\u00a0\u00bb devait donner un nouveau spectacle le 11 mars, dans le cadre d&rsquo;un festival local appel\u00e9 \u00ab\u00a0Vault\u00a0\u00bb, mais \u00e0 la suite d&rsquo;une controverse, il a annonc\u00e9 l&rsquo;annulation de ce spectacle et d&rsquo;autres.<\/p>\n\n\n\n<p><a href=\"https:\/\/nybreaking.com\/oli-london-says-he-is-transitioning-back-from-a-korean-woman-to-a-british-man\/\" target=\"_blank\" rel=\"noreferrer noopener\">Oli London<\/a>, un chanteur et influenceur britannique qui a invers\u00e9 sa chirurgie de \u00ab\u00a0changement de sexe\u00a0\u00bb pour redevenir un homme naturellement en novembre dernier, a \u00e9galement critiqu\u00e9 l&rsquo;\u00e9mission, qui est devenue virale sur les m\u00e9dias sociaux. Londres <a href=\"https:\/\/twitter.com\/OliLondonTV\/status\/1631095842751774720\" target=\"_blank\" rel=\"noreferrer noopener\">a d\u00e9nonc\u00e9<\/a> le fait que \u00ab\u00a0chaque fois que nous voyons des photos et des vid\u00e9os choquantes de drag-queens se livrant \u00e0 des spectacles sexuellement explicites et tr\u00e8s inappropri\u00e9s devant des enfants\u00a0\u00bb. Il a ensuite appel\u00e9 \u00e0 une l\u00e9gislation plus stricte au Royaume-Uni \u00ab\u00a0pour punir toute drag queen ou lieu qui fait cela et peut interdire les spectacles de drag queen aux enfants\u00a0\u00bb, y compris ceux de moins de 18 ans, car il s&rsquo;agit d&rsquo;un type de \u00ab\u00a0divertissement r\u00e9serv\u00e9 aux adultes\u00a0\u00bb. M. London s&rsquo;est \u00e9galement dit constern\u00e9 et choqu\u00e9 par la pr\u00e9sence de parents : \u00ab\u00a0Quel genre de parent exposerait ses enfants \u00e0 ce genre de spectacle ?<\/p>\n\n\n\n<p>Il est  \u00ab\u00a0surprenant\u00a0\u00bb   que le Royaume-Uni autorise de tels \u00e9v\u00e9nements \u00ab\u00a0hypersexualisants\u00a0\u00bb pour les enfants, m\u00eame apr\u00e8s les divers scandales qui ont frapp\u00e9 l&rsquo;id\u00e9ologie et les organisations transgenres dans le pays, du scandale dramatique du  <a href=\"https:\/\/www.dailymail.co.uk\/news\/article-11065005\/I-never-changed-gender-16-Brave-young-woman-reveals-story-Tavistock-clinic.html\" target=\"_blank\" rel=\"noreferrer noopener\">Keira Bell<\/a> \u00e0  la  fermeture  prochaine des cliniques   de   <a href=\"https:\/\/www.spectator.co.uk\/article\/how-did-the-tavistock-gender-scandal-unfold\/\" target=\"_blank\" rel=\"noreferrer noopener\">Tavistock<\/a>  o\u00f9  des enfants ont \u00e9t\u00e9 abus\u00e9s pour mettre en \u0153uvre des expressions violentes de transition sexuelle, en passant par l&rsquo;expulsion et  l&rsquo;enqu\u00eate de l&rsquo;organisation LGBTI  <a href=\"https:\/\/www.spectator.co.uk\/article\/where-did-it-all-go-wrong-for-trans-charity-mermaids\/\" target=\"_blank\" rel=\"noreferrer noopener\">Marmailles<\/a> pour avoir promu  des programmes scolaires \u00ab\u00a0inclusifs\u00a0\u00bb.<\/p>\n\n\n\n<p> Le gouvernement britannique agit pour r\u00e9duire le pouvoir que les diff\u00e9rentes organisations LGBTI avaient au sein des institutions publiques elles-m\u00eames. La d\u00e9cision prise <a href=\"https:\/\/www.christian.org.uk\/news\/stonewalls-taxpayer-funding-sees-sharp-drop\/\">r\u00e9cemment <\/a>de r\u00e9duire consid\u00e9rablement le financement de l&rsquo;organisation Stonewall, qui a fait l&rsquo;objet<a href=\"https:\/\/www.spectator.co.uk\/article\/stonewall-s-annus-horribilis\/\"> d&rsquo;enqu\u00eates et de scandales<\/a> tout au long des ann\u00e9es 2021 et 2022, a \u00e9t\u00e9 positive, mais le Royaume-Uni doit agir davantage et plus rapidement pour prot\u00e9ger les enfants et les futures g\u00e9n\u00e9rations de citoyens sur le territoire de<a href=\"https:\/\/www.bbc.com\/news\/uk-59135132\"> Sa Majest\u00e9 Charles III<\/a>.  <\/p>\n","protected":false},"excerpt":{"rendered":"<p>\u00ab\u00a0Quel genre de parent exposerait ses enfants \u00e0 cela ?<\/p>\n","protected":false},"author":54,"featured_media":185610,"comment_status":"open","ping_status":"open","sticky":false,"template":"","format":"standard","meta":{"give_campaign_id":0,"om_disable_all_campaigns":false,"_monsterinsights_skip_tracking":false,"_monsterinsights_sitenote_active":false,"_monsterinsights_sitenote_note":"","_monsterinsights_sitenote_category":0,"mc4wp_mailchimp_campaign":[],"jnews-multi-image_gallery":[],"jnews_single_post":{"subtitle":"\"Quel genre de parent exposerait ses enfants \u00e0 cela ?","format":"standard","video":"","gallery":"","source_name":"","source_url":"","via_name":"","via_url":"","override_template":"0","override":[{"template":"2","single_blog_custom":"","parallax":"1","fullscreen":"1","layout":"right-sidebar-narrow","sidebar":"default-sidebar","second_sidebar":"default-sidebar","sticky_sidebar":"1","share_position":"float","share_float_style":"share-normal","show_share_counter":"1","show_view_counter":"1","show_featured":"1","show_post_meta":"1","show_post_author":"1","show_post_author_image":"1","show_post_date":"1","post_date_format":"default","post_date_format_custom":"Y\/m\/d","show_post_category":"1","show_post_reading_time":"1","post_reading_time_wpm":"300","show_zoom_button":"0","zoom_button_out_step":"2","zoom_button_in_step":"3","show_post_tag":"1","show_prev_next_post":"0","show_popup_post":"0","number_popup_post":"1","show_author_box":"1","show_post_related":"0","show_inline_post_related":"0"}],"override_image_size":"0","image_override":[{"single_post_thumbnail_size":"crop-715","single_post_gallery_size":"crop-715"}],"trending_post":"0","trending_post_position":"meta","trending_post_label":"Trending","sponsored_post":"0","sponsored_post_label":"Sponsored by","sponsored_post_name":"","sponsored_post_url":"","sponsored_post_logo_enable":"0","sponsored_post_logo":"","sponsored_post_desc":"","disable_ad":"0"},"jnews_primary_category":{"id":"797"},"jnews_social_meta":{"fb_title":"","fb_description":"","fb_image":"","twitter_title":"","twitter_description":"","twitter_image":""},"jnews_override_counter":{"override_view_counter":"0","view_counter_number":"0","override_share_counter":"0","share_counter_number":"0","override_like_counter":"0","like_counter_number":"0","override_dislike_counter":"0","dislike_counter_number":"0"},"footnotes":""},"categories":[797,809],"tags":[17924,15108,6751],"class_list":["post-185859","post","type-post","status-publish","format-standard","has-post-thumbnail","hentry","category-divertissement","category-foreground-fr","tag-drag-queen-fr","tag-enfants-fr-2","tag-transgenderisme"],"yoast_head":"<!-- This site is optimized with the Yoast SEO Premium plugin v25.9 (Yoast SEO v27.3) - https:\/\/yoast.com\/product\/yoast-seo-premium-wordpress\/ -->\n<title>La coalition gay rejette une manifestation de drag-queens pour les parents et les enfants en Angleterre - IFN<\/title>\n<meta name=\"description\" content=\"&quot;Quel genre de parent exposerait ses enfants \u00e0 cela ?\" \/>\n<meta name=\"robots\" content=\"index, follow, max-snippet:-1, max-image-preview:large, max-video-preview:-1\" \/>\n<link rel=\"canonical\" href=\"https:\/\/ifamnews.com\/fr\/la-coalition-gay-rejette-une-manifestation-de-drag-queens-pour-les-parents-et-les-enfants-en-angleterre\" \/>\n<meta property=\"og:locale\" content=\"fr_FR\" \/>\n<meta property=\"og:type\" content=\"article\" \/>\n<meta property=\"og:title\" content=\"La coalition gay rejette une manifestation de drag-queens pour les parents et les enfants en Angleterre\" \/>\n<meta property=\"og:description\" content=\"&quot;Quel genre de parent exposerait ses enfants \u00e0 cela ?\" \/>\n<meta property=\"og:url\" content=\"https:\/\/ifamnews.com\/fr\/la-coalition-gay-rejette-une-manifestation-de-drag-queens-pour-les-parents-et-les-enfants-en-angleterre\" \/>\n<meta property=\"og:site_name\" content=\"IFN\" \/>\n<meta property=\"article:publisher\" content=\"https:\/\/www.facebook.com\/iFamNews\" \/>\n<meta property=\"article:author\" content=\"https:\/\/facebook.com\/lvolonte1\" \/>\n<meta property=\"article:published_time\" content=\"2023-03-08T13:00:00+00:00\" \/>\n<meta property=\"og:image\" content=\"https:\/\/ifamnews.com\/wp-content\/uploads\/2023\/03\/drug-queen.png\" \/>\n\t<meta property=\"og:image:width\" content=\"1200\" \/>\n\t<meta property=\"og:image:height\" content=\"675\" \/>\n\t<meta property=\"og:image:type\" content=\"image\/png\" \/>\n<meta name=\"author\" content=\"Luca Volont\u00e8\" \/>\n<meta name=\"twitter:card\" content=\"summary_large_image\" \/>\n<meta name=\"twitter:creator\" content=\"@https:\/\/twitter.com\/l_volonte\" \/>\n<meta name=\"twitter:site\" content=\"@iFamNewsEN\" \/>\n<meta name=\"twitter:label1\" content=\"\u00c9crit par\" \/>\n\t<meta name=\"twitter:data1\" content=\"Luca Volont\u00e8\" \/>\n\t<meta name=\"twitter:label2\" content=\"Dur\u00e9e de lecture estim\u00e9e\" \/>\n\t<meta name=\"twitter:data2\" content=\"4 minutes\" \/>\n<!-- \/ Yoast SEO Premium plugin. -->","yoast_head_json":{"title":"La coalition gay rejette une manifestation de drag-queens pour les parents et les enfants en Angleterre - IFN","description":"\"Quel genre de parent exposerait ses enfants \u00e0 cela ?","robots":{"index":"index","follow":"follow","max-snippet":"max-snippet:-1","max-image-preview":"max-image-preview:large","max-video-preview":"max-video-preview:-1"},"canonical":"https:\/\/ifamnews.com\/fr\/la-coalition-gay-rejette-une-manifestation-de-drag-queens-pour-les-parents-et-les-enfants-en-angleterre","og_locale":"fr_FR","og_type":"article","og_title":"La coalition gay rejette une manifestation de drag-queens pour les parents et les enfants en Angleterre","og_description":"\"Quel genre de parent exposerait ses enfants \u00e0 cela ?","og_url":"https:\/\/ifamnews.com\/fr\/la-coalition-gay-rejette-une-manifestation-de-drag-queens-pour-les-parents-et-les-enfants-en-angleterre","og_site_name":"IFN","article_publisher":"https:\/\/www.facebook.com\/iFamNews","article_author":"https:\/\/facebook.com\/lvolonte1","article_published_time":"2023-03-08T13:00:00+00:00","og_image":[{"width":1200,"height":675,"url":"https:\/\/ifamnews.com\/wp-content\/uploads\/2023\/03\/drug-queen.png","type":"image\/png"}],"author":"Luca Volont\u00e8","twitter_card":"summary_large_image","twitter_creator":"@https:\/\/twitter.com\/l_volonte","twitter_site":"@iFamNewsEN","twitter_misc":{"\u00c9crit par":"Luca Volont\u00e8","Dur\u00e9e de lecture estim\u00e9e":"4 minutes"},"schema":{"@context":"https:\/\/schema.org","@graph":[{"@type":"NewsArticle","@id":"https:\/\/ifamnews.com\/fr\/la-coalition-gay-rejette-une-manifestation-de-drag-queens-pour-les-parents-et-les-enfants-en-angleterre#article","isPartOf":{"@id":"https:\/\/ifamnews.com\/fr\/la-coalition-gay-rejette-une-manifestation-de-drag-queens-pour-les-parents-et-les-enfants-en-angleterre"},"author":{"name":"Luca Volont\u00e8","@id":"https:\/\/ifamnews.com\/en\/#\/schema\/person\/bed5b7c6161f317421caa94dc3be6a53"},"headline":"La coalition gay rejette une manifestation de drag-queens pour les parents et les enfants en Angleterre","datePublished":"2023-03-08T13:00:00+00:00","mainEntityOfPage":{"@id":"https:\/\/ifamnews.com\/fr\/la-coalition-gay-rejette-une-manifestation-de-drag-queens-pour-les-parents-et-les-enfants-en-angleterre"},"wordCount":763,"commentCount":0,"publisher":{"@id":"https:\/\/ifamnews.com\/en\/#organization"},"image":{"@id":"https:\/\/ifamnews.com\/fr\/la-coalition-gay-rejette-une-manifestation-de-drag-queens-pour-les-parents-et-les-enfants-en-angleterre#primaryimage"},"thumbnailUrl":"https:\/\/ifamnews.com\/wp-content\/uploads\/2023\/03\/drug-queen.png","keywords":["drag queen","enfants","Transgend\u00e9risme"],"articleSection":["Divertissement","Foreground"],"inLanguage":"fr-FR","potentialAction":[{"@type":"CommentAction","name":"Comment","target":["https:\/\/ifamnews.com\/fr\/la-coalition-gay-rejette-une-manifestation-de-drag-queens-pour-les-parents-et-les-enfants-en-angleterre#respond"]}]},{"@type":"WebPage","@id":"https:\/\/ifamnews.com\/fr\/la-coalition-gay-rejette-une-manifestation-de-drag-queens-pour-les-parents-et-les-enfants-en-angleterre","url":"https:\/\/ifamnews.com\/fr\/la-coalition-gay-rejette-une-manifestation-de-drag-queens-pour-les-parents-et-les-enfants-en-angleterre","name":"La coalition gay rejette une manifestation de drag-queens pour les parents et les enfants en Angleterre - IFN","isPartOf":{"@id":"https:\/\/ifamnews.com\/en\/#website"},"primaryImageOfPage":{"@id":"https:\/\/ifamnews.com\/fr\/la-coalition-gay-rejette-une-manifestation-de-drag-queens-pour-les-parents-et-les-enfants-en-angleterre#primaryimage"},"image":{"@id":"https:\/\/ifamnews.com\/fr\/la-coalition-gay-rejette-une-manifestation-de-drag-queens-pour-les-parents-et-les-enfants-en-angleterre#primaryimage"},"thumbnailUrl":"https:\/\/ifamnews.com\/wp-content\/uploads\/2023\/03\/drug-queen.png","datePublished":"2023-03-08T13:00:00+00:00","description":"\"Quel genre de parent exposerait ses enfants \u00e0 cela ?","breadcrumb":{"@id":"https:\/\/ifamnews.com\/fr\/la-coalition-gay-rejette-une-manifestation-de-drag-queens-pour-les-parents-et-les-enfants-en-angleterre#breadcrumb"},"inLanguage":"fr-FR","potentialAction":[{"@type":"ReadAction","target":["https:\/\/ifamnews.com\/fr\/la-coalition-gay-rejette-une-manifestation-de-drag-queens-pour-les-parents-et-les-enfants-en-angleterre"]}]},{"@type":"ImageObject","inLanguage":"fr-FR","@id":"https:\/\/ifamnews.com\/fr\/la-coalition-gay-rejette-une-manifestation-de-drag-queens-pour-les-parents-et-les-enfants-en-angleterre#primaryimage","url":"https:\/\/ifamnews.com\/wp-content\/uploads\/2023\/03\/drug-queen.png","contentUrl":"https:\/\/ifamnews.com\/wp-content\/uploads\/2023\/03\/drug-queen.png","width":1200,"height":675,"caption":"image modifi\u00e9e dans Canve"},{"@type":"BreadcrumbList","@id":"https:\/\/ifamnews.com\/fr\/la-coalition-gay-rejette-une-manifestation-de-drag-queens-pour-les-parents-et-les-enfants-en-angleterre#breadcrumb","itemListElement":[{"@type":"ListItem","position":1,"name":"Home","item":"https:\/\/ifamnews.com\/de"},{"@type":"ListItem","position":2,"name":"Entertainment","item":"https:\/\/ifamnews.com\/en\/category\/entertainment"},{"@type":"ListItem","position":3,"name":"La coalition gay rejette une manifestation de drag-queens pour les parents et les enfants en Angleterre"}]},{"@type":"WebSite","@id":"https:\/\/ifamnews.com\/en\/#website","url":"https:\/\/ifamnews.com\/en\/","name":"IFN","description":"International Family News Network","publisher":{"@id":"https:\/\/ifamnews.com\/en\/#organization"},"potentialAction":[{"@type":"SearchAction","target":{"@type":"EntryPoint","urlTemplate":"https:\/\/ifamnews.com\/en\/?s={search_term_string}"},"query-input":{"@type":"PropertyValueSpecification","valueRequired":true,"valueName":"search_term_string"}}],"inLanguage":"fr-FR"},{"@type":"Organization","@id":"https:\/\/ifamnews.com\/en\/#organization","name":"iFamNews","url":"https:\/\/ifamnews.com\/en\/","logo":{"@type":"ImageObject","inLanguage":"fr-FR","@id":"https:\/\/ifamnews.com\/en\/#\/schema\/logo\/image\/","url":"https:\/\/ifamnews.com\/wp-content\/uploads\/2020\/01\/Share-logo.png","contentUrl":"https:\/\/ifamnews.com\/wp-content\/uploads\/2020\/01\/Share-logo.png","width":200,"height":200,"caption":"iFamNews"},"image":{"@id":"https:\/\/ifamnews.com\/en\/#\/schema\/logo\/image\/"},"sameAs":["https:\/\/www.facebook.com\/iFamNews","https:\/\/x.com\/iFamNewsEN"]},{"@type":"Person","@id":"https:\/\/ifamnews.com\/en\/#\/schema\/person\/bed5b7c6161f317421caa94dc3be6a53","name":"Luca Volont\u00e8","image":{"@type":"ImageObject","inLanguage":"fr-FR","@id":"https:\/\/secure.gravatar.com\/avatar\/354ed6bca06f9968278e6eb25fa8a123306c69f5c50f711836cf12e6c8ecbbf6?s=96&d=mm&r=g","url":"https:\/\/secure.gravatar.com\/avatar\/354ed6bca06f9968278e6eb25fa8a123306c69f5c50f711836cf12e6c8ecbbf6?s=96&d=mm&r=g","contentUrl":"https:\/\/secure.gravatar.com\/avatar\/354ed6bca06f9968278e6eb25fa8a123306c69f5c50f711836cf12e6c8ecbbf6?s=96&d=mm&r=g","caption":"Luca Volont\u00e8"},"description":"Luca Volont\u00e8 was an Italian parliamentarian from 1996 to 2013, and served as president of the PPE-CD at the Assembly of the Council of Europe. Publicly engaged for decades in the promotion of life, family and religious and educational freedom, Luca\u00a0 has served as a board member for various international organizations promoting Christian values and human rights, including his current role as a board member of the International Organization for the Family. He has authored books and essays for the Novae Terrae series by the publisher Rubbettino; he has been a correspondent for several Italian newspapers, and currently collaborates with La nuova Bussola Quotidiana, an online newspaper. He is a also a great bicycle enthusiast.","sameAs":["https:\/\/facebook.com\/lvolonte1","https:\/\/x.com\/https:\/\/twitter.com\/l_volonte"],"url":"https:\/\/ifamnews.com\/fr\/author\/lvolonte"}]}},"amp_enabled":true,"_links":{"self":[{"href":"https:\/\/ifamnews.com\/fr\/wp-json\/wp\/v2\/posts\/185859","targetHints":{"allow":["GET"]}}],"collection":[{"href":"https:\/\/ifamnews.com\/fr\/wp-json\/wp\/v2\/posts"}],"about":[{"href":"https:\/\/ifamnews.com\/fr\/wp-json\/wp\/v2\/types\/post"}],"author":[{"embeddable":true,"href":"https:\/\/ifamnews.com\/fr\/wp-json\/wp\/v2\/users\/54"}],"replies":[{"embeddable":true,"href":"https:\/\/ifamnews.com\/fr\/wp-json\/wp\/v2\/comments?post=185859"}],"version-history":[{"count":2,"href":"https:\/\/ifamnews.com\/fr\/wp-json\/wp\/v2\/posts\/185859\/revisions"}],"predecessor-version":[{"id":185954,"href":"https:\/\/ifamnews.com\/fr\/wp-json\/wp\/v2\/posts\/185859\/revisions\/185954"}],"wp:featuredmedia":[{"embeddable":true,"href":"https:\/\/ifamnews.com\/fr\/wp-json\/wp\/v2\/media\/185610"}],"wp:attachment":[{"href":"https:\/\/ifamnews.com\/fr\/wp-json\/wp\/v2\/media?parent=185859"}],"wp:term":[{"taxonomy":"category","embeddable":true,"href":"https:\/\/ifamnews.com\/fr\/wp-json\/wp\/v2\/categories?post=185859"},{"taxonomy":"post_tag","embeddable":true,"href":"https:\/\/ifamnews.com\/fr\/wp-json\/wp\/v2\/tags?post=185859"}],"curies":[{"name":"wp","href":"https:\/\/api.w.org\/{rel}","templated":true}]}}