{"id":180397,"date":"2023-02-02T07:51:33","date_gmt":"2023-02-02T12:51:33","guid":{"rendered":"https:\/\/ifamnews.com\/?p=180397"},"modified":"2023-02-02T07:51:35","modified_gmt":"2023-02-02T12:51:35","slug":"slobodan-vladu-i-nbsp-l-europe-sans-no-l","status":"publish","type":"post","link":"https:\/\/ifamnews.com\/fr\/slobodan-vladu-i-nbsp-l-europe-sans-no-l","title":{"rendered":"SLOBODAN VLADU\u0160I\u0106&nbsp;: L&rsquo;EUROPE SANS NO\u00cbL"},"content":{"rendered":"\n<p>L&rsquo;id\u00e9e que le moment est venu de \u00ab\u00a0se d\u00e9barrasser\u00a0\u00bb du christianisme est apparue comme un leitmotiv dans les m\u00e9dias europ\u00e9ens apr\u00e8s les r\u00e9sultats du recensement de la population, alors que dans un certain nombre de pays occidentaux, on a conclu avec une satisfaction non dissimul\u00e9e que le nombre de chr\u00e9tiens avait diminu\u00e9 \u00e0 moins de 50 % de la population. Dans le soi-disant \u00e0 la lumi\u00e8re de ce fait &#8211; bien que la m\u00e9taphore de la nuit d&rsquo;Helderlin me semble plus appropri\u00e9e &#8211; ces voix proposent une d\u00e9christianisation institutionnelle de la soci\u00e9t\u00e9 (europ\u00e9enne) et de ses fondements. Urgent : abolir No\u00ebl, plus pr\u00e9cis\u00e9ment, le s\u00e9parer de la figure du Christ&#8230; car il offense les non-chr\u00e9tiens.<\/p>\n\n\n\n<blockquote class=\"wp-block-quote is-layout-flow wp-block-quote-is-layout-flow\"><p>Il est int\u00e9ressant d&rsquo;observer comment tout cela se transmet facilement aux \u00ab\u00a0larges masses populaires\u00a0\u00bb o\u00f9 les gens, qui pr\u00e9tendent avoir une \u00ab\u00a0opinion\u00a0\u00bb, commencent \u00e0 la r\u00e9p\u00e9ter au fur et \u00e0 mesure que les rumeurs et les comm\u00e9rages se r\u00e9p\u00e8tent.<\/p><\/blockquote>\n\n\n\n<p>J&rsquo;\u00e9tais assis avec mes amis dans la taverne \u00ab\u00a0Majo\u00a0\u00bb \u00e0 Subotica, lorsque mon ami nous a racont\u00e9 un bref \u00e9change d&rsquo;opinions qu&rsquo;il avait eu avec l&rsquo;un de ses amis. Celui-ci lui a dit que nous \u00e9tions maintenant au 21e si\u00e8cle. si\u00e8cle, et qu&rsquo;il faudrait enfin en finir avec le christianisme. Mon ami lui a dit : OK, r\u00e9ponds juste \u00e0 la question : vingt-et-uni\u00e8me si\u00e8cle \u00e0 partir de quoi ?<\/p>\n\n\n\n<p>La question \u00e9tait cens\u00e9e rappeler au sage un fait banal : si l&rsquo;on veut se d\u00e9barrasser de quelque chose qui est \u00e0 la base de la civilisation europ\u00e9enne, \u00e0 la fois occidentale (si elle existe encore) et orientale, alors il faut \u00eatre conscient de ce qui vous devez abandonner. Pour commencer, le calendrier : si on renonce au christianisme, il n&rsquo;y a m\u00eame plus 2023. ans (depuis le Christ) ni 21. si\u00e8cle de la nouvelle \u00e8re (chr\u00e9tienne). De m\u00eame, il n&rsquo;y a pas besoin de temps lin\u00e9aire. Cela n&rsquo;a de sens que si nous attendons un \u00e9v\u00e9nement unique dans le futur. Disons, la seconde venue de Christ.<\/p>\n\n\n\n<p>Mais annulons-le, par souci de v\u00e9rification : alors qu&rsquo;attendons-nous ? Le troisi\u00e8me volet de \u00ab\u00a0Avatar\u00a0\u00bb, celui qui pr\u00e9c\u00e8de le quatri\u00e8me. Ou peut-\u00eatre attendons-nous que le psychoth\u00e9rapeute nous r\u00e9v\u00e8le l&rsquo;amour du 25. un traumatisme que nous ne savions pas avoir eu jusqu&rsquo;\u00e0 150 ans. s\u00e9ances ? Ou n&rsquo;attendons-nous rien ? Il semble que tout ce qui valait la peine d&rsquo;attendre ou de se souvenir a disparu avec cet homme de Dieu.<\/p>\n\n\n\n<h2 class=\"wp-block-heading\" id=\"h-\u043f\u043e\u0434\u0432\u0438\u0433-\u0438-\u0459\u0443\u0431\u0430\u0432\">Exploit et amour<\/h2>\n\n\n\n<p>Disons exploit et amour. Car qu&rsquo;est-ce qu&rsquo;un exploit ? Un exploit est une d\u00e9cision consciente de mettre quelque chose en jeu au nom de quelque chose ou de quelqu&rsquo;un. Le temps, l&rsquo;argent ou, finalement, la vie. Le Christ est un exemple d&rsquo;un tel exploit spectaculaire. Et deuxi\u00e8mement, le Christ est un exemple d&rsquo;amour d\u00e9sint\u00e9ress\u00e9, car pourquoi risquerions-nous quoi que ce soit pour quelque chose ou quelqu&rsquo;un, si nous n&rsquo;aimons pas quelqu&rsquo;un ou quelque chose ? Si l&rsquo;ancien Europ\u00e9en \u00e9tait un homme qui d\u00e9cidait consciemment d&rsquo;un exploit, il l&rsquo;a fait parce qu&rsquo;il a pu \u00eatre submerg\u00e9 par l&rsquo;amour de quelqu&rsquo;un ou de quelque chose.<\/p>\n\n\n\n<p>Si, cependant, nous qualifions cet amour divin de fantaisie, de dogme, d&rsquo;absurdit\u00e9, nous qualifions \u00e9galement l&rsquo;amour d&rsquo;exploit. Lorsque ce processus de radiation sera termin\u00e9, il n&rsquo;y aura plus de cas comme cet entra\u00eeneur italien qui a quitt\u00e9 le plus grand club qu&rsquo;il \u00e9tait cens\u00e9 entra\u00eener \u00e0 l&rsquo;\u00e9poque, pour \u00eatre avec sa femme atteinte d&rsquo;un cancer. Et quand il est revenu, il n&rsquo;\u00e9tait plus le m\u00eame, probablement parce qu&rsquo;il \u00e9tait un humain et non une IA. Mais, puisqu&rsquo;il est un homme, alors ce qui lui est arriv\u00e9 est \u00e0 la fois amour et exploit mais aussi christianisme, car il n&rsquo;y a pas d&rsquo;amour l\u00e0 o\u00f9 il n&rsquo;y a qu&rsquo;une vie (et apr\u00e8s rien) ou o\u00f9 les gens se vantent de n&rsquo;avoir rien \u00e0 donner pour la vie ou poursuivre imp\u00e9rativement ses r\u00eaves (c&rsquo;est-\u00e0-dire ne s&rsquo;occuper que d&rsquo;elle-m\u00eame et d&rsquo;elle-m\u00eame) : l\u00e0, la femme malade est abandonn\u00e9e dans le temps ou volontairement abandonn\u00e9e, lorsqu&rsquo;elle commence \u00e0 vieillir. (Puisque nous sommes \u00e9gaux entre les sexes, nous permettons \u00e9galement une telle possibilit\u00e9 d&rsquo;auto-sauvetage pour les femmes par rapport \u00e0 leurs maris qui tombent malades ou vieillissent).<\/p>\n\n\n\n<p>Aujourd&rsquo;hui, de telles histoires d&rsquo;exploits et d&rsquo;amour sont suspect\u00e9es de fausses ou du moins path\u00e9tiques, ou elles sont transform\u00e9es en une s\u00e9rie de films banals qui se gaspillent comme des pilules. Nous sentons que notre \u00e9poque montre une aversion pour de tels exemples d&rsquo;amour et d&rsquo;exploits parce que nous avons de plus en plus de mal \u00e0 r\u00e9sister \u00e0 la pression atmosph\u00e9rique de l&rsquo;humanit\u00e9. Et c&rsquo;est plus difficile pour nous, car nous perdons la capacit\u00e9 de renoncer consciemment \u00e0 nos instincts (\u00e9go\u00efstes) et \u00e0 notre rationalit\u00e9, qui sont tous calcul\u00e9s par le rapport des avantages et des inconv\u00e9nients (personnels et uniquement personnels).<\/p>\n\n\n\n<h2 class=\"wp-block-heading\" id=\"h-\u043d\u0430\u0448-\u0441\u0432\u0435\u0442-\u043d\u0438\u0458\u0435-\u0432\u0438\u0448\u0435-\u043d\u0430\u0448\">Notre monde n&rsquo;est plus le n\u00f4tre<\/h2>\n\n\n\n<p>Si ma carri\u00e8re souffre \u00e0 cause de ma femme, je l&rsquo;\u00e9liminerai de ma vie, car je peux trouver une autre femme, et il n&rsquo;y a qu&rsquo;une seule carri\u00e8re. Compr\u00e9hensible, non ? Et en nous privant ainsi de la capacit\u00e9 d&rsquo;\u00eatre irrationnel, nous renon\u00e7ons \u00e0 la fois aux exploits et \u00e0 l&rsquo;amour, mais aussi \u00e0 celui qui, par ses actions, a enseign\u00e9 aux chr\u00e9tiens ce que sont les exploits et l&rsquo;amour. C&rsquo;est celui qui n&rsquo;a pas \u00e9t\u00e9 reni\u00e9 m\u00eame par Nietzsche, qui a certes \u00ab\u00a0liquid\u00e9\u00a0\u00bb Dieu dans la Science Joyeuse, mais \u00e0 cause de cela, dans sa folie ult\u00e9rieure, il a cru qu&rsquo;il \u00e9tait le Crucifi\u00e9.<\/p>\n\n\n\n<p>Lorsque la croyance en l&rsquo;homme fait \u00e0 l&rsquo;image de Dieu est d\u00e9clar\u00e9e absurde, alors la croyance humaniste apparemment la\u00efque selon laquelle le monde dans lequel nous vivons est anthropocentrique perd tout son sens avec elle. Le d\u00e9but de la d\u00e9christianisation institutionnelle de l&rsquo;Europe t\u00e9moigne que notre monde n&rsquo;est plus le n\u00f4tre. C&rsquo;est ainsi que nous entrons dans la sph\u00e8re qui, pour des raisons rassurantes, s&rsquo;appelle post-humanisme, ce qui revient au m\u00eame que si nous appelions la R\u00e9volution fran\u00e7aise post-f\u00e9odalisme, pour nous cacher ce que nous savons : \u00e0 savoir que lors de fractures majeures le corps ne bave pas, mais du sang.<\/p>\n\n\n\n<blockquote class=\"wp-block-quote is-layout-flow wp-block-quote-is-layout-flow\"><p>Sans le christianisme, l&rsquo;homme europ\u00e9en ne peut plus se projeter au centre philosophique du monde, mais retombe au fond : telle est la logique de cette r\u00e9volution anti-humaniste et anti-chr\u00e9tienne.<\/p><\/blockquote>\n\n\n\n<p>Et ce n&rsquo;est pas le cours naturel des choses, c&rsquo;est un projet conscient : le dernier opus d'\u00a0\u00bbAvatar\u00a0\u00bb, par exemple, enseigne \u00e0 l&rsquo;homme avec une animation spectaculaire qu&rsquo;une esp\u00e8ce de mammif\u00e8res aquatiques (dans laquelle on reconna\u00eet les baleines) est plus intelligente que lui. Dans ce film, l&rsquo;homme est r\u00e9duit \u00e0 un m\u00e9chant (superflu) qui terrorise la nature. C&rsquo;est pourquoi \u00ab\u00a0Avatar\u00a0\u00bb donne aux gens des conseils \u00ab\u00a0amicaux\u00a0\u00bb: si vous voulez vivre \u00ab\u00a0normalement\u00a0\u00bb, avoir une famille, \u00eatre aim\u00e9 par quelqu&rsquo;un, etc., vous devez cesser d&rsquo;\u00eatre humain, c&rsquo;est-\u00e0-dire. malfaiteurs. Il faut devenir quelqu&rsquo;un d&rsquo;autre : des avatars, par exemple. Ce qui se traduit par le remplacement du christianisme par une sorte de \u00ab\u00a0religion\u00a0\u00bb \u00e9cologique new-age.<\/p>\n\n\n\n<h2 class=\"wp-block-heading\">Ma\u00eetres et esclaves<\/h2>\n\n\n\n<p>N&rsquo;oublions pas que le monde avant le christianisme \u00e9tait un monde divis\u00e9 en ma\u00eetres et en esclaves, et que le christianisme amplifie la r\u00e9sistance \u00e0 l&rsquo;esclavage apparue dans la philosophie sto\u00efcienne. Dieu est l&rsquo;instance devant laquelle ma\u00eetre et esclave apparaissent en tant qu&rsquo;\u00eatres humains. L&rsquo;abolition du christianisme conduira au fait que ce fait jusqu&rsquo;ici clair ne le sera plus.<\/p>\n\n\n\n<p>Le progr\u00e8s est en fait un retour au temps de la diff\u00e9rence insurmontable entre ma\u00eetre et esclave, car il n&rsquo;y a personne devant qui ma\u00eetre et esclave ne faisaient qu&rsquo;un. Bien s\u00fbr, les termes ne seront pas les m\u00eames, mais modifi\u00e9s, mais l&rsquo;ancienne diff\u00e9rence entre la minorit\u00e9 dirigeante et la majorit\u00e9 esclave sera reconnue dans ces nouveaux termes.<\/p>\n\n\n\n<blockquote class=\"wp-block-quote is-layout-flow wp-block-quote-is-layout-flow\"><p>Disons que dans les ann\u00e9es soixante-dix du si\u00e8cle dernier, lorsque Foucault parle de biopouvoir (intouchable) et de biomasse (dont la vie est enti\u00e8rement \u00e0 la disposition du biopouvoir), alors on peut facilement reconna\u00eetre la pr\u00e9sence de la vieille opposition entre ma\u00eetres et esclaves. Alors, toujours seulement dans une interdiction philosophique.<\/p><\/blockquote>\n\n\n\n<p>Avec les progr\u00e8s de la d\u00e9christianisation de \u00abl&rsquo;Occident\u00bb, la terminologie philosophique se transforme en plans op\u00e9rationnels de Bill Gates, qui, dans ses r\u00e9flexions publiques sur le th\u00e8me de \u00abl&rsquo;\u00e9cologie\u00bb, discute publiquement de la n\u00e9cessit\u00e9 de r\u00e9duire le nombre de personnes ( biomasse) de 10 \u00e0 15 pour cent gr\u00e2ce \u00e0 des maladies et des politiques de reproduction appropri\u00e9es . Dans une civilisation chr\u00e9tienne, Gates serait un scandale : puisque pourtant nous vivons \u00e0 Megalopolis, qui est anti-chr\u00e9tienne et anti-humaniste, Gates est toujours pr\u00e9sent\u00e9 comme un \u00ab philanthrope \u00bb distingu\u00e9. Ce qu&rsquo;il dit n&rsquo;offense personne&#8230; contrairement \u00e0 Christ.<\/p>\n\n\n\n<p>Et tout comme dans la soci\u00e9t\u00e9 esclavagiste, l&rsquo;esclave ne pouvait jamais atteindre le ma\u00eetre, de m\u00eame aujourd&rsquo;hui les esclaves ne peuvent atteindre Gates : son pouvoir n&rsquo;a aucune l\u00e9gitimit\u00e9 d\u00e9mocratique, ses plans non plus, il n&rsquo;est donc touch\u00e9 par aucune d\u00e9cision de la soi-disant de \u00ab l&rsquo;\u00e9lectorat \u00bb ou des \u00ab larges masses populaires \u00bb. Car ni le peuple ni les \u00e9lecteurs n&rsquo;existent pour lui.<\/p>\n\n\n\n<h2 class=\"wp-block-heading\">Un flot de l\u00e2chet\u00e9<\/h2>\n\n\n\n<p>Bien s\u00fbr, on peut dire que les pens\u00e9es de Gates ne sont que les pens\u00e9es d&rsquo;un seul homme, illustrant ainsi une autre caract\u00e9ristique de l&rsquo;abolition du christianisme, qui est le flot de l\u00e2chet\u00e9, qui survient \u00e0 une \u00e9poque o\u00f9 la plupart des gens ne croient plus \u00e0 l&rsquo;exploit, ils ne sont pas non plus pr\u00eats pour cela. Ce sont des gens pr\u00eats seulement pour la soumission. Des esclaves, donc.<\/p>\n\n\n\n<p>Megalopolis, comme le nom de l&rsquo;\u00e2ge de l&rsquo;abolition consciente du christianisme, est un \u00e2ge ax\u00e9 sur la mort et le meurtre. Les fantasmes po\u00e9tiques de Nietzsche sur un surhomme qui cr\u00e9e un nouveau monde se transforment en facilitation du processus d&rsquo;euthanasie, en pr\u00e9paratifs pour la l\u00e9galisation de l&rsquo;avortement postnatal &#8211; en traduction : la liquidation des nouveau-n\u00e9s &#8211; et en \u00ab\u00a0calculs\u00a0\u00bb de combien co\u00fbte ou pollue un b\u00e9b\u00e9 la plan\u00e8te, pour arriver \u00ab\u00a0rationnellement\u00a0\u00bb \u00e0 la conclusion qu&rsquo;il ne faut pas avoir d&rsquo;enfants.<\/p>\n\n\n\n<p>Le christianisme, bien s\u00fbr, dans sa longue histoire a \u00e9galement laiss\u00e9 des cadavres, mais il a toujours \u00e9t\u00e9 politiquement abus\u00e9 \u00e0 l&rsquo;\u00e9poque. C&rsquo;est pourquoi l&rsquo;histoire du christianisme doit \u00eatre distingu\u00e9e de l&rsquo;id\u00e9e de christianisme, et surtout de l&rsquo;exp\u00e9rience liturgique ou de pri\u00e8re du surnaturel, qui offre \u00e0 l&rsquo;homme la possibilit\u00e9 de communier dans le processus de cr\u00e9ation, au lieu d&rsquo;augmenter la volont\u00e9 de puissance. , dont l&rsquo;origine est l&rsquo;abolition de l&rsquo;homme et son remplacement par les machines et l&rsquo;intelligence artificielle.<\/p>\n\n\n\n<h2 class=\"wp-block-heading\">Peki\u0107 et Lali\u0107<\/h2>\n\n\n\n<p>L&rsquo;opinion selon laquelle un humanisme traditionnel et la\u00efc (qui a horreur de l&rsquo;exploit, car il ne trouve pas de raison) peut s&rsquo;opposer \u00e0 l&rsquo;anti-humanisme technocratique est tr\u00e8s na\u00efve. Peki\u0107 en \u00e9tait \u00e9galement conscient. Son travail est un bon exemple de la relation changeante entre l&rsquo;humanisme, le christianisme et l&rsquo;anti-humanisme (technocratique). Alors que dans \u00ab\u00a0Le Temps des miracles\u00a0\u00bb (1965) il utilisait le christianisme comme all\u00e9gorie du totalitarisme, Peki\u0107 d\u00e9j\u00e0 dans le roman \u00ab\u00a0Comment apaiser un vampire\u00a0\u00bb (1977) montrait l&rsquo;impuissance de l&rsquo;humanisme traditionnel \u00e0 s&rsquo;opposer \u00e0 l&rsquo;anti-humanisme (nazi), si bien que dans \u00ab Besnil \u00bb (1983) liait symboliquement humanisme traditionnel et christianisme dans la lutte contre l&rsquo;anti-humanisme technocratique. Et puis, avant sa mort, il a renonc\u00e9 \u00e0 \u00ab\u00a0Le Temps des Miracles\u00a0\u00bb.<\/p>\n\n\n\n<blockquote class=\"wp-block-quote is-layout-flow wp-block-quote-is-layout-flow\"><p>Ivan V a exprim\u00e9 sa foi d&rsquo;une mani\u00e8re diff\u00e9rente. Lali\u0107, qui apr\u00e8s la mort de son fils en 1989 ann\u00e9e, il demande encore sept ans \u00e0 Dieu pour chanter ce qu&rsquo;il a \u00e0 chanter : c&rsquo;est ainsi que sont n\u00e9s les \u00ab\u00a0Quatre Canons\u00a0\u00bb publi\u00e9s en 1996. ann\u00e9e, quand Lali\u0107 meurt, et dans laquelle des motifs bibliques se croisent avec des mots comme gigaoctet, m\u00e9gainflation, \u00e9lectrocardiogramme, etc&#8230;<\/p><\/blockquote>\n\n\n\n<p>Peki\u0107 et Lali\u0107 n&rsquo;ont pas d\u00e9fil\u00e9 leur christianisme, ni n&rsquo;ont appel\u00e9 les autres pour avoir peu ou pas de foi; tous deux n&rsquo;ont pas compris le christianisme comme un dogme, mais comme le seul cadre possible dans lequel la capacit\u00e9 humaine de cr\u00e9er a un sens et une valeur : parce qu&rsquo;elle est une imitation de la puissance cr\u00e9atrice du Cr\u00e9ateur. Au contraire, si l&rsquo;homme n&rsquo;est que des ordures qu&rsquo;il faut nettoyer de la plan\u00e8te, alors ce sont des ordures et ses phrases, ses vers, ses exp\u00e9riences, ses amis du pr\u00e9sent et du pass\u00e9 avec lesquels il se retrouve sur les pages de ses livres ou des livres d&rsquo;\u00e9crivains et de po\u00e8tes pr\u00e9f\u00e9r\u00e9s.<\/p>\n\n\n\n<p>Pour cette raison, le No\u00ebl de cette ann\u00e9e nous rappelle que les futurs ne viendront pas d&rsquo;eux-m\u00eames, mais nous devrons nous battre pour chacun des suivants. Et c&rsquo;est une bonne nouvelle, car l\u00e0 o\u00f9 il y a danger, il y a aussi salut.<\/p>\n","protected":false},"excerpt":{"rendered":"<p>Apr\u00e8s les r\u00e9sultats du recensement, dans un certain nombre de pays occidentaux, on a conclu avec une satisfaction non dissimul\u00e9e que le nombre de chr\u00e9tiens \u00e9tait tomb\u00e9 \u00e0 moins de 50 % de la population. <\/p>\n","protected":false},"author":147,"featured_media":176758,"comment_status":"open","ping_status":"open","sticky":false,"template":"","format":"standard","meta":{"give_campaign_id":0,"om_disable_all_campaigns":false,"_monsterinsights_skip_tracking":false,"_monsterinsights_sitenote_active":false,"_monsterinsights_sitenote_note":"","_monsterinsights_sitenote_category":0,"mc4wp_mailchimp_campaign":[],"jnews-multi-image_gallery":[],"jnews_single_post":{"subtitle":"Apr\u00e8s les r\u00e9sultats du recensement, dans un certain nombre de pays occidentaux, on a conclu avec une satisfaction non dissimul\u00e9e que le nombre de chr\u00e9tiens \u00e9tait tomb\u00e9 \u00e0 moins de 50 % de la population. ","format":"standard","video":"","gallery":"","source_name":"","source_url":"","via_name":"","via_url":"","override_template":"0","override":[{"template":"2","single_blog_custom":"","parallax":"1","fullscreen":"1","layout":"right-sidebar-narrow","sidebar":"default-sidebar","second_sidebar":"default-sidebar","sticky_sidebar":"1","share_position":"float","share_float_style":"share-normal","show_share_counter":"1","show_view_counter":"1","show_featured":"1","show_post_meta":"1","show_post_author":"1","show_post_author_image":"1","show_post_date":"1","post_date_format":"default","post_date_format_custom":"Y\/m\/d","show_post_category":"1","show_post_reading_time":"1","post_reading_time_wpm":"300","show_zoom_button":"0","zoom_button_out_step":"2","zoom_button_in_step":"3","show_post_tag":"1","show_prev_next_post":"0","show_popup_post":"0","number_popup_post":"1","show_author_box":"1","show_post_related":"0","show_inline_post_related":"0"}],"override_image_size":"0","image_override":[{"single_post_thumbnail_size":"crop-715","single_post_gallery_size":"crop-715"}],"trending_post":"0","trending_post_position":"meta","trending_post_label":"Trending","sponsored_post":"0","sponsored_post_label":"Sponsored by","sponsored_post_name":"","sponsored_post_url":"","sponsored_post_logo_enable":"0","sponsored_post_logo":"","sponsored_post_desc":"","disable_ad":"0"},"jnews_primary_category":{"id":"762"},"jnews_social_meta":{"fb_title":"","fb_description":"","fb_image":"","twitter_title":"","twitter_description":"","twitter_image":""},"jnews_override_counter":{"override_view_counter":"0","view_counter_number":"0","override_share_counter":"0","share_counter_number":"0","override_like_counter":"0","like_counter_number":"0","override_dislike_counter":"0","dislike_counter_number":"0"},"footnotes":""},"categories":[762,809],"tags":[9480,1020,5395,23043,23045,911],"class_list":["post-180397","post","type-post","status-publish","format-standard","has-post-thumbnail","hentry","category-culture-fr","category-foreground-fr","tag-christianisme","tag-culture","tag-dystopie","tag-ethique","tag-europe-de-louest","tag-family"],"yoast_head":"<!-- This site is optimized with the Yoast SEO Premium plugin v25.9 (Yoast SEO v27.3) - https:\/\/yoast.com\/product\/yoast-seo-premium-wordpress\/ -->\n<title>SLOBODAN VLADU\u0160I\u0106&nbsp;: L&#039;EUROPE SANS NO\u00cbL - IFN<\/title>\n<meta name=\"description\" content=\"Apr\u00e8s les r\u00e9sultats du recensement, dans un certain nombre de pays occidentaux, on a conclu avec une satisfaction non dissimul\u00e9e que le nombre de chr\u00e9tiens \u00e9tait tomb\u00e9 \u00e0 moins de 50 % de la population.\" \/>\n<meta name=\"robots\" content=\"index, follow, max-snippet:-1, max-image-preview:large, max-video-preview:-1\" \/>\n<link rel=\"canonical\" href=\"https:\/\/ifamnews.com\/fr\/slobodan-vladu-i-nbsp-l-europe-sans-no-l\" \/>\n<meta property=\"og:locale\" content=\"fr_FR\" \/>\n<meta property=\"og:type\" content=\"article\" \/>\n<meta property=\"og:title\" content=\"SLOBODAN VLADU\u0160I\u0106&nbsp;: L&#039;EUROPE SANS NO\u00cbL\" \/>\n<meta property=\"og:description\" content=\"Apr\u00e8s les r\u00e9sultats du recensement, dans un certain nombre de pays occidentaux, on a conclu avec une satisfaction non dissimul\u00e9e que le nombre de chr\u00e9tiens \u00e9tait tomb\u00e9 \u00e0 moins de 50 % de la population.\" \/>\n<meta property=\"og:url\" content=\"https:\/\/ifamnews.com\/fr\/slobodan-vladu-i-nbsp-l-europe-sans-no-l\" \/>\n<meta property=\"og:site_name\" content=\"IFN\" \/>\n<meta property=\"article:publisher\" content=\"https:\/\/www.facebook.com\/iFamNews\" \/>\n<meta property=\"article:author\" content=\"https:\/\/www.facebook.com\/iFamNews\/\" \/>\n<meta property=\"article:published_time\" content=\"2023-02-02T12:51:33+00:00\" \/>\n<meta property=\"article:modified_time\" content=\"2023-02-02T12:51:35+00:00\" \/>\n<meta property=\"og:image\" content=\"https:\/\/ifamnews.com\/wp-content\/uploads\/2022\/12\/Christmas-is-Cancelled.jpg\" \/>\n\t<meta property=\"og:image:width\" content=\"1200\" \/>\n\t<meta property=\"og:image:height\" content=\"628\" \/>\n\t<meta property=\"og:image:type\" content=\"image\/jpeg\" \/>\n<meta name=\"author\" content=\"iFamNews Serbia\" \/>\n<meta name=\"twitter:card\" content=\"summary_large_image\" \/>\n<meta name=\"twitter:creator\" content=\"@https:\/\/twitter.com\/ifamnewsrs\/\" \/>\n<meta name=\"twitter:site\" content=\"@iFamNewsEN\" \/>\n<meta name=\"twitter:label1\" content=\"\u00c9crit par\" \/>\n\t<meta name=\"twitter:data1\" content=\"IFN Serbie\" \/>\n\t<meta name=\"twitter:label2\" content=\"Dur\u00e9e de lecture estim\u00e9e\" \/>\n\t<meta name=\"twitter:data2\" content=\"11 minutes\" \/>\n<!-- \/ Yoast SEO Premium plugin. -->","yoast_head_json":{"title":"SLOBODAN VLADU\u0160I\u0106&nbsp;: L'EUROPE SANS NO\u00cbL - IFN","description":"Apr\u00e8s les r\u00e9sultats du recensement, dans un certain nombre de pays occidentaux, on a conclu avec une satisfaction non dissimul\u00e9e que le nombre de chr\u00e9tiens \u00e9tait tomb\u00e9 \u00e0 moins de 50 % de la population.","robots":{"index":"index","follow":"follow","max-snippet":"max-snippet:-1","max-image-preview":"max-image-preview:large","max-video-preview":"max-video-preview:-1"},"canonical":"https:\/\/ifamnews.com\/fr\/slobodan-vladu-i-nbsp-l-europe-sans-no-l","og_locale":"fr_FR","og_type":"article","og_title":"SLOBODAN VLADU\u0160I\u0106&nbsp;: L'EUROPE SANS NO\u00cbL","og_description":"Apr\u00e8s les r\u00e9sultats du recensement, dans un certain nombre de pays occidentaux, on a conclu avec une satisfaction non dissimul\u00e9e que le nombre de chr\u00e9tiens \u00e9tait tomb\u00e9 \u00e0 moins de 50 % de la population.","og_url":"https:\/\/ifamnews.com\/fr\/slobodan-vladu-i-nbsp-l-europe-sans-no-l","og_site_name":"IFN","article_publisher":"https:\/\/www.facebook.com\/iFamNews","article_author":"https:\/\/www.facebook.com\/iFamNews\/","article_published_time":"2023-02-02T12:51:33+00:00","article_modified_time":"2023-02-02T12:51:35+00:00","og_image":[{"width":1200,"height":628,"url":"https:\/\/ifamnews.com\/wp-content\/uploads\/2022\/12\/Christmas-is-Cancelled.jpg","type":"image\/jpeg"}],"author":"iFamNews Serbia","twitter_card":"summary_large_image","twitter_creator":"@https:\/\/twitter.com\/ifamnewsrs\/","twitter_site":"@iFamNewsEN","twitter_misc":{"\u00c9crit par":"IFN Serbie","Dur\u00e9e de lecture estim\u00e9e":"11 minutes"},"schema":{"@context":"https:\/\/schema.org","@graph":[{"@type":"NewsArticle","@id":"https:\/\/ifamnews.com\/fr\/slobodan-vladu-i-nbsp-l-europe-sans-no-l#article","isPartOf":{"@id":"https:\/\/ifamnews.com\/fr\/slobodan-vladu-i-nbsp-l-europe-sans-no-l"},"author":{"name":"iFamNews Serbia","@id":"https:\/\/ifamnews.com\/en\/#\/schema\/person\/38b9f44fbc0a98257b4be4a648a4c6c7"},"headline":"SLOBODAN VLADU\u0160I\u0106&nbsp;: L&rsquo;EUROPE SANS NO\u00cbL","datePublished":"2023-02-02T12:51:33+00:00","dateModified":"2023-02-02T12:51:35+00:00","mainEntityOfPage":{"@id":"https:\/\/ifamnews.com\/fr\/slobodan-vladu-i-nbsp-l-europe-sans-no-l"},"wordCount":2317,"commentCount":0,"publisher":{"@id":"https:\/\/ifamnews.com\/en\/#organization"},"image":{"@id":"https:\/\/ifamnews.com\/fr\/slobodan-vladu-i-nbsp-l-europe-sans-no-l#primaryimage"},"thumbnailUrl":"https:\/\/ifamnews.com\/wp-content\/uploads\/2022\/12\/Christmas-is-Cancelled.jpg","keywords":["Christianisme","culture","Dystopie","\u00e9thique","Europe de l'Ouest","family"],"articleSection":["Culture","Foreground"],"inLanguage":"fr-FR","potentialAction":[{"@type":"CommentAction","name":"Comment","target":["https:\/\/ifamnews.com\/fr\/slobodan-vladu-i-nbsp-l-europe-sans-no-l#respond"]}]},{"@type":"WebPage","@id":"https:\/\/ifamnews.com\/fr\/slobodan-vladu-i-nbsp-l-europe-sans-no-l","url":"https:\/\/ifamnews.com\/fr\/slobodan-vladu-i-nbsp-l-europe-sans-no-l","name":"SLOBODAN VLADU\u0160I\u0106&nbsp;: L'EUROPE SANS NO\u00cbL - IFN","isPartOf":{"@id":"https:\/\/ifamnews.com\/en\/#website"},"primaryImageOfPage":{"@id":"https:\/\/ifamnews.com\/fr\/slobodan-vladu-i-nbsp-l-europe-sans-no-l#primaryimage"},"image":{"@id":"https:\/\/ifamnews.com\/fr\/slobodan-vladu-i-nbsp-l-europe-sans-no-l#primaryimage"},"thumbnailUrl":"https:\/\/ifamnews.com\/wp-content\/uploads\/2022\/12\/Christmas-is-Cancelled.jpg","datePublished":"2023-02-02T12:51:33+00:00","dateModified":"2023-02-02T12:51:35+00:00","description":"Apr\u00e8s les r\u00e9sultats du recensement, dans un certain nombre de pays occidentaux, on a conclu avec une satisfaction non dissimul\u00e9e que le nombre de chr\u00e9tiens \u00e9tait tomb\u00e9 \u00e0 moins de 50 % de la population.","breadcrumb":{"@id":"https:\/\/ifamnews.com\/fr\/slobodan-vladu-i-nbsp-l-europe-sans-no-l#breadcrumb"},"inLanguage":"fr-FR","potentialAction":[{"@type":"ReadAction","target":["https:\/\/ifamnews.com\/fr\/slobodan-vladu-i-nbsp-l-europe-sans-no-l"]}]},{"@type":"ImageObject","inLanguage":"fr-FR","@id":"https:\/\/ifamnews.com\/fr\/slobodan-vladu-i-nbsp-l-europe-sans-no-l#primaryimage","url":"https:\/\/ifamnews.com\/wp-content\/uploads\/2022\/12\/Christmas-is-Cancelled.jpg","contentUrl":"https:\/\/ifamnews.com\/wp-content\/uploads\/2022\/12\/Christmas-is-Cancelled.jpg","width":1200,"height":628},{"@type":"BreadcrumbList","@id":"https:\/\/ifamnews.com\/fr\/slobodan-vladu-i-nbsp-l-europe-sans-no-l#breadcrumb","itemListElement":[{"@type":"ListItem","position":1,"name":"Home","item":"https:\/\/ifamnews.com\/de"},{"@type":"ListItem","position":2,"name":"\u041a\u0443\u043b\u0442\u0443\u0440\u0430","item":"https:\/\/ifamnews.com\/sr\/kategorija\/kultura-sr"},{"@type":"ListItem","position":3,"name":"SLOBODAN VLADU\u0160I\u0106&nbsp;: L&#8217;EUROPE SANS NO\u00cbL"}]},{"@type":"WebSite","@id":"https:\/\/ifamnews.com\/en\/#website","url":"https:\/\/ifamnews.com\/en\/","name":"IFN","description":"International Family News Network","publisher":{"@id":"https:\/\/ifamnews.com\/en\/#organization"},"potentialAction":[{"@type":"SearchAction","target":{"@type":"EntryPoint","urlTemplate":"https:\/\/ifamnews.com\/en\/?s={search_term_string}"},"query-input":{"@type":"PropertyValueSpecification","valueRequired":true,"valueName":"search_term_string"}}],"inLanguage":"fr-FR"},{"@type":"Organization","@id":"https:\/\/ifamnews.com\/en\/#organization","name":"iFamNews","url":"https:\/\/ifamnews.com\/en\/","logo":{"@type":"ImageObject","inLanguage":"fr-FR","@id":"https:\/\/ifamnews.com\/en\/#\/schema\/logo\/image\/","url":"https:\/\/ifamnews.com\/wp-content\/uploads\/2020\/01\/Share-logo.png","contentUrl":"https:\/\/ifamnews.com\/wp-content\/uploads\/2020\/01\/Share-logo.png","width":200,"height":200,"caption":"iFamNews"},"image":{"@id":"https:\/\/ifamnews.com\/en\/#\/schema\/logo\/image\/"},"sameAs":["https:\/\/www.facebook.com\/iFamNews","https:\/\/x.com\/iFamNewsEN"]},{"@type":"Person","@id":"https:\/\/ifamnews.com\/en\/#\/schema\/person\/38b9f44fbc0a98257b4be4a648a4c6c7","name":"iFamNews Serbia","image":{"@type":"ImageObject","inLanguage":"fr-FR","@id":"https:\/\/secure.gravatar.com\/avatar\/99ffa49a21d431d6aeee0715754531add434e23f2be9343a3a657079223070ee?s=96&d=mm&r=g","url":"https:\/\/secure.gravatar.com\/avatar\/99ffa49a21d431d6aeee0715754531add434e23f2be9343a3a657079223070ee?s=96&d=mm&r=g","contentUrl":"https:\/\/secure.gravatar.com\/avatar\/99ffa49a21d431d6aeee0715754531add434e23f2be9343a3a657079223070ee?s=96&d=mm&r=g","caption":"iFamNews Serbia"},"description":"Articles published by the Serbian iFamNews editorial team.","sameAs":["https:\/\/ifamnews.com\/sr","https:\/\/www.facebook.com\/iFamNews\/","https:\/\/x.com\/https:\/\/twitter.com\/ifamnewsrs\/","https:\/\/www.youtube.com\/channel\/UCsaU2Y6NFHzMOlJNpDK62dw"],"url":"https:\/\/ifamnews.com\/fr\/author\/redakcija"}]}},"amp_enabled":true,"_links":{"self":[{"href":"https:\/\/ifamnews.com\/fr\/wp-json\/wp\/v2\/posts\/180397","targetHints":{"allow":["GET"]}}],"collection":[{"href":"https:\/\/ifamnews.com\/fr\/wp-json\/wp\/v2\/posts"}],"about":[{"href":"https:\/\/ifamnews.com\/fr\/wp-json\/wp\/v2\/types\/post"}],"author":[{"embeddable":true,"href":"https:\/\/ifamnews.com\/fr\/wp-json\/wp\/v2\/users\/147"}],"replies":[{"embeddable":true,"href":"https:\/\/ifamnews.com\/fr\/wp-json\/wp\/v2\/comments?post=180397"}],"version-history":[{"count":4,"href":"https:\/\/ifamnews.com\/fr\/wp-json\/wp\/v2\/posts\/180397\/revisions"}],"predecessor-version":[{"id":180915,"href":"https:\/\/ifamnews.com\/fr\/wp-json\/wp\/v2\/posts\/180397\/revisions\/180915"}],"wp:featuredmedia":[{"embeddable":true,"href":"https:\/\/ifamnews.com\/fr\/wp-json\/wp\/v2\/media\/176758"}],"wp:attachment":[{"href":"https:\/\/ifamnews.com\/fr\/wp-json\/wp\/v2\/media?parent=180397"}],"wp:term":[{"taxonomy":"category","embeddable":true,"href":"https:\/\/ifamnews.com\/fr\/wp-json\/wp\/v2\/categories?post=180397"},{"taxonomy":"post_tag","embeddable":true,"href":"https:\/\/ifamnews.com\/fr\/wp-json\/wp\/v2\/tags?post=180397"}],"curies":[{"name":"wp","href":"https:\/\/api.w.org\/{rel}","templated":true}]}}