{"id":179743,"date":"2023-01-25T12:00:25","date_gmt":"2023-01-25T17:00:25","guid":{"rendered":"https:\/\/ifamnews.com\/?p=179743"},"modified":"2023-01-25T06:19:03","modified_gmt":"2023-01-25T11:19:03","slug":"comment-les-mots-changent-notre-fa-on-de-penser-partie-i","status":"publish","type":"post","link":"https:\/\/ifamnews.com\/fr\/comment-les-mots-changent-notre-fa-on-de-penser-partie-i","title":{"rendered":"Comment les mots changent notre fa\u00e7on de penser. Partie I"},"content":{"rendered":"\n<p>La conceptualisation est une arme puissante qui permet aux politiciens concern\u00e9s de modifier les attitudes du public. De quoi s&rsquo;agit-il ? Il y a les faits de la r\u00e9alit\u00e9, et puis il y a les mots et les concepts que nous utilisons pour nous y r\u00e9f\u00e9rer. En contr\u00f4lant les mots et les concepts que les gens utilisent, il est possible de contr\u00f4ler leur conscience, leur cours de pens\u00e9e, leurs actions. En soi, cela n&rsquo;est ni bon ni mauvais &#8211; c&rsquo;est juste un fait.<\/p>\n\n\n\n<p>Mais les ing\u00e9nieurs sociaux et les technologues sont depuis longtemps conscients de ce fait &#8211; et l&rsquo;utilisent activement pour le mal. En d&rsquo;autres termes, ils cr\u00e9ent d\u00e9lib\u00e9r\u00e9ment des mots et des concepts pour orienter les gens dans la direction qu&rsquo;ils souhaitent, et les appliquent artificiellement.<\/p>\n\n\n\n<p>Le concept d'\u00a0\u00bborientation sexuelle\u00a0\u00bb en est un bon exemple. Il s&rsquo;agit d&rsquo;un terme artificiel qui a \u00e9t\u00e9 \u00ab\u00a0forg\u00e9\u00a0\u00bb depuis un certain temps. Comparez &#8211; \u00ab\u00a0perversion sexuelle\u00a0\u00bb et \u00ab\u00a0orientation sexuelle\u00a0\u00bb. Cela n&rsquo;entra\u00eene-t-il pas des attitudes diff\u00e9rentes ?<\/p>\n\n\n\n<p>Or, le terme \u00ab\u00a0orientation sexuelle\u00a0\u00bb a \u00e9t\u00e9 cr\u00e9\u00e9 \u00e0 plusieurs &#8211; mauvais ! &#8211; objectifs. La premi\u00e8re consiste \u00e0 donner \u00e0 l&rsquo;immoral un nom neutre, afin qu&rsquo;il cesse d&rsquo;\u00eatre per\u00e7u comme mauvais. La seconde est d&rsquo;assimiler ce mal au neutre\/bien &#8211; l&rsquo;attraction sexuelle naturelle. De sorte que des choses compl\u00e8tement diff\u00e9rentes commencent \u00e0 \u00eatre per\u00e7ues comme des variantes de la m\u00eame chose. Il existe des objectifs plus subtils, mais nous n&rsquo;en parlerons pas maintenant.<\/p>\n\n\n\n<p>Ou prenez un autre terme &#8211; \u00ab\u00a0violence domestique\/familiale\u00a0\u00bb. Ici, c&rsquo;est l&rsquo;exemple inverse. Il a \u00e9t\u00e9 cr\u00e9\u00e9 artificiellement par les f\u00e9ministes dans le but pr\u00e9cis de diaboliser et de d\u00e9nigrer la vie familiale et la domesticit\u00e9. Le terme est d\u00e9lib\u00e9r\u00e9ment \u00ab\u00a0tamponn\u00e9\u00a0\u00bb. Son but est d&rsquo;amalgamer artificiellement le neutre et le bon avec le mauvais et le laid dans l&rsquo;esprit des gens afin qu&rsquo;ils soient associ\u00e9s et per\u00e7us comme une seule et m\u00eame chose.<\/p>\n\n\n\n<p>Le crime de battre ou de tuer une femme par son mari (d&rsquo;ailleurs, le contraire est g\u00e9n\u00e9ralement n\u00e9glig\u00e9, mais ce n&rsquo;est pas ce que je veux dire maintenant) est pris et assimil\u00e9 \u00e0 des choses banales &#8211; une communication d\u00e9sagr\u00e9able, un regard fuyant, des conflits financiers entre \u00e9poux, etc. C&rsquo;est pourquoi de nombreux \u00ab\u00a0types de violence domestique\u00a0\u00bb sont construits &#8211; tous ces \u00ab\u00a0psychologiques\u00a0\u00bb, \u00ab\u00a0\u00e9conomiques\u00a0\u00bb, etc., qui peuvent \u00eatre d\u00e9finis aussi vaguement que vous le souhaitez. Et oui, alors une telle notion de caoutchouc engendre des \u00ab\u00a0sp\u00e9cialistes\u00a0\u00bb, form\u00e9s par \u00ab\u00a0les bonnes personnes\u00a0\u00bb, pour qui une telle notion de caoutchouc est une parcelle, une clairi\u00e8re et une source de pain avec du beurre et de la confiture. Et qui, naturellement, seraient pr\u00eats \u00e0 \u00e9trangler n&rsquo;importe qui pour leur pain et leur confiture.<\/p>\n\n\n\n<p>Un seul et unique ! La famille et la vie de famille sont associ\u00e9es \u00e0 la violence et au crime, un regard lubrique \u00e9quivaut \u00e0 un meurtre, et une foule d'\u00a0\u00bbexperts\u00a0\u00bb sont pr\u00eats \u00e0 gagner de l&rsquo;argent en convainquant toutes les femmes du monde de cela et en utilisant leur na\u00efvet\u00e9 \u00e0 leur avantage. En m\u00eame temps, d\u00e8s qu&rsquo;une personne sens\u00e9e dit un mot sur le probl\u00e8me, on lui r\u00e9pond par le sacramental : \u00a0\u00bb Mais il y a un probl\u00e8me ! \u00ab\u00a0. R\u00e9solvons le probl\u00e8me de la violence domestique, ne le nions pas\u00a0\u00bb ! Ce qui se traduit par : \u00ab\u00a0Vous devez d&rsquo;abord accepter notre langage destructeur sp\u00e9cial comme une r\u00e9alit\u00e9 et ensuite nous verrons ce que vous pouvez faire.<\/p>\n\n\n\n<p><em>Il y a certainement un probl\u00e8me. Mais il s&rsquo;agit d&rsquo;un probl\u00e8me de criminalit\u00e9, et non d&rsquo;une vague \u00ab\u00a0violence\u00a0\u00bb.<\/em><\/p>\n\n\n\n<p><strong>Il n&rsquo;est pas difficile de comprendre que nous avons affaire \u00e0 des concepts aussi manipulateurs. Pour ce faire, nous devons r\u00e9fl\u00e9chir \u00e0 deux questions :<\/strong><\/p>\n\n\n\n<p>\u2714\ufe0f Qui a cr\u00e9\u00e9 et\/ou promeut activement cette notion ?<\/p>\n\n\n\n<p>\u2714\ufe0fDans quel but est-il g\u00e9n\u00e9ralement utilis\u00e9 en pratique dans la sph\u00e8re socio-politique ? Que sert-il \u00e0 promouvoir ? <\/p>\n\n\n\n<p>Et tout devient clair, surtout apr\u00e8s la deuxi\u00e8me question.<\/p>\n\n\n\n<p>Le concept <strong>d'\u00a0\u00bborientation sexuelle\u00a0\u00bb <\/strong>est utilis\u00e9 pour faire croire \u00e0 la \u00ab\u00a0normalit\u00e9\u00a0\u00bb de comportements pervers et sexuellement d\u00e9sorient\u00e9s.<\/p>\n\n\n\n<p>Le terme<strong> \u00ab\u00a0violence domestique\u00a0\u00bb<\/strong> est utilis\u00e9 pour diaboliser la famille, pour inciter \u00e0 la guerre et \u00e0 l&rsquo;antagonisme entre les sexes, et pour interf\u00e9rer activement dans la vie familiale.<\/p>\n\n\n\n<p>Le concept de <strong>\u00ab\u00a0harc\u00e8lement scolaire\u00a0\u00bb \/ \u00ab\u00a0intimidation\u00a0\u00bb <\/strong>est absolument aussi artificiel que l&rsquo;ing\u00e9nierie sociale.<\/p>\n","protected":false},"excerpt":{"rendered":"<p>La conceptualisation est une arme puissante qui permet aux politiciens concern\u00e9s de modifier les attitudes du public. De quoi s&rsquo;agit-il ? Il y a les faits de la r\u00e9alit\u00e9, et puis il y a les mots et les concepts que nous utilisons pour nous y r\u00e9f\u00e9rer. En contr\u00f4lant les mots et les concepts que les [&hellip;]<\/p>\n","protected":false},"author":176,"featured_media":178258,"comment_status":"open","ping_status":"open","sticky":false,"template":"","format":"standard","meta":{"give_campaign_id":0,"om_disable_all_campaigns":false,"_monsterinsights_skip_tracking":false,"_monsterinsights_sitenote_active":false,"_monsterinsights_sitenote_note":"","_monsterinsights_sitenote_category":0,"mc4wp_mailchimp_campaign":[],"jnews-multi-image_gallery":[],"jnews_single_post":{"subtitle":"\"Orientation sexuelle\", \"violence domestique\", \"harc\u00e8lement scolaire\" - tous ces concepts sont cr\u00e9\u00e9s dans le but de modifier notre attitude \u00e0 l'\u00e9gard des valeurs fondamentales de la culture, de rendre les mauvaises choses acceptables et les bonnes suspectes. Les ing\u00e9nieurs sociaux cr\u00e9ent intentionnellement des notions pour orienter les gens dans la direction qu'ils souhaitent et les appliquent artificiellement.","format":"standard","video":"","gallery":"","source_name":"","source_url":"","via_name":"","via_url":"","override_template":"0","override":[{"template":"2","single_blog_custom":"","parallax":"1","fullscreen":"1","layout":"right-sidebar-narrow","sidebar":"default-sidebar","second_sidebar":"default-sidebar","sticky_sidebar":"1","share_position":"float","share_float_style":"share-normal","show_share_counter":"1","show_view_counter":"1","show_featured":"1","show_post_meta":"1","show_post_author":"1","show_post_author_image":"1","show_post_date":"1","post_date_format":"default","post_date_format_custom":"Y\/m\/d","show_post_category":"1","show_post_reading_time":"1","post_reading_time_wpm":"300","show_zoom_button":"0","zoom_button_out_step":"2","zoom_button_in_step":"3","show_post_tag":"1","show_prev_next_post":"0","show_popup_post":"0","number_popup_post":"1","show_author_box":"1","show_post_related":"0","show_inline_post_related":"0"}],"override_image_size":"0","image_override":[{"single_post_thumbnail_size":"crop-715","single_post_gallery_size":"crop-715"}],"trending_post":"0","trending_post_position":"meta","trending_post_label":"Trending","sponsored_post":"0","sponsored_post_label":"Sponsored by","sponsored_post_name":"","sponsored_post_url":"","sponsored_post_logo_enable":"0","sponsored_post_logo":"","sponsored_post_desc":"","disable_ad":"0"},"jnews_primary_category":{"id":"796"},"jnews_social_meta":{"fb_title":"","fb_description":"","fb_image":"","twitter_title":"","twitter_description":"","twitter_image":""},"jnews_override_counter":{"override_view_counter":"0","view_counter_number":"0","override_share_counter":"0","share_counter_number":"0","override_like_counter":"0","like_counter_number":"0","override_dislike_counter":"0","dislike_counter_number":"0"},"footnotes":""},"categories":[796],"tags":[11080,18876,18962,7729],"class_list":["post-179743","post","type-post","status-publish","format-standard","has-post-thumbnail","hentry","category-opinion-fr","tag-lideologie-lgbt","tag-lobby-anti-famille","tag-orientation-sexuelle","tag-proteccion-de-la-familia"],"yoast_head":"<!-- This site is optimized with the Yoast SEO Premium plugin v25.9 (Yoast SEO v27.3) - https:\/\/yoast.com\/product\/yoast-seo-premium-wordpress\/ -->\n<title>Comment les mots changent notre fa\u00e7on de penser. Partie I - IFN<\/title>\n<meta name=\"description\" content=\"&quot;Orientation sexuelle&quot;, &quot;violence domestique&quot;, &quot;harc\u00e8lement scolaire&quot; - tous ces concepts sont cr\u00e9\u00e9s pour changer notre attitude vis-\u00e0-vis des valeurs fondamentales.\" \/>\n<meta name=\"robots\" content=\"index, follow, max-snippet:-1, max-image-preview:large, max-video-preview:-1\" \/>\n<link rel=\"canonical\" href=\"https:\/\/ifamnews.com\/fr\/comment-les-mots-changent-notre-fa-on-de-penser-partie-i\" \/>\n<meta property=\"og:locale\" content=\"fr_FR\" \/>\n<meta property=\"og:type\" content=\"article\" \/>\n<meta property=\"og:title\" content=\"Comment les mots changent notre fa\u00e7on de penser. Partie I\" \/>\n<meta property=\"og:description\" content=\"&quot;Orientation sexuelle&quot;, &quot;violence domestique&quot;, &quot;harc\u00e8lement scolaire&quot; - tous ces concepts sont cr\u00e9\u00e9s pour changer notre attitude vis-\u00e0-vis des valeurs fondamentales.\" \/>\n<meta property=\"og:url\" content=\"https:\/\/ifamnews.com\/fr\/comment-les-mots-changent-notre-fa-on-de-penser-partie-i\" \/>\n<meta property=\"og:site_name\" content=\"IFN\" \/>\n<meta property=\"article:publisher\" content=\"https:\/\/www.facebook.com\/iFamNews\" \/>\n<meta property=\"article:published_time\" content=\"2023-01-25T17:00:25+00:00\" \/>\n<meta property=\"og:image\" content=\"https:\/\/ifamnews.com\/wp-content\/uploads\/2023\/01\/brett-jordan-POMpXtcVYHo-unsplash-1.jpg\" \/>\n\t<meta property=\"og:image:width\" content=\"1200\" \/>\n\t<meta property=\"og:image:height\" content=\"675\" \/>\n\t<meta property=\"og:image:type\" content=\"image\/jpeg\" \/>\n<meta name=\"author\" content=\"Pavel Parfentiev\" \/>\n<meta name=\"twitter:card\" content=\"summary_large_image\" \/>\n<meta name=\"twitter:creator\" content=\"@iFamNewsEN\" \/>\n<meta name=\"twitter:site\" content=\"@iFamNewsEN\" \/>\n<meta name=\"twitter:label1\" content=\"\u00c9crit par\" \/>\n\t<meta name=\"twitter:data1\" content=\"Pavel Parfentiev\" \/>\n\t<meta name=\"twitter:label2\" content=\"Dur\u00e9e de lecture estim\u00e9e\" \/>\n\t<meta name=\"twitter:data2\" content=\"4 minutes\" \/>\n<!-- \/ Yoast SEO Premium plugin. -->","yoast_head_json":{"title":"Comment les mots changent notre fa\u00e7on de penser. Partie I - IFN","description":"\"Orientation sexuelle\", \"violence domestique\", \"harc\u00e8lement scolaire\" - tous ces concepts sont cr\u00e9\u00e9s pour changer notre attitude vis-\u00e0-vis des valeurs fondamentales.","robots":{"index":"index","follow":"follow","max-snippet":"max-snippet:-1","max-image-preview":"max-image-preview:large","max-video-preview":"max-video-preview:-1"},"canonical":"https:\/\/ifamnews.com\/fr\/comment-les-mots-changent-notre-fa-on-de-penser-partie-i","og_locale":"fr_FR","og_type":"article","og_title":"Comment les mots changent notre fa\u00e7on de penser. Partie I","og_description":"\"Orientation sexuelle\", \"violence domestique\", \"harc\u00e8lement scolaire\" - tous ces concepts sont cr\u00e9\u00e9s pour changer notre attitude vis-\u00e0-vis des valeurs fondamentales.","og_url":"https:\/\/ifamnews.com\/fr\/comment-les-mots-changent-notre-fa-on-de-penser-partie-i","og_site_name":"IFN","article_publisher":"https:\/\/www.facebook.com\/iFamNews","article_published_time":"2023-01-25T17:00:25+00:00","og_image":[{"width":1200,"height":675,"url":"https:\/\/ifamnews.com\/wp-content\/uploads\/2023\/01\/brett-jordan-POMpXtcVYHo-unsplash-1.jpg","type":"image\/jpeg"}],"author":"Pavel Parfentiev","twitter_card":"summary_large_image","twitter_creator":"@iFamNewsEN","twitter_site":"@iFamNewsEN","twitter_misc":{"\u00c9crit par":"Pavel Parfentiev","Dur\u00e9e de lecture estim\u00e9e":"4 minutes"},"schema":{"@context":"https:\/\/schema.org","@graph":[{"@type":"NewsArticle","@id":"https:\/\/ifamnews.com\/fr\/comment-les-mots-changent-notre-fa-on-de-penser-partie-i#article","isPartOf":{"@id":"https:\/\/ifamnews.com\/fr\/comment-les-mots-changent-notre-fa-on-de-penser-partie-i"},"author":{"name":"Pavel Parfentiev","@id":"https:\/\/ifamnews.com\/en\/#\/schema\/person\/5a0036ed8bcea5c51c6ff7babb417dd6"},"headline":"Comment les mots changent notre fa\u00e7on de penser. Partie I","datePublished":"2023-01-25T17:00:25+00:00","mainEntityOfPage":{"@id":"https:\/\/ifamnews.com\/fr\/comment-les-mots-changent-notre-fa-on-de-penser-partie-i"},"wordCount":786,"commentCount":0,"publisher":{"@id":"https:\/\/ifamnews.com\/en\/#organization"},"image":{"@id":"https:\/\/ifamnews.com\/fr\/comment-les-mots-changent-notre-fa-on-de-penser-partie-i#primaryimage"},"thumbnailUrl":"https:\/\/ifamnews.com\/wp-content\/uploads\/2023\/01\/brett-jordan-POMpXtcVYHo-unsplash-1.jpg","keywords":["L'id\u00e9ologie LGBT","lobby anti-famille","Orientation sexuelle","protecci\u00f3n de la familia"],"articleSection":["Opinion"],"inLanguage":"fr-FR","potentialAction":[{"@type":"CommentAction","name":"Comment","target":["https:\/\/ifamnews.com\/fr\/comment-les-mots-changent-notre-fa-on-de-penser-partie-i#respond"]}]},{"@type":"WebPage","@id":"https:\/\/ifamnews.com\/fr\/comment-les-mots-changent-notre-fa-on-de-penser-partie-i","url":"https:\/\/ifamnews.com\/fr\/comment-les-mots-changent-notre-fa-on-de-penser-partie-i","name":"Comment les mots changent notre fa\u00e7on de penser. Partie I - IFN","isPartOf":{"@id":"https:\/\/ifamnews.com\/en\/#website"},"primaryImageOfPage":{"@id":"https:\/\/ifamnews.com\/fr\/comment-les-mots-changent-notre-fa-on-de-penser-partie-i#primaryimage"},"image":{"@id":"https:\/\/ifamnews.com\/fr\/comment-les-mots-changent-notre-fa-on-de-penser-partie-i#primaryimage"},"thumbnailUrl":"https:\/\/ifamnews.com\/wp-content\/uploads\/2023\/01\/brett-jordan-POMpXtcVYHo-unsplash-1.jpg","datePublished":"2023-01-25T17:00:25+00:00","description":"\"Orientation sexuelle\", \"violence domestique\", \"harc\u00e8lement scolaire\" - tous ces concepts sont cr\u00e9\u00e9s pour changer notre attitude vis-\u00e0-vis des valeurs fondamentales.","breadcrumb":{"@id":"https:\/\/ifamnews.com\/fr\/comment-les-mots-changent-notre-fa-on-de-penser-partie-i#breadcrumb"},"inLanguage":"fr-FR","potentialAction":[{"@type":"ReadAction","target":["https:\/\/ifamnews.com\/fr\/comment-les-mots-changent-notre-fa-on-de-penser-partie-i"]}]},{"@type":"ImageObject","inLanguage":"fr-FR","@id":"https:\/\/ifamnews.com\/fr\/comment-les-mots-changent-notre-fa-on-de-penser-partie-i#primaryimage","url":"https:\/\/ifamnews.com\/wp-content\/uploads\/2023\/01\/brett-jordan-POMpXtcVYHo-unsplash-1.jpg","contentUrl":"https:\/\/ifamnews.com\/wp-content\/uploads\/2023\/01\/brett-jordan-POMpXtcVYHo-unsplash-1.jpg","width":1200,"height":675,"caption":"\u0424\u043e\u0442\u043e: Brett Jordan https:\/\/unsplash.com\/photos\/POMpXtcVYHo"},{"@type":"BreadcrumbList","@id":"https:\/\/ifamnews.com\/fr\/comment-les-mots-changent-notre-fa-on-de-penser-partie-i#breadcrumb","itemListElement":[{"@type":"ListItem","position":1,"name":"Home","item":"https:\/\/ifamnews.com\/de"},{"@type":"ListItem","position":2,"name":"\u041c\u043d\u0435\u043d\u0438\u044f","item":"https:\/\/ifamnews.com\/ru\/rubrika\/mneniya"},{"@type":"ListItem","position":3,"name":"Comment les mots changent notre fa\u00e7on de penser. Partie I"}]},{"@type":"WebSite","@id":"https:\/\/ifamnews.com\/en\/#website","url":"https:\/\/ifamnews.com\/en\/","name":"IFN","description":"International Family News Network","publisher":{"@id":"https:\/\/ifamnews.com\/en\/#organization"},"potentialAction":[{"@type":"SearchAction","target":{"@type":"EntryPoint","urlTemplate":"https:\/\/ifamnews.com\/en\/?s={search_term_string}"},"query-input":{"@type":"PropertyValueSpecification","valueRequired":true,"valueName":"search_term_string"}}],"inLanguage":"fr-FR"},{"@type":"Organization","@id":"https:\/\/ifamnews.com\/en\/#organization","name":"iFamNews","url":"https:\/\/ifamnews.com\/en\/","logo":{"@type":"ImageObject","inLanguage":"fr-FR","@id":"https:\/\/ifamnews.com\/en\/#\/schema\/logo\/image\/","url":"https:\/\/ifamnews.com\/wp-content\/uploads\/2020\/01\/Share-logo.png","contentUrl":"https:\/\/ifamnews.com\/wp-content\/uploads\/2020\/01\/Share-logo.png","width":200,"height":200,"caption":"iFamNews"},"image":{"@id":"https:\/\/ifamnews.com\/en\/#\/schema\/logo\/image\/"},"sameAs":["https:\/\/www.facebook.com\/iFamNews","https:\/\/x.com\/iFamNewsEN"]},{"@type":"Person","@id":"https:\/\/ifamnews.com\/en\/#\/schema\/person\/5a0036ed8bcea5c51c6ff7babb417dd6","name":"Pavel Parfentiev","image":{"@type":"ImageObject","inLanguage":"fr-FR","@id":"https:\/\/secure.gravatar.com\/avatar\/6220d8b1b2c3ea22a39549ed43dbfc23c10c9d2ff18eaeb2efcc191b281cacc7?s=96&d=mm&r=g","url":"https:\/\/secure.gravatar.com\/avatar\/6220d8b1b2c3ea22a39549ed43dbfc23c10c9d2ff18eaeb2efcc191b281cacc7?s=96&d=mm&r=g","contentUrl":"https:\/\/secure.gravatar.com\/avatar\/6220d8b1b2c3ea22a39549ed43dbfc23c10c9d2ff18eaeb2efcc191b281cacc7?s=96&d=mm&r=g","caption":"Pavel Parfentiev"},"description":"Pavel A. Parfentiev is an independent Russian expert on family law and family policy. Over the years he has defended the natural family and the rights of parents in the public sphere, inter alia as a member of expert councils under the State Duma (Russian Parliament) committees on family issues and education. He has written a number of books on church history, as well as a monograph on Christian motifs in the works of J.R.R. Tolkien and the first Russian handbook on legal aspects of family education. Pavel is a CEO of the FamilyPolicy.Ru Advocacy Group and Chairman the Russian NGO For Family Rights. He also leads Russian language campaigns for family, life and freedom at CitizenGO.","sameAs":["https:\/\/parfentiev.ru\/"],"url":"https:\/\/ifamnews.com\/fr\/author\/pparfentiev"}]}},"amp_enabled":true,"_links":{"self":[{"href":"https:\/\/ifamnews.com\/fr\/wp-json\/wp\/v2\/posts\/179743","targetHints":{"allow":["GET"]}}],"collection":[{"href":"https:\/\/ifamnews.com\/fr\/wp-json\/wp\/v2\/posts"}],"about":[{"href":"https:\/\/ifamnews.com\/fr\/wp-json\/wp\/v2\/types\/post"}],"author":[{"embeddable":true,"href":"https:\/\/ifamnews.com\/fr\/wp-json\/wp\/v2\/users\/176"}],"replies":[{"embeddable":true,"href":"https:\/\/ifamnews.com\/fr\/wp-json\/wp\/v2\/comments?post=179743"}],"version-history":[{"count":2,"href":"https:\/\/ifamnews.com\/fr\/wp-json\/wp\/v2\/posts\/179743\/revisions"}],"predecessor-version":[{"id":179748,"href":"https:\/\/ifamnews.com\/fr\/wp-json\/wp\/v2\/posts\/179743\/revisions\/179748"}],"wp:featuredmedia":[{"embeddable":true,"href":"https:\/\/ifamnews.com\/fr\/wp-json\/wp\/v2\/media\/178258"}],"wp:attachment":[{"href":"https:\/\/ifamnews.com\/fr\/wp-json\/wp\/v2\/media?parent=179743"}],"wp:term":[{"taxonomy":"category","embeddable":true,"href":"https:\/\/ifamnews.com\/fr\/wp-json\/wp\/v2\/categories?post=179743"},{"taxonomy":"post_tag","embeddable":true,"href":"https:\/\/ifamnews.com\/fr\/wp-json\/wp\/v2\/tags?post=179743"}],"curies":[{"name":"wp","href":"https:\/\/api.w.org\/{rel}","templated":true}]}}