{"id":17848,"date":"2020-05-27T10:15:20","date_gmt":"2020-05-27T15:15:20","guid":{"rendered":"https:\/\/ifamnews.com\/?p=17848"},"modified":"2020-05-27T10:15:27","modified_gmt":"2020-05-27T15:15:27","slug":"une-veritable-heroine-pro-vie-a-quitte-ce-monde","status":"publish","type":"post","link":"https:\/\/ifamnews.com\/fr\/une-veritable-heroine-pro-vie-a-quitte-ce-monde","title":{"rendered":"Une v\u00e9ritable h\u00e9ro\u00efne pro-vie a quitt\u00e9 ce monde"},"content":{"rendered":"\n<p>Je suis triste de vous annoncer le d\u00e9c\u00e8s de Madame Birthe Lejeune, l&rsquo;\u00e9pouse de feu le Dr J\u00e9r\u00f4me Lejeune. Avec son mari, elle a d\u00e9fendu la dignit\u00e9 inh\u00e9rente et la valeur infinie des personnes atteintes de la trisomie 21, en accordant une attention particuli\u00e8re aux enfants \u00e0 na\u00eetre.<\/p>\n\n\n\n<p>L&rsquo;Organisation internationale pour la famille (IOF) est depuis longtemps profond\u00e9ment reconnaissante de l&rsquo;immense contribution de Madame Lejeune et de la Fondation J\u00e9r\u00f4me Lejeune \u00e0 la culture de la vie. En 2017, lors du <a href=\"https:\/\/profam.org\/wcf-xi-launches-worldwide-pro-family-revolution-iof-weekly\/\">XIe Congr\u00e8s mondial des familles<\/a> \u00e0 Budapest, nous avions d&rsquo;ailleurs remis le prix <em>Familia Naturalis<\/em> \u00e0 la Fondation J\u00e9r\u00f4me Lejeune.<\/p>\n\n\n\n<p>Quant \u00e0 moi, j&rsquo;avais rencontr\u00e9 pour la premi\u00e8re fois Mme Lejeune \u00e0 Washington, D.C. en octobre 2017. Elle \u00e9tait toujours aussi claire et positive dans son d\u00e9vouement \u00e0 la vie. En fait, elle respirait la vie. Malgr\u00e9 (ou peut-\u00eatre \u00e0 cause de) son \u00e2ge, elle \u00e9tait remplie de vie, anim\u00e9e dans ses discussions sur l&rsquo;importance de la collaboration entre toutes nos organisations pour cr\u00e9er une culture de la vie.<\/p>\n\n\n\n<figure class=\"wp-block-image size-large\"><img decoding=\"async\" width=\"1024\" height=\"768\" src=\"https:\/\/ifamnews.com\/wp-content\/uploads\/2020\/05\/IMG_20171019_180522-1024x768.jpg\" alt=\"\" class=\"wp-image-15990\" srcset=\"https:\/\/ifamnews.com\/wp-content\/uploads\/2020\/05\/IMG_20171019_180522-1024x768.jpg 1024w, https:\/\/ifamnews.com\/wp-content\/uploads\/2020\/05\/IMG_20171019_180522-768x576.jpg 768w, https:\/\/ifamnews.com\/wp-content\/uploads\/2020\/05\/IMG_20171019_180522-1536x1152.jpg 1536w, https:\/\/ifamnews.com\/wp-content\/uploads\/2020\/05\/IMG_20171019_180522-750x563.jpg 750w, https:\/\/ifamnews.com\/wp-content\/uploads\/2020\/05\/IMG_20171019_180522-1140x855.jpg 1140w, https:\/\/ifamnews.com\/wp-content\/uploads\/2020\/05\/IMG_20171019_180522.jpg 1600w\" sizes=\"(max-width: 1024px) 100vw, 1024px\" \/><figcaption><em>De gauche \u00e0 droite, <\/em>Marjorie Dannenfelser, Pr\u00e9sidente de Susan B. Anthony List; Diego von Stauffenberg, Directeur du d\u00e9veloppement d&rsquo;IOF; Mme Birthe Lejeune;<em> et<\/em> Brian S. Brown, Pr\u00e9sident d&rsquo;IOF, <em>lors d&rsquo;une r\u00e9ception \u00e0 Washington, D.C. en octobre 2017.<\/em><\/figcaption><\/figure>\n\n\n\n<p>En f\u00e9vrier dernier, j&rsquo;avais rejoint Tim Tebow au tout premier \u00e9v\u00e9nement de promotion <em>Night to Shine<\/em> \u00e0 Paris. M\u00eame si Madame Lejeune n&rsquo;\u00e9tait pas bien, elle avait rassembl\u00e9 toutes ses forces pour \u00eatre l\u00e0, mais, tard dans la soir\u00e9e, elle s&rsquo;est effondr\u00e9e juste devant moi. J&rsquo;ai \u00e9t\u00e9 touch\u00e9 de voir Tim Tebow commencer imm\u00e9diatement \u00e0 prier pour elle.<\/p>\n\n\n\n<p>J&rsquo;esp\u00e8re que vous vous joindrez \u00e0 IOF pour nous assurer que le merveilleux travail de la Fondation J\u00e9r\u00f4me Lejeune et de Mme Lejeune se poursuit. L&rsquo;un des plus grands d\u00e9sirs de Madame Lejeune \u00e9tait, en effet, la poursuite et l&rsquo;expansion du travail de son mari aux \u00c9tats-Unis. Elle souhaitait ardemment que la recherche scientifique de la Fondation se poursuive partout dans le monde et aux \u00c9tats-Unis en particulier. Le lancement pr\u00e9vu cette ann\u00e9e (automne 2020) d&rsquo;un centre m\u00e9dical bas\u00e9 aux \u00c9tats-Unis renforcera l&rsquo;h\u00e9ritage salvateur de Lejeune aux \u00c9tats-Unis. Vous pouvez en savoir plus sur <a href=\"https:\/\/lejeunefoundation.org\/jerome-lejeune-legacy-fund-may-2020\/\">le site web de la Fondation J\u00e9r\u00f4me Lejeune<\/a>.<\/p>\n","protected":false},"excerpt":{"rendered":"<p>En souvenir d&rsquo;une h\u00e9ro\u00efne pro-vie: In Memoriam, Birthe Lejeune &#8211; 3 f\u00e9vrier 1928 &#8211; 6 mai 2020<\/p>\n","protected":false},"author":21,"featured_media":16010,"comment_status":"open","ping_status":"open","sticky":false,"template":"","format":"standard","meta":{"give_campaign_id":0,"om_disable_all_campaigns":false,"_monsterinsights_skip_tracking":false,"_monsterinsights_sitenote_active":false,"_monsterinsights_sitenote_note":"","_monsterinsights_sitenote_category":0,"mc4wp_mailchimp_campaign":[],"jnews-multi-image_gallery":[],"jnews_single_post":{"subtitle":"En souvenir d'une h\u00e9ro\u00efne pro-vie: In Memoriam, Birthe Lejeune - 3 f\u00e9vrier 1928 - 6 mai 2020","format":"standard","video":"","gallery":"","source_name":"","source_url":"","via_name":"","via_url":"","override":[{"single_blog_custom":"","sidebar":"","second_sidebar":"","share_position":"","share_float_style":"","post_date_format":"","post_date_format_custom":"","post_reading_time_wpm":"","zoom_button_out_step":"1","zoom_button_in_step":"1","number_popup_post":"1"}],"image_override":[{"single_post_thumbnail_size":"","single_post_gallery_size":""}],"trending_post_position":"","trending_post_label":""},"jnews_primary_category":{"id":""},"jnews_social_meta":{"fb_title":"","fb_description":"","fb_image":"","twitter_title":"","twitter_description":"","twitter_image":""},"jnews_override_counter":{"view_counter_number":"0","share_counter_number":"0","like_counter_number":"0","dislike_counter_number":"0"},"footnotes":""},"categories":[819],"tags":[3858,3857],"class_list":["post-17848","post","type-post","status-publish","format-standard","has-post-thumbnail","hentry","category-vie","tag-jerome-lejeune-4","tag-pro-vie"],"yoast_head":"<!-- This site is optimized with the Yoast SEO Premium plugin v25.9 (Yoast SEO v27.3) - https:\/\/yoast.com\/product\/yoast-seo-premium-wordpress\/ -->\n<title>Une v\u00e9ritable h\u00e9ro\u00efne pro-vie a quitt\u00e9 ce monde - IFN<\/title>\n<meta name=\"robots\" content=\"index, follow, max-snippet:-1, max-image-preview:large, max-video-preview:-1\" \/>\n<link rel=\"canonical\" href=\"https:\/\/ifamnews.com\/fr\/une-veritable-heroine-pro-vie-a-quitte-ce-monde\" \/>\n<meta property=\"og:locale\" content=\"fr_FR\" \/>\n<meta property=\"og:type\" content=\"article\" \/>\n<meta property=\"og:title\" content=\"Une v\u00e9ritable h\u00e9ro\u00efne pro-vie a quitt\u00e9 ce monde\" \/>\n<meta property=\"og:description\" content=\"En souvenir d&#039;une h\u00e9ro\u00efne pro-vie: In Memoriam, Birthe Lejeune - 3 f\u00e9vrier 1928 - 6 mai 2020\" \/>\n<meta property=\"og:url\" content=\"https:\/\/ifamnews.com\/fr\/une-veritable-heroine-pro-vie-a-quitte-ce-monde\" \/>\n<meta property=\"og:site_name\" content=\"IFN\" \/>\n<meta property=\"article:publisher\" content=\"https:\/\/www.facebook.com\/iFamNews\" \/>\n<meta property=\"article:author\" content=\"https:\/\/facebook.com\/brianstephenbrown\" \/>\n<meta property=\"article:published_time\" content=\"2020-05-27T15:15:20+00:00\" \/>\n<meta property=\"article:modified_time\" content=\"2020-05-27T15:15:27+00:00\" \/>\n<meta property=\"og:image\" content=\"https:\/\/ifamnews.com\/wp-content\/uploads\/2020\/05\/mdm-lejeune.png\" \/>\n\t<meta property=\"og:image:width\" content=\"1200\" \/>\n\t<meta property=\"og:image:height\" content=\"675\" \/>\n\t<meta property=\"og:image:type\" content=\"image\/png\" \/>\n<meta name=\"author\" content=\"Brian S. Brown\" \/>\n<meta name=\"twitter:card\" content=\"summary_large_image\" \/>\n<meta name=\"twitter:creator\" content=\"@https:\/\/twitter.com\/briansbrown\" \/>\n<meta name=\"twitter:site\" content=\"@iFamNewsEN\" \/>\n<meta name=\"twitter:label1\" content=\"\u00c9crit par\" \/>\n\t<meta name=\"twitter:data1\" content=\"Brian S. Brown\" \/>\n\t<meta name=\"twitter:label2\" content=\"Dur\u00e9e de lecture estim\u00e9e\" \/>\n\t<meta name=\"twitter:data2\" content=\"2 minutes\" \/>\n<!-- \/ Yoast SEO Premium plugin. -->","yoast_head_json":{"title":"Une v\u00e9ritable h\u00e9ro\u00efne pro-vie a quitt\u00e9 ce monde - IFN","robots":{"index":"index","follow":"follow","max-snippet":"max-snippet:-1","max-image-preview":"max-image-preview:large","max-video-preview":"max-video-preview:-1"},"canonical":"https:\/\/ifamnews.com\/fr\/une-veritable-heroine-pro-vie-a-quitte-ce-monde","og_locale":"fr_FR","og_type":"article","og_title":"Une v\u00e9ritable h\u00e9ro\u00efne pro-vie a quitt\u00e9 ce monde","og_description":"En souvenir d'une h\u00e9ro\u00efne pro-vie: In Memoriam, Birthe Lejeune - 3 f\u00e9vrier 1928 - 6 mai 2020","og_url":"https:\/\/ifamnews.com\/fr\/une-veritable-heroine-pro-vie-a-quitte-ce-monde","og_site_name":"IFN","article_publisher":"https:\/\/www.facebook.com\/iFamNews","article_author":"https:\/\/facebook.com\/brianstephenbrown","article_published_time":"2020-05-27T15:15:20+00:00","article_modified_time":"2020-05-27T15:15:27+00:00","og_image":[{"width":1200,"height":675,"url":"https:\/\/ifamnews.com\/wp-content\/uploads\/2020\/05\/mdm-lejeune.png","type":"image\/png"}],"author":"Brian S. Brown","twitter_card":"summary_large_image","twitter_creator":"@https:\/\/twitter.com\/briansbrown","twitter_site":"@iFamNewsEN","twitter_misc":{"\u00c9crit par":"Brian S. Brown","Dur\u00e9e de lecture estim\u00e9e":"2 minutes"},"schema":{"@context":"https:\/\/schema.org","@graph":[{"@type":"NewsArticle","@id":"https:\/\/ifamnews.com\/fr\/une-veritable-heroine-pro-vie-a-quitte-ce-monde#article","isPartOf":{"@id":"https:\/\/ifamnews.com\/fr\/une-veritable-heroine-pro-vie-a-quitte-ce-monde"},"author":{"name":"Brian S. Brown","@id":"https:\/\/ifamnews.com\/en\/#\/schema\/person\/cff6865aa0791964af7bc7248ae76d62"},"headline":"Une v\u00e9ritable h\u00e9ro\u00efne pro-vie a quitt\u00e9 ce monde","datePublished":"2020-05-27T15:15:20+00:00","dateModified":"2020-05-27T15:15:27+00:00","mainEntityOfPage":{"@id":"https:\/\/ifamnews.com\/fr\/une-veritable-heroine-pro-vie-a-quitte-ce-monde"},"wordCount":419,"commentCount":0,"publisher":{"@id":"https:\/\/ifamnews.com\/en\/#organization"},"image":{"@id":"https:\/\/ifamnews.com\/fr\/une-veritable-heroine-pro-vie-a-quitte-ce-monde#primaryimage"},"thumbnailUrl":"https:\/\/ifamnews.com\/wp-content\/uploads\/2020\/05\/mdm-lejeune.png","keywords":["J\u00e9r\u00f4me Lejeune","pro-vie"],"articleSection":["Vie"],"inLanguage":"fr-FR","potentialAction":[{"@type":"CommentAction","name":"Comment","target":["https:\/\/ifamnews.com\/fr\/une-veritable-heroine-pro-vie-a-quitte-ce-monde#respond"]}]},{"@type":"WebPage","@id":"https:\/\/ifamnews.com\/fr\/une-veritable-heroine-pro-vie-a-quitte-ce-monde","url":"https:\/\/ifamnews.com\/fr\/une-veritable-heroine-pro-vie-a-quitte-ce-monde","name":"Une v\u00e9ritable h\u00e9ro\u00efne pro-vie a quitt\u00e9 ce monde - IFN","isPartOf":{"@id":"https:\/\/ifamnews.com\/en\/#website"},"primaryImageOfPage":{"@id":"https:\/\/ifamnews.com\/fr\/une-veritable-heroine-pro-vie-a-quitte-ce-monde#primaryimage"},"image":{"@id":"https:\/\/ifamnews.com\/fr\/une-veritable-heroine-pro-vie-a-quitte-ce-monde#primaryimage"},"thumbnailUrl":"https:\/\/ifamnews.com\/wp-content\/uploads\/2020\/05\/mdm-lejeune.png","datePublished":"2020-05-27T15:15:20+00:00","dateModified":"2020-05-27T15:15:27+00:00","breadcrumb":{"@id":"https:\/\/ifamnews.com\/fr\/une-veritable-heroine-pro-vie-a-quitte-ce-monde#breadcrumb"},"inLanguage":"fr-FR","potentialAction":[{"@type":"ReadAction","target":["https:\/\/ifamnews.com\/fr\/une-veritable-heroine-pro-vie-a-quitte-ce-monde"]}]},{"@type":"ImageObject","inLanguage":"fr-FR","@id":"https:\/\/ifamnews.com\/fr\/une-veritable-heroine-pro-vie-a-quitte-ce-monde#primaryimage","url":"https:\/\/ifamnews.com\/wp-content\/uploads\/2020\/05\/mdm-lejeune.png","contentUrl":"https:\/\/ifamnews.com\/wp-content\/uploads\/2020\/05\/mdm-lejeune.png","width":1200,"height":675},{"@type":"BreadcrumbList","@id":"https:\/\/ifamnews.com\/fr\/une-veritable-heroine-pro-vie-a-quitte-ce-monde#breadcrumb","itemListElement":[{"@type":"ListItem","position":1,"name":"Home","item":"https:\/\/ifamnews.com\/de"},{"@type":"ListItem","position":2,"name":"Life","item":"https:\/\/ifamnews.com\/en\/category\/life"},{"@type":"ListItem","position":3,"name":"Une v\u00e9ritable h\u00e9ro\u00efne pro-vie a quitt\u00e9 ce monde"}]},{"@type":"WebSite","@id":"https:\/\/ifamnews.com\/en\/#website","url":"https:\/\/ifamnews.com\/en\/","name":"IFN","description":"International Family News Network","publisher":{"@id":"https:\/\/ifamnews.com\/en\/#organization"},"potentialAction":[{"@type":"SearchAction","target":{"@type":"EntryPoint","urlTemplate":"https:\/\/ifamnews.com\/en\/?s={search_term_string}"},"query-input":{"@type":"PropertyValueSpecification","valueRequired":true,"valueName":"search_term_string"}}],"inLanguage":"fr-FR"},{"@type":"Organization","@id":"https:\/\/ifamnews.com\/en\/#organization","name":"iFamNews","url":"https:\/\/ifamnews.com\/en\/","logo":{"@type":"ImageObject","inLanguage":"fr-FR","@id":"https:\/\/ifamnews.com\/en\/#\/schema\/logo\/image\/","url":"https:\/\/ifamnews.com\/wp-content\/uploads\/2020\/01\/Share-logo.png","contentUrl":"https:\/\/ifamnews.com\/wp-content\/uploads\/2020\/01\/Share-logo.png","width":200,"height":200,"caption":"iFamNews"},"image":{"@id":"https:\/\/ifamnews.com\/en\/#\/schema\/logo\/image\/"},"sameAs":["https:\/\/www.facebook.com\/iFamNews","https:\/\/x.com\/iFamNewsEN"]},{"@type":"Person","@id":"https:\/\/ifamnews.com\/en\/#\/schema\/person\/cff6865aa0791964af7bc7248ae76d62","name":"Brian S. Brown","image":{"@type":"ImageObject","inLanguage":"fr-FR","@id":"https:\/\/secure.gravatar.com\/avatar\/cf7f143f42140bd766e9884a78fbf762f7ce0ab1ad805b8d24212809dcc9a371?s=96&d=mm&r=g","url":"https:\/\/secure.gravatar.com\/avatar\/cf7f143f42140bd766e9884a78fbf762f7ce0ab1ad805b8d24212809dcc9a371?s=96&d=mm&r=g","contentUrl":"https:\/\/secure.gravatar.com\/avatar\/cf7f143f42140bd766e9884a78fbf762f7ce0ab1ad805b8d24212809dcc9a371?s=96&d=mm&r=g","caption":"Brian S. Brown"},"description":"Brian S. Brown is founder and Editor-in-Chief of International Family News. He is also president of the International Organization for the Family (IOF). Brian also serves as President of the National Organization for Marriage (NOM) after having co-founded the organization in 2007. Brian has been quoted regularly in the The Washington Post, The New York Times, The Associated Press, The Los Angeles Times, The New York Post, and almost every other major newspaper in the country. He has also regularly appeared on ABC, CBS, NBC, CNN, FOX News Channel, C-SPAN and MSNBC. An Oxford University-educated and articulate advocate for marriage, he is a sought-after speaker who has addressed hundreds of gatherings throughout the country, and internationally. Brian is a C. Phil. at UCLA in American History, earned his B.A.\/M.A. in Modern History at Oxford University, and received his B.A. in History from Whittier College. He and his wife Susan have nine young children.","sameAs":["https:\/\/profam.org","https:\/\/facebook.com\/brianstephenbrown","https:\/\/www.instagram.com\/brianstephenbrown\/","https:\/\/x.com\/https:\/\/twitter.com\/briansbrown"],"url":"https:\/\/ifamnews.com\/fr\/author\/bbrown"}]}},"amp_enabled":true,"_links":{"self":[{"href":"https:\/\/ifamnews.com\/fr\/wp-json\/wp\/v2\/posts\/17848","targetHints":{"allow":["GET"]}}],"collection":[{"href":"https:\/\/ifamnews.com\/fr\/wp-json\/wp\/v2\/posts"}],"about":[{"href":"https:\/\/ifamnews.com\/fr\/wp-json\/wp\/v2\/types\/post"}],"author":[{"embeddable":true,"href":"https:\/\/ifamnews.com\/fr\/wp-json\/wp\/v2\/users\/21"}],"replies":[{"embeddable":true,"href":"https:\/\/ifamnews.com\/fr\/wp-json\/wp\/v2\/comments?post=17848"}],"version-history":[{"count":1,"href":"https:\/\/ifamnews.com\/fr\/wp-json\/wp\/v2\/posts\/17848\/revisions"}],"predecessor-version":[{"id":17850,"href":"https:\/\/ifamnews.com\/fr\/wp-json\/wp\/v2\/posts\/17848\/revisions\/17850"}],"wp:featuredmedia":[{"embeddable":true,"href":"https:\/\/ifamnews.com\/fr\/wp-json\/wp\/v2\/media\/16010"}],"wp:attachment":[{"href":"https:\/\/ifamnews.com\/fr\/wp-json\/wp\/v2\/media?parent=17848"}],"wp:term":[{"taxonomy":"category","embeddable":true,"href":"https:\/\/ifamnews.com\/fr\/wp-json\/wp\/v2\/categories?post=17848"},{"taxonomy":"post_tag","embeddable":true,"href":"https:\/\/ifamnews.com\/fr\/wp-json\/wp\/v2\/tags?post=17848"}],"curies":[{"name":"wp","href":"https:\/\/api.w.org\/{rel}","templated":true}]}}