{"id":176268,"date":"2022-12-26T11:30:00","date_gmt":"2022-12-26T16:30:00","guid":{"rendered":"https:\/\/ifamnews.com\/?p=176268"},"modified":"2022-12-26T07:21:48","modified_gmt":"2022-12-26T12:21:48","slug":"un-demi-million-de-r-sidents-de-moins-en-serbie","status":"publish","type":"post","link":"https:\/\/ifamnews.com\/fr\/un-demi-million-de-r-sidents-de-moins-en-serbie","title":{"rendered":"UN DEMI-MILLION DE R\u00c9SIDENTS DE MOINS EN SERBIE"},"content":{"rendered":"\n<p>6 690 887 habitants vivent en R\u00e9publique de Serbie, selon les premiers r\u00e9sultats du Recensement de la population, des m\u00e9nages et des appartements de 2022 publi\u00e9s aujourd&rsquo;hui. ann\u00e9es. C&rsquo;est 6,9 %, soit 495 975 habitants de moins que lors du pr\u00e9c\u00e9dent recensement, rapporte Tanjug.<\/p>\n\n\n\n<p>Une diminution du nombre d&rsquo;habitants a \u00e9t\u00e9 enregistr\u00e9e dans toutes les r\u00e9gions (environ 10 %), sauf dans la r\u00e9gion de Belgrade, o\u00f9 le nombre d&rsquo;habitants a augment\u00e9 d&rsquo;environ 1,6 %.<\/p>\n","protected":false},"excerpt":{"rendered":"<p>Par rapport au recensement pr\u00e9c\u00e9dent, 495 975 habitants de moins vivent en Serbie que lors du recensement pr\u00e9c\u00e9dent<\/p>\n","protected":false},"author":147,"featured_media":163951,"comment_status":"open","ping_status":"open","sticky":false,"template":"","format":"standard","meta":{"give_campaign_id":0,"om_disable_all_campaigns":false,"_monsterinsights_skip_tracking":false,"_monsterinsights_sitenote_active":false,"_monsterinsights_sitenote_note":"","_monsterinsights_sitenote_category":0,"mc4wp_mailchimp_campaign":[],"jnews-multi-image_gallery":[],"jnews_single_post":{"subtitle":"Par rapport au recensement pr\u00e9c\u00e9dent, 495 975 habitants de moins vivent en Serbie que lors du recensement pr\u00e9c\u00e9dent","format":"standard","video":"","gallery":"","source_name":"","source_url":"","via_name":"","via_url":"","override_template":"0","override":[{"template":"2","single_blog_custom":"","parallax":"1","fullscreen":"1","layout":"right-sidebar-narrow","sidebar":"default-sidebar","second_sidebar":"default-sidebar","sticky_sidebar":"1","share_position":"float","share_float_style":"share-normal","show_share_counter":"1","show_view_counter":"1","show_featured":"1","show_post_meta":"1","show_post_author":"1","show_post_author_image":"1","show_post_date":"1","post_date_format":"default","post_date_format_custom":"Y\/m\/d","show_post_category":"1","show_post_reading_time":"1","post_reading_time_wpm":"300","show_zoom_button":"0","zoom_button_out_step":"2","zoom_button_in_step":"3","show_post_tag":"1","show_prev_next_post":"0","show_popup_post":"0","number_popup_post":"1","show_author_box":"1","show_post_related":"0","show_inline_post_related":"0"}],"override_image_size":"0","image_override":[{"single_post_thumbnail_size":"crop-715","single_post_gallery_size":"crop-715"}],"trending_post":"0","trending_post_position":"meta","trending_post_label":"Trending","sponsored_post":"0","sponsored_post_label":"Sponsored by","sponsored_post_name":"","sponsored_post_url":"","sponsored_post_logo_enable":"0","sponsored_post_logo":"","sponsored_post_desc":"","disable_ad":"0"},"jnews_primary_category":{"id":"819"},"jnews_social_meta":{"fb_title":"","fb_description":"","fb_image":"","twitter_title":"","twitter_description":"","twitter_image":""},"jnews_override_counter":{"override_view_counter":"0","view_counter_number":"0","override_share_counter":"0","share_counter_number":"0","override_like_counter":"0","like_counter_number":"0","override_dislike_counter":"0","dislike_counter_number":"0"},"footnotes":""},"categories":[809,819],"tags":[22266,22265,22267,22268,22269],"class_list":["post-176268","post","type-post","status-publish","format-standard","has-post-thumbnail","hentry","category-foreground-fr","category-vie","tag-demographie-fr","tag-hiver-demographique-fr-2","tag-liste-de-la-serbie","tag-migrations-fr","tag-population-fr-2"],"yoast_head":"<!-- This site is optimized with the Yoast SEO Premium plugin v25.9 (Yoast SEO v27.3) - https:\/\/yoast.com\/product\/yoast-seo-premium-wordpress\/ -->\n<title>UN DEMI-MILLION DE R\u00c9SIDENTS DE MOINS EN SERBIE - IFN<\/title>\n<meta name=\"description\" content=\"Par rapport au recensement pr\u00e9c\u00e9dent, 495 975 habitants de moins vivent en Serbie que lors du recensement pr\u00e9c\u00e9dent\" \/>\n<meta name=\"robots\" content=\"index, follow, max-snippet:-1, max-image-preview:large, max-video-preview:-1\" \/>\n<link rel=\"canonical\" href=\"https:\/\/ifamnews.com\/fr\/un-demi-million-de-r-sidents-de-moins-en-serbie\" \/>\n<meta property=\"og:locale\" content=\"fr_FR\" \/>\n<meta property=\"og:type\" content=\"article\" \/>\n<meta property=\"og:title\" content=\"UN DEMI-MILLION DE R\u00c9SIDENTS DE MOINS EN SERBIE\" \/>\n<meta property=\"og:description\" content=\"Par rapport au recensement pr\u00e9c\u00e9dent, 495 975 habitants de moins vivent en Serbie que lors du recensement pr\u00e9c\u00e9dent\" \/>\n<meta property=\"og:url\" content=\"https:\/\/ifamnews.com\/fr\/un-demi-million-de-r-sidents-de-moins-en-serbie\" \/>\n<meta property=\"og:site_name\" content=\"IFN\" \/>\n<meta property=\"article:publisher\" content=\"https:\/\/www.facebook.com\/iFamNews\" \/>\n<meta property=\"article:author\" content=\"https:\/\/www.facebook.com\/iFamNews\/\" \/>\n<meta property=\"article:published_time\" content=\"2022-12-26T16:30:00+00:00\" \/>\n<meta property=\"og:image\" content=\"https:\/\/ifamnews.com\/wp-content\/uploads\/2022\/10\/Popis-Srbija.png\" \/>\n\t<meta property=\"og:image:width\" content=\"1200\" \/>\n\t<meta property=\"og:image:height\" content=\"801\" \/>\n\t<meta property=\"og:image:type\" content=\"image\/png\" \/>\n<meta name=\"author\" content=\"iFamNews Serbia\" \/>\n<meta name=\"twitter:card\" content=\"summary_large_image\" \/>\n<meta name=\"twitter:creator\" content=\"@https:\/\/twitter.com\/ifamnewsrs\/\" \/>\n<meta name=\"twitter:site\" content=\"@iFamNewsEN\" \/>\n<meta name=\"twitter:label1\" content=\"\u00c9crit par\" \/>\n\t<meta name=\"twitter:data1\" content=\"IFN Serbie\" \/>\n\t<meta name=\"twitter:label2\" content=\"Dur\u00e9e de lecture estim\u00e9e\" \/>\n\t<meta name=\"twitter:data2\" content=\"1 minute\" \/>\n<!-- \/ Yoast SEO Premium plugin. -->","yoast_head_json":{"title":"UN DEMI-MILLION DE R\u00c9SIDENTS DE MOINS EN SERBIE - IFN","description":"Par rapport au recensement pr\u00e9c\u00e9dent, 495 975 habitants de moins vivent en Serbie que lors du recensement pr\u00e9c\u00e9dent","robots":{"index":"index","follow":"follow","max-snippet":"max-snippet:-1","max-image-preview":"max-image-preview:large","max-video-preview":"max-video-preview:-1"},"canonical":"https:\/\/ifamnews.com\/fr\/un-demi-million-de-r-sidents-de-moins-en-serbie","og_locale":"fr_FR","og_type":"article","og_title":"UN DEMI-MILLION DE R\u00c9SIDENTS DE MOINS EN SERBIE","og_description":"Par rapport au recensement pr\u00e9c\u00e9dent, 495 975 habitants de moins vivent en Serbie que lors du recensement pr\u00e9c\u00e9dent","og_url":"https:\/\/ifamnews.com\/fr\/un-demi-million-de-r-sidents-de-moins-en-serbie","og_site_name":"IFN","article_publisher":"https:\/\/www.facebook.com\/iFamNews","article_author":"https:\/\/www.facebook.com\/iFamNews\/","article_published_time":"2022-12-26T16:30:00+00:00","og_image":[{"width":1200,"height":801,"url":"https:\/\/ifamnews.com\/wp-content\/uploads\/2022\/10\/Popis-Srbija.png","type":"image\/png"}],"author":"iFamNews Serbia","twitter_card":"summary_large_image","twitter_creator":"@https:\/\/twitter.com\/ifamnewsrs\/","twitter_site":"@iFamNewsEN","twitter_misc":{"\u00c9crit par":"IFN Serbie","Dur\u00e9e de lecture estim\u00e9e":"1 minute"},"schema":{"@context":"https:\/\/schema.org","@graph":[{"@type":"NewsArticle","@id":"https:\/\/ifamnews.com\/fr\/un-demi-million-de-r-sidents-de-moins-en-serbie#article","isPartOf":{"@id":"https:\/\/ifamnews.com\/fr\/un-demi-million-de-r-sidents-de-moins-en-serbie"},"author":{"name":"iFamNews Serbia","@id":"https:\/\/ifamnews.com\/en\/#\/schema\/person\/38b9f44fbc0a98257b4be4a648a4c6c7"},"headline":"UN DEMI-MILLION DE R\u00c9SIDENTS DE MOINS EN SERBIE","datePublished":"2022-12-26T16:30:00+00:00","mainEntityOfPage":{"@id":"https:\/\/ifamnews.com\/fr\/un-demi-million-de-r-sidents-de-moins-en-serbie"},"wordCount":86,"commentCount":0,"publisher":{"@id":"https:\/\/ifamnews.com\/en\/#organization"},"image":{"@id":"https:\/\/ifamnews.com\/fr\/un-demi-million-de-r-sidents-de-moins-en-serbie#primaryimage"},"thumbnailUrl":"https:\/\/ifamnews.com\/wp-content\/uploads\/2022\/10\/Popis-Srbija.png","keywords":["d\u00e9mographie","hiver d\u00e9mographique","Liste de la Serbie","migrations","population"],"articleSection":["Foreground","Vie"],"inLanguage":"fr-FR","potentialAction":[{"@type":"CommentAction","name":"Comment","target":["https:\/\/ifamnews.com\/fr\/un-demi-million-de-r-sidents-de-moins-en-serbie#respond"]}]},{"@type":"WebPage","@id":"https:\/\/ifamnews.com\/fr\/un-demi-million-de-r-sidents-de-moins-en-serbie","url":"https:\/\/ifamnews.com\/fr\/un-demi-million-de-r-sidents-de-moins-en-serbie","name":"UN DEMI-MILLION DE R\u00c9SIDENTS DE MOINS EN SERBIE - IFN","isPartOf":{"@id":"https:\/\/ifamnews.com\/en\/#website"},"primaryImageOfPage":{"@id":"https:\/\/ifamnews.com\/fr\/un-demi-million-de-r-sidents-de-moins-en-serbie#primaryimage"},"image":{"@id":"https:\/\/ifamnews.com\/fr\/un-demi-million-de-r-sidents-de-moins-en-serbie#primaryimage"},"thumbnailUrl":"https:\/\/ifamnews.com\/wp-content\/uploads\/2022\/10\/Popis-Srbija.png","datePublished":"2022-12-26T16:30:00+00:00","description":"Par rapport au recensement pr\u00e9c\u00e9dent, 495 975 habitants de moins vivent en Serbie que lors du recensement pr\u00e9c\u00e9dent","breadcrumb":{"@id":"https:\/\/ifamnews.com\/fr\/un-demi-million-de-r-sidents-de-moins-en-serbie#breadcrumb"},"inLanguage":"fr-FR","potentialAction":[{"@type":"ReadAction","target":["https:\/\/ifamnews.com\/fr\/un-demi-million-de-r-sidents-de-moins-en-serbie"]}]},{"@type":"ImageObject","inLanguage":"fr-FR","@id":"https:\/\/ifamnews.com\/fr\/un-demi-million-de-r-sidents-de-moins-en-serbie#primaryimage","url":"https:\/\/ifamnews.com\/wp-content\/uploads\/2022\/10\/Popis-Srbija.png","contentUrl":"https:\/\/ifamnews.com\/wp-content\/uploads\/2022\/10\/Popis-Srbija.png","width":1200,"height":801,"caption":"photo&nbsp;: illustration"},{"@type":"BreadcrumbList","@id":"https:\/\/ifamnews.com\/fr\/un-demi-million-de-r-sidents-de-moins-en-serbie#breadcrumb","itemListElement":[{"@type":"ListItem","position":1,"name":"Home","item":"https:\/\/ifamnews.com\/de"},{"@type":"ListItem","position":2,"name":"Life","item":"https:\/\/ifamnews.com\/en\/category\/life"},{"@type":"ListItem","position":3,"name":"UN DEMI-MILLION DE R\u00c9SIDENTS DE MOINS EN SERBIE"}]},{"@type":"WebSite","@id":"https:\/\/ifamnews.com\/en\/#website","url":"https:\/\/ifamnews.com\/en\/","name":"IFN","description":"International Family News Network","publisher":{"@id":"https:\/\/ifamnews.com\/en\/#organization"},"potentialAction":[{"@type":"SearchAction","target":{"@type":"EntryPoint","urlTemplate":"https:\/\/ifamnews.com\/en\/?s={search_term_string}"},"query-input":{"@type":"PropertyValueSpecification","valueRequired":true,"valueName":"search_term_string"}}],"inLanguage":"fr-FR"},{"@type":"Organization","@id":"https:\/\/ifamnews.com\/en\/#organization","name":"iFamNews","url":"https:\/\/ifamnews.com\/en\/","logo":{"@type":"ImageObject","inLanguage":"fr-FR","@id":"https:\/\/ifamnews.com\/en\/#\/schema\/logo\/image\/","url":"https:\/\/ifamnews.com\/wp-content\/uploads\/2020\/01\/Share-logo.png","contentUrl":"https:\/\/ifamnews.com\/wp-content\/uploads\/2020\/01\/Share-logo.png","width":200,"height":200,"caption":"iFamNews"},"image":{"@id":"https:\/\/ifamnews.com\/en\/#\/schema\/logo\/image\/"},"sameAs":["https:\/\/www.facebook.com\/iFamNews","https:\/\/x.com\/iFamNewsEN"]},{"@type":"Person","@id":"https:\/\/ifamnews.com\/en\/#\/schema\/person\/38b9f44fbc0a98257b4be4a648a4c6c7","name":"iFamNews Serbia","image":{"@type":"ImageObject","inLanguage":"fr-FR","@id":"https:\/\/secure.gravatar.com\/avatar\/99ffa49a21d431d6aeee0715754531add434e23f2be9343a3a657079223070ee?s=96&d=mm&r=g","url":"https:\/\/secure.gravatar.com\/avatar\/99ffa49a21d431d6aeee0715754531add434e23f2be9343a3a657079223070ee?s=96&d=mm&r=g","contentUrl":"https:\/\/secure.gravatar.com\/avatar\/99ffa49a21d431d6aeee0715754531add434e23f2be9343a3a657079223070ee?s=96&d=mm&r=g","caption":"iFamNews Serbia"},"description":"Articles published by the Serbian iFamNews editorial team.","sameAs":["https:\/\/ifamnews.com\/sr","https:\/\/www.facebook.com\/iFamNews\/","https:\/\/x.com\/https:\/\/twitter.com\/ifamnewsrs\/","https:\/\/www.youtube.com\/channel\/UCsaU2Y6NFHzMOlJNpDK62dw"],"url":"https:\/\/ifamnews.com\/fr\/author\/redakcija"}]}},"amp_enabled":true,"_links":{"self":[{"href":"https:\/\/ifamnews.com\/fr\/wp-json\/wp\/v2\/posts\/176268","targetHints":{"allow":["GET"]}}],"collection":[{"href":"https:\/\/ifamnews.com\/fr\/wp-json\/wp\/v2\/posts"}],"about":[{"href":"https:\/\/ifamnews.com\/fr\/wp-json\/wp\/v2\/types\/post"}],"author":[{"embeddable":true,"href":"https:\/\/ifamnews.com\/fr\/wp-json\/wp\/v2\/users\/147"}],"replies":[{"embeddable":true,"href":"https:\/\/ifamnews.com\/fr\/wp-json\/wp\/v2\/comments?post=176268"}],"version-history":[{"count":2,"href":"https:\/\/ifamnews.com\/fr\/wp-json\/wp\/v2\/posts\/176268\/revisions"}],"predecessor-version":[{"id":176511,"href":"https:\/\/ifamnews.com\/fr\/wp-json\/wp\/v2\/posts\/176268\/revisions\/176511"}],"wp:featuredmedia":[{"embeddable":true,"href":"https:\/\/ifamnews.com\/fr\/wp-json\/wp\/v2\/media\/163951"}],"wp:attachment":[{"href":"https:\/\/ifamnews.com\/fr\/wp-json\/wp\/v2\/media?parent=176268"}],"wp:term":[{"taxonomy":"category","embeddable":true,"href":"https:\/\/ifamnews.com\/fr\/wp-json\/wp\/v2\/categories?post=176268"},{"taxonomy":"post_tag","embeddable":true,"href":"https:\/\/ifamnews.com\/fr\/wp-json\/wp\/v2\/tags?post=176268"}],"curies":[{"name":"wp","href":"https:\/\/api.w.org\/{rel}","templated":true}]}}