{"id":175100,"date":"2022-12-14T11:33:43","date_gmt":"2022-12-14T16:33:43","guid":{"rendered":"https:\/\/ifamnews.com\/?p=175100"},"modified":"2022-12-14T12:45:32","modified_gmt":"2022-12-14T17:45:32","slug":"les-b-b-s-avort-s-souffrent","status":"publish","type":"post","link":"https:\/\/ifamnews.com\/fr\/les-b-b-s-avort-s-souffrent","title":{"rendered":"Les b\u00e9b\u00e9s avort\u00e9s souffrent"},"content":{"rendered":"<p>Le b\u00e9b\u00e9 dans le ventre de sa m\u00e8re ressent-il la douleur ? Si oui, comment la ressent-il et \u00e0 partir de quel moment du d\u00e9veloppement ? R\u00e9cemment, le quotidien \u00e9conomique national italien <em>Il Sole-24Ore<\/em> (23 oct 2022) est revenu sur cette question, en r\u00e9fl\u00e9chissant \u00e0 la vie intra-ut\u00e9rine vue du point de vue de l&rsquo;enfant en pleine croissance qui est un participant actif, surtout dans la seconde moiti\u00e9 de la p\u00e9riode gestationnelle. <a href=\"https:\/\/www.gonews.it\/2022\/08\/30\/il-neonatologo-carlo-bellieni-tra-gli-esperti-mondiali-per-gli-studi-sul-dolore\/\" target=\"_blank\" rel=\"noreferrer noopener\">Carlo Bellieni<\/a>, p\u00e9diatre et n\u00e9onatologiste \u00e0 l&rsquo;Universit\u00e9 de Sienne et l&rsquo;un des principaux experts mondiaux pr\u00e9cis\u00e9ment sur la douleur pr\u00e9natale, a r\u00e9pondu aux questions importantes sur le sujet.<\/p>\n<p><!-- \/wp:post-content --><\/p>\n<p><!-- wp:paragraph --><\/p>\n<p><strong>Y a-t-il un moment \u00e0 partir duquel nous pouvons dire avec certitude que le f\u0153tus per\u00e7oit des sensations semblables \u00e0 la douleur lorsqu&rsquo;il est stimul\u00e9 ? Existe-t-il des preuves de cela ?<\/strong><\/p>\n<p><!-- \/wp:paragraph --><\/p>\n<p><!-- wp:paragraph --><\/p>\n<p>Il y a des \u00e9tudes faites sur des f\u0153tus tr\u00e8s t\u00f4t n\u00e9s qui montrent la pr\u00e9sence de r\u00e9actions. Mais m\u00eame sur des f\u0153tus non encore n\u00e9s, la perception de la douleur a \u00e9t\u00e9 constat\u00e9e, et pas seulement : la capacit\u00e9 <a href=\"https:\/\/journals.plos.org\/plosone\/article?id=10.1371\/journal.pone.0129118\" target=\"_blank\" rel=\"noreferrer noopener\">de percevoir les sons<\/a>, les odeurs, les go\u00fbts appara\u00eet \u00e9galement dans la seconde moiti\u00e9 de la grossesse. Une grossesse humaine dure g\u00e9n\u00e9ralement 40 semaines. C&rsquo;est au cours des semaines 20 \u00e0 22 que la capacit\u00e9 \u00e0 ressentir la douleur commence. Les premiers \u00e0 avoir observ\u00e9 le ph\u00e9nom\u00e8ne sont les sp\u00e9cialistes <a href=\"https:\/\/www.proquest.com\/openview\/fc0b3f03afddeb32f1658bdfbe66605f\/1?pq-origsite=gscholar&amp;cbl=26891.\" target=\"_blank\" rel=\"noreferrer noopener\">John Fisk et Vivette Glover<\/a> qui travaillaient dans une \u00e9quipe de l&rsquo;Imperial College de Londres : ils ont not\u00e9 comment le f\u0153tus r\u00e9agissait lors de transfusions donn\u00e9es in utero. Une injection donn\u00e9e autour de la 20e semaine de sa vie intra-ut\u00e9rine a provoqu\u00e9 une augmentation des hormones de stress chez le f\u0153tus. Fisk et Glover ont \u00e9galement essay\u00e9 d&rsquo;administrer des anesth\u00e9siques (morphine) au f\u0153tus avant de lui faire la piq\u00fbre, et dans ce cas, ils ont observ\u00e9 que les niveaux d&rsquo;hormones ne changeaient pas Par cons\u00e9quent, la r\u00e9action initialement observ\u00e9e \u00e9tait bien une r\u00e9action \u00e0 la douleur. Depuis lors, il est possible d&rsquo;op\u00e9rer le f\u0153tus en lui administrant des anesth\u00e9siques et des analg\u00e9siques pour soulager la douleur. Et pas tant pour des raisons \u00e9thiques ou religieuses, mais parce que c&rsquo;est une bonne pratique m\u00e9dicale que d&rsquo;utiliser des anesth\u00e9siants.<\/p>\n<p><!-- \/wp:paragraph --><\/p>\n<p><!-- wp:paragraph --><\/p>\n<p><a href=\"https:\/\/www.ilpost.it\/2021\/12\/01\/stati-uniti-aborto-mississippi\/\" target=\"_blank\" rel=\"noreferrer noopener\"><strong>Les avocats du Mississippi<\/strong><\/a><strong> ont demand\u00e9 \u00e0 la Cour supr\u00eame f\u00e9d\u00e9rale d&rsquo;intervenir parce que le f\u0153tus, apr\u00e8s 12 semaines de vie intra-ut\u00e9rine, est capable de ressentir la douleur.<\/strong><!-- \/wp:paragraph --><\/p>\n<p><!-- wp:paragraph --><\/p>\n<p>Ce fait n&rsquo;est pas encore totalement document\u00e9. Il est difficile de parler de la douleur avant que le b\u00e9b\u00e9 ait 20 semaines car son thalamus n&rsquo;est pas encore compl\u00e8tement d\u00e9velopp\u00e9, qui est la structure \u00e0 la base du cerveau qui sert pr\u00e9cis\u00e9ment \u00e0 percevoir et \u00e0 organiser la douleur. Pour percevoir la douleur, cependant, il n&rsquo;est pas n\u00e9cessaire d&rsquo;avoir un cortex c\u00e9r\u00e9bral bien d\u00e9velopp\u00e9, et ce pour trois raisons. Premi\u00e8rement, m\u00eame les b\u00e9b\u00e9s n\u00e9s avec une anenc\u00e9phalie ressentent des sensations douloureuses. Deuxi\u00e8mement, les sensations douloureuses sont ressenties m\u00eame par les enfants qui pr\u00e9sentent des l\u00e9sions c\u00e9r\u00e9brales graves au niveau du cortex. Troisi\u00e8mement, le cortex est une structure qui se forme progressivement. Il commence \u00e0 se former avant la 24<sup>e<\/sup> semaine et continuera \u00e0 se former pendant tout le reste de la grossesse, et m\u00eame apr\u00e8s. Malheureusement, certains continuent \u00e0 affirmer, \u00e0 tort, que les nourrissons ne ressentent pas la douleur parce qu&rsquo;ils n&rsquo;ont pas encore d\u00e9velopp\u00e9 leur cortex c\u00e9r\u00e9bral. Il arrive donc qu&rsquo;ils ne re\u00e7oivent pas les analg\u00e9siques qui leur sont dus, ce qui est inacceptable. Dans les ann\u00e9es 1990, des op\u00e9rations chirurgicales \u00e9taient souvent pratiqu\u00e9es sur des nouveau-n\u00e9s sans anesth\u00e9sie ad\u00e9quate et en temps voulu. <a href=\"https:\/\/pubmed.ncbi.nlm.nih.gov\/23548489\/\" target=\"_blank\" rel=\"noreferrer noopener\">La litt\u00e9rature scientifique<\/a> fait \u00e9tat de cas fr\u00e9quents d&rsquo;anesth\u00e9sistes pour lesquels l&rsquo;absence de cortex c\u00e9r\u00e9bral d\u00e9velopp\u00e9 aurait emp\u00each\u00e9 la perception de la douleur, de sorte que les nourrissons ne recevaient que du curare (un agent paralysant) pour qu&rsquo;ils restent immobiles avant et pendant l&rsquo;op\u00e9ration. L&rsquo;un des principaux sp\u00e9cialistes de la douleur infantile, <a href=\"https:\/\/biox.stanford.edu\/people\/kanwaljeet-anand\" target=\"_blank\" rel=\"noreferrer noopener\">Sunny Anand<\/a>, a document\u00e9 <a href=\"http:\/\/www.cirp.org\/library\/pain\/anand\/\" target=\"_blank\" rel=\"noreferrer noopener\">les graves dommages c\u00e9r\u00e9braux<\/a> qui \u00e9taient ainsi caus\u00e9s aux enfants op\u00e9r\u00e9s sans anesth\u00e9sie. En effet, la douleur provoque des pouss\u00e9es de tension art\u00e9rielle et stimule la production de substances toxiques qui provoquent des l\u00e9sions c\u00e9r\u00e9brales.<\/p>\n<p><!-- \/wp:paragraph --><\/p>\n<p><!-- wp:paragraph --><\/p>\n<p><strong>Le f\u0153tus se souvient-il de ce qui se passe autour de lui ? <\/strong><!-- \/wp:paragraph --><\/p>\n<p><!-- wp:paragraph --><\/p>\n<p>Bien s\u00fbr, il existe une m\u00e9moire f\u0153tale. Elle survient toujours dans la seconde moiti\u00e9 de sa vie intra-ut\u00e9rine, lorsque les structures d\u00e9put\u00e9es pour recevoir les stimuli ext\u00e9rieurs se sont d\u00e9velopp\u00e9es et que le f\u0153tus peut les enregistrer, en gardant le souvenir apr\u00e8s la naissance. Il est bien connu que les go\u00fbts alimentaires d&rsquo;une personne se forment avant la naissance, en fonction des aliments que la m\u00e8re absorbe, les transmettant au b\u00e9b\u00e9 dans son ventre par le biais du liquide amniotique que le b\u00e9b\u00e9 suce avidement. On s&rsquo;habitue donc \u00e0 certaines saveurs, bonnes ou mauvaises. Mauvaises, si, par exemple, la m\u00e8re est fumeuse. L&rsquo;enfant se souviendra de ces donn\u00e9es tout comme il se souviendra de la voix de sa m\u00e8re.<\/p>\n<p><!-- \/wp:paragraph --><\/p>\n<p><!-- wp:paragraph --><\/p>\n<p><strong>Insister sur le fait que le f\u0153tus per\u00e7oit ou non la douleur a des implications importantes dans un pays f\u00e9d\u00e9ral, comme les \u00c9tats-Unis, o\u00f9 il est possible dans certains cas d&rsquo;avorter jusqu&rsquo;au terme de la grossesse.<\/strong><\/p>\n<p>Dans le cas d&rsquo;une grossesse, il est possible d&rsquo;avorter jusqu&rsquo;au terme de la grossesse.<br \/><!-- \/wp:paragraph --><\/p>\n<p><!-- wp:paragraph --><\/p>\n<p>Il est clair que supprimer une vie qui ne ressent pas la douleur est per\u00e7u comme moins d\u00e9sagr\u00e9able que le contraire ; par cons\u00e9quent, certains n&rsquo;aiment pas souligner la capacit\u00e9 du b\u00e9b\u00e9 dans le ventre de sa m\u00e8re \u00e0 ressentir la douleur. La loi am\u00e9ricaine stipule que m\u00eame la peine de mort doit \u00eatre administr\u00e9e en \u00e9vitant de g\u00e9n\u00e9rer de la souffrance chez le condamn\u00e9. Une maigre consolation, certes. Et pourtant, le b\u00e9b\u00e9 dans le ventre de sa m\u00e8re ressent tr\u00e8s fortement la douleur. De quelle mani\u00e8re, nous ne le savons pas encore pr\u00e9cis\u00e9ment : il s&rsquo;agit peut-\u00eatre d&rsquo;un sentiment diff\u00e9rent de celui d&rsquo;un adulte n\u00e9, mais c&rsquo;est toujours de la douleur.<\/p>\n\n<p>Le b\u00e9b\u00e9 dans le ventre de sa m\u00e8re ressent-il la douleur ? Si oui, comment la ressent-il et \u00e0 partir de quel moment du d\u00e9veloppement ? R\u00e9cemment, le quotidien \u00e9conomique national italien <em>Il Sole-24Ore<\/em> (23 oct 2022) est revenu sur cette question, en r\u00e9fl\u00e9chissant \u00e0 la vie intra-ut\u00e9rine vue du point de vue de l&rsquo;enfant en pleine croissance qui est un participant actif, surtout dans la seconde moiti\u00e9 de la p\u00e9riode gestationnelle. <a href=\"https:\/\/www.gonews.it\/2022\/08\/30\/il-neonatologo-carlo-bellieni-tra-gli-esperti-mondiali-per-gli-studi-sul-dolore\/\" target=\"_blank\" rel=\"noreferrer noopener\">Carlo Bellieni<\/a>, p\u00e9diatre et n\u00e9onatologiste \u00e0 l&rsquo;Universit\u00e9 de Sienne et l&rsquo;un des principaux experts mondiaux pr\u00e9cis\u00e9ment sur la douleur pr\u00e9natale, a r\u00e9pondu aux questions importantes sur le sujet.<\/p>\n<p><!-- \/wp:paragraph --><\/p>\n<p><!-- wp:paragraph --><\/p>\n<p><strong>Y a-t-il un moment \u00e0 partir duquel nous pouvons dire avec certitude que le f\u0153tus per\u00e7oit des sensations semblables \u00e0 la douleur lorsqu&rsquo;il est stimul\u00e9 ? Existe-t-il des preuves de cela ?<\/strong><\/p>\n<p><!-- \/wp:paragraph --><\/p>\n<p><!-- wp:paragraph --><\/p>\n<p>Il y a des \u00e9tudes faites sur des f\u0153tus tr\u00e8s t\u00f4t n\u00e9s qui montrent la pr\u00e9sence de r\u00e9actions. Mais m\u00eame sur des f\u0153tus non encore n\u00e9s, la perception de la douleur a \u00e9t\u00e9 constat\u00e9e, et pas seulement : la capacit\u00e9 <a href=\"https:\/\/journals.plos.org\/plosone\/article?id=10.1371\/journal.pone.0129118\" target=\"_blank\" rel=\"noreferrer noopener\">de percevoir les sons<\/a>, les odeurs, les go\u00fbts appara\u00eet \u00e9galement dans la seconde moiti\u00e9 de la grossesse. Une grossesse humaine dure g\u00e9n\u00e9ralement 40 semaines. C&rsquo;est au cours des semaines 20 \u00e0 22 que la capacit\u00e9 \u00e0 ressentir la douleur commence. Les premiers \u00e0 avoir observ\u00e9 le ph\u00e9nom\u00e8ne sont les sp\u00e9cialistes <a href=\"https:\/\/www.proquest.com\/openview\/fc0b3f03afddeb32f1658bdfbe66605f\/1?pq-origsite=gscholar&amp;cbl=26891.\" target=\"_blank\" rel=\"noreferrer noopener\">John Fisk et Vivette Glover<\/a> qui travaillaient dans une \u00e9quipe de l&rsquo;Imperial College de Londres : ils ont not\u00e9 comment le f\u0153tus r\u00e9agissait lors de transfusions donn\u00e9es in utero. Une injection donn\u00e9e autour de la 20e semaine de sa vie intra-ut\u00e9rine a provoqu\u00e9 une augmentation des hormones de stress chez le f\u0153tus. Fisk et Glover ont \u00e9galement essay\u00e9 d&rsquo;administrer des anesth\u00e9siques (morphine) au f\u0153tus avant de lui faire la piq\u00fbre, et dans ce cas, ils ont observ\u00e9 que les niveaux d&rsquo;hormones ne changeaient pas Par cons\u00e9quent, la r\u00e9action initialement observ\u00e9e \u00e9tait bien une r\u00e9action \u00e0 la douleur. Depuis lors, il est possible d&rsquo;op\u00e9rer le f\u0153tus en lui administrant des anesth\u00e9siques et des analg\u00e9siques pour soulager la douleur. Et pas tant pour des raisons \u00e9thiques ou religieuses, mais parce que c&rsquo;est une bonne pratique m\u00e9dicale que d&rsquo;utiliser des anesth\u00e9siants.<\/p>\n<p><!-- \/wp:paragraph --><\/p>\n<p><!-- wp:paragraph --><\/p>\n<p><a href=\"https:\/\/www.ilpost.it\/2021\/12\/01\/stati-uniti-aborto-mississippi\/\" target=\"_blank\" rel=\"noreferrer noopener\"><strong>Les avocats du Mississippi<\/strong><\/a><strong> ont demand\u00e9 \u00e0 la Cour supr\u00eame f\u00e9d\u00e9rale d&rsquo;intervenir parce que le f\u0153tus, apr\u00e8s 12 semaines de vie intra-ut\u00e9rine, est capable de ressentir la douleur.<\/strong><!-- \/wp:paragraph --><\/p>\n<p><!-- wp:paragraph --><\/p>\n<p>Ce fait n&rsquo;est pas encore totalement document\u00e9. Il est difficile de parler de la douleur avant que le b\u00e9b\u00e9 ait 20 semaines car son thalamus n&rsquo;est pas encore compl\u00e8tement d\u00e9velopp\u00e9, qui est la structure \u00e0 la base du cerveau qui sert pr\u00e9cis\u00e9ment \u00e0 percevoir et \u00e0 organiser la douleur. Pour percevoir la douleur, cependant, il n&rsquo;est pas n\u00e9cessaire d&rsquo;avoir un cortex c\u00e9r\u00e9bral bien d\u00e9velopp\u00e9, et ce pour trois raisons. Premi\u00e8rement, m\u00eame les b\u00e9b\u00e9s n\u00e9s avec une anenc\u00e9phalie ressentent des sensations douloureuses. Deuxi\u00e8mement, les sensations douloureuses sont ressenties m\u00eame par les enfants qui pr\u00e9sentent des l\u00e9sions c\u00e9r\u00e9brales graves au niveau du cortex. Troisi\u00e8mement, le cortex est une structure qui se forme progressivement. Il commence \u00e0 se former avant la 24<sup>e<\/sup> semaine et continuera \u00e0 se former pendant tout le reste de la grossesse, et m\u00eame apr\u00e8s. Malheureusement, certains continuent \u00e0 affirmer, \u00e0 tort, que les nourrissons ne ressentent pas la douleur parce qu&rsquo;ils n&rsquo;ont pas encore d\u00e9velopp\u00e9 leur cortex c\u00e9r\u00e9bral. Il arrive donc qu&rsquo;ils ne re\u00e7oivent pas les analg\u00e9siques qui leur sont dus, ce qui est inacceptable. Dans les ann\u00e9es 1990, des op\u00e9rations chirurgicales \u00e9taient souvent pratiqu\u00e9es sur des nouveau-n\u00e9s sans anesth\u00e9sie ad\u00e9quate et en temps voulu. <a href=\"https:\/\/pubmed.ncbi.nlm.nih.gov\/23548489\/\" target=\"_blank\" rel=\"noreferrer noopener\">La litt\u00e9rature scientifique<\/a> fait \u00e9tat de cas fr\u00e9quents d&rsquo;anesth\u00e9sistes pour lesquels l&rsquo;absence de cortex c\u00e9r\u00e9bral d\u00e9velopp\u00e9 aurait emp\u00each\u00e9 la perception de la douleur, de sorte que les nourrissons ne recevaient que du curare (un agent paralysant) pour qu&rsquo;ils restent immobiles avant et pendant l&rsquo;op\u00e9ration. L&rsquo;un des principaux sp\u00e9cialistes de la douleur infantile, <a href=\"https:\/\/biox.stanford.edu\/people\/kanwaljeet-anand\" target=\"_blank\" rel=\"noreferrer noopener\">Sunny Anand<\/a>, a document\u00e9 <a href=\"http:\/\/www.cirp.org\/library\/pain\/anand\/\" target=\"_blank\" rel=\"noreferrer noopener\">les graves dommages c\u00e9r\u00e9braux<\/a> qui \u00e9taient ainsi caus\u00e9s aux enfants op\u00e9r\u00e9s sans anesth\u00e9sie. En effet, la douleur provoque des pouss\u00e9es de tension art\u00e9rielle et stimule la production de substances toxiques qui provoquent des l\u00e9sions c\u00e9r\u00e9brales.<\/p>\n<p><!-- \/wp:paragraph --><\/p>\n<p><!-- wp:paragraph --><\/p>\n<p><strong>Le f\u0153tus se souvient-il de ce qui se passe autour de lui ? <\/strong><!-- \/wp:paragraph --><\/p>\n<p><!-- wp:paragraph --><\/p>\n<p>Bien s\u00fbr, il existe une m\u00e9moire f\u0153tale. Elle survient toujours dans la seconde moiti\u00e9 de sa vie intra-ut\u00e9rine, lorsque les structures d\u00e9put\u00e9es pour recevoir les stimuli ext\u00e9rieurs se sont d\u00e9velopp\u00e9es et que le f\u0153tus peut les enregistrer, en gardant le souvenir apr\u00e8s la naissance. Il est bien connu que les go\u00fbts alimentaires d&rsquo;une personne se forment avant la naissance, en fonction des aliments que la m\u00e8re absorbe, les transmettant au b\u00e9b\u00e9 dans son ventre par le biais du liquide amniotique que le b\u00e9b\u00e9 suce avidement. On s&rsquo;habitue donc \u00e0 certaines saveurs, bonnes ou mauvaises. Mauvaises, si, par exemple, la m\u00e8re est fumeuse. L&rsquo;enfant se souviendra de ces donn\u00e9es tout comme il se souviendra de la voix de sa m\u00e8re.<\/p>\n<p><!-- \/wp:paragraph --><\/p>\n<p><!-- wp:paragraph --><\/p>\n<p><strong>Insister sur le fait que le f\u0153tus per\u00e7oit ou non la douleur a des implications importantes dans un pays f\u00e9d\u00e9ral, comme les \u00c9tats-Unis, o\u00f9 il est possible dans certains cas d&rsquo;avorter jusqu&rsquo;au terme de la grossesse.<\/strong><\/p>\n<p>Dans le cas d&rsquo;une grossesse, il est possible d&rsquo;avorter jusqu&rsquo;au terme de la grossesse.<br \/><!-- \/wp:paragraph --><\/p>\n<p><!-- wp:paragraph --><\/p>\n<p>Il est clair que supprimer une vie qui ne ressent pas la douleur est per\u00e7u comme moins d\u00e9sagr\u00e9able que le contraire ; par cons\u00e9quent, certains n&rsquo;aiment pas souligner la capacit\u00e9 du b\u00e9b\u00e9 dans le ventre de sa m\u00e8re \u00e0 ressentir la douleur. La loi am\u00e9ricaine stipule que m\u00eame la peine de mort doit \u00eatre administr\u00e9e en \u00e9vitant de g\u00e9n\u00e9rer de la souffrance chez le condamn\u00e9. Une maigre consolation, certes. Et pourtant, le b\u00e9b\u00e9 dans le ventre de sa m\u00e8re ressent tr\u00e8s fortement la douleur. De quelle mani\u00e8re, nous ne le savons pas encore pr\u00e9cis\u00e9ment : il s&rsquo;agit peut-\u00eatre d&rsquo;un sentiment diff\u00e9rent de celui d&rsquo;un adulte n\u00e9, mais c&rsquo;est toujours de la douleur.<\/p>","protected":false},"excerpt":{"rendered":"<p>Dire le contraire est un mensonge pour justifier l&rsquo;avortement une fois de plus. C&rsquo;est ce qu&rsquo;explique Carlo Bellieni, excellence italienne en n\u00e9onatologie<\/p>\n","protected":false},"author":151,"featured_media":38211,"comment_status":"open","ping_status":"open","sticky":false,"template":"","format":"standard","meta":{"give_campaign_id":0,"om_disable_all_campaigns":false,"_monsterinsights_skip_tracking":false,"_monsterinsights_sitenote_active":false,"_monsterinsights_sitenote_note":"","_monsterinsights_sitenote_category":0,"mc4wp_mailchimp_campaign":[],"jnews-multi-image_gallery":[],"jnews_single_post":{"subtitle":"Dire le contraire est un mensonge pour justifier l'avortement une fois de plus. C'est ce qu'explique Carlo Bellieni, excellence italienne en n\u00e9onatologie","format":"standard","video":"","gallery":"","source_name":"","source_url":"","via_name":"","via_url":"","override_template":"0","override":[{"template":"2","single_blog_custom":"","parallax":"1","fullscreen":"1","layout":"right-sidebar-narrow","sidebar":"default-sidebar","second_sidebar":"default-sidebar","sticky_sidebar":"1","share_position":"float","share_float_style":"share-normal","show_share_counter":"1","show_view_counter":"1","show_featured":"1","show_post_meta":"1","show_post_author":"1","show_post_author_image":"1","show_post_date":"1","post_date_format":"default","post_date_format_custom":"Y\/m\/d","show_post_category":"1","show_post_reading_time":"1","post_reading_time_wpm":"300","show_zoom_button":"0","zoom_button_out_step":"2","zoom_button_in_step":"3","show_post_tag":"1","show_prev_next_post":"0","show_popup_post":"0","number_popup_post":"1","show_author_box":"1","show_post_related":"0","show_inline_post_related":"0"}],"override_image_size":"0","image_override":[{"single_post_thumbnail_size":"crop-715","single_post_gallery_size":"crop-715"}],"trending_post":"0","trending_post_position":"meta","trending_post_label":"Trending","sponsored_post":"0","sponsored_post_label":"Sponsored by","sponsored_post_name":"","sponsored_post_url":"","sponsored_post_logo_enable":"0","sponsored_post_logo":"","sponsored_post_desc":"","disable_ad":"0"},"jnews_primary_category":{"id":"803"},"jnews_social_meta":{"fb_title":"","fb_description":"","fb_image":"","twitter_title":"","twitter_description":"","twitter_image":""},"jnews_override_counter":{"override_view_counter":"0","view_counter_number":"0","override_share_counter":"0","share_counter_number":"0","override_like_counter":"0","like_counter_number":"0","override_dislike_counter":"0","dislike_counter_number":"0"},"footnotes":""},"categories":[809,803],"tags":[8843,22045,22044],"class_list":["post-175100","post","type-post","status-publish","format-standard","has-post-thumbnail","hentry","category-foreground-fr","category-science-fr","tag-abortion-fr-2","tag-carlo-bellieni-fr","tag-feto-fr"],"yoast_head":"<!-- This site is optimized with the Yoast SEO Premium plugin v25.9 (Yoast SEO v27.3) - https:\/\/yoast.com\/product\/yoast-seo-premium-wordpress\/ -->\n<title>Les b\u00e9b\u00e9s avort\u00e9s souffrent - &quot;iFamNews&quot;.<\/title>\n<meta name=\"description\" content=\"Le b\u00e9b\u00e9 dans le ventre de sa m\u00e8re ressent-il la douleur ? Si oui, comment la ressent-il et \u00e0 partir de quel moment du d\u00e9veloppement ? R\u00e9cemment, le quotidien \u00e9conomique national italien Il Sole-24Ore (23 oct 2022) est revenu sur cette question, en r\u00e9fl\u00e9chissant \u00e0 la vie intra-ut\u00e9rine vue du point de vue de l&#039;enfant en pleine croissance qui est un participant actif, surtout dans la seconde moiti\u00e9 de la p\u00e9riode gestationnelle. Carlo Bellieni, p\u00e9diatre et n\u00e9onatologiste \u00e0 l&#039;Universit\u00e9 de Sienne et l&#039;un des principaux experts mondiaux pr\u00e9cis\u00e9ment sur la douleur pr\u00e9natale, a r\u00e9pondu aux questions importantes sur le sujet.\" \/>\n<meta name=\"robots\" content=\"index, follow, max-snippet:-1, max-image-preview:large, max-video-preview:-1\" \/>\n<link rel=\"canonical\" href=\"https:\/\/ifamnews.com\/fr\/les-b-b-s-avort-s-souffrent\" \/>\n<meta property=\"og:locale\" content=\"fr_FR\" \/>\n<meta property=\"og:type\" content=\"article\" \/>\n<meta property=\"og:title\" content=\"Les b\u00e9b\u00e9s avort\u00e9s souffrent\" \/>\n<meta property=\"og:description\" content=\"Le b\u00e9b\u00e9 dans le ventre de sa m\u00e8re ressent-il la douleur ? Si oui, comment la ressent-il et \u00e0 partir de quel moment du d\u00e9veloppement ? R\u00e9cemment, le quotidien \u00e9conomique national italien Il Sole-24Ore (23 oct 2022) est revenu sur cette question, en r\u00e9fl\u00e9chissant \u00e0 la vie intra-ut\u00e9rine vue du point de vue de l&#039;enfant en pleine croissance qui est un participant actif, surtout dans la seconde moiti\u00e9 de la p\u00e9riode gestationnelle. Carlo Bellieni, p\u00e9diatre et n\u00e9onatologiste \u00e0 l&#039;Universit\u00e9 de Sienne et l&#039;un des principaux experts mondiaux pr\u00e9cis\u00e9ment sur la douleur pr\u00e9natale, a r\u00e9pondu aux questions importantes sur le sujet.\" \/>\n<meta property=\"og:url\" content=\"https:\/\/ifamnews.com\/fr\/les-b-b-s-avort-s-souffrent\" \/>\n<meta property=\"og:site_name\" content=\"IFN\" \/>\n<meta property=\"article:publisher\" content=\"https:\/\/www.facebook.com\/iFamNews\" \/>\n<meta property=\"article:published_time\" content=\"2022-12-14T16:33:43+00:00\" \/>\n<meta property=\"article:modified_time\" content=\"2022-12-14T17:45:32+00:00\" \/>\n<meta property=\"og:image\" content=\"https:\/\/ifamnews.com\/wp-content\/uploads\/2020\/12\/Aborto.png\" \/>\n\t<meta property=\"og:image:width\" content=\"1287\" \/>\n\t<meta property=\"og:image:height\" content=\"675\" \/>\n\t<meta property=\"og:image:type\" content=\"image\/png\" \/>\n<meta name=\"author\" content=\"Andrea Bartelloni\" \/>\n<meta name=\"twitter:card\" content=\"summary_large_image\" \/>\n<meta name=\"twitter:creator\" content=\"@iFamNewsEN\" \/>\n<meta name=\"twitter:site\" content=\"@iFamNewsEN\" \/>\n<meta name=\"twitter:label1\" content=\"\u00c9crit par\" \/>\n\t<meta name=\"twitter:data1\" content=\"Andrea Bartelloni\" \/>\n\t<meta name=\"twitter:label2\" content=\"Dur\u00e9e de lecture estim\u00e9e\" \/>\n\t<meta name=\"twitter:data2\" content=\"10 minutes\" \/>\n<!-- \/ Yoast SEO Premium plugin. -->","yoast_head_json":{"title":"Les b\u00e9b\u00e9s avort\u00e9s souffrent - \"iFamNews\".","description":"Le b\u00e9b\u00e9 dans le ventre de sa m\u00e8re ressent-il la douleur ? Si oui, comment la ressent-il et \u00e0 partir de quel moment du d\u00e9veloppement ? R\u00e9cemment, le quotidien \u00e9conomique national italien Il Sole-24Ore (23 oct 2022) est revenu sur cette question, en r\u00e9fl\u00e9chissant \u00e0 la vie intra-ut\u00e9rine vue du point de vue de l'enfant en pleine croissance qui est un participant actif, surtout dans la seconde moiti\u00e9 de la p\u00e9riode gestationnelle. Carlo Bellieni, p\u00e9diatre et n\u00e9onatologiste \u00e0 l'Universit\u00e9 de Sienne et l'un des principaux experts mondiaux pr\u00e9cis\u00e9ment sur la douleur pr\u00e9natale, a r\u00e9pondu aux questions importantes sur le sujet.","robots":{"index":"index","follow":"follow","max-snippet":"max-snippet:-1","max-image-preview":"max-image-preview:large","max-video-preview":"max-video-preview:-1"},"canonical":"https:\/\/ifamnews.com\/fr\/les-b-b-s-avort-s-souffrent","og_locale":"fr_FR","og_type":"article","og_title":"Les b\u00e9b\u00e9s avort\u00e9s souffrent","og_description":"Le b\u00e9b\u00e9 dans le ventre de sa m\u00e8re ressent-il la douleur ? Si oui, comment la ressent-il et \u00e0 partir de quel moment du d\u00e9veloppement ? R\u00e9cemment, le quotidien \u00e9conomique national italien Il Sole-24Ore (23 oct 2022) est revenu sur cette question, en r\u00e9fl\u00e9chissant \u00e0 la vie intra-ut\u00e9rine vue du point de vue de l'enfant en pleine croissance qui est un participant actif, surtout dans la seconde moiti\u00e9 de la p\u00e9riode gestationnelle. Carlo Bellieni, p\u00e9diatre et n\u00e9onatologiste \u00e0 l'Universit\u00e9 de Sienne et l'un des principaux experts mondiaux pr\u00e9cis\u00e9ment sur la douleur pr\u00e9natale, a r\u00e9pondu aux questions importantes sur le sujet.","og_url":"https:\/\/ifamnews.com\/fr\/les-b-b-s-avort-s-souffrent","og_site_name":"IFN","article_publisher":"https:\/\/www.facebook.com\/iFamNews","article_published_time":"2022-12-14T16:33:43+00:00","article_modified_time":"2022-12-14T17:45:32+00:00","og_image":[{"width":1287,"height":675,"url":"https:\/\/ifamnews.com\/wp-content\/uploads\/2020\/12\/Aborto.png","type":"image\/png"}],"author":"Andrea Bartelloni","twitter_card":"summary_large_image","twitter_creator":"@iFamNewsEN","twitter_site":"@iFamNewsEN","twitter_misc":{"\u00c9crit par":"Andrea Bartelloni","Dur\u00e9e de lecture estim\u00e9e":"10 minutes"},"schema":{"@context":"https:\/\/schema.org","@graph":[{"@type":"NewsArticle","@id":"https:\/\/ifamnews.com\/fr\/les-b-b-s-avort-s-souffrent#article","isPartOf":{"@id":"https:\/\/ifamnews.com\/fr\/les-b-b-s-avort-s-souffrent"},"author":{"name":"Andrea Bartelloni","@id":"https:\/\/ifamnews.com\/en\/#\/schema\/person\/7ca034f102625c9443610abcd6187c2b"},"headline":"Les b\u00e9b\u00e9s avort\u00e9s souffrent","datePublished":"2022-12-14T16:33:43+00:00","dateModified":"2022-12-14T17:45:32+00:00","mainEntityOfPage":{"@id":"https:\/\/ifamnews.com\/fr\/les-b-b-s-avort-s-souffrent"},"wordCount":2259,"commentCount":0,"publisher":{"@id":"https:\/\/ifamnews.com\/en\/#organization"},"image":{"@id":"https:\/\/ifamnews.com\/fr\/les-b-b-s-avort-s-souffrent#primaryimage"},"thumbnailUrl":"https:\/\/ifamnews.com\/wp-content\/uploads\/2020\/12\/Aborto.png","keywords":["Abortion","Carlo Bellieni","feto"],"articleSection":["Foreground","Science"],"inLanguage":"fr-FR","potentialAction":[{"@type":"CommentAction","name":"Comment","target":["https:\/\/ifamnews.com\/fr\/les-b-b-s-avort-s-souffrent#respond"]}]},{"@type":"WebPage","@id":"https:\/\/ifamnews.com\/fr\/les-b-b-s-avort-s-souffrent","url":"https:\/\/ifamnews.com\/fr\/les-b-b-s-avort-s-souffrent","name":"Les b\u00e9b\u00e9s avort\u00e9s souffrent - \"iFamNews\".","isPartOf":{"@id":"https:\/\/ifamnews.com\/en\/#website"},"primaryImageOfPage":{"@id":"https:\/\/ifamnews.com\/fr\/les-b-b-s-avort-s-souffrent#primaryimage"},"image":{"@id":"https:\/\/ifamnews.com\/fr\/les-b-b-s-avort-s-souffrent#primaryimage"},"thumbnailUrl":"https:\/\/ifamnews.com\/wp-content\/uploads\/2020\/12\/Aborto.png","datePublished":"2022-12-14T16:33:43+00:00","dateModified":"2022-12-14T17:45:32+00:00","description":"Le b\u00e9b\u00e9 dans le ventre de sa m\u00e8re ressent-il la douleur ? Si oui, comment la ressent-il et \u00e0 partir de quel moment du d\u00e9veloppement ? R\u00e9cemment, le quotidien \u00e9conomique national italien Il Sole-24Ore (23 oct 2022) est revenu sur cette question, en r\u00e9fl\u00e9chissant \u00e0 la vie intra-ut\u00e9rine vue du point de vue de l'enfant en pleine croissance qui est un participant actif, surtout dans la seconde moiti\u00e9 de la p\u00e9riode gestationnelle. Carlo Bellieni, p\u00e9diatre et n\u00e9onatologiste \u00e0 l'Universit\u00e9 de Sienne et l'un des principaux experts mondiaux pr\u00e9cis\u00e9ment sur la douleur pr\u00e9natale, a r\u00e9pondu aux questions importantes sur le sujet.","breadcrumb":{"@id":"https:\/\/ifamnews.com\/fr\/les-b-b-s-avort-s-souffrent#breadcrumb"},"inLanguage":"fr-FR","potentialAction":[{"@type":"ReadAction","target":["https:\/\/ifamnews.com\/fr\/les-b-b-s-avort-s-souffrent"]}]},{"@type":"ImageObject","inLanguage":"fr-FR","@id":"https:\/\/ifamnews.com\/fr\/les-b-b-s-avort-s-souffrent#primaryimage","url":"https:\/\/ifamnews.com\/wp-content\/uploads\/2020\/12\/Aborto.png","contentUrl":"https:\/\/ifamnews.com\/wp-content\/uploads\/2020\/12\/Aborto.png","width":1287,"height":675},{"@type":"BreadcrumbList","@id":"https:\/\/ifamnews.com\/fr\/les-b-b-s-avort-s-souffrent#breadcrumb","itemListElement":[{"@type":"ListItem","position":1,"name":"Home","item":"https:\/\/ifamnews.com\/de"},{"@type":"ListItem","position":2,"name":"Life","item":"https:\/\/ifamnews.com\/en\/category\/life"},{"@type":"ListItem","position":3,"name":"Les b\u00e9b\u00e9s avort\u00e9s souffrent"}]},{"@type":"WebSite","@id":"https:\/\/ifamnews.com\/en\/#website","url":"https:\/\/ifamnews.com\/en\/","name":"IFN","description":"International Family News Network","publisher":{"@id":"https:\/\/ifamnews.com\/en\/#organization"},"potentialAction":[{"@type":"SearchAction","target":{"@type":"EntryPoint","urlTemplate":"https:\/\/ifamnews.com\/en\/?s={search_term_string}"},"query-input":{"@type":"PropertyValueSpecification","valueRequired":true,"valueName":"search_term_string"}}],"inLanguage":"fr-FR"},{"@type":"Organization","@id":"https:\/\/ifamnews.com\/en\/#organization","name":"iFamNews","url":"https:\/\/ifamnews.com\/en\/","logo":{"@type":"ImageObject","inLanguage":"fr-FR","@id":"https:\/\/ifamnews.com\/en\/#\/schema\/logo\/image\/","url":"https:\/\/ifamnews.com\/wp-content\/uploads\/2020\/01\/Share-logo.png","contentUrl":"https:\/\/ifamnews.com\/wp-content\/uploads\/2020\/01\/Share-logo.png","width":200,"height":200,"caption":"iFamNews"},"image":{"@id":"https:\/\/ifamnews.com\/en\/#\/schema\/logo\/image\/"},"sameAs":["https:\/\/www.facebook.com\/iFamNews","https:\/\/x.com\/iFamNewsEN"]},{"@type":"Person","@id":"https:\/\/ifamnews.com\/en\/#\/schema\/person\/7ca034f102625c9443610abcd6187c2b","name":"Andrea Bartelloni","image":{"@type":"ImageObject","inLanguage":"fr-FR","@id":"https:\/\/secure.gravatar.com\/avatar\/d756a513929077b1bfb53dac0b3a5277873e9c0947463e242024b41a185f6364?s=96&d=mm&r=g","url":"https:\/\/secure.gravatar.com\/avatar\/d756a513929077b1bfb53dac0b3a5277873e9c0947463e242024b41a185f6364?s=96&d=mm&r=g","contentUrl":"https:\/\/secure.gravatar.com\/avatar\/d756a513929077b1bfb53dac0b3a5277873e9c0947463e242024b41a185f6364?s=96&d=mm&r=g","caption":"Andrea Bartelloni"},"description":"Andrea Bartelloni, born in 1956, lives in Marina di Pisa (Pisa). A medical surgeon, he collaborates with local and national newspapers. He has edited and collaborated on historical and scientific publications with particular interest in the relations between science and faith. With Francesco Agnoli, he is the author of Scientists in cassocks","url":"https:\/\/ifamnews.com\/fr\/author\/andrea-bartelloni"}]}},"amp_enabled":true,"_links":{"self":[{"href":"https:\/\/ifamnews.com\/fr\/wp-json\/wp\/v2\/posts\/175100","targetHints":{"allow":["GET"]}}],"collection":[{"href":"https:\/\/ifamnews.com\/fr\/wp-json\/wp\/v2\/posts"}],"about":[{"href":"https:\/\/ifamnews.com\/fr\/wp-json\/wp\/v2\/types\/post"}],"author":[{"embeddable":true,"href":"https:\/\/ifamnews.com\/fr\/wp-json\/wp\/v2\/users\/151"}],"replies":[{"embeddable":true,"href":"https:\/\/ifamnews.com\/fr\/wp-json\/wp\/v2\/comments?post=175100"}],"version-history":[{"count":5,"href":"https:\/\/ifamnews.com\/fr\/wp-json\/wp\/v2\/posts\/175100\/revisions"}],"predecessor-version":[{"id":175151,"href":"https:\/\/ifamnews.com\/fr\/wp-json\/wp\/v2\/posts\/175100\/revisions\/175151"}],"wp:featuredmedia":[{"embeddable":true,"href":"https:\/\/ifamnews.com\/fr\/wp-json\/wp\/v2\/media\/38211"}],"wp:attachment":[{"href":"https:\/\/ifamnews.com\/fr\/wp-json\/wp\/v2\/media?parent=175100"}],"wp:term":[{"taxonomy":"category","embeddable":true,"href":"https:\/\/ifamnews.com\/fr\/wp-json\/wp\/v2\/categories?post=175100"},{"taxonomy":"post_tag","embeddable":true,"href":"https:\/\/ifamnews.com\/fr\/wp-json\/wp\/v2\/tags?post=175100"}],"curies":[{"name":"wp","href":"https:\/\/api.w.org\/{rel}","templated":true}]}}