{"id":172341,"date":"2022-12-07T02:00:00","date_gmt":"2022-12-07T07:00:00","guid":{"rendered":"https:\/\/ifamnews.com\/?p=172341"},"modified":"2022-12-06T12:21:32","modified_gmt":"2022-12-06T17:21:32","slug":"les-tats-unis-perdent-la-bataille-sur-les-principes-non-n-gociables","status":"publish","type":"post","link":"https:\/\/ifamnews.com\/fr\/les-tats-unis-perdent-la-bataille-sur-les-principes-non-n-gociables","title":{"rendered":"Les \u00c9tats-Unis perdent la bataille sur les principes non n\u00e9gociables"},"content":{"rendered":"\n<p>Un d\u00e9sastre total. Lors des \u00e9lections de \u00ab\u00a0mi-mandat\u00a0\u00bb, au cours desquelles les \u00c9tats-Unis d&rsquo;Am\u00e9rique ont \u00e9lu, le 8 novembre, l&rsquo;ensemble de la Chambre des repr\u00e9sentants et environ un tiers des s\u00e9nateurs qui composeront le 118e Congr\u00e8s f\u00e9d\u00e9ral \u00e0 partir du 3 janvier, non seulement la \u00ab\u00a0vague rouge\u00a0\u00bb, c&rsquo;est-\u00e0-dire la nette victoire du Parti r\u00e9publicain (<em>en gros,<\/em> depuis 2000, la couleur rouge est utilis\u00e9e de mani\u00e8re omnipr\u00e9sente pour d\u00e9signer les R\u00e9publicains), ce qui, \u00e0 la veille de l&rsquo;\u00e9v\u00e9nement, semblait une r\u00e9alit\u00e9, mais leur d\u00e9faite a \u00e9t\u00e9 \u00e9norme. En fait, il s&rsquo;agira d&rsquo;une d\u00e9faite cuisante m\u00eame si les R\u00e9publicains, apr\u00e8s le d\u00e9compte final encore <em>en cours<\/em>, devaient obtenir la majorit\u00e9 \u00e0 la Chambre. Pour au moins six raisons.<\/p>\n\n\n\n<p>La premi\u00e8re est que le S\u00e9nat est perdu. Apr\u00e8s les \u00e9lections du 8 novembre, les d\u00e9mocrates avaient 48 s\u00e9nateurs, plus deux \u00ab\u00a0faux\u00a0\u00bb ind\u00e9pendants qui se sont toujours rang\u00e9s de leur c\u00f4t\u00e9. C&rsquo;est-\u00e0-dire qu&rsquo;ils sont 50 au total, ce qui repr\u00e9sente la moiti\u00e9 de l&rsquo;assembl\u00e9e. Or, d\u00e9j\u00e0, cette parit\u00e9 est une victoire d\u00e9mocrate et une d\u00e9faite r\u00e9publicaine, puisque dans le cas o\u00f9 la parit\u00e9 se produirait \u00e9galement sur le parquet du S\u00e9nat, le vote du pr\u00e9sident de cette \u00a0\u00bb chambre haute \u00ab\u00a0, qui co\u00efncide avec le vice-pr\u00e9sident f\u00e9d\u00e9ral, c&rsquo;est-\u00e0-dire aujourd&rsquo;hui Kamala Harris, l&rsquo;adjointe de Joe Biden, serait d\u00e9cisif. Il est peu probable, mais pas impossible, qu&rsquo;un s\u00e9nateur d\u00e9mocrate rompe les rangs lors du vote pour modifier la majorit\u00e9, mais c&rsquo;est sacr\u00e9ment difficile. Ainsi, m\u00eame si les r\u00e9publicains gagnent le si\u00e8ge de s\u00e9nateur non encore attribu\u00e9 en G\u00e9orgie (ce sera le 6 d\u00e9cembre par scrutin), les r\u00e9publicains ont perdu au S\u00e9nat.<\/p>\n\n\n\n<p>La seconde est qu&rsquo;au S\u00e9nat du 118e Congr\u00e8s, les R\u00e9publicains ont d\u00e9j\u00e0 moins de poids qu&rsquo;au 117e Congr\u00e8s, m\u00eame avec le si\u00e8ge de la G\u00e9orgie qui reste \u00e0 pourvoir, car, par rapport \u00e0 la composition de l&rsquo;assembl\u00e9e pr\u00e9c\u00e9dente, non seulement ils n&rsquo;ont gagn\u00e9 aucun si\u00e8ge, mais ils en ont m\u00eame perdu un : le si\u00e8ge de s\u00e9nateur de Pennsylvanie d\u00e9tenu sans interruption par les R\u00e9publicains depuis 1962, remport\u00e9 par le vice-gouverneur d\u00e9mocrate de cet \u00c9tat, John Fetterman.<\/p>\n\n\n\n<p>La troisi\u00e8me raison est que l&rsquo;agent Fetterman de la balance est d\u00e9j\u00e0 un fervent partisan de l&rsquo;avortement, qu&rsquo;il a plac\u00e9 comme un \u00ab\u00a0droit\u00a0\u00bb au centre de sa proposition politique, en en faisant le th\u00e8me principal de sa campagne, surtout dans les derni\u00e8res semaines avant le vote, alors que trop de R\u00e9publicains ont \u00e9t\u00e9, ou ont sembl\u00e9 \u00eatre, timides sur cette question, qui dans les annonces, aurait d\u00fb \u00eatre  <em>le<\/em> th\u00e8me de ce tour de scrutin.<\/p>\n\n\n\n<p>La quatri\u00e8me est que, puisque le  <a href=\"https:\/\/ifamnews.com\/it\/vittoria-repubblicana-una-grande-notizia-speriamo\" target=\"_blank\" rel=\"noreferrer noopener\"> S\u00e9nat est d\u00e9cisif pour la ratification parlementaire des projets de loi<\/a> , le S\u00e9nat \u00e0 majorit\u00e9 d\u00e9mocrate, \u00ab\u00a0dirig\u00e9\u00a0\u00bb par l&rsquo;agent Fetterman de la balance, va maintenant imm\u00e9diatement peser de tout son poids sur le projet de loi que le pr\u00e9sident Biden et le pr\u00e9sident de la Commission europ\u00e9enne ont adopt\u00e9.   Les d\u00e9mocrates ont promis de donner au pays de d\u00e9savouer et d&rsquo;annuler ce que les  <a href=\"https:\/\/ifamnews.com\/it\/thank-you-scotus\/amp\" target=\"_blank\" rel=\"noreferrer noopener\">Cour supr\u00eame f\u00e9d\u00e9rale le 24 juin<\/a>  a effac\u00e9 &#8211; le mensonge de l&rsquo;avortement comme un \u00ab\u00a0droit\u00a0\u00bb. Bien s\u00fbr, parmi les d\u00e9mocrates du S\u00e9nat se trouvent les s\u00e9nateurs <em>pro-vie<\/em> Rober Casey Jr. et Joe Manchin, mais parmi les r\u00e9publicains persistent les pro-avortement Susan Collins et Lisa Murkovski.<\/p>\n\n\n\n<p>La cinqui\u00e8me raison est que m\u00eame si les R\u00e9publicains devaient remporter la Chambre, ils le feraient de justesse : selon certaines projections, ils auraient une majorit\u00e9 avec seulement un si\u00e8ge de plus que les 218 n\u00e9cessaires pour avoir le contr\u00f4le de la Chambre. Cela signifierait, oui, 13 si\u00e8ges de plus dans le 118e Congr\u00e8s que dans le 117e, en gagnant 19 si\u00e8ges, mais aussi en en perdant 9, ce qui n&rsquo;\u00e9tait en aucun cas pr\u00e9visible, et donc, en fin de compte, un r\u00e9sultat si \u00e9troit qu&rsquo;il serait facilement renvers\u00e9 sur le plan pratique.<\/p>\n\n\n\n<p>La sixi\u00e8me est que lors des cinq <em>r\u00e9f\u00e9rendums<\/em> (entre autres) sur l&rsquo;avortement organis\u00e9s en Californie, au Kentucky, au Michigan, au Montana, \u00e0 l&rsquo;Oregon et au Vermont \u00e0 l&rsquo;occasion des \u00e9lections de \u00ab\u00a0mi-mandat\u00a0\u00bb, le droit \u00e0 la vie a perdu partout.<\/p>\n\n\n\n<h3 class=\"wp-block-heading\" id=\"h-trump-a-mijote\"><strong>Trump a mijot\u00e9<\/strong><\/h3>\n\n\n\n<p>Oui, cela ne pouvait pas \u00eatre pire, et cela indique clairement deux choses.<\/p>\n\n\n\n<p>La premi\u00e8re est que le parti r\u00e9publicain doit surmonter le moment Trump imm\u00e9diatement. L&rsquo;ancien pr\u00e9sident Donald J. Trump est en fait maintenant un obstacle, et un embarras. Tous, ou presque, les candidats r\u00e9publicains qu&rsquo;il a ouvertement parrain\u00e9s lors de l&rsquo;\u00e9lection du 8 novembre ont \u00e9chou\u00e9 et, par peur de la concurrence, Trump a m\u00eame critiqu\u00e9 de mani\u00e8re surr\u00e9aliste les seuls r\u00e9publicains qui ont obtenu de bons r\u00e9sultats \u00e9lectoraux. Mais surtout, la rh\u00e9torique de Trump ne paie plus et ses propositions politiques ne sont pas convaincantes.<\/p>\n\n\n\n<p>Ce que Trump a fait \u00e0 la pr\u00e9sidence reste certainement. Surtout ce qu&rsquo;il a fait de bien, voire de tr\u00e8s bien. Toute personne qui le nierait aujourd&rsquo;hui serait moralement r\u00e9pr\u00e9hensible. Tout le bien que Trump a fait pour son pays est sur la table : \u00e0 commencer par la nomination des juges de la Cour supr\u00eame f\u00e9d\u00e9rale, puis les nombreuses mesures pro-vie, pro-famille naturelle, pro-libert\u00e9 religieuse, etc. Ces choses resteront grav\u00e9es dans la pierre de l&rsquo;histoire et ne dispara\u00eetront pas. Au contraire, ils devront \u00eatre rappel\u00e9s \u00e0 chaque instant par une foule d&rsquo;orcs meuglant qui voudront tout effacer dans le flou d&rsquo;une longue nuit o\u00f9 toutes les vaches sont noires, afin de dissiper tout doute.<\/p>\n\n\n\n<p>Mais Trump a mijot\u00e9. Rappelons maintenant que l&rsquo;improbable Trump de l&rsquo;\u00e9lection primaire de 2016, celui dont on n&rsquo;esp\u00e9rait vraiment pas qu&rsquo;il devienne pr\u00e9sident parce qu&rsquo;il y avait des gens bien plus nombreux et meilleurs sur le terrain, a laiss\u00e9 la place au Trump qui a remport\u00e9 l&rsquo;<em>investiture<\/em> du Parti r\u00e9publicain pour la pr\u00e9sidentielle. La fa\u00e7on dont Trump a r\u00e9ussi \u00e0 le faire est quelque chose dont les livres d&rsquo;histoire seront remplis pendant longtemps, mais \u00e0 ce moment-l\u00e0, c&rsquo;\u00e9tait un choix entre le grand mal promis par Hillary Clinton et un mal diff\u00e9rent, beaucoup moins grand, repr\u00e9sent\u00e9 par Trump. Mais surtout, aucune troisi\u00e8me solution n&rsquo;a \u00e9t\u00e9 donn\u00e9e. Beaucoup, honteusement, sacrifiant tout, embrassant l&rsquo;impossible, ont choisi \u00e0 ce moment-l\u00e0, m\u00eame en Italie, de soutenir Clinton contre l&rsquo;absurde Trump ; d&rsquo;autres (y compris l&rsquo;auteur ici) ont opt\u00e9 avec r\u00e9alisme pour Trump.<\/p>\n\n\n\n<p>Pendant ce temps, autour de l&rsquo;antipathique Trump s&rsquo;est rassembl\u00e9 un monde qui, pour une certaine grande partie, repr\u00e9sentait quelque chose de vraiment bon, et ainsi, en drainant les tons des guerres civiles internes, Trump est devenu, peut-\u00eatre malgr\u00e9 lui, un symbole et une r\u00e9alit\u00e9 alternative au d\u00e9sastre d\u00e9mocrate. Impossible de ne pas le soutenir.<\/p>\n\n\n\n<p>Trump a donc gagn\u00e9 l&rsquo;\u00e9lection et cette histoire dont il \u00e9tait le centre a continu\u00e9, non sans moments o\u00f9 l&rsquo;on a vu une \u00a0\u00bb gr\u00e2ce d&rsquo;\u00c9tat \u00a0\u00bb \u00e0 l&rsquo;\u0153uvre, atteignant des objectifs inoubliables pour lesquels nous n&rsquo;avons pas encore fini de remercier soit Trump pour ce qu&rsquo;il y a mis (ou pour les obstacles qu&rsquo;il n&rsquo;a pas voulu y mettre), soit ceux que cette \u00a0\u00bb gr\u00e2ce d&rsquo;\u00c9tat \u00a0\u00bb a op\u00e9r\u00e9s.<\/p>\n\n\n\n<p>Finalement Trump a perdu l&rsquo;\u00e9lection de 2020 dans les sondages, en m\u00eame temps il a gagn\u00e9 parmi le peuple en nombre <em>record<\/em>, mais il a aussi laiss\u00e9 se produire ce que nous avons crois\u00e9 les doigts \u00e0 l&rsquo;\u00e9poque pour que cela <em>n&rsquo;<\/em> arrive <em>jamais<\/em>: la dispersion de ce peuple. Comme si cette \u00ab\u00a0gr\u00e2ce d&rsquo;\u00c9tat\u00a0\u00bb avait \u00e9chou\u00e9 d\u00e8s qu&rsquo;il a quitt\u00e9 la pr\u00e9sidence.<\/p>\n\n\n\n<p>Cela ne veut pas dire que depuis la pr\u00e9sidence de Trump, il se trompe sur tout, mais sur beaucoup de choses, et ce n&rsquo;est toujours pas le sujet. Le fait est que l&rsquo;ouragan Donald a balay\u00e9 \u00e0 la fois des ennemis et des amis. Trump n&rsquo;a jamais \u00e9t\u00e9 un b\u00e2tisseur, m\u00eame de manoirs. Il a toujours v\u00e9cu de ses revenus, c&rsquo;est-\u00e0-dire de l&rsquo;image qu&rsquo;il s&rsquo;est habilement construite. Il a certainement aid\u00e9, et le fameux pardon ci-dessus l&rsquo;a bien servi ; mais ensuite, l&rsquo;engin est redevenu un jouet et Trump un g\u00e2cheur. En fait, un rabat-joie. Une retraite dor\u00e9e lui aurait convenu, il a pr\u00e9f\u00e9r\u00e9 endosser le maillot du fasciste.<\/p>\n\n\n\n<p>Les \u00c9tats-Unis continuent d&rsquo;avoir besoin de quelqu&rsquo;un qui sache s\u00e9parer le bon grain de l&rsquo;ivraie, en r\u00e9cup\u00e9rant l&rsquo;h\u00e9ritage de Trump sans garder aussi l&rsquo;ivraie. Quelqu&rsquo;un pour mettre fin au derby pro-Trump contre anti-Trump et voir plus loin.<\/p>\n\n\n\n<p>L&rsquo;avortement, par exemple, que les d\u00e9mocrates vont maintenant tout faire pour blinder en une loi sanglante et ce que d&rsquo;autres, dont Trump, ont fait de bien sur la question sera d\u00e9fait.<\/p>\n\n\n\n<h3 class=\"wp-block-heading\"><strong>T.S. Eliot non<\/strong><\/h3>\n\n\n\n<p>La deuxi\u00e8me chose mise en \u00e9vidence par la d\u00e9faite du 8 novembre est que, avec tout le respect d\u00fb \u00e0 la rh\u00e9torique populiste sur les <em>\u00e9lites<\/em>, certaines <em>\u00e9lites<\/em> aux <em>\u00c9tats-Unis <\/em>aujourd&rsquo;hui sont meilleures que les b\u0153ufs et leurs chamans \u00e0 cornes. Les juges de la Cour supr\u00eame f\u00e9d\u00e9rale, par exemple, sont meilleurs, bien meilleurs que de nombreux \u00e9lecteurs am\u00e9ricains : certains choisissent le caract\u00e8re sacr\u00e9 de la vie comme fondement de la <em>res publica<\/em>, d&rsquo;autres veulent la mort. Une infinie tristesse, ceci, qui ne nie cependant pas l&rsquo;id\u00e9e du p\u00e8re du conservatisme, Edmund Burke (1729-1797), qu&rsquo;il existe une sagesse atavique inh\u00e9rente aux peuples : elle confirme plut\u00f4t que la conscience authentique du peuple n&rsquo;est pas toujours la majorit\u00e9, c&rsquo;est-\u00e0-dire que la v\u00e9rit\u00e9 n&rsquo;est pas d\u00e9mocratique.<\/p>\n\n\n\n<p>Les \u00e9lections du 8 novembre ont pris cet instantan\u00e9 de ce qui existe. Les r\u00e9publicains qui sont sortis battus du jeu y r\u00e9fl\u00e9chissent en d\u00e9posant le dossier Trump.<\/p>\n\n\n\n<p>Cette deuxi\u00e8me r\u00e9flexion au lendemain du vote porte \u00e9galement une annexe importante. Les d\u00e9mocrates sont plus intelligents que les r\u00e9publicains. Ils ont un objectif, un objectif id\u00e9ologique, et ils s&rsquo;y dirigent \u00e0 toute vitesse. Ils ne se soucient ni de l&rsquo;\u00e9conomie, ni de la politique \u00e9trang\u00e8re, ils ne se soucient que de leur objectif et se battent pour cela. Au lieu de cela, les R\u00e9publicains dorment dans l&rsquo;humidit\u00e9, et donc perdent. Pour savoir comment cela est possible aujourd&rsquo;hui, il faudrait \u00e9galement expliquer en d\u00e9tail les livres d&rsquo;histoire. En attendant, ils devraient se r\u00e9veiller.<\/p>\n\n\n\n<p>Cela dit, on se demandait hier quel serait demain l&rsquo;effet de l&rsquo;ouragan Donald sur le conservatisme. La r\u00e9ponse se trouve dans une pens\u00e9e \u00e9crite par T.S. Eliot (1888-1965) dans <em>For Lancelot Andrewes : Essays on style and order <\/em>de 1929 :<em> <\/em>\u00ab\u00a0Si l&rsquo;on consid\u00e8re une Cause du point de vue le plus large et le plus sage, alors il n&rsquo;existe pas de Cause perdue car il n&rsquo;existe pas de Cause gagn\u00e9e. Nous nous battons pour des causes perdues parce que nous savons que la d\u00e9faite et le d\u00e9sarroi peuvent \u00eatre les pr\u00e9misses de la victoire pour ceux qui viendront apr\u00e8s nous, m\u00eame si cette victoire sera temporaire ; nous nous battons plus pour maintenir quelque chose en vie que pour esp\u00e9rer un quelconque triomphe.<\/p>\n\n\n\n<p>Si l&rsquo;on peut en tirer une v\u00e9rit\u00e9, c&rsquo;est que le conservatisme des principes non n\u00e9gociables n&rsquo;est pas une p\u00e9pite \u00e0 enfermer dans un coffre, mais un arbre de la vraie libert\u00e9 \u00e0 arroser, \u00e0 tailler, \u00e0 fertiliser et \u00e0 soigner chaque jour. Un oubli, ne serait-ce qu&rsquo;une fois, peut co\u00fbter des prix exorbitants.<\/p>\n","protected":false},"excerpt":{"rendered":"<p>Les \u00e9lections de \u00ab\u00a0mi-mandat\u00a0\u00bb sont une d\u00e9faite am\u00e8re. Tout comme leurs victoires partielles. C&rsquo;est un d\u00e9sastre et c&rsquo;est la faute des R\u00e9publicains.<\/p>\n","protected":false},"author":7,"featured_media":170471,"comment_status":"open","ping_status":"open","sticky":false,"template":"","format":"standard","meta":{"give_campaign_id":0,"om_disable_all_campaigns":false,"_monsterinsights_skip_tracking":false,"_monsterinsights_sitenote_active":false,"_monsterinsights_sitenote_note":"","_monsterinsights_sitenote_category":0,"mc4wp_mailchimp_campaign":[],"jnews-multi-image_gallery":[],"jnews_single_post":{"subtitle":"Les \u00e9lections de \"mi-mandat\" sont une d\u00e9faite am\u00e8re. Tout comme leurs victoires partielles. C'est un d\u00e9sastre et c'est la faute des R\u00e9publicains.","format":"standard","video":"","gallery":"","source_name":"","source_url":"","via_name":"","via_url":"","override_template":"0","override":[{"template":"2","single_blog_custom":"","parallax":"1","fullscreen":"1","layout":"right-sidebar-narrow","sidebar":"default-sidebar","second_sidebar":"default-sidebar","sticky_sidebar":"1","share_position":"float","share_float_style":"share-normal","show_share_counter":"1","show_view_counter":"1","show_featured":"1","show_post_meta":"1","show_post_author":"1","show_post_author_image":"1","show_post_date":"1","post_date_format":"default","post_date_format_custom":"Y\/m\/d","show_post_category":"1","show_post_reading_time":"1","post_reading_time_wpm":"300","show_zoom_button":"0","zoom_button_out_step":"2","zoom_button_in_step":"3","show_post_tag":"1","show_prev_next_post":"0","show_popup_post":"0","number_popup_post":"1","show_author_box":"1","show_post_related":"0","show_inline_post_related":"0"}],"override_image_size":"0","image_override":[{"single_post_thumbnail_size":"crop-715","single_post_gallery_size":"crop-715"}],"trending_post":"0","trending_post_position":"meta","trending_post_label":"Trending","sponsored_post":"0","sponsored_post_label":"Sponsored by","sponsored_post_name":"","sponsored_post_url":"","sponsored_post_logo_enable":"0","sponsored_post_logo":"","sponsored_post_desc":"","disable_ad":"0"},"jnews_primary_category":{"id":"800"},"jnews_social_meta":{"fb_title":"","fb_description":"","fb_image":"","twitter_title":"","twitter_description":"","twitter_image":""},"jnews_override_counter":{"override_view_counter":"0","view_counter_number":"0","override_share_counter":"0","share_counter_number":"0","override_like_counter":"0","like_counter_number":"0","override_dislike_counter":"0","dislike_counter_number":"0"},"footnotes":""},"categories":[809,800],"tags":[9040,13975,21814,1605],"class_list":["post-172341","post","type-post","status-publish","format-standard","has-post-thumbnail","hentry","category-foreground-fr","category-politique","tag-donald-trump-fr","tag-etats-unis-damerique","tag-les-elections","tag-politique-familiale"],"yoast_head":"<!-- This site is optimized with the Yoast SEO Premium plugin v25.9 (Yoast SEO v27.3) - https:\/\/yoast.com\/product\/yoast-seo-premium-wordpress\/ -->\n<title>Les \u00c9tats-Unis perdent la bataille sur les principes non n\u00e9gociables - IFN<\/title>\n<meta name=\"description\" content=\"Les \u00e9lections de &quot; mi-mandat &quot; sont une d\u00e9faite cuisante, y compris les victoires partielles. C&#039;est un d\u00e9sastre et c&#039;est la faute des R\u00e9publicains.\" \/>\n<meta name=\"robots\" content=\"index, follow, max-snippet:-1, max-image-preview:large, max-video-preview:-1\" \/>\n<link rel=\"canonical\" href=\"https:\/\/ifamnews.com\/fr\/les-tats-unis-perdent-la-bataille-sur-les-principes-non-n-gociables\" \/>\n<meta property=\"og:locale\" content=\"fr_FR\" \/>\n<meta property=\"og:type\" content=\"article\" \/>\n<meta property=\"og:title\" content=\"Les \u00c9tats-Unis perdent la bataille sur les principes non n\u00e9gociables\" \/>\n<meta property=\"og:description\" content=\"Les \u00e9lections de &quot; mi-mandat &quot; sont une d\u00e9faite cuisante, y compris les victoires partielles. C&#039;est un d\u00e9sastre et c&#039;est la faute des R\u00e9publicains.\" \/>\n<meta property=\"og:url\" content=\"https:\/\/ifamnews.com\/fr\/les-tats-unis-perdent-la-bataille-sur-les-principes-non-n-gociables\" \/>\n<meta property=\"og:site_name\" content=\"IFN\" \/>\n<meta property=\"article:publisher\" content=\"https:\/\/www.facebook.com\/iFamNews\" \/>\n<meta property=\"article:author\" content=\"https:\/\/facebook.com\/MarcoRespinti\" \/>\n<meta property=\"article:published_time\" content=\"2022-12-07T07:00:00+00:00\" \/>\n<meta property=\"og:image\" content=\"https:\/\/ifamnews.com\/wp-content\/uploads\/2022\/11\/TS-Eliot.jpg\" \/>\n\t<meta property=\"og:image:width\" content=\"1200\" \/>\n\t<meta property=\"og:image:height\" content=\"675\" \/>\n\t<meta property=\"og:image:type\" content=\"image\/jpeg\" \/>\n<meta name=\"author\" content=\"Marco Respinti\" \/>\n<meta name=\"twitter:card\" content=\"summary_large_image\" \/>\n<meta name=\"twitter:creator\" content=\"@https:\/\/twitter.com\/MarcoRespinti\" \/>\n<meta name=\"twitter:site\" content=\"@iFamNewsEN\" \/>\n<meta name=\"twitter:label1\" content=\"\u00c9crit par\" \/>\n\t<meta name=\"twitter:data1\" content=\"Marco Respinti\" \/>\n\t<meta name=\"twitter:label2\" content=\"Dur\u00e9e de lecture estim\u00e9e\" \/>\n\t<meta name=\"twitter:data2\" content=\"10 minutes\" \/>\n<!-- \/ Yoast SEO Premium plugin. -->","yoast_head_json":{"title":"Les \u00c9tats-Unis perdent la bataille sur les principes non n\u00e9gociables - IFN","description":"Les \u00e9lections de \" mi-mandat \" sont une d\u00e9faite cuisante, y compris les victoires partielles. C'est un d\u00e9sastre et c'est la faute des R\u00e9publicains.","robots":{"index":"index","follow":"follow","max-snippet":"max-snippet:-1","max-image-preview":"max-image-preview:large","max-video-preview":"max-video-preview:-1"},"canonical":"https:\/\/ifamnews.com\/fr\/les-tats-unis-perdent-la-bataille-sur-les-principes-non-n-gociables","og_locale":"fr_FR","og_type":"article","og_title":"Les \u00c9tats-Unis perdent la bataille sur les principes non n\u00e9gociables","og_description":"Les \u00e9lections de \" mi-mandat \" sont une d\u00e9faite cuisante, y compris les victoires partielles. C'est un d\u00e9sastre et c'est la faute des R\u00e9publicains.","og_url":"https:\/\/ifamnews.com\/fr\/les-tats-unis-perdent-la-bataille-sur-les-principes-non-n-gociables","og_site_name":"IFN","article_publisher":"https:\/\/www.facebook.com\/iFamNews","article_author":"https:\/\/facebook.com\/MarcoRespinti","article_published_time":"2022-12-07T07:00:00+00:00","og_image":[{"width":1200,"height":675,"url":"https:\/\/ifamnews.com\/wp-content\/uploads\/2022\/11\/TS-Eliot.jpg","type":"image\/jpeg"}],"author":"Marco Respinti","twitter_card":"summary_large_image","twitter_creator":"@https:\/\/twitter.com\/MarcoRespinti","twitter_site":"@iFamNewsEN","twitter_misc":{"\u00c9crit par":"Marco Respinti","Dur\u00e9e de lecture estim\u00e9e":"10 minutes"},"schema":{"@context":"https:\/\/schema.org","@graph":[{"@type":"NewsArticle","@id":"https:\/\/ifamnews.com\/fr\/les-tats-unis-perdent-la-bataille-sur-les-principes-non-n-gociables#article","isPartOf":{"@id":"https:\/\/ifamnews.com\/fr\/les-tats-unis-perdent-la-bataille-sur-les-principes-non-n-gociables"},"author":{"name":"Marco Respinti","@id":"https:\/\/ifamnews.com\/en\/#\/schema\/person\/f0579ab02623e80d44006c1a5d949ea9"},"headline":"Les \u00c9tats-Unis perdent la bataille sur les principes non n\u00e9gociables","datePublished":"2022-12-07T07:00:00+00:00","mainEntityOfPage":{"@id":"https:\/\/ifamnews.com\/fr\/les-tats-unis-perdent-la-bataille-sur-les-principes-non-n-gociables"},"wordCount":2083,"commentCount":0,"publisher":{"@id":"https:\/\/ifamnews.com\/en\/#organization"},"image":{"@id":"https:\/\/ifamnews.com\/fr\/les-tats-unis-perdent-la-bataille-sur-les-principes-non-n-gociables#primaryimage"},"thumbnailUrl":"https:\/\/ifamnews.com\/wp-content\/uploads\/2022\/11\/TS-Eliot.jpg","keywords":["Donald Trump","\u00c9tats-Unis d'Am\u00e9rique","les \u00e9lections","politique familiale"],"articleSection":["Foreground","Politique"],"inLanguage":"fr-FR","potentialAction":[{"@type":"CommentAction","name":"Comment","target":["https:\/\/ifamnews.com\/fr\/les-tats-unis-perdent-la-bataille-sur-les-principes-non-n-gociables#respond"]}]},{"@type":"WebPage","@id":"https:\/\/ifamnews.com\/fr\/les-tats-unis-perdent-la-bataille-sur-les-principes-non-n-gociables","url":"https:\/\/ifamnews.com\/fr\/les-tats-unis-perdent-la-bataille-sur-les-principes-non-n-gociables","name":"Les \u00c9tats-Unis perdent la bataille sur les principes non n\u00e9gociables - IFN","isPartOf":{"@id":"https:\/\/ifamnews.com\/en\/#website"},"primaryImageOfPage":{"@id":"https:\/\/ifamnews.com\/fr\/les-tats-unis-perdent-la-bataille-sur-les-principes-non-n-gociables#primaryimage"},"image":{"@id":"https:\/\/ifamnews.com\/fr\/les-tats-unis-perdent-la-bataille-sur-les-principes-non-n-gociables#primaryimage"},"thumbnailUrl":"https:\/\/ifamnews.com\/wp-content\/uploads\/2022\/11\/TS-Eliot.jpg","datePublished":"2022-12-07T07:00:00+00:00","description":"Les \u00e9lections de \" mi-mandat \" sont une d\u00e9faite cuisante, y compris les victoires partielles. C'est un d\u00e9sastre et c'est la faute des R\u00e9publicains.","breadcrumb":{"@id":"https:\/\/ifamnews.com\/fr\/les-tats-unis-perdent-la-bataille-sur-les-principes-non-n-gociables#breadcrumb"},"inLanguage":"fr-FR","potentialAction":[{"@type":"ReadAction","target":["https:\/\/ifamnews.com\/fr\/les-tats-unis-perdent-la-bataille-sur-les-principes-non-n-gociables"]}]},{"@type":"ImageObject","inLanguage":"fr-FR","@id":"https:\/\/ifamnews.com\/fr\/les-tats-unis-perdent-la-bataille-sur-les-principes-non-n-gociables#primaryimage","url":"https:\/\/ifamnews.com\/wp-content\/uploads\/2022\/11\/TS-Eliot.jpg","contentUrl":"https:\/\/ifamnews.com\/wp-content\/uploads\/2022\/11\/TS-Eliot.jpg","width":1200,"height":675,"caption":"Le po\u00e8te et dramaturge T.S. Eliot (1888-1965)"},{"@type":"BreadcrumbList","@id":"https:\/\/ifamnews.com\/fr\/les-tats-unis-perdent-la-bataille-sur-les-principes-non-n-gociables#breadcrumb","itemListElement":[{"@type":"ListItem","position":1,"name":"Home","item":"https:\/\/ifamnews.com\/de"},{"@type":"ListItem","position":2,"name":"Politics","item":"https:\/\/ifamnews.com\/en\/category\/politics"},{"@type":"ListItem","position":3,"name":"Les \u00c9tats-Unis perdent la bataille sur les principes non n\u00e9gociables"}]},{"@type":"WebSite","@id":"https:\/\/ifamnews.com\/en\/#website","url":"https:\/\/ifamnews.com\/en\/","name":"IFN","description":"International Family News Network","publisher":{"@id":"https:\/\/ifamnews.com\/en\/#organization"},"potentialAction":[{"@type":"SearchAction","target":{"@type":"EntryPoint","urlTemplate":"https:\/\/ifamnews.com\/en\/?s={search_term_string}"},"query-input":{"@type":"PropertyValueSpecification","valueRequired":true,"valueName":"search_term_string"}}],"inLanguage":"fr-FR"},{"@type":"Organization","@id":"https:\/\/ifamnews.com\/en\/#organization","name":"iFamNews","url":"https:\/\/ifamnews.com\/en\/","logo":{"@type":"ImageObject","inLanguage":"fr-FR","@id":"https:\/\/ifamnews.com\/en\/#\/schema\/logo\/image\/","url":"https:\/\/ifamnews.com\/wp-content\/uploads\/2020\/01\/Share-logo.png","contentUrl":"https:\/\/ifamnews.com\/wp-content\/uploads\/2020\/01\/Share-logo.png","width":200,"height":200,"caption":"iFamNews"},"image":{"@id":"https:\/\/ifamnews.com\/en\/#\/schema\/logo\/image\/"},"sameAs":["https:\/\/www.facebook.com\/iFamNews","https:\/\/x.com\/iFamNewsEN"]},{"@type":"Person","@id":"https:\/\/ifamnews.com\/en\/#\/schema\/person\/f0579ab02623e80d44006c1a5d949ea9","name":"Marco Respinti","image":{"@type":"ImageObject","inLanguage":"fr-FR","@id":"https:\/\/secure.gravatar.com\/avatar\/4ab04a5127131015e13010f222e38621144dc33a5df5d977b35ceeab15ee958f?s=96&d=mm&r=g","url":"https:\/\/secure.gravatar.com\/avatar\/4ab04a5127131015e13010f222e38621144dc33a5df5d977b35ceeab15ee958f?s=96&d=mm&r=g","contentUrl":"https:\/\/secure.gravatar.com\/avatar\/4ab04a5127131015e13010f222e38621144dc33a5df5d977b35ceeab15ee958f?s=96&d=mm&r=g","caption":"Marco Respinti"},"description":"Marco Respinti was the Editor-in-Chief of International Family News until the end of 2022. He is an Italian professional journalist, member of the International Federation of Journalists (IFJ), essayist, translator, and lecturer. He has contributed and contributes to several journals and magazines both in print and online, both in Italy and abroad. Author of books, he has translated and\/or edited works by, among others, Edmund Burke, Charles Dickens, T.S. Eliot, Russell Kirk, J.R.R. Tolkien, R\u00e9gine Pernoud and Gustave Thibon. A Senior fellow at the\u00a0Russell Kirk Center for Cultural Renewal (Mecosta, Michigan) he is also a founding member as well as Board member of the Center for European Renewal (The Hague, The Netherlands). A member of the Editorial Board of The European Conservative magazine, as well as a member of the Advisory Council of the European Federation for Freedom of Belief, he serves as Director-in-Charge of the academic publication The Journal of CESNUR and the online Bitter Winter: A Magazine on Religious Liberty and Human Rights.","sameAs":["https:\/\/facebook.com\/MarcoRespinti","https:\/\/it.linkedin.com\/in\/marcorespinti","https:\/\/pinterest.it\/MarcoRespinti\/_created\/","https:\/\/x.com\/https:\/\/twitter.com\/MarcoRespinti","https:\/\/youtube.com\/channel\/UC1FbsvyQNTQ-snpsmRC12Og?view_as=subscriber"],"url":"https:\/\/ifamnews.com\/fr\/author\/mrespinti"}]}},"amp_enabled":true,"_links":{"self":[{"href":"https:\/\/ifamnews.com\/fr\/wp-json\/wp\/v2\/posts\/172341","targetHints":{"allow":["GET"]}}],"collection":[{"href":"https:\/\/ifamnews.com\/fr\/wp-json\/wp\/v2\/posts"}],"about":[{"href":"https:\/\/ifamnews.com\/fr\/wp-json\/wp\/v2\/types\/post"}],"author":[{"embeddable":true,"href":"https:\/\/ifamnews.com\/fr\/wp-json\/wp\/v2\/users\/7"}],"replies":[{"embeddable":true,"href":"https:\/\/ifamnews.com\/fr\/wp-json\/wp\/v2\/comments?post=172341"}],"version-history":[{"count":4,"href":"https:\/\/ifamnews.com\/fr\/wp-json\/wp\/v2\/posts\/172341\/revisions"}],"predecessor-version":[{"id":174140,"href":"https:\/\/ifamnews.com\/fr\/wp-json\/wp\/v2\/posts\/172341\/revisions\/174140"}],"wp:featuredmedia":[{"embeddable":true,"href":"https:\/\/ifamnews.com\/fr\/wp-json\/wp\/v2\/media\/170471"}],"wp:attachment":[{"href":"https:\/\/ifamnews.com\/fr\/wp-json\/wp\/v2\/media?parent=172341"}],"wp:term":[{"taxonomy":"category","embeddable":true,"href":"https:\/\/ifamnews.com\/fr\/wp-json\/wp\/v2\/categories?post=172341"},{"taxonomy":"post_tag","embeddable":true,"href":"https:\/\/ifamnews.com\/fr\/wp-json\/wp\/v2\/tags?post=172341"}],"curies":[{"name":"wp","href":"https:\/\/api.w.org\/{rel}","templated":true}]}}