{"id":166162,"date":"2022-10-11T02:13:50","date_gmt":"2022-10-11T06:13:50","guid":{"rendered":"https:\/\/ifamnews.com\/?p=166162"},"modified":"2022-10-11T02:14:50","modified_gmt":"2022-10-11T06:14:50","slug":"cour-constitutionnelle-colombienne-le-crucifix-ne-sert-pas-endoctriner-ou-contraindre","status":"publish","type":"post","link":"https:\/\/ifamnews.com\/fr\/cour-constitutionnelle-colombienne-le-crucifix-ne-sert-pas-endoctriner-ou-contraindre","title":{"rendered":"Cour constitutionnelle colombienne : \u00ab\u00a0Le crucifix ne sert pas \u00e0 endoctriner ou \u00e0 contraindre\u00a0\u00bb."},"content":{"rendered":"\n<p>Nouvelle attaque la\u00efque. Cette fois-ci, la<a href=\"https:\/\/drive.google.com\/file\/d\/1wMZGMn-9-S2x2blEaN4pfp-EMBQ7MksM\/view?usp=sharing\"> justice<\/a> tranche bien : le crucifix n&rsquo;endoctrine pas, mais fait appel \u00e0 l&rsquo;espoir que <strong>\u00ab\u00a0la douleur ne brise pas l&rsquo;esprit\u00a0\u00bb<\/strong>.<\/p>\n\n\n\n<p>Voyons voir. Un citoyen d\u00e9pose une plainte pour demander le retrait du crucifix de la salle pl\u00e9ni\u00e8re de la Cour constitutionnelle. Il consid\u00e8re que la simple pr\u00e9sence de la Croix est une atteinte \u00e0 l&rsquo;\u00e9tat la\u00efque et, de plus, peut contraindre les magistrats dans leurs d\u00e9cisions.<\/p>\n\n\n\n<p>Le <a href=\"https:\/\/drive.google.com\/file\/d\/1wMZGMn-9-S2x2blEaN4pfp-EMBQ7MksM\/view?usp=sharing\">jugement<\/a> le rejette cat\u00e9goriquement : ni <strong>\u00ab\u00a0le jugement et l&rsquo;objectivit\u00e9 des magistrats n&rsquo;ont \u00e9t\u00e9 affect\u00e9s\u00a0\u00bb, ni la pr\u00e9sence de la Croix \u00ab\u00a0ne constitue une forme d&rsquo;exclusion ou d&rsquo;endoctrinement\u00a0\u00bb<\/strong>.<\/p>\n\n\n\n<p>La Cour constitutionnelle rappelle que la Constitution de 1991 d\u00e9finit l&rsquo;\u00c9tat colombien comme \u00ab\u00a0neutre\u00a0\u00bb en mati\u00e8re de religion. Cette neutralit\u00e9 doit se traduire par <strong>\u00ab\u00a0la pluralit\u00e9, la coexistence \u00e9gale et l&rsquo;autonomie des diff\u00e9rentes religions\u00a0\u00bb <\/strong>. En d&rsquo;autres termes, la neutralit\u00e9 n&rsquo;oblige pas l&rsquo;\u00c9tat \u00e0 s&rsquo;abstenir de relations avec les religions, mais elle interdit toute discrimination dans les relations avec les religions. Toutefois, elle met en garde ou nuance : \u00ab\u00a0le fait qu&rsquo;une religion soit r\u00e9pandue n&rsquo;implique pas un traitement privil\u00e9gi\u00e9\u00a0\u00bb. Pas privil\u00e9gi\u00e9, mais pas hostile non plus.<\/p>\n\n\n\n<p>Parce que <strong>le crucifix<\/strong> a aussi une <strong>valeur historique et culturelle<\/strong>. En particulier, le crucifix de la salle pl\u00e9ni\u00e8re du palais de justice Alfonso Reyes Echand\u00eda a une valeur historique car il est l\u00e0 depuis l&rsquo;inauguration de la salle le 7 juillet 1999. Et il a une valeur culturelle parce qu&rsquo;il a \u00e9t\u00e9 sculpt\u00e9 par un artisan du bois de Candelaria \u00ab\u00a0au talent reconnu\u00a0\u00bb, indique l&rsquo;arr\u00eat, qui rappelle \u00e9galement que l&rsquo;UNESCO d\u00e9finit l&rsquo;identit\u00e9 culturelle comme \u00ab\u00a0des traits distinctifs spirituels, mat\u00e9riels et \u00e9motionnels ; les arts, la litt\u00e9rature, les modes de vie, les syst\u00e8mes de croyance et les traditions\u00a0\u00bb.<\/p>\n\n\n\n<p>En outre, l&rsquo;arr\u00eat cite la jurisprudence des hautes juridictions sur la m\u00eame question. Par exemple, la Cour constitutionnelle du P\u00e9rou a jug\u00e9, le 7 mars 2011, que \u00ab\u00a0l&rsquo;incomp\u00e9tence radicale de l&rsquo;\u00c9tat face \u00e0 la foi\u00a0\u00bb&#8230;  <strong>ne doit pas \u00eatre interpr\u00e9t\u00e9 comme de l&rsquo;hostilit\u00e9 ou de l&rsquo;impuissance. \u00ab\u00a0Ce serait une sorte d&rsquo;\u00c9tat confessionnel non religieux.<\/strong>  Il rappelle \u00e9galement que l&rsquo;influence du christianisme dans le fa\u00e7onnement du pays est \u00ab\u00a0ind\u00e9niable\u00a0\u00bb. Il conclut que <strong>\u00ab\u00a0la tol\u00e9rance ne peut conduire \u00e0 l&rsquo;intol\u00e9rance envers sa propre identit\u00e9\u00a0\u00bb<\/strong>.<\/p>\n\n\n\n<p>La Cour constitutionnelle colombienne cite \u00e9galement un jugement de la Cour sup\u00e9rieure de justice de Santa Rosa (Argentine) qui fait appel \u00e0 la<strong>\u00a0\u00bb la\u00efcit\u00e9 positive\u00a0\u00bb,<\/strong> c&rsquo;est-\u00e0-dire la reconnaissance de la transcendance sociale du fait religieux et son traitement comme un fait positif pour le Bien commun. Cela oblige le pouvoir politique \u00e0 collaborer dans le respect de l&rsquo;autonomie, de la pluralit\u00e9 et de la pleine impartialit\u00e9. Le tribunal argentin conclut que la Bible ou le crucifix sont \u00ab\u00a0des symboles essentiellement passifs, sans capacit\u00e9 d&rsquo;endoctrinement\u00a0\u00bb.<\/p>\n\n\n\n<p>En outre, l&rsquo;arr\u00eat colombien cite \u00e9galement l&rsquo;arr\u00eat de la Cour des droits de l&rsquo;homme de Strasbourg du 18 mars 2011 et l&rsquo;arr\u00eat <strong>Marsh v Chambers<\/strong> de 1983 de la Cour supr\u00eame des \u00c9tats-Unis d\u00e9clarant que la r\u00e9citation d&rsquo;une pri\u00e8re avant les sessions parlementaires est constitutionnelle. \u00ab\u00a0Il fait partie de notre tissu social depuis 200 ans\u00a0\u00bb, conclut le tribunal am\u00e9ricain.<\/p>\n\n\n\n<p>Pour la m\u00eame raison, le crucifix fait partie de l&rsquo;histoire, de la culture et de la tradition de la Colombie, il ne fait de mal \u00e0 personne et n&rsquo;oblige personne \u00e0 faire quoi que ce soit, mais il aide et rappelle l&rsquo;identit\u00e9 d&rsquo;o\u00f9 jaillit la soif de justice et le d\u00e9sir de faire le bien. C&rsquo;est pourquoi la Cour constitutionnelle a d\u00e9cid\u00e9 de la maintenir dans la chambre pl\u00e9ni\u00e8re. Bonne nouvelle pour la libert\u00e9 religieuse.<\/p>\n","protected":false},"excerpt":{"rendered":"<p>La Cour constitutionnelle de Colombie rejette une plainte qui demandait le retrait du crucifix de la salle pl\u00e9ni\u00e8re de la Cour constitutionnelle.<\/p>\n","protected":false},"author":566,"featured_media":165568,"comment_status":"open","ping_status":"open","sticky":false,"template":"","format":"standard","meta":{"give_campaign_id":0,"om_disable_all_campaigns":false,"_monsterinsights_skip_tracking":false,"_monsterinsights_sitenote_active":false,"_monsterinsights_sitenote_note":"","_monsterinsights_sitenote_category":0,"mc4wp_mailchimp_campaign":[],"jnews-multi-image_gallery":[],"jnews_single_post":{"subtitle":"La Cour constitutionnelle de Colombie rejette une plainte qui demandait le retrait du crucifix de la salle pl\u00e9ni\u00e8re de la Cour constitutionnelle.","format":"standard","video":"","gallery":"","source_name":"","source_url":"","via_name":"","via_url":"","override_template":"0","override":[{"template":"2","single_blog_custom":"","parallax":"1","fullscreen":"1","layout":"right-sidebar-narrow","sidebar":"default-sidebar","second_sidebar":"default-sidebar","sticky_sidebar":"1","share_position":"float","share_float_style":"share-normal","show_share_counter":"1","show_view_counter":"1","show_featured":"1","show_post_meta":"1","show_post_author":"1","show_post_author_image":"1","show_post_date":"1","post_date_format":"default","post_date_format_custom":"Y\/m\/d","show_post_category":"1","show_post_reading_time":"1","post_reading_time_wpm":"300","show_zoom_button":"0","zoom_button_out_step":"2","zoom_button_in_step":"3","show_post_tag":"1","show_prev_next_post":"0","show_popup_post":"0","number_popup_post":"1","show_author_box":"1","show_post_related":"0","show_inline_post_related":"0"}],"override_image_size":"0","image_override":[{"single_post_thumbnail_size":"crop-715","single_post_gallery_size":"crop-715"}],"trending_post":"0","trending_post_position":"meta","trending_post_label":"Trending","sponsored_post":"0","sponsored_post_label":"Sponsored by","sponsored_post_name":"","sponsored_post_url":"","sponsored_post_logo_enable":"0","sponsored_post_logo":"","sponsored_post_desc":"","disable_ad":"0"},"jnews_primary_category":{"id":"813"},"jnews_social_meta":{"fb_title":"","fb_description":"","fb_image":"","twitter_title":"","twitter_description":"","twitter_image":""},"jnews_override_counter":{"override_view_counter":"0","view_counter_number":"0","override_share_counter":"0","share_counter_number":"0","override_like_counter":"0","like_counter_number":"0","override_dislike_counter":"0","dislike_counter_number":"0"},"footnotes":""},"categories":[809,813],"tags":[20568],"class_list":["post-166162","post","type-post","status-publish","format-standard","has-post-thumbnail","hentry","category-foreground-fr","category-breaking-news-fr","tag-colombie-fr-2"],"yoast_head":"<!-- This site is optimized with the Yoast SEO Premium plugin v25.9 (Yoast SEO v27.3) - https:\/\/yoast.com\/product\/yoast-seo-premium-wordpress\/ -->\n<title>Cour constitutionnelle colombienne : &quot;Le crucifix ne sert pas \u00e0 endoctriner ou \u00e0 contraindre&quot;. - IFN<\/title>\n<meta name=\"description\" content=\"La Cour constitutionnelle de Colombie rejette une plainte qui demandait le retrait du crucifix de la salle pl\u00e9ni\u00e8re de la Cour constitutionnelle.\" \/>\n<meta name=\"robots\" content=\"index, follow, max-snippet:-1, max-image-preview:large, max-video-preview:-1\" \/>\n<link rel=\"canonical\" href=\"https:\/\/ifamnews.com\/fr\/cour-constitutionnelle-colombienne-le-crucifix-ne-sert-pas-endoctriner-ou-contraindre\" \/>\n<meta property=\"og:locale\" content=\"fr_FR\" \/>\n<meta property=\"og:type\" content=\"article\" \/>\n<meta property=\"og:title\" content=\"Cour constitutionnelle colombienne : &quot;Le crucifix ne sert pas \u00e0 endoctriner ou \u00e0 contraindre&quot;.\" \/>\n<meta property=\"og:description\" content=\"La Cour constitutionnelle de Colombie rejette une plainte qui demandait le retrait du crucifix de la salle pl\u00e9ni\u00e8re de la Cour constitutionnelle.\" \/>\n<meta property=\"og:url\" content=\"https:\/\/ifamnews.com\/fr\/cour-constitutionnelle-colombienne-le-crucifix-ne-sert-pas-endoctriner-ou-contraindre\" \/>\n<meta property=\"og:site_name\" content=\"IFN\" \/>\n<meta property=\"article:publisher\" content=\"https:\/\/www.facebook.com\/iFamNews\" \/>\n<meta property=\"article:author\" content=\"https:\/\/facebook.com\/luis.losadapescador\" \/>\n<meta property=\"article:published_time\" content=\"2022-10-11T06:13:50+00:00\" \/>\n<meta property=\"article:modified_time\" content=\"2022-10-11T06:14:50+00:00\" \/>\n<meta property=\"og:image\" content=\"https:\/\/ifamnews.com\/wp-content\/uploads\/2022\/10\/cali-colombia-statue-monument-city-urban.jpg\" \/>\n\t<meta property=\"og:image:width\" content=\"910\" \/>\n\t<meta property=\"og:image:height\" content=\"512\" \/>\n\t<meta property=\"og:image:type\" content=\"image\/jpeg\" \/>\n<meta name=\"author\" content=\"Luis Losada\" \/>\n<meta name=\"twitter:card\" content=\"summary_large_image\" \/>\n<meta name=\"twitter:creator\" content=\"@https:\/\/twitter.com\/losadapescador\" \/>\n<meta name=\"twitter:site\" content=\"@iFamNewsEN\" \/>\n<meta name=\"twitter:label1\" content=\"\u00c9crit par\" \/>\n\t<meta name=\"twitter:data1\" content=\"Luis Losada\" \/>\n\t<meta name=\"twitter:label2\" content=\"Dur\u00e9e de lecture estim\u00e9e\" \/>\n\t<meta name=\"twitter:data2\" content=\"3 minutes\" \/>\n<!-- \/ Yoast SEO Premium plugin. -->","yoast_head_json":{"title":"Cour constitutionnelle colombienne : \"Le crucifix ne sert pas \u00e0 endoctriner ou \u00e0 contraindre\". - IFN","description":"La Cour constitutionnelle de Colombie rejette une plainte qui demandait le retrait du crucifix de la salle pl\u00e9ni\u00e8re de la Cour constitutionnelle.","robots":{"index":"index","follow":"follow","max-snippet":"max-snippet:-1","max-image-preview":"max-image-preview:large","max-video-preview":"max-video-preview:-1"},"canonical":"https:\/\/ifamnews.com\/fr\/cour-constitutionnelle-colombienne-le-crucifix-ne-sert-pas-endoctriner-ou-contraindre","og_locale":"fr_FR","og_type":"article","og_title":"Cour constitutionnelle colombienne : \"Le crucifix ne sert pas \u00e0 endoctriner ou \u00e0 contraindre\".","og_description":"La Cour constitutionnelle de Colombie rejette une plainte qui demandait le retrait du crucifix de la salle pl\u00e9ni\u00e8re de la Cour constitutionnelle.","og_url":"https:\/\/ifamnews.com\/fr\/cour-constitutionnelle-colombienne-le-crucifix-ne-sert-pas-endoctriner-ou-contraindre","og_site_name":"IFN","article_publisher":"https:\/\/www.facebook.com\/iFamNews","article_author":"https:\/\/facebook.com\/luis.losadapescador","article_published_time":"2022-10-11T06:13:50+00:00","article_modified_time":"2022-10-11T06:14:50+00:00","og_image":[{"width":910,"height":512,"url":"https:\/\/ifamnews.com\/wp-content\/uploads\/2022\/10\/cali-colombia-statue-monument-city-urban.jpg","type":"image\/jpeg"}],"author":"Luis Losada","twitter_card":"summary_large_image","twitter_creator":"@https:\/\/twitter.com\/losadapescador","twitter_site":"@iFamNewsEN","twitter_misc":{"\u00c9crit par":"Luis Losada","Dur\u00e9e de lecture estim\u00e9e":"3 minutes"},"schema":{"@context":"https:\/\/schema.org","@graph":[{"@type":"NewsArticle","@id":"https:\/\/ifamnews.com\/fr\/cour-constitutionnelle-colombienne-le-crucifix-ne-sert-pas-endoctriner-ou-contraindre#article","isPartOf":{"@id":"https:\/\/ifamnews.com\/fr\/cour-constitutionnelle-colombienne-le-crucifix-ne-sert-pas-endoctriner-ou-contraindre"},"author":{"name":"Luis Losada","@id":"https:\/\/ifamnews.com\/en\/#\/schema\/person\/3c74d6bba4ee5d844f5b59791fe04f30"},"headline":"Cour constitutionnelle colombienne : \u00ab\u00a0Le crucifix ne sert pas \u00e0 endoctriner ou \u00e0 contraindre\u00a0\u00bb.","datePublished":"2022-10-11T06:13:50+00:00","dateModified":"2022-10-11T06:14:50+00:00","mainEntityOfPage":{"@id":"https:\/\/ifamnews.com\/fr\/cour-constitutionnelle-colombienne-le-crucifix-ne-sert-pas-endoctriner-ou-contraindre"},"wordCount":666,"commentCount":0,"publisher":{"@id":"https:\/\/ifamnews.com\/en\/#organization"},"image":{"@id":"https:\/\/ifamnews.com\/fr\/cour-constitutionnelle-colombienne-le-crucifix-ne-sert-pas-endoctriner-ou-contraindre#primaryimage"},"thumbnailUrl":"https:\/\/ifamnews.com\/wp-content\/uploads\/2022\/10\/cali-colombia-statue-monument-city-urban.jpg","keywords":["colombie"],"articleSection":["Foreground","Nouvelles r\u00e9centes"],"inLanguage":"fr-FR","potentialAction":[{"@type":"CommentAction","name":"Comment","target":["https:\/\/ifamnews.com\/fr\/cour-constitutionnelle-colombienne-le-crucifix-ne-sert-pas-endoctriner-ou-contraindre#respond"]}]},{"@type":"WebPage","@id":"https:\/\/ifamnews.com\/fr\/cour-constitutionnelle-colombienne-le-crucifix-ne-sert-pas-endoctriner-ou-contraindre","url":"https:\/\/ifamnews.com\/fr\/cour-constitutionnelle-colombienne-le-crucifix-ne-sert-pas-endoctriner-ou-contraindre","name":"Cour constitutionnelle colombienne : \"Le crucifix ne sert pas \u00e0 endoctriner ou \u00e0 contraindre\". - IFN","isPartOf":{"@id":"https:\/\/ifamnews.com\/en\/#website"},"primaryImageOfPage":{"@id":"https:\/\/ifamnews.com\/fr\/cour-constitutionnelle-colombienne-le-crucifix-ne-sert-pas-endoctriner-ou-contraindre#primaryimage"},"image":{"@id":"https:\/\/ifamnews.com\/fr\/cour-constitutionnelle-colombienne-le-crucifix-ne-sert-pas-endoctriner-ou-contraindre#primaryimage"},"thumbnailUrl":"https:\/\/ifamnews.com\/wp-content\/uploads\/2022\/10\/cali-colombia-statue-monument-city-urban.jpg","datePublished":"2022-10-11T06:13:50+00:00","dateModified":"2022-10-11T06:14:50+00:00","description":"La Cour constitutionnelle de Colombie rejette une plainte qui demandait le retrait du crucifix de la salle pl\u00e9ni\u00e8re de la Cour constitutionnelle.","breadcrumb":{"@id":"https:\/\/ifamnews.com\/fr\/cour-constitutionnelle-colombienne-le-crucifix-ne-sert-pas-endoctriner-ou-contraindre#breadcrumb"},"inLanguage":"fr-FR","potentialAction":[{"@type":"ReadAction","target":["https:\/\/ifamnews.com\/fr\/cour-constitutionnelle-colombienne-le-crucifix-ne-sert-pas-endoctriner-ou-contraindre"]}]},{"@type":"ImageObject","inLanguage":"fr-FR","@id":"https:\/\/ifamnews.com\/fr\/cour-constitutionnelle-colombienne-le-crucifix-ne-sert-pas-endoctriner-ou-contraindre#primaryimage","url":"https:\/\/ifamnews.com\/wp-content\/uploads\/2022\/10\/cali-colombia-statue-monument-city-urban.jpg","contentUrl":"https:\/\/ifamnews.com\/wp-content\/uploads\/2022\/10\/cali-colombia-statue-monument-city-urban.jpg","width":910,"height":512},{"@type":"BreadcrumbList","@id":"https:\/\/ifamnews.com\/fr\/cour-constitutionnelle-colombienne-le-crucifix-ne-sert-pas-endoctriner-ou-contraindre#breadcrumb","itemListElement":[{"@type":"ListItem","position":1,"name":"Home","item":"https:\/\/ifamnews.com\/de"},{"@type":"ListItem","position":2,"name":"Politics","item":"https:\/\/ifamnews.com\/en\/category\/politics"},{"@type":"ListItem","position":3,"name":"Cour constitutionnelle colombienne : &#8220;Le crucifix ne sert pas \u00e0 endoctriner ou \u00e0 contraindre&#8221;."}]},{"@type":"WebSite","@id":"https:\/\/ifamnews.com\/en\/#website","url":"https:\/\/ifamnews.com\/en\/","name":"IFN","description":"International Family News Network","publisher":{"@id":"https:\/\/ifamnews.com\/en\/#organization"},"potentialAction":[{"@type":"SearchAction","target":{"@type":"EntryPoint","urlTemplate":"https:\/\/ifamnews.com\/en\/?s={search_term_string}"},"query-input":{"@type":"PropertyValueSpecification","valueRequired":true,"valueName":"search_term_string"}}],"inLanguage":"fr-FR"},{"@type":"Organization","@id":"https:\/\/ifamnews.com\/en\/#organization","name":"iFamNews","url":"https:\/\/ifamnews.com\/en\/","logo":{"@type":"ImageObject","inLanguage":"fr-FR","@id":"https:\/\/ifamnews.com\/en\/#\/schema\/logo\/image\/","url":"https:\/\/ifamnews.com\/wp-content\/uploads\/2020\/01\/Share-logo.png","contentUrl":"https:\/\/ifamnews.com\/wp-content\/uploads\/2020\/01\/Share-logo.png","width":200,"height":200,"caption":"iFamNews"},"image":{"@id":"https:\/\/ifamnews.com\/en\/#\/schema\/logo\/image\/"},"sameAs":["https:\/\/www.facebook.com\/iFamNews","https:\/\/x.com\/iFamNewsEN"]},{"@type":"Person","@id":"https:\/\/ifamnews.com\/en\/#\/schema\/person\/3c74d6bba4ee5d844f5b59791fe04f30","name":"Luis Losada","image":{"@type":"ImageObject","inLanguage":"fr-FR","@id":"https:\/\/secure.gravatar.com\/avatar\/90fa6f4b948f9f6913b35f877ead6d7f3a307f2e51136a592b41e27537480d69?s=96&d=mm&r=g","url":"https:\/\/secure.gravatar.com\/avatar\/90fa6f4b948f9f6913b35f877ead6d7f3a307f2e51136a592b41e27537480d69?s=96&d=mm&r=g","contentUrl":"https:\/\/secure.gravatar.com\/avatar\/90fa6f4b948f9f6913b35f877ead6d7f3a307f2e51136a592b41e27537480d69?s=96&d=mm&r=g","caption":"Luis Losada"},"description":"Luis Losada Pescador,\u00a0economist and journalist. After 20 years\u00a0in media he is managing consultancy in comunication\u00a0of business and entreprises. He is also campaigns editor of CitizenGO in Latam.","sameAs":["https:\/\/facebook.com\/luis.losadapescador","https:\/\/x.com\/https:\/\/twitter.com\/losadapescador"],"url":"https:\/\/ifamnews.com\/fr\/author\/luis-losada"}]}},"amp_enabled":true,"_links":{"self":[{"href":"https:\/\/ifamnews.com\/fr\/wp-json\/wp\/v2\/posts\/166162","targetHints":{"allow":["GET"]}}],"collection":[{"href":"https:\/\/ifamnews.com\/fr\/wp-json\/wp\/v2\/posts"}],"about":[{"href":"https:\/\/ifamnews.com\/fr\/wp-json\/wp\/v2\/types\/post"}],"author":[{"embeddable":true,"href":"https:\/\/ifamnews.com\/fr\/wp-json\/wp\/v2\/users\/566"}],"replies":[{"embeddable":true,"href":"https:\/\/ifamnews.com\/fr\/wp-json\/wp\/v2\/comments?post=166162"}],"version-history":[{"count":2,"href":"https:\/\/ifamnews.com\/fr\/wp-json\/wp\/v2\/posts\/166162\/revisions"}],"predecessor-version":[{"id":166165,"href":"https:\/\/ifamnews.com\/fr\/wp-json\/wp\/v2\/posts\/166162\/revisions\/166165"}],"wp:featuredmedia":[{"embeddable":true,"href":"https:\/\/ifamnews.com\/fr\/wp-json\/wp\/v2\/media\/165568"}],"wp:attachment":[{"href":"https:\/\/ifamnews.com\/fr\/wp-json\/wp\/v2\/media?parent=166162"}],"wp:term":[{"taxonomy":"category","embeddable":true,"href":"https:\/\/ifamnews.com\/fr\/wp-json\/wp\/v2\/categories?post=166162"},{"taxonomy":"post_tag","embeddable":true,"href":"https:\/\/ifamnews.com\/fr\/wp-json\/wp\/v2\/tags?post=166162"}],"curies":[{"name":"wp","href":"https:\/\/api.w.org\/{rel}","templated":true}]}}