{"id":162055,"date":"2022-09-25T10:53:56","date_gmt":"2022-09-25T14:53:56","guid":{"rendered":"https:\/\/ifamnews.com\/?p=162055"},"modified":"2022-09-25T10:53:58","modified_gmt":"2022-09-25T14:53:58","slug":"coupe-du-monde-du-qatar-le-capitaine-de-l-quipe-de-serbie-refuse-de-porter-le-brassard-lgbt","status":"publish","type":"post","link":"https:\/\/ifamnews.com\/fr\/coupe-du-monde-du-qatar-le-capitaine-de-l-quipe-de-serbie-refuse-de-porter-le-brassard-lgbt","title":{"rendered":"Coupe du monde du Qatar : Le Capitaine de l&rsquo;\u00e9quipe de Serbie refuse de porter le brassard LGBT"},"content":{"rendered":"\n<p>Le secr\u00e9taire g\u00e9n\u00e9ral de l&rsquo;Association de football de Serbie (FSS), Jovan \u0160urbatovi\u0107, a confirm\u00e9 que les <em>Aigles<\/em> ne se joindraient pas \u00e0 l&rsquo;initiative susmentionn\u00e9e et a ensuite expliqu\u00e9 cette d\u00e9cision de l&rsquo;organisation fa\u00eeti\u00e8re du football serbe.<\/p>\n\n\n\n<blockquote class=\"wp-block-quote is-layout-flow wp-block-quote-is-layout-flow\"><p>Il est vrai que nous avons re\u00e7u une demande d&rsquo;adh\u00e9sion \u00e0 l&rsquo;initiative et que nous n&rsquo;y avons pas r\u00e9pondu positivement, car nous sommes focalis\u00e9s sur le football. Tout ce qui pourrait provoquer une quelconque provocation aupr\u00e8s de notre public et de nos fans ou \u00eatre compris comme une forme de politisation est inacceptable pour nous.<\/p><cite>Chourbatovic<\/cite><\/blockquote>\n\n\n\n<p>Il a ajout\u00e9 que la FSS respecte le droit d&rsquo;exprimer librement ses opinions, mais qu&rsquo;elle ne veut pas participer \u00e0 des affaires qui n&rsquo;ont rien \u00e0 voir avec le football.<\/p>\n\n\n\n<blockquote class=\"wp-block-quote is-layout-flow wp-block-quote-is-layout-flow\"><p>Nous maintenons une position purement sportive et politiquement neutre. Nous avons exprim\u00e9 cette position lors de la r\u00e9union de Doha lorsque diverses id\u00e9es ont \u00e9t\u00e9 lanc\u00e9es. Nous sommes toujours en faveur de messages universels comme \u00ab\u00a0Stop \u00e0 la guerre\u00a0\u00bb et \u00ab\u00a0Paix\u00a0\u00bb, mais la question du ruban arc-en-ciel est tr\u00e8s sensible et inutile pour notre soci\u00e9t\u00e9. Nous nous concentrons uniquement sur le football. Parmi nos fans, il y a des membres de divers groupes sociaux et communaut\u00e9s religieuses, nous respectons le droit d&rsquo;exprimer librement les opinions de chaque individu, mais nous le r\u00e9p\u00e9tons &#8211; ces sujets ne conviennent pas au football et les stades ne sont pas l&rsquo;endroit pour de telles choses. C&rsquo;est la position de la FSS.<\/p><cite>Secr\u00e9taire g\u00e9n\u00e9ral de la FSS<\/cite><\/blockquote>\n\n\n\n<p>Outre la Serbie, la Croatie, le Portugal, l&rsquo;Espagne et la Pologne ne participeront pas \u00e0 la campagne \u00ab\u00a0One Love\u00a0\u00bb depuis l&rsquo;Europe.<\/p>\n","protected":false},"excerpt":{"rendered":"<p>Plus t\u00f4t dans la journ\u00e9e, des informations sont apparues selon lesquelles le capitaine de l&rsquo;\u00e9quipe nationale de football serbe, Du\u0161an Tadi\u0107, avait refus\u00e9 de porter un ruban arc-en-ciel lors de la prochaine Coupe du monde, et une r\u00e9action de la FSS est rapidement arriv\u00e9e.<\/p>\n","protected":false},"author":147,"featured_media":161865,"comment_status":"open","ping_status":"open","sticky":false,"template":"","format":"standard","meta":{"give_campaign_id":0,"om_disable_all_campaigns":false,"_monsterinsights_skip_tracking":false,"_monsterinsights_sitenote_active":false,"_monsterinsights_sitenote_note":"","_monsterinsights_sitenote_category":0,"mc4wp_mailchimp_campaign":[],"jnews-multi-image_gallery":[],"jnews_single_post":{"subtitle":"Plus t\u00f4t dans la journ\u00e9e, des informations sont apparues selon lesquelles le capitaine de l'\u00e9quipe nationale de football serbe, Du\u0161an Tadi\u0107, avait refus\u00e9 de porter un ruban arc-en-ciel lors de la prochaine Coupe du monde, et une r\u00e9action de la FSS est rapidement arriv\u00e9e.","format":"standard","video":"","gallery":"","source_name":"","source_url":"","via_name":"","via_url":"","override_template":"0","override":[{"template":"2","single_blog_custom":"","parallax":"1","fullscreen":"1","layout":"right-sidebar-narrow","sidebar":"default-sidebar","second_sidebar":"default-sidebar","sticky_sidebar":"1","share_position":"float","share_float_style":"share-normal","show_share_counter":"1","show_view_counter":"1","show_featured":"1","show_post_meta":"1","show_post_author":"1","show_post_author_image":"1","show_post_date":"1","post_date_format":"default","post_date_format_custom":"Y\/m\/d","show_post_category":"1","show_post_reading_time":"1","post_reading_time_wpm":"300","show_zoom_button":"0","zoom_button_out_step":"2","zoom_button_in_step":"3","show_post_tag":"1","show_prev_next_post":"0","show_popup_post":"0","number_popup_post":"1","show_author_box":"1","show_post_related":"0","show_inline_post_related":"0"}],"override_image_size":"0","image_override":[{"single_post_thumbnail_size":"crop-715","single_post_gallery_size":"crop-715"}],"trending_post":"0","trending_post_position":"meta","trending_post_label":"Trending","sponsored_post":"0","sponsored_post_label":"Sponsored by","sponsored_post_name":"","sponsored_post_url":"","sponsored_post_logo_enable":"0","sponsored_post_logo":"","sponsored_post_desc":"","disable_ad":"0"},"jnews_primary_category":{"id":"797"},"jnews_social_meta":{"fb_title":"","fb_description":"","fb_image":"","twitter_title":"","twitter_description":"","twitter_image":""},"jnews_override_counter":{"override_view_counter":"0","view_counter_number":"0","override_share_counter":"0","share_counter_number":"0","override_like_counter":"0","like_counter_number":"0","override_dislike_counter":"0","dislike_counter_number":"0"},"footnotes":""},"categories":[797,809],"tags":[20413,20412,20410,20409,20411],"class_list":["post-162055","post","type-post","status-publish","format-standard","has-post-thumbnail","hentry","category-divertissement","category-foreground-fr","tag-bande-lgbt","tag-brassard-de-capitaine","tag-coupe-du-monde-de-football","tag-ideologie-lgbt","tag-tadic-fr"],"yoast_head":"<!-- This site is optimized with the Yoast SEO Premium plugin v25.9 (Yoast SEO v27.3) - https:\/\/yoast.com\/product\/yoast-seo-premium-wordpress\/ -->\n<title>Coupe du monde du Qatar : Le Capitaine de l&#039;\u00e9quipe de Serbie refuse de porter le brassard LGBT - IFN<\/title>\n<meta name=\"description\" content=\"Plus t\u00f4t dans la journ\u00e9e, des informations sont apparues selon lesquelles le capitaine de l&#039;\u00e9quipe nationale de football serbe, Du\u0161an Tadi\u0107, avait refus\u00e9 de porter un ruban arc-en-ciel lors de la prochaine Coupe du monde, et une r\u00e9action de la FSS est rapidement arriv\u00e9e.\" \/>\n<meta name=\"robots\" content=\"index, follow, max-snippet:-1, max-image-preview:large, max-video-preview:-1\" \/>\n<link rel=\"canonical\" href=\"https:\/\/ifamnews.com\/fr\/coupe-du-monde-du-qatar-le-capitaine-de-l-quipe-de-serbie-refuse-de-porter-le-brassard-lgbt\" \/>\n<meta property=\"og:locale\" content=\"fr_FR\" \/>\n<meta property=\"og:type\" content=\"article\" \/>\n<meta property=\"og:title\" content=\"Coupe du monde du Qatar : Le Capitaine de l&#039;\u00e9quipe de Serbie refuse de porter le brassard LGBT\" \/>\n<meta property=\"og:description\" content=\"Plus t\u00f4t dans la journ\u00e9e, des informations sont apparues selon lesquelles le capitaine de l&#039;\u00e9quipe nationale de football serbe, Du\u0161an Tadi\u0107, avait refus\u00e9 de porter un ruban arc-en-ciel lors de la prochaine Coupe du monde, et une r\u00e9action de la FSS est rapidement arriv\u00e9e.\" \/>\n<meta property=\"og:url\" content=\"https:\/\/ifamnews.com\/fr\/coupe-du-monde-du-qatar-le-capitaine-de-l-quipe-de-serbie-refuse-de-porter-le-brassard-lgbt\" \/>\n<meta property=\"og:site_name\" content=\"IFN\" \/>\n<meta property=\"article:publisher\" content=\"https:\/\/www.facebook.com\/iFamNews\" \/>\n<meta property=\"article:author\" content=\"https:\/\/www.facebook.com\/iFamNews\/\" \/>\n<meta property=\"article:published_time\" content=\"2022-09-25T14:53:56+00:00\" \/>\n<meta property=\"article:modified_time\" content=\"2022-09-25T14:53:58+00:00\" \/>\n<meta property=\"og:image\" content=\"https:\/\/ifamnews.com\/wp-content\/uploads\/2022\/09\/Sr-fu.jpg\" \/>\n\t<meta property=\"og:image:width\" content=\"1200\" \/>\n\t<meta property=\"og:image:height\" content=\"675\" \/>\n\t<meta property=\"og:image:type\" content=\"image\/jpeg\" \/>\n<meta name=\"author\" content=\"iFamNews Serbia\" \/>\n<meta name=\"twitter:card\" content=\"summary_large_image\" \/>\n<meta name=\"twitter:creator\" content=\"@https:\/\/twitter.com\/ifamnewsrs\/\" \/>\n<meta name=\"twitter:site\" content=\"@iFamNewsEN\" \/>\n<meta name=\"twitter:label1\" content=\"\u00c9crit par\" \/>\n\t<meta name=\"twitter:data1\" content=\"IFN Serbie\" \/>\n\t<meta name=\"twitter:label2\" content=\"Dur\u00e9e de lecture estim\u00e9e\" \/>\n\t<meta name=\"twitter:data2\" content=\"2 minutes\" \/>\n<!-- \/ Yoast SEO Premium plugin. -->","yoast_head_json":{"title":"Coupe du monde du Qatar : Le Capitaine de l'\u00e9quipe de Serbie refuse de porter le brassard LGBT - IFN","description":"Plus t\u00f4t dans la journ\u00e9e, des informations sont apparues selon lesquelles le capitaine de l'\u00e9quipe nationale de football serbe, Du\u0161an Tadi\u0107, avait refus\u00e9 de porter un ruban arc-en-ciel lors de la prochaine Coupe du monde, et une r\u00e9action de la FSS est rapidement arriv\u00e9e.","robots":{"index":"index","follow":"follow","max-snippet":"max-snippet:-1","max-image-preview":"max-image-preview:large","max-video-preview":"max-video-preview:-1"},"canonical":"https:\/\/ifamnews.com\/fr\/coupe-du-monde-du-qatar-le-capitaine-de-l-quipe-de-serbie-refuse-de-porter-le-brassard-lgbt","og_locale":"fr_FR","og_type":"article","og_title":"Coupe du monde du Qatar : Le Capitaine de l'\u00e9quipe de Serbie refuse de porter le brassard LGBT","og_description":"Plus t\u00f4t dans la journ\u00e9e, des informations sont apparues selon lesquelles le capitaine de l'\u00e9quipe nationale de football serbe, Du\u0161an Tadi\u0107, avait refus\u00e9 de porter un ruban arc-en-ciel lors de la prochaine Coupe du monde, et une r\u00e9action de la FSS est rapidement arriv\u00e9e.","og_url":"https:\/\/ifamnews.com\/fr\/coupe-du-monde-du-qatar-le-capitaine-de-l-quipe-de-serbie-refuse-de-porter-le-brassard-lgbt","og_site_name":"IFN","article_publisher":"https:\/\/www.facebook.com\/iFamNews","article_author":"https:\/\/www.facebook.com\/iFamNews\/","article_published_time":"2022-09-25T14:53:56+00:00","article_modified_time":"2022-09-25T14:53:58+00:00","og_image":[{"width":1200,"height":675,"url":"https:\/\/ifamnews.com\/wp-content\/uploads\/2022\/09\/Sr-fu.jpg","type":"image\/jpeg"}],"author":"iFamNews Serbia","twitter_card":"summary_large_image","twitter_creator":"@https:\/\/twitter.com\/ifamnewsrs\/","twitter_site":"@iFamNewsEN","twitter_misc":{"\u00c9crit par":"IFN Serbie","Dur\u00e9e de lecture estim\u00e9e":"2 minutes"},"schema":{"@context":"https:\/\/schema.org","@graph":[{"@type":"NewsArticle","@id":"https:\/\/ifamnews.com\/fr\/coupe-du-monde-du-qatar-le-capitaine-de-l-quipe-de-serbie-refuse-de-porter-le-brassard-lgbt#article","isPartOf":{"@id":"https:\/\/ifamnews.com\/fr\/coupe-du-monde-du-qatar-le-capitaine-de-l-quipe-de-serbie-refuse-de-porter-le-brassard-lgbt"},"author":{"name":"iFamNews Serbia","@id":"https:\/\/ifamnews.com\/en\/#\/schema\/person\/38b9f44fbc0a98257b4be4a648a4c6c7"},"headline":"Coupe du monde du Qatar : Le Capitaine de l&rsquo;\u00e9quipe de Serbie refuse de porter le brassard LGBT","datePublished":"2022-09-25T14:53:56+00:00","dateModified":"2022-09-25T14:53:58+00:00","mainEntityOfPage":{"@id":"https:\/\/ifamnews.com\/fr\/coupe-du-monde-du-qatar-le-capitaine-de-l-quipe-de-serbie-refuse-de-porter-le-brassard-lgbt"},"wordCount":314,"commentCount":0,"publisher":{"@id":"https:\/\/ifamnews.com\/en\/#organization"},"image":{"@id":"https:\/\/ifamnews.com\/fr\/coupe-du-monde-du-qatar-le-capitaine-de-l-quipe-de-serbie-refuse-de-porter-le-brassard-lgbt#primaryimage"},"thumbnailUrl":"https:\/\/ifamnews.com\/wp-content\/uploads\/2022\/09\/Sr-fu.jpg","keywords":["Bande LGBT","brassard de capitaine","Coupe du monde de football","Id\u00e9ologie LGBT","Tadic"],"articleSection":["Divertissement","Foreground"],"inLanguage":"fr-FR","potentialAction":[{"@type":"CommentAction","name":"Comment","target":["https:\/\/ifamnews.com\/fr\/coupe-du-monde-du-qatar-le-capitaine-de-l-quipe-de-serbie-refuse-de-porter-le-brassard-lgbt#respond"]}]},{"@type":"WebPage","@id":"https:\/\/ifamnews.com\/fr\/coupe-du-monde-du-qatar-le-capitaine-de-l-quipe-de-serbie-refuse-de-porter-le-brassard-lgbt","url":"https:\/\/ifamnews.com\/fr\/coupe-du-monde-du-qatar-le-capitaine-de-l-quipe-de-serbie-refuse-de-porter-le-brassard-lgbt","name":"Coupe du monde du Qatar : Le Capitaine de l'\u00e9quipe de Serbie refuse de porter le brassard LGBT - IFN","isPartOf":{"@id":"https:\/\/ifamnews.com\/en\/#website"},"primaryImageOfPage":{"@id":"https:\/\/ifamnews.com\/fr\/coupe-du-monde-du-qatar-le-capitaine-de-l-quipe-de-serbie-refuse-de-porter-le-brassard-lgbt#primaryimage"},"image":{"@id":"https:\/\/ifamnews.com\/fr\/coupe-du-monde-du-qatar-le-capitaine-de-l-quipe-de-serbie-refuse-de-porter-le-brassard-lgbt#primaryimage"},"thumbnailUrl":"https:\/\/ifamnews.com\/wp-content\/uploads\/2022\/09\/Sr-fu.jpg","datePublished":"2022-09-25T14:53:56+00:00","dateModified":"2022-09-25T14:53:58+00:00","description":"Plus t\u00f4t dans la journ\u00e9e, des informations sont apparues selon lesquelles le capitaine de l'\u00e9quipe nationale de football serbe, Du\u0161an Tadi\u0107, avait refus\u00e9 de porter un ruban arc-en-ciel lors de la prochaine Coupe du monde, et une r\u00e9action de la FSS est rapidement arriv\u00e9e.","breadcrumb":{"@id":"https:\/\/ifamnews.com\/fr\/coupe-du-monde-du-qatar-le-capitaine-de-l-quipe-de-serbie-refuse-de-porter-le-brassard-lgbt#breadcrumb"},"inLanguage":"fr-FR","potentialAction":[{"@type":"ReadAction","target":["https:\/\/ifamnews.com\/fr\/coupe-du-monde-du-qatar-le-capitaine-de-l-quipe-de-serbie-refuse-de-porter-le-brassard-lgbt"]}]},{"@type":"ImageObject","inLanguage":"fr-FR","@id":"https:\/\/ifamnews.com\/fr\/coupe-du-monde-du-qatar-le-capitaine-de-l-quipe-de-serbie-refuse-de-porter-le-brassard-lgbt#primaryimage","url":"https:\/\/ifamnews.com\/wp-content\/uploads\/2022\/09\/Sr-fu.jpg","contentUrl":"https:\/\/ifamnews.com\/wp-content\/uploads\/2022\/09\/Sr-fu.jpg","width":1200,"height":675,"caption":"\u00c9quipe nationale de Serbie - photo : M. Vukadinovi\u0107, source : novosti.rs"},{"@type":"BreadcrumbList","@id":"https:\/\/ifamnews.com\/fr\/coupe-du-monde-du-qatar-le-capitaine-de-l-quipe-de-serbie-refuse-de-porter-le-brassard-lgbt#breadcrumb","itemListElement":[{"@type":"ListItem","position":1,"name":"Home","item":"https:\/\/ifamnews.com\/de"},{"@type":"ListItem","position":2,"name":"\u0417\u0430\u0431\u0430\u0432\u0430","item":"https:\/\/ifamnews.com\/sr\/kategorija\/zabava"},{"@type":"ListItem","position":3,"name":"Coupe du monde du Qatar : Le Capitaine de l&#8217;\u00e9quipe de Serbie refuse de porter le brassard LGBT"}]},{"@type":"WebSite","@id":"https:\/\/ifamnews.com\/en\/#website","url":"https:\/\/ifamnews.com\/en\/","name":"IFN","description":"International Family News Network","publisher":{"@id":"https:\/\/ifamnews.com\/en\/#organization"},"potentialAction":[{"@type":"SearchAction","target":{"@type":"EntryPoint","urlTemplate":"https:\/\/ifamnews.com\/en\/?s={search_term_string}"},"query-input":{"@type":"PropertyValueSpecification","valueRequired":true,"valueName":"search_term_string"}}],"inLanguage":"fr-FR"},{"@type":"Organization","@id":"https:\/\/ifamnews.com\/en\/#organization","name":"iFamNews","url":"https:\/\/ifamnews.com\/en\/","logo":{"@type":"ImageObject","inLanguage":"fr-FR","@id":"https:\/\/ifamnews.com\/en\/#\/schema\/logo\/image\/","url":"https:\/\/ifamnews.com\/wp-content\/uploads\/2020\/01\/Share-logo.png","contentUrl":"https:\/\/ifamnews.com\/wp-content\/uploads\/2020\/01\/Share-logo.png","width":200,"height":200,"caption":"iFamNews"},"image":{"@id":"https:\/\/ifamnews.com\/en\/#\/schema\/logo\/image\/"},"sameAs":["https:\/\/www.facebook.com\/iFamNews","https:\/\/x.com\/iFamNewsEN"]},{"@type":"Person","@id":"https:\/\/ifamnews.com\/en\/#\/schema\/person\/38b9f44fbc0a98257b4be4a648a4c6c7","name":"iFamNews Serbia","image":{"@type":"ImageObject","inLanguage":"fr-FR","@id":"https:\/\/secure.gravatar.com\/avatar\/99ffa49a21d431d6aeee0715754531add434e23f2be9343a3a657079223070ee?s=96&d=mm&r=g","url":"https:\/\/secure.gravatar.com\/avatar\/99ffa49a21d431d6aeee0715754531add434e23f2be9343a3a657079223070ee?s=96&d=mm&r=g","contentUrl":"https:\/\/secure.gravatar.com\/avatar\/99ffa49a21d431d6aeee0715754531add434e23f2be9343a3a657079223070ee?s=96&d=mm&r=g","caption":"iFamNews Serbia"},"description":"Articles published by the Serbian iFamNews editorial team.","sameAs":["https:\/\/ifamnews.com\/sr","https:\/\/www.facebook.com\/iFamNews\/","https:\/\/x.com\/https:\/\/twitter.com\/ifamnewsrs\/","https:\/\/www.youtube.com\/channel\/UCsaU2Y6NFHzMOlJNpDK62dw"],"url":"https:\/\/ifamnews.com\/fr\/author\/redakcija"}]}},"amp_enabled":true,"_links":{"self":[{"href":"https:\/\/ifamnews.com\/fr\/wp-json\/wp\/v2\/posts\/162055","targetHints":{"allow":["GET"]}}],"collection":[{"href":"https:\/\/ifamnews.com\/fr\/wp-json\/wp\/v2\/posts"}],"about":[{"href":"https:\/\/ifamnews.com\/fr\/wp-json\/wp\/v2\/types\/post"}],"author":[{"embeddable":true,"href":"https:\/\/ifamnews.com\/fr\/wp-json\/wp\/v2\/users\/147"}],"replies":[{"embeddable":true,"href":"https:\/\/ifamnews.com\/fr\/wp-json\/wp\/v2\/comments?post=162055"}],"version-history":[{"count":2,"href":"https:\/\/ifamnews.com\/fr\/wp-json\/wp\/v2\/posts\/162055\/revisions"}],"predecessor-version":[{"id":162062,"href":"https:\/\/ifamnews.com\/fr\/wp-json\/wp\/v2\/posts\/162055\/revisions\/162062"}],"wp:featuredmedia":[{"embeddable":true,"href":"https:\/\/ifamnews.com\/fr\/wp-json\/wp\/v2\/media\/161865"}],"wp:attachment":[{"href":"https:\/\/ifamnews.com\/fr\/wp-json\/wp\/v2\/media?parent=162055"}],"wp:term":[{"taxonomy":"category","embeddable":true,"href":"https:\/\/ifamnews.com\/fr\/wp-json\/wp\/v2\/categories?post=162055"},{"taxonomy":"post_tag","embeddable":true,"href":"https:\/\/ifamnews.com\/fr\/wp-json\/wp\/v2\/tags?post=162055"}],"curies":[{"name":"wp","href":"https:\/\/api.w.org\/{rel}","templated":true}]}}