{"id":161125,"date":"2022-09-18T01:36:49","date_gmt":"2022-09-18T05:36:49","guid":{"rendered":"https:\/\/ifamnews.com\/?p=161125"},"modified":"2022-09-18T01:36:51","modified_gmt":"2022-09-18T05:36:51","slug":"augmentation-du-nombre-d-avortements-au-deuxi-me-trimestre-2022","status":"publish","type":"post","link":"https:\/\/ifamnews.com\/fr\/augmentation-du-nombre-d-avortements-au-deuxi-me-trimestre-2022","title":{"rendered":"Augmentation du nombre d&rsquo;avortements au deuxi\u00e8me trimestre 2022"},"content":{"rendered":"\n<p>Au deuxi\u00e8me trimestre 2022, environ 25.600 enfants ont \u00e9t\u00e9 avort\u00e9s en Allemagne, <a href=\"https:\/\/www.destatis.de\/DE\/Presse\/Pressemitteilungen\/2022\/09\/PD22_384_233.html\">annonce<\/a> l&rsquo;Office F\u00e9d\u00e9ral des Statistiques. Le nombre d&rsquo;avortements a donc augment\u00e9 de 11,5 % par rapport au deuxi\u00e8me trimestre de l&rsquo;ann\u00e9e pr\u00e9c\u00e9dente.<\/p>\n\n\n\n<p>Selon les donn\u00e9es des statisticiens, l&rsquo;\u00e2ge des femmes qui ont avort\u00e9 se r\u00e9partit comme suit : 69,8 % des femmes avaient entre 18 et 34 ans, 18,8 % entre 35 et 39 ans. 8,7 % des femmes \u00e9taient \u00e2g\u00e9es de 40 ans et plus, 2,6 % avaient moins de 18 ans. Environ 42 % des femmes n&rsquo;avaient pas encore donn\u00e9 naissance \u00e0 un enfant avant l&rsquo;interruption de grossesse.<\/p>\n\n\n\n<p>96 % des avortements d\u00e9clar\u00e9s ont \u00e9t\u00e9 pratiqu\u00e9s dans le cadre du r\u00e9gime de consultation. Une indication pour des raisons m\u00e9dicales ou en raison de d\u00e9lits sexuels \u00e9tait la raison de l&rsquo;avortement dans les 4 % de cas restants. La plupart des avortements (50 %) ont \u00e9t\u00e9 pratiqu\u00e9s par aspiration, tandis que 35 % ont \u00e9t\u00e9 pratiqu\u00e9s par voie m\u00e9dicamenteuse.<\/p>\n\n\n\n<p>En 2021 et 2020, le nombre d&rsquo;avortements avait diminu\u00e9 par rapport aux ann\u00e9es pr\u00e9c\u00e9dentes, avec -5,4 % (2021 par rapport \u00e0 2020) et -0,9 % (2020 par rapport \u00e0 2019). L&rsquo;Office F\u00e9d\u00e9ral des Statistiques n&rsquo;a pas \u00e9t\u00e9 en mesure d&rsquo;expliquer la baisse ant\u00e9rieure et la forte augmentation actuelle du nombre d&rsquo;avortements.<\/p>\n\n\n\n<p>Le fait que les statisticiens ne soient pas en mesure d&rsquo;expliquer les baisses et l&rsquo;augmentation actuelle est \u00ab\u00a0totalement insatisfaisant et en aucun cas acceptable\u00a0\u00bb, <a href=\"https:\/\/www.alfa-ev.de\/alfa-fordert-untersuchung-steigender-abtreibungszahlen-kaminski-wir-brauchen-dringend-bessere-und-aussagekraeftigere-daten\/\">a comment\u00e9<\/a> Cornelia Kaminski, la pr\u00e9sidente f\u00e9d\u00e9rale de l&rsquo;ALfA, \u00e0 propos du communiqu\u00e9 de presse de l&rsquo;Office f\u00e9d\u00e9ral.<\/p>\n\n\n\n<p>\u00ab\u00a0Nous avons besoin de toute urgence de donn\u00e9es plus pertinentes et de meilleure qualit\u00e9. Non seulement parce qu&rsquo;il faut s&rsquo;assurer que les statistiques refl\u00e8tent \u00e0 peu pr\u00e8s correctement les avortements en Allemagne, mais aussi parce que la Cour constitutionnelle f\u00e9d\u00e9rale a impos\u00e9 au l\u00e9gislateur une obligation d&rsquo;am\u00e9lioration dans le cas o\u00f9 les dispositions l\u00e9gales ne prot\u00e8gent pas suffisamment le bien juridique qu&rsquo;est la vie (Unterma\u00dfverbot)\u00a0\u00bb.<\/p>\n\n\n\n<p>Kaminsiki continue :<\/p>\n\n\n\n<p>\u00ab\u00a0Si la protection de la vie des enfants \u00e0 na\u00eetre, \u00e0 laquelle la Constitution oblige express\u00e9ment le l\u00e9gislateur, ne doit pas rester un simple v\u0153u pieux, il est tout simplement aussi inacceptable que la politique et la soci\u00e9t\u00e9 naviguent d\u00e9sormais presque \u00e0 l&rsquo;aveugle dans un domaine aussi existentiel que celui de la protection de la vie. C&rsquo;est pourquoi la collecte de donn\u00e9es doit \u00eatre adapt\u00e9e aux nouvelles r\u00e9alit\u00e9s et am\u00e9lior\u00e9e de mani\u00e8re significative\u00a0\u00bb.<\/p>\n","protected":false},"excerpt":{"rendered":"<p>Le nombre d&rsquo;avortements a augment\u00e9 de 11,5 % par rapport au trimestre de l&rsquo;ann\u00e9e pr\u00e9c\u00e9dente. Les statisticiens n&rsquo;ont toutefois pas donn\u00e9 d&rsquo;explication \u00e0 cette forte augmentation.<\/p>\n","protected":false},"author":589,"featured_media":107055,"comment_status":"open","ping_status":"open","sticky":false,"template":"","format":"standard","meta":{"give_campaign_id":0,"om_disable_all_campaigns":false,"_monsterinsights_skip_tracking":false,"_monsterinsights_sitenote_active":false,"_monsterinsights_sitenote_note":"","_monsterinsights_sitenote_category":0,"mc4wp_mailchimp_campaign":[],"jnews-multi-image_gallery":[],"jnews_single_post":{"subtitle":"Le nombre d'avortements a augment\u00e9 de 11,5 % par rapport au trimestre de l'ann\u00e9e pr\u00e9c\u00e9dente. Les statisticiens n'ont toutefois pas donn\u00e9 d'explication \u00e0 cette forte augmentation.","format":"standard","video":"","gallery":"","source_name":"","source_url":"","via_name":"","via_url":"","override_template":"0","override":[{"template":"2","single_blog_custom":"","parallax":"1","fullscreen":"1","layout":"right-sidebar-narrow","sidebar":"default-sidebar","second_sidebar":"default-sidebar","sticky_sidebar":"1","share_position":"float","share_float_style":"share-normal","show_share_counter":"1","show_view_counter":"1","show_featured":"1","show_post_meta":"1","show_post_author":"1","show_post_author_image":"1","show_post_date":"1","post_date_format":"default","post_date_format_custom":"Y\/m\/d","show_post_category":"1","show_post_reading_time":"1","post_reading_time_wpm":"300","show_zoom_button":"0","zoom_button_out_step":"2","zoom_button_in_step":"3","show_post_tag":"1","show_prev_next_post":"0","show_popup_post":"0","number_popup_post":"1","show_author_box":"1","show_post_related":"0","show_inline_post_related":"0"}],"override_image_size":"0","image_override":[{"single_post_thumbnail_size":"crop-715","single_post_gallery_size":"crop-715"}],"trending_post":"0","trending_post_position":"meta","trending_post_label":"Trending","sponsored_post":"0","sponsored_post_label":"Sponsored by","sponsored_post_name":"","sponsored_post_url":"","sponsored_post_logo_enable":"0","sponsored_post_logo":"","sponsored_post_desc":"","disable_ad":"0"},"jnews_primary_category":{"id":"813"},"jnews_social_meta":{"fb_title":"","fb_description":"","fb_image":"","twitter_title":"","twitter_description":"","twitter_image":""},"jnews_override_counter":{"override_view_counter":"0","view_counter_number":"0","override_share_counter":"0","share_counter_number":"0","override_like_counter":"0","like_counter_number":"0","override_dislike_counter":"0","dislike_counter_number":"0"},"footnotes":""},"categories":[809,813],"tags":[8565,20312,18284,8302],"class_list":["post-161125","post","type-post","status-publish","format-standard","has-post-thumbnail","hentry","category-foreground-fr","category-breaking-news-fr","tag-avortement-fr-2","tag-cornelia-kaminski-fr-2","tag-office-federal-de-la-statistique","tag-protection-of-life-2-fr"],"yoast_head":"<!-- This site is optimized with the Yoast SEO Premium plugin v25.9 (Yoast SEO v27.3) - https:\/\/yoast.com\/product\/yoast-seo-premium-wordpress\/ -->\n<title>Augmentation du nombre d&#039;avortements au deuxi\u00e8me trimestre 2022 - IFN<\/title>\n<meta name=\"description\" content=\"Le nombre d&#039;avortements a augment\u00e9 de 11,5 % par rapport au trimestre de l&#039;ann\u00e9e pr\u00e9c\u00e9dente. Les statisticiens n&#039;ont toutefois pas donn\u00e9 d&#039;explication \u00e0 cette forte augmentation.\" \/>\n<meta name=\"robots\" content=\"index, follow, max-snippet:-1, max-image-preview:large, max-video-preview:-1\" \/>\n<link rel=\"canonical\" href=\"https:\/\/ifamnews.com\/fr\/augmentation-du-nombre-d-avortements-au-deuxi-me-trimestre-2022\" \/>\n<meta property=\"og:locale\" content=\"fr_FR\" \/>\n<meta property=\"og:type\" content=\"article\" \/>\n<meta property=\"og:title\" content=\"Augmentation du nombre d&#039;avortements au deuxi\u00e8me trimestre 2022\" \/>\n<meta property=\"og:description\" content=\"Le nombre d&#039;avortements a augment\u00e9 de 11,5 % par rapport au trimestre de l&#039;ann\u00e9e pr\u00e9c\u00e9dente. Les statisticiens n&#039;ont toutefois pas donn\u00e9 d&#039;explication \u00e0 cette forte augmentation.\" \/>\n<meta property=\"og:url\" content=\"https:\/\/ifamnews.com\/fr\/augmentation-du-nombre-d-avortements-au-deuxi-me-trimestre-2022\" \/>\n<meta property=\"og:site_name\" content=\"IFN\" \/>\n<meta property=\"article:publisher\" content=\"https:\/\/www.facebook.com\/iFamNews\" \/>\n<meta property=\"article:published_time\" content=\"2022-09-18T05:36:49+00:00\" \/>\n<meta property=\"article:modified_time\" content=\"2022-09-18T05:36:51+00:00\" \/>\n<meta property=\"og:image\" content=\"https:\/\/ifamnews.com\/wp-content\/uploads\/2021\/11\/mother-g485632518_19201.jpg\" \/>\n\t<meta property=\"og:image:width\" content=\"1200\" \/>\n\t<meta property=\"og:image:height\" content=\"675\" \/>\n\t<meta property=\"og:image:type\" content=\"image\/jpeg\" \/>\n<meta name=\"author\" content=\"Johann R. Porter\" \/>\n<meta name=\"twitter:card\" content=\"summary_large_image\" \/>\n<meta name=\"twitter:creator\" content=\"@iFamNewsEN\" \/>\n<meta name=\"twitter:site\" content=\"@iFamNewsEN\" \/>\n<meta name=\"twitter:label1\" content=\"\u00c9crit par\" \/>\n\t<meta name=\"twitter:data1\" content=\"Johann R. Porter\" \/>\n\t<meta name=\"twitter:label2\" content=\"Dur\u00e9e de lecture estim\u00e9e\" \/>\n\t<meta name=\"twitter:data2\" content=\"3 minutes\" \/>\n<!-- \/ Yoast SEO Premium plugin. -->","yoast_head_json":{"title":"Augmentation du nombre d'avortements au deuxi\u00e8me trimestre 2022 - IFN","description":"Le nombre d'avortements a augment\u00e9 de 11,5 % par rapport au trimestre de l'ann\u00e9e pr\u00e9c\u00e9dente. Les statisticiens n'ont toutefois pas donn\u00e9 d'explication \u00e0 cette forte augmentation.","robots":{"index":"index","follow":"follow","max-snippet":"max-snippet:-1","max-image-preview":"max-image-preview:large","max-video-preview":"max-video-preview:-1"},"canonical":"https:\/\/ifamnews.com\/fr\/augmentation-du-nombre-d-avortements-au-deuxi-me-trimestre-2022","og_locale":"fr_FR","og_type":"article","og_title":"Augmentation du nombre d'avortements au deuxi\u00e8me trimestre 2022","og_description":"Le nombre d'avortements a augment\u00e9 de 11,5 % par rapport au trimestre de l'ann\u00e9e pr\u00e9c\u00e9dente. Les statisticiens n'ont toutefois pas donn\u00e9 d'explication \u00e0 cette forte augmentation.","og_url":"https:\/\/ifamnews.com\/fr\/augmentation-du-nombre-d-avortements-au-deuxi-me-trimestre-2022","og_site_name":"IFN","article_publisher":"https:\/\/www.facebook.com\/iFamNews","article_published_time":"2022-09-18T05:36:49+00:00","article_modified_time":"2022-09-18T05:36:51+00:00","og_image":[{"width":1200,"height":675,"url":"https:\/\/ifamnews.com\/wp-content\/uploads\/2021\/11\/mother-g485632518_19201.jpg","type":"image\/jpeg"}],"author":"Johann R. Porter","twitter_card":"summary_large_image","twitter_creator":"@iFamNewsEN","twitter_site":"@iFamNewsEN","twitter_misc":{"\u00c9crit par":"Johann R. Porter","Dur\u00e9e de lecture estim\u00e9e":"3 minutes"},"schema":{"@context":"https:\/\/schema.org","@graph":[{"@type":"NewsArticle","@id":"https:\/\/ifamnews.com\/fr\/augmentation-du-nombre-d-avortements-au-deuxi-me-trimestre-2022#article","isPartOf":{"@id":"https:\/\/ifamnews.com\/fr\/augmentation-du-nombre-d-avortements-au-deuxi-me-trimestre-2022"},"author":{"name":"Johann R. Porter","@id":"https:\/\/ifamnews.com\/en\/#\/schema\/person\/97c5fc10500c93e36c296295ba21a537"},"headline":"Augmentation du nombre d&rsquo;avortements au deuxi\u00e8me trimestre 2022","datePublished":"2022-09-18T05:36:49+00:00","dateModified":"2022-09-18T05:36:51+00:00","mainEntityOfPage":{"@id":"https:\/\/ifamnews.com\/fr\/augmentation-du-nombre-d-avortements-au-deuxi-me-trimestre-2022"},"wordCount":435,"commentCount":0,"publisher":{"@id":"https:\/\/ifamnews.com\/en\/#organization"},"image":{"@id":"https:\/\/ifamnews.com\/fr\/augmentation-du-nombre-d-avortements-au-deuxi-me-trimestre-2022#primaryimage"},"thumbnailUrl":"https:\/\/ifamnews.com\/wp-content\/uploads\/2021\/11\/mother-g485632518_19201.jpg","keywords":["avortement","Cornelia Kaminski","Office f\u00e9d\u00e9ral de la statistique","Protection of life"],"articleSection":["Foreground","Nouvelles r\u00e9centes"],"inLanguage":"fr-FR","potentialAction":[{"@type":"CommentAction","name":"Comment","target":["https:\/\/ifamnews.com\/fr\/augmentation-du-nombre-d-avortements-au-deuxi-me-trimestre-2022#respond"]}]},{"@type":"WebPage","@id":"https:\/\/ifamnews.com\/fr\/augmentation-du-nombre-d-avortements-au-deuxi-me-trimestre-2022","url":"https:\/\/ifamnews.com\/fr\/augmentation-du-nombre-d-avortements-au-deuxi-me-trimestre-2022","name":"Augmentation du nombre d'avortements au deuxi\u00e8me trimestre 2022 - IFN","isPartOf":{"@id":"https:\/\/ifamnews.com\/en\/#website"},"primaryImageOfPage":{"@id":"https:\/\/ifamnews.com\/fr\/augmentation-du-nombre-d-avortements-au-deuxi-me-trimestre-2022#primaryimage"},"image":{"@id":"https:\/\/ifamnews.com\/fr\/augmentation-du-nombre-d-avortements-au-deuxi-me-trimestre-2022#primaryimage"},"thumbnailUrl":"https:\/\/ifamnews.com\/wp-content\/uploads\/2021\/11\/mother-g485632518_19201.jpg","datePublished":"2022-09-18T05:36:49+00:00","dateModified":"2022-09-18T05:36:51+00:00","description":"Le nombre d'avortements a augment\u00e9 de 11,5 % par rapport au trimestre de l'ann\u00e9e pr\u00e9c\u00e9dente. Les statisticiens n'ont toutefois pas donn\u00e9 d'explication \u00e0 cette forte augmentation.","breadcrumb":{"@id":"https:\/\/ifamnews.com\/fr\/augmentation-du-nombre-d-avortements-au-deuxi-me-trimestre-2022#breadcrumb"},"inLanguage":"fr-FR","potentialAction":[{"@type":"ReadAction","target":["https:\/\/ifamnews.com\/fr\/augmentation-du-nombre-d-avortements-au-deuxi-me-trimestre-2022"]}]},{"@type":"ImageObject","inLanguage":"fr-FR","@id":"https:\/\/ifamnews.com\/fr\/augmentation-du-nombre-d-avortements-au-deuxi-me-trimestre-2022#primaryimage","url":"https:\/\/ifamnews.com\/wp-content\/uploads\/2021\/11\/mother-g485632518_19201.jpg","contentUrl":"https:\/\/ifamnews.com\/wp-content\/uploads\/2021\/11\/mother-g485632518_19201.jpg","width":1200,"height":675},{"@type":"BreadcrumbList","@id":"https:\/\/ifamnews.com\/fr\/augmentation-du-nombre-d-avortements-au-deuxi-me-trimestre-2022#breadcrumb","itemListElement":[{"@type":"ListItem","position":1,"name":"Home","item":"https:\/\/ifamnews.com\/de"},{"@type":"ListItem","position":2,"name":"Nouvelles r\u00e9centes","item":"https:\/\/ifamnews.com\/fr\/categorie\/breaking-news-fr"},{"@type":"ListItem","position":3,"name":"Augmentation du nombre d&#8217;avortements au deuxi\u00e8me trimestre 2022"}]},{"@type":"WebSite","@id":"https:\/\/ifamnews.com\/en\/#website","url":"https:\/\/ifamnews.com\/en\/","name":"IFN","description":"International Family News Network","publisher":{"@id":"https:\/\/ifamnews.com\/en\/#organization"},"potentialAction":[{"@type":"SearchAction","target":{"@type":"EntryPoint","urlTemplate":"https:\/\/ifamnews.com\/en\/?s={search_term_string}"},"query-input":{"@type":"PropertyValueSpecification","valueRequired":true,"valueName":"search_term_string"}}],"inLanguage":"fr-FR"},{"@type":"Organization","@id":"https:\/\/ifamnews.com\/en\/#organization","name":"iFamNews","url":"https:\/\/ifamnews.com\/en\/","logo":{"@type":"ImageObject","inLanguage":"fr-FR","@id":"https:\/\/ifamnews.com\/en\/#\/schema\/logo\/image\/","url":"https:\/\/ifamnews.com\/wp-content\/uploads\/2020\/01\/Share-logo.png","contentUrl":"https:\/\/ifamnews.com\/wp-content\/uploads\/2020\/01\/Share-logo.png","width":200,"height":200,"caption":"iFamNews"},"image":{"@id":"https:\/\/ifamnews.com\/en\/#\/schema\/logo\/image\/"},"sameAs":["https:\/\/www.facebook.com\/iFamNews","https:\/\/x.com\/iFamNewsEN"]},{"@type":"Person","@id":"https:\/\/ifamnews.com\/en\/#\/schema\/person\/97c5fc10500c93e36c296295ba21a537","name":"Johann R. Porter","image":{"@type":"ImageObject","inLanguage":"fr-FR","@id":"https:\/\/secure.gravatar.com\/avatar\/b295da437fcd0635c3fe53d90b9545df9d7b3b7681f3a87122ec5cef8870a293?s=96&d=mm&r=g","url":"https:\/\/secure.gravatar.com\/avatar\/b295da437fcd0635c3fe53d90b9545df9d7b3b7681f3a87122ec5cef8870a293?s=96&d=mm&r=g","contentUrl":"https:\/\/secure.gravatar.com\/avatar\/b295da437fcd0635c3fe53d90b9545df9d7b3b7681f3a87122ec5cef8870a293?s=96&d=mm&r=g","caption":"Johann R. Porter"},"description":"A German-speaking social scientist and worker in the pro-life movement. [This author writes under a pseudonym.]","url":"https:\/\/ifamnews.com\/fr\/author\/jporter"}]}},"amp_enabled":true,"_links":{"self":[{"href":"https:\/\/ifamnews.com\/fr\/wp-json\/wp\/v2\/posts\/161125","targetHints":{"allow":["GET"]}}],"collection":[{"href":"https:\/\/ifamnews.com\/fr\/wp-json\/wp\/v2\/posts"}],"about":[{"href":"https:\/\/ifamnews.com\/fr\/wp-json\/wp\/v2\/types\/post"}],"author":[{"embeddable":true,"href":"https:\/\/ifamnews.com\/fr\/wp-json\/wp\/v2\/users\/589"}],"replies":[{"embeddable":true,"href":"https:\/\/ifamnews.com\/fr\/wp-json\/wp\/v2\/comments?post=161125"}],"version-history":[{"count":4,"href":"https:\/\/ifamnews.com\/fr\/wp-json\/wp\/v2\/posts\/161125\/revisions"}],"predecessor-version":[{"id":161130,"href":"https:\/\/ifamnews.com\/fr\/wp-json\/wp\/v2\/posts\/161125\/revisions\/161130"}],"wp:featuredmedia":[{"embeddable":true,"href":"https:\/\/ifamnews.com\/fr\/wp-json\/wp\/v2\/media\/107055"}],"wp:attachment":[{"href":"https:\/\/ifamnews.com\/fr\/wp-json\/wp\/v2\/media?parent=161125"}],"wp:term":[{"taxonomy":"category","embeddable":true,"href":"https:\/\/ifamnews.com\/fr\/wp-json\/wp\/v2\/categories?post=161125"},{"taxonomy":"post_tag","embeddable":true,"href":"https:\/\/ifamnews.com\/fr\/wp-json\/wp\/v2\/tags?post=161125"}],"curies":[{"name":"wp","href":"https:\/\/api.w.org\/{rel}","templated":true}]}}