{"id":158227,"date":"2022-08-28T05:11:30","date_gmt":"2022-08-28T09:11:30","guid":{"rendered":"https:\/\/ifamnews.com\/?p=158227"},"modified":"2022-08-28T05:11:31","modified_gmt":"2022-08-28T09:11:31","slug":"-mariage-lgbt-seuls-les-v-ques-am-ricains-sont-rest-s","status":"publish","type":"post","link":"https:\/\/ifamnews.com\/fr\/-mariage-lgbt-seuls-les-v-ques-am-ricains-sont-rest-s","title":{"rendered":"\u00ab\u00a0Mariage\u00a0\u00bb LGBT+, seuls les \u00e9v\u00eaques am\u00e9ricains sont rest\u00e9s"},"content":{"rendered":"\n<p>Alors que <a href=\"https:\/\/ifamnews.com\/it\/accordo-alla-camera-usa-per-la-tutela-del-matrimonio-omosessuale\" target=\"_blank\" rel=\"noreferrer noopener\">47 d&rsquo;entre eux l&rsquo;ont d\u00e9j\u00e0 fait \u00e0 la Chambre des repr\u00e9sentants<\/a> et cinq au S\u00e9nat, aux \u00c9tats-Unis d&rsquo;Am\u00e9rique, <a href=\"https:\/\/ifamnews.com\/it\/matematica-del-matrimonio-a-rischio-negli-usa\" target=\"_blank\" rel=\"noreferrer noopener\">quelques r\u00e9publicains de plus pr\u00e9voient de trahir<\/a> pour donner au pays le mensonge d&rsquo;une loi qui prot\u00e8gerait le \u00ab\u00a0mariage\u00a0\u00bb LGBT+ et \u00ab\u00a0polyamoureux\u00a0\u00bb.<\/p>\n\n\n\n<p>Cependant, les \u00e9v\u00eaques nord-am\u00e9ricains n&rsquo;ont pas manqu\u00e9 l&rsquo;occasion. \u00ab\u00a0En r\u00e9ponse \u00e0 l&rsquo;annulation de l&rsquo;arr\u00eat Roe v. Wade qui a sauv\u00e9 des vies\u00a0\u00bb, <a href=\"https:\/\/www.votervoice.net\/USCCB\/Campaigns\/96507\/Respond\" target=\"_blank\" rel=\"noreferrer noopener\">\u00e9crivent-ils dans une d\u00e9claration officielle<\/a>, \u00ab\u00a0le Congr\u00e8s &#8211; au lieu de faire tout son possible pour aider les femmes et les enfants dans le besoin &#8211; se d\u00e9m\u00e8ne pour prot\u00e9ger d&rsquo;autres priorit\u00e9s anti-famille.\u00a0\u00bb S&rsquo;il \u00e9tait adopt\u00e9, le \u00ab\u00a0Respect for Marriage Act\u00a0\u00bb, actuellement d\u00e9battu au S\u00e9nat, emp\u00eacherait les \u00c9tats de l&rsquo;Union \u00ab\u00a0de r\u00e9tablir le v\u00e9ritable concept du mariage entre un homme et une femme, m\u00eame si la Cour supr\u00eame en offre la possibilit\u00e9\u00a0\u00bb.<\/p>\n\n\n\n<p>Parce que le plan est clair. Ils veulent emp\u00eacher que le \u00ab\u00a0mariage\u00a0\u00bb LGBT+ ne finisse de la m\u00eame fa\u00e7on que l&rsquo;avortement. En 1973, la Cour supr\u00eame a jug\u00e9 que l&rsquo;avortement n&rsquo;\u00e9tait pas ill\u00e9gal au regard de la <em>Constitution<\/em> am\u00e9ricaine et la d\u00e9cision qui a clos l&rsquo;affaire <a href=\"https:\/\/cdn.loc.gov\/service\/ll\/usrep\/usrep410\/usrep410113\/usrep410113.pdf\" target=\"_blank\" rel=\"noreferrer noopener\">\u00ab\u00a0Roe contre Wade\u00a0\u00bb<\/a> est devenue un pr\u00e9c\u00e9dent f\u00e9d\u00e9ral contraignant garantissant un pr\u00e9tendu \u00ab\u00a0droit\u00a0\u00bb. Le <a href=\"https:\/\/ifamnews.com\/it\/thank-you-scotus\" target=\"_blank\" rel=\"noreferrer noopener\">24 juin de cette ann\u00e9e<\/a>, la <a href=\"https:\/\/ifamnews.com\/it\/thank-you-scotus\" target=\"_blank\" rel=\"noreferrer noopener\">Cour supr\u00eame<\/a> constitu\u00e9e diff\u00e9remment a annul\u00e9 l&rsquo;arr\u00eat de 1973, et dans sa d\u00e9cision, a clos l&rsquo;affaire <a href=\"https:\/\/www.supremecourt.gov\/opinions\/21pdf\/19-1392_6j37.pdf\" target=\"_blank\" rel=\"noreferrer noopener\">\u00ab\u00a0Dobbs contre Jackson Women&rsquo;s Health Organisation\u00a0\u00bb<\/a> en abolissant le \u00ab\u00a0droit\u00a0\u00bb f\u00e9d\u00e9ral \u00e0 l&rsquo;avortement et en remettant en vigueur la l\u00e9gislation ant\u00e9rieure dans chaque \u00c9tat. Pour renverser la situation, il faut soit un autre arr\u00eat de la Cour supr\u00eame (difficile et laborieux), soit <a href=\"https:\/\/ifamnews.com\/it\/usa-come-il-pirro-democratico-penso-di-vincere-sull-aborto\" target=\"_blank\" rel=\"noreferrer noopener\">une loi parlementaire passant outre le pouvoir judiciaire<\/a>.<\/p>\n\n\n\n<p>En 2015, la Cour supr\u00eame a d\u00e9clar\u00e9 les \u00ab\u00a0mariages\u00a0\u00bb LGBT+ non ill\u00e9gaux \u00e0 l&rsquo;issue de l&rsquo;affaire <a href=\"https:\/\/www.supremecourt.gov\/opinions\/14pdf\/14-556_3204.pdf\" target=\"_blank\" rel=\"noreferrer noopener\">\u00ab\u00a0Obergefell contre Hodges\u00a0\u00bb<\/a>. Le juge Clarence Thomas ayant clairement indiqu\u00e9 le 24 juin dernier, en annulant la loi de 1973 rendant l&rsquo;avortement non ill\u00e9gal, qu&rsquo;il fallait maintenant s&rsquo;attaquer \u00e0 d&rsquo;autres aberrations \u00e9gales \u00e0 l&rsquo;arr\u00eat de 1973, \u00e0 commencer par le \u00ab\u00a0mariage\u00a0\u00bb LGBT+, les partisans de ce dernier veulent faire adopter imm\u00e9diatement un projet de loi parlementaire qui annulera de mani\u00e8re pr\u00e9ventive tout autre revirement de la Cour supr\u00eame : l<a href=\"https:\/\/www.congress.gov\/bill\/117th-congress\/house-bill\/8404\" target=\"_blank\" rel=\"noreferrer noopener\">a <em>Loi sur le respect du mariage<\/em> <\/a>.<\/p>\n\n\n\n<p>Pas seulement \u00e7a. On discute \u00e9galement du <a href=\"https:\/\/www.congress.gov\/bill\/117th-congress\/house-bill\/8373\/text?r=1&amp;s=1\" target=\"_blank\" rel=\"noreferrer noopener\">H.R. 8373, connu sous le nom de <em>Right to Contraception Act<\/em><\/a>, un autre boulet anti-famille et anti-vie.<\/p>\n\n\n\n<p>C&rsquo;est pourquoi<a href=\"https:\/\/www.usccb.org\/resources\/LetterRTC-RFMActs2022.pdf\" target=\"_blank\" rel=\"noreferrer noopener\"> la lettre adress\u00e9e aux membres de la Chambre \u00e0 l&rsquo;occasion du vote du 19 juillet<\/a> par Monseigneur Salvatore J. Cordileone, archev\u00eaque de San Francisco et pr\u00e9sident de la Commission sur les la\u00efcs, le mariage, la vie familiale et la jeunesse, et Monseigneur William E. Lori, archev\u00eaque de Baltimore et pr\u00e9sident de la Commission sur les activit\u00e9s  <em>pro-vie<\/em>. La loi propos\u00e9e sur la contraception, affirment les \u00e9v\u00eaques dans une missive d\u00e9taill\u00e9e et articul\u00e9e, va \u00e0 l&rsquo;encontre du principe et de la n\u00e9cessit\u00e9 d&rsquo;un consentement \u00e9clair\u00e9 dans une mati\u00e8re aussi grave, puisqu&rsquo;elle concerne \u00e9galement les pr\u00e9parations \u00e0 l&rsquo;avortement. De plus, elle viole la libert\u00e9 de religion, \u00e9crasant la sauvegarde garantie \u00e0 ce jour par la clause de conscience. Elle fait donc revivre un vieux cheval de bataille de Barack Obama, ensuite d\u00e9savou\u00e9 et neutralis\u00e9 \u00e0 l&rsquo;\u00e8re de Donald J. Trump : que les plans d&rsquo;assurance maladie couvrent aussi la contraception et la st\u00e9rilisation, incluant toujours les pr\u00e9parations \u00e0 l&rsquo;avortement.<\/p>\n\n\n\n<p>Quant au second projet de loi, celui sur le \u00a0\u00bb mariage \u00a0\u00bb LGBT+, les \u00e9v\u00eaques am\u00e9ricains rappellent que, par d\u00e9finition, le mariage est la compl\u00e9mentarit\u00e9 de deux sexes diff\u00e9rents ; si en revanche l&rsquo;union que l&rsquo;on veut assimiler au \u00a0\u00bb mariage \u00a0\u00bb est entre personnes de m\u00eame sexe, la d\u00e9finition elle-m\u00eame s&rsquo;effondre. Ce n&rsquo;est pas un mariage, et \u00e7a ne peut pas l&rsquo;\u00eatre, m\u00eame si quelqu&rsquo;un s&rsquo;y oppose. L&rsquo;inscrire dans la loi est une violence qui est le signe avant-coureur d&rsquo;\u00e9normes probl\u00e8mes sociaux.<\/p>\n\n\n\n<p>Ma\u00eetres de la la\u00efcit\u00e9, les \u00e9v\u00eaques am\u00e9ricains ont brillamment observ\u00e9 : \u00a0\u00bb Le mariage est l&rsquo;union exclusive et pour la vie entre un homme et une femme qui ouvre \u00e0 une nouvelle vie ; ce n&rsquo;est pas seulement un id\u00e9al religieux : c&rsquo;est, dans l&rsquo;ensemble, ce qu&rsquo;il y a de mieux pour la soci\u00e9t\u00e9, en particulier pour les enfants \u00ab\u00a0.<\/p>\n\n\n\n<p>Le projet de loi \u00e0 l&rsquo;examen fait cependant le contraire de ce que dit son titre : il ne prot\u00e8ge pas du tout le mariage, mais le d\u00e9truit. Et comme l&rsquo;indique son article 4, il ouvre m\u00eame la possibilit\u00e9 d&rsquo;un \u00ab\u00a0mariage\u00a0\u00bb polygame.<\/p>\n\n\n\n<p>Celui qui trahit au S\u00e9nat am\u00e9ricain le fera en propageant une catastrophe.<\/p>\n","protected":false},"excerpt":{"rendered":"<p>Lettre sans langue de bois ni rabais excessif aux d\u00e9put\u00e9s qui ont d\u00e9j\u00e0 trahi ou qui pensent le faire.<\/p>\n","protected":false},"author":7,"featured_media":154439,"comment_status":"open","ping_status":"open","sticky":false,"template":"","format":"standard","meta":{"give_campaign_id":0,"om_disable_all_campaigns":false,"_monsterinsights_skip_tracking":false,"_monsterinsights_sitenote_active":false,"_monsterinsights_sitenote_note":"","_monsterinsights_sitenote_category":0,"mc4wp_mailchimp_campaign":[],"jnews-multi-image_gallery":[],"jnews_single_post":{"subtitle":"Lettre sans langue de bois ni rabais excessif aux d\u00e9put\u00e9s qui ont d\u00e9j\u00e0 trahi ou qui pensent le faire.","format":"standard","video":"","gallery":"","source_name":"","source_url":"","via_name":"","via_url":"","override_template":"0","override":[{"template":"2","single_blog_custom":"","parallax":"1","fullscreen":"1","layout":"right-sidebar-narrow","sidebar":"default-sidebar","second_sidebar":"default-sidebar","sticky_sidebar":"1","share_position":"float","share_float_style":"share-normal","show_share_counter":"1","show_view_counter":"1","show_featured":"1","show_post_meta":"1","show_post_author":"1","show_post_author_image":"1","show_post_date":"1","post_date_format":"default","post_date_format_custom":"Y\/m\/d","show_post_category":"1","show_post_reading_time":"1","post_reading_time_wpm":"300","show_zoom_button":"0","zoom_button_out_step":"2","zoom_button_in_step":"3","show_post_tag":"1","show_prev_next_post":"0","show_popup_post":"0","number_popup_post":"1","show_author_box":"1","show_post_related":"0","show_inline_post_related":"0"}],"override_image_size":"0","image_override":[{"single_post_thumbnail_size":"crop-715","single_post_gallery_size":"crop-715"}],"trending_post":"0","trending_post_position":"meta","trending_post_label":"Trending","sponsored_post":"0","sponsored_post_label":"Sponsored by","sponsored_post_name":"","sponsored_post_url":"","sponsored_post_logo_enable":"0","sponsored_post_logo":"","sponsored_post_desc":"","disable_ad":"0"},"jnews_primary_category":{"id":"800"},"jnews_social_meta":{"fb_title":"","fb_description":"","fb_image":"","twitter_title":"","twitter_description":"","twitter_image":""},"jnews_override_counter":{"override_view_counter":"0","view_counter_number":"0","override_share_counter":"0","share_counter_number":"0","override_like_counter":"0","like_counter_number":"0","override_dislike_counter":"0","dislike_counter_number":"0"},"footnotes":""},"categories":[809,800],"tags":[13975,6133],"class_list":["post-158227","post","type-post","status-publish","format-standard","has-post-thumbnail","hentry","category-foreground-fr","category-politique","tag-etats-unis-damerique","tag-6133"],"yoast_head":"<!-- This site is optimized with the Yoast SEO Premium plugin v25.9 (Yoast SEO v27.3) - https:\/\/yoast.com\/product\/yoast-seo-premium-wordpress\/ -->\n<title>&quot;Mariage&quot; LGBT+, seuls les \u00e9v\u00eaques am\u00e9ricains sont rest\u00e9s - &quot;iFamNews&quot;.<\/title>\n<meta name=\"description\" content=\"Lettre sans d\u00e9tour ni rabais excessif aux d\u00e9put\u00e9s qui ont d\u00e9j\u00e0 trahi ou qui envisagent de le faire.\" \/>\n<meta name=\"robots\" content=\"index, follow, max-snippet:-1, max-image-preview:large, max-video-preview:-1\" \/>\n<link rel=\"canonical\" href=\"https:\/\/ifamnews.com\/fr\/-mariage-lgbt-seuls-les-v-ques-am-ricains-sont-rest-s\" \/>\n<meta property=\"og:locale\" content=\"fr_FR\" \/>\n<meta property=\"og:type\" content=\"article\" \/>\n<meta property=\"og:title\" content=\"&quot;Mariage&quot; LGBT+, seuls les \u00e9v\u00eaques am\u00e9ricains sont rest\u00e9s\" \/>\n<meta property=\"og:description\" content=\"Lettre sans d\u00e9tour ni rabais excessif aux d\u00e9put\u00e9s qui ont d\u00e9j\u00e0 trahi ou qui envisagent de le faire.\" \/>\n<meta property=\"og:url\" content=\"https:\/\/ifamnews.com\/fr\/-mariage-lgbt-seuls-les-v-ques-am-ricains-sont-rest-s\" \/>\n<meta property=\"og:site_name\" content=\"IFN\" \/>\n<meta property=\"article:publisher\" content=\"https:\/\/www.facebook.com\/iFamNews\" \/>\n<meta property=\"article:author\" content=\"https:\/\/facebook.com\/MarcoRespinti\" \/>\n<meta property=\"article:published_time\" content=\"2022-08-28T09:11:30+00:00\" \/>\n<meta property=\"article:modified_time\" content=\"2022-08-28T09:11:31+00:00\" \/>\n<meta property=\"og:image\" content=\"https:\/\/ifamnews.com\/wp-content\/uploads\/2022\/07\/wedding-g47839c64f_1280.jpg\" \/>\n\t<meta property=\"og:image:width\" content=\"1280\" \/>\n\t<meta property=\"og:image:height\" content=\"914\" \/>\n\t<meta property=\"og:image:type\" content=\"image\/jpeg\" \/>\n<meta name=\"author\" content=\"Marco Respinti\" \/>\n<meta name=\"twitter:card\" content=\"summary_large_image\" \/>\n<meta name=\"twitter:creator\" content=\"@https:\/\/twitter.com\/MarcoRespinti\" \/>\n<meta name=\"twitter:site\" content=\"@iFamNewsEN\" \/>\n<meta name=\"twitter:label1\" content=\"\u00c9crit par\" \/>\n\t<meta name=\"twitter:data1\" content=\"Marco Respinti\" \/>\n\t<meta name=\"twitter:label2\" content=\"Dur\u00e9e de lecture estim\u00e9e\" \/>\n\t<meta name=\"twitter:data2\" content=\"4 minutes\" \/>\n<!-- \/ Yoast SEO Premium plugin. -->","yoast_head_json":{"title":"\"Mariage\" LGBT+, seuls les \u00e9v\u00eaques am\u00e9ricains sont rest\u00e9s - \"iFamNews\".","description":"Lettre sans d\u00e9tour ni rabais excessif aux d\u00e9put\u00e9s qui ont d\u00e9j\u00e0 trahi ou qui envisagent de le faire.","robots":{"index":"index","follow":"follow","max-snippet":"max-snippet:-1","max-image-preview":"max-image-preview:large","max-video-preview":"max-video-preview:-1"},"canonical":"https:\/\/ifamnews.com\/fr\/-mariage-lgbt-seuls-les-v-ques-am-ricains-sont-rest-s","og_locale":"fr_FR","og_type":"article","og_title":"\"Mariage\" LGBT+, seuls les \u00e9v\u00eaques am\u00e9ricains sont rest\u00e9s","og_description":"Lettre sans d\u00e9tour ni rabais excessif aux d\u00e9put\u00e9s qui ont d\u00e9j\u00e0 trahi ou qui envisagent de le faire.","og_url":"https:\/\/ifamnews.com\/fr\/-mariage-lgbt-seuls-les-v-ques-am-ricains-sont-rest-s","og_site_name":"IFN","article_publisher":"https:\/\/www.facebook.com\/iFamNews","article_author":"https:\/\/facebook.com\/MarcoRespinti","article_published_time":"2022-08-28T09:11:30+00:00","article_modified_time":"2022-08-28T09:11:31+00:00","og_image":[{"width":1280,"height":914,"url":"https:\/\/ifamnews.com\/wp-content\/uploads\/2022\/07\/wedding-g47839c64f_1280.jpg","type":"image\/jpeg"}],"author":"Marco Respinti","twitter_card":"summary_large_image","twitter_creator":"@https:\/\/twitter.com\/MarcoRespinti","twitter_site":"@iFamNewsEN","twitter_misc":{"\u00c9crit par":"Marco Respinti","Dur\u00e9e de lecture estim\u00e9e":"4 minutes"},"schema":{"@context":"https:\/\/schema.org","@graph":[{"@type":"NewsArticle","@id":"https:\/\/ifamnews.com\/fr\/-mariage-lgbt-seuls-les-v-ques-am-ricains-sont-rest-s#article","isPartOf":{"@id":"https:\/\/ifamnews.com\/fr\/-mariage-lgbt-seuls-les-v-ques-am-ricains-sont-rest-s"},"author":{"name":"Marco Respinti","@id":"https:\/\/ifamnews.com\/en\/#\/schema\/person\/f0579ab02623e80d44006c1a5d949ea9"},"headline":"\u00ab\u00a0Mariage\u00a0\u00bb LGBT+, seuls les \u00e9v\u00eaques am\u00e9ricains sont rest\u00e9s","datePublished":"2022-08-28T09:11:30+00:00","dateModified":"2022-08-28T09:11:31+00:00","mainEntityOfPage":{"@id":"https:\/\/ifamnews.com\/fr\/-mariage-lgbt-seuls-les-v-ques-am-ricains-sont-rest-s"},"wordCount":861,"commentCount":0,"publisher":{"@id":"https:\/\/ifamnews.com\/en\/#organization"},"image":{"@id":"https:\/\/ifamnews.com\/fr\/-mariage-lgbt-seuls-les-v-ques-am-ricains-sont-rest-s#primaryimage"},"thumbnailUrl":"https:\/\/ifamnews.com\/wp-content\/uploads\/2022\/07\/wedding-g47839c64f_1280.jpg","keywords":["\u00c9tats-Unis d'Am\u00e9rique","\u041b\u0413\u0411\u0422"],"articleSection":["Foreground","Politique"],"inLanguage":"fr-FR","potentialAction":[{"@type":"CommentAction","name":"Comment","target":["https:\/\/ifamnews.com\/fr\/-mariage-lgbt-seuls-les-v-ques-am-ricains-sont-rest-s#respond"]}]},{"@type":"WebPage","@id":"https:\/\/ifamnews.com\/fr\/-mariage-lgbt-seuls-les-v-ques-am-ricains-sont-rest-s","url":"https:\/\/ifamnews.com\/fr\/-mariage-lgbt-seuls-les-v-ques-am-ricains-sont-rest-s","name":"\"Mariage\" LGBT+, seuls les \u00e9v\u00eaques am\u00e9ricains sont rest\u00e9s - \"iFamNews\".","isPartOf":{"@id":"https:\/\/ifamnews.com\/en\/#website"},"primaryImageOfPage":{"@id":"https:\/\/ifamnews.com\/fr\/-mariage-lgbt-seuls-les-v-ques-am-ricains-sont-rest-s#primaryimage"},"image":{"@id":"https:\/\/ifamnews.com\/fr\/-mariage-lgbt-seuls-les-v-ques-am-ricains-sont-rest-s#primaryimage"},"thumbnailUrl":"https:\/\/ifamnews.com\/wp-content\/uploads\/2022\/07\/wedding-g47839c64f_1280.jpg","datePublished":"2022-08-28T09:11:30+00:00","dateModified":"2022-08-28T09:11:31+00:00","description":"Lettre sans d\u00e9tour ni rabais excessif aux d\u00e9put\u00e9s qui ont d\u00e9j\u00e0 trahi ou qui envisagent de le faire.","breadcrumb":{"@id":"https:\/\/ifamnews.com\/fr\/-mariage-lgbt-seuls-les-v-ques-am-ricains-sont-rest-s#breadcrumb"},"inLanguage":"fr-FR","potentialAction":[{"@type":"ReadAction","target":["https:\/\/ifamnews.com\/fr\/-mariage-lgbt-seuls-les-v-ques-am-ricains-sont-rest-s"]}]},{"@type":"ImageObject","inLanguage":"fr-FR","@id":"https:\/\/ifamnews.com\/fr\/-mariage-lgbt-seuls-les-v-ques-am-ricains-sont-rest-s#primaryimage","url":"https:\/\/ifamnews.com\/wp-content\/uploads\/2022\/07\/wedding-g47839c64f_1280.jpg","contentUrl":"https:\/\/ifamnews.com\/wp-content\/uploads\/2022\/07\/wedding-g47839c64f_1280.jpg","width":1280,"height":914,"caption":"Image de Pixabay"},{"@type":"BreadcrumbList","@id":"https:\/\/ifamnews.com\/fr\/-mariage-lgbt-seuls-les-v-ques-am-ricains-sont-rest-s#breadcrumb","itemListElement":[{"@type":"ListItem","position":1,"name":"Home","item":"https:\/\/ifamnews.com\/de"},{"@type":"ListItem","position":2,"name":"Politique","item":"https:\/\/ifamnews.com\/fr\/categorie\/politique"},{"@type":"ListItem","position":3,"name":"&#8220;Mariage&#8221; LGBT+, seuls les \u00e9v\u00eaques am\u00e9ricains sont rest\u00e9s"}]},{"@type":"WebSite","@id":"https:\/\/ifamnews.com\/en\/#website","url":"https:\/\/ifamnews.com\/en\/","name":"IFN","description":"International Family News Network","publisher":{"@id":"https:\/\/ifamnews.com\/en\/#organization"},"potentialAction":[{"@type":"SearchAction","target":{"@type":"EntryPoint","urlTemplate":"https:\/\/ifamnews.com\/en\/?s={search_term_string}"},"query-input":{"@type":"PropertyValueSpecification","valueRequired":true,"valueName":"search_term_string"}}],"inLanguage":"fr-FR"},{"@type":"Organization","@id":"https:\/\/ifamnews.com\/en\/#organization","name":"iFamNews","url":"https:\/\/ifamnews.com\/en\/","logo":{"@type":"ImageObject","inLanguage":"fr-FR","@id":"https:\/\/ifamnews.com\/en\/#\/schema\/logo\/image\/","url":"https:\/\/ifamnews.com\/wp-content\/uploads\/2020\/01\/Share-logo.png","contentUrl":"https:\/\/ifamnews.com\/wp-content\/uploads\/2020\/01\/Share-logo.png","width":200,"height":200,"caption":"iFamNews"},"image":{"@id":"https:\/\/ifamnews.com\/en\/#\/schema\/logo\/image\/"},"sameAs":["https:\/\/www.facebook.com\/iFamNews","https:\/\/x.com\/iFamNewsEN"]},{"@type":"Person","@id":"https:\/\/ifamnews.com\/en\/#\/schema\/person\/f0579ab02623e80d44006c1a5d949ea9","name":"Marco Respinti","image":{"@type":"ImageObject","inLanguage":"fr-FR","@id":"https:\/\/secure.gravatar.com\/avatar\/4ab04a5127131015e13010f222e38621144dc33a5df5d977b35ceeab15ee958f?s=96&d=mm&r=g","url":"https:\/\/secure.gravatar.com\/avatar\/4ab04a5127131015e13010f222e38621144dc33a5df5d977b35ceeab15ee958f?s=96&d=mm&r=g","contentUrl":"https:\/\/secure.gravatar.com\/avatar\/4ab04a5127131015e13010f222e38621144dc33a5df5d977b35ceeab15ee958f?s=96&d=mm&r=g","caption":"Marco Respinti"},"description":"Marco Respinti was the Editor-in-Chief of International Family News until the end of 2022. He is an Italian professional journalist, member of the International Federation of Journalists (IFJ), essayist, translator, and lecturer. He has contributed and contributes to several journals and magazines both in print and online, both in Italy and abroad. Author of books, he has translated and\/or edited works by, among others, Edmund Burke, Charles Dickens, T.S. Eliot, Russell Kirk, J.R.R. Tolkien, R\u00e9gine Pernoud and Gustave Thibon. A Senior fellow at the\u00a0Russell Kirk Center for Cultural Renewal (Mecosta, Michigan) he is also a founding member as well as Board member of the Center for European Renewal (The Hague, The Netherlands). A member of the Editorial Board of The European Conservative magazine, as well as a member of the Advisory Council of the European Federation for Freedom of Belief, he serves as Director-in-Charge of the academic publication The Journal of CESNUR and the online Bitter Winter: A Magazine on Religious Liberty and Human Rights.","sameAs":["https:\/\/facebook.com\/MarcoRespinti","https:\/\/it.linkedin.com\/in\/marcorespinti","https:\/\/pinterest.it\/MarcoRespinti\/_created\/","https:\/\/x.com\/https:\/\/twitter.com\/MarcoRespinti","https:\/\/youtube.com\/channel\/UC1FbsvyQNTQ-snpsmRC12Og?view_as=subscriber"],"url":"https:\/\/ifamnews.com\/fr\/author\/mrespinti"}]}},"amp_enabled":true,"_links":{"self":[{"href":"https:\/\/ifamnews.com\/fr\/wp-json\/wp\/v2\/posts\/158227","targetHints":{"allow":["GET"]}}],"collection":[{"href":"https:\/\/ifamnews.com\/fr\/wp-json\/wp\/v2\/posts"}],"about":[{"href":"https:\/\/ifamnews.com\/fr\/wp-json\/wp\/v2\/types\/post"}],"author":[{"embeddable":true,"href":"https:\/\/ifamnews.com\/fr\/wp-json\/wp\/v2\/users\/7"}],"replies":[{"embeddable":true,"href":"https:\/\/ifamnews.com\/fr\/wp-json\/wp\/v2\/comments?post=158227"}],"version-history":[{"count":2,"href":"https:\/\/ifamnews.com\/fr\/wp-json\/wp\/v2\/posts\/158227\/revisions"}],"predecessor-version":[{"id":158230,"href":"https:\/\/ifamnews.com\/fr\/wp-json\/wp\/v2\/posts\/158227\/revisions\/158230"}],"wp:featuredmedia":[{"embeddable":true,"href":"https:\/\/ifamnews.com\/fr\/wp-json\/wp\/v2\/media\/154439"}],"wp:attachment":[{"href":"https:\/\/ifamnews.com\/fr\/wp-json\/wp\/v2\/media?parent=158227"}],"wp:term":[{"taxonomy":"category","embeddable":true,"href":"https:\/\/ifamnews.com\/fr\/wp-json\/wp\/v2\/categories?post=158227"},{"taxonomy":"post_tag","embeddable":true,"href":"https:\/\/ifamnews.com\/fr\/wp-json\/wp\/v2\/tags?post=158227"}],"curies":[{"name":"wp","href":"https:\/\/api.w.org\/{rel}","templated":true}]}}