{"id":15491,"date":"2020-05-01T08:54:19","date_gmt":"2020-05-01T13:54:19","guid":{"rendered":"https:\/\/ifamnews.com\/?p=15491"},"modified":"2020-05-01T08:54:23","modified_gmt":"2020-05-01T13:54:23","slug":"lombre-de-george-soros-sur-la-cour-europeenne-des-droits-de-lhomme","status":"publish","type":"post","link":"https:\/\/ifamnews.com\/fr\/lombre-de-george-soros-sur-la-cour-europeenne-des-droits-de-lhomme","title":{"rendered":"L&rsquo;ombre de George Soros sur la Cour Europ\u00e9enne des Droits de l&rsquo;Homme"},"content":{"rendered":"\n<p><br>Le 25 f\u00e9vrier, j&rsquo;avais demand\u00e9 dans un <a href=\"https:\/\/ifamnews.com\/fr\/la-cour-europeenne-des-droits-de-lhomme-est-elle-dans-la-main-de-george-soros\/\">article<\/a> si la Cour europ\u00e9enne des droits de l&rsquo;homme (CEDH) d\u00e9pendait de George Soros. L&rsquo;article s&rsquo;appuyait sur un rapport d\u00e9vastateur du <a href=\"https:\/\/eclj.org\/\">Centre europ\u00e9en pour le droit et la justice<\/a> (ECLJ) de Strasbourg intitul\u00e9 <a href=\"https:\/\/media.aclj.org\/pdf\/1-Rapport-ECLJ,-Les-ONG-et-les-juges-de-la-CEDH,-2009---2019,-f%C3%A9vrier-2020,-version-imprimable.pdf\">Les ONG et les juges de la CEDH, 2009-2019<\/a> [\u00abLes ONG et les juges de la CEDH, 2009-2019\u00bb &#8211; disponible \u00e9galement en <a href=\"https:\/\/media.aclj.org\/pdf\/ECLJ-Report,-NGOs-and-the-Judges-of-the-ECHR,-2009---2019,-February-2020,-Complete-Edition.pdf\">anglais<\/a> et en <a href=\"https:\/\/media.aclj.org\/pdf\/ECLJ,-Las-ONG-y-los-jueces-del-Tribunal-Europeo-de-Derechos-Humanos,-2009---2019,-Febrero-2020.pdf\">espagnol<\/a>]. Apr\u00e8s deux mois, la CEDH a, par ses actions, confirm\u00e9 et renforc\u00e9 les suspicions \u00e0 propos l&rsquo;influence de Soros sur la Cour. Comment et pourquoi, c&rsquo;est ce qu&rsquo;explique un nouvel <a href=\"https:\/\/eclj.org\/geopolitics\/echr\/emprise-de-soros-sur-la-cour-europeenne-des-droits-de-lhomme--la-cedh-persiste-et-signe-?lng=en\">expos\u00e9<\/a> du directeur de l&rsquo;ECLJ, Gr\u00e9gor Puppinck, qui est \u00e9galement membre du Comit\u00e9 d&rsquo;experts sur la r\u00e9forme de la CEDH et co-auteur du rapport de f\u00e9vrier. Avant de parler de ce nouveau rapport, voici quelques informations g\u00e9n\u00e9rales.<\/p>\n\n\n\n<p><strong>Les conclusions de l&rsquo;ECLJ en f\u00e9vrier<\/strong><\/p>\n\n\n\n<p>L&rsquo;ECLJ est une organisation internationale d\u00e9di\u00e9e \u00e0 la promotion et \u00e0 la protection des droits de l&rsquo;homme et de la libert\u00e9 religieuse dans le monde. Il a un statut consultatif sp\u00e9cial aupr\u00e8s du <a href=\"https:\/\/un.org\/ecosoc\/en\/home\">Conseil \u00e9conomique et social<\/a> des Nations Unies depuis 2007.<\/p>\n\n\n\n<p>Apr\u00e8s une enqu\u00eate minutieuse de six mois sur la d\u00e9cennie 2009-2019, l&rsquo;ECLJ a produit le rapport susmentionn\u00e9, concluant que, sur les 100 juges permanents de la Cour, 22 (pr\u00e8s d&rsquo;un quart de l&rsquo;assembl\u00e9e) avaient des liens avec sept ONG particuli\u00e8res. En effet, avant de devenir juges \u00e0 la Cour, ces personnes \u00e9taient des collaborateurs et parfois m\u00eame des dirigeants des ONG en question. Les organisations auxquelles les juges sont li\u00e9s sont les suivantes, par ordre alphab\u00e9tique: <a href=\"https:\/\/airecentre.org\/\">A.I.R.E. Centre<\/a> (Centre pour les droits individuels en Europe); <a href=\"https:\/\/amnesty.org\/en\/\">Amnesty International<\/a>; la <a href=\"https:\/\/icj.org\/\">Commission internationale de juristes<\/a>; le r\u00e9seau des <a href=\"https:\/\/helsinkifoundation.org\/\">comit\u00e9s et fondations d&rsquo;Helsinki<\/a>; <a href=\"https:\/\/hrw.org\/it\">Human Rights Watch<\/a>; <a href=\"https:\/\/interights.org\/\">Interights<\/a> (Centre international pour la protection judiciaire des droits de l&rsquo;homme); et le r\u00e9seau des <a href=\"https:\/\/opensocietyfoundations.org\/\">Fondations Open Society<\/a> avec ses diff\u00e9rentes branches, en particulier l&rsquo;<a href=\"https:\/\/opensocietyfoundations.org\/who-we-are\/programs\/open-society-justice-initiative\">Open Society Justice Initiative<\/a>.<\/p>\n\n\n\n<p>Sur ces 22 juges, 12 ont eu des relations directes avec Open Society, ce qui en fait l&rsquo;ONG de la liste \u00e0 laquelle le plus de juges sont connect\u00e9s (un fait attest\u00e9 dans les propres biographies des juges, indiqu\u00e9es sur le site web de <a href=\"https:\/\/pace.coe.int\/en\/\">l&rsquo;Assembl\u00e9e parlementaire du Conseil de l&rsquo;Europe)<\/a>. De plus, les six autres ONG identifi\u00e9es dans le rapport sont financ\u00e9es par Open Society.<\/p>\n\n\n\n<p>Le rapport a \u00e9galement constat\u00e9 que 18 des 22 juges avaient trait\u00e9 pour la Cour des affaires pr\u00e9sent\u00e9es ou appuy\u00e9es par l&rsquo;Open Society. Au cours des dix ann\u00e9es prises en consid\u00e9ration, le rapport a identifi\u00e9 88 cas qu&rsquo;il a d\u00e9finis comme \u00ab\u00a0probl\u00e9matiques\u00a0\u00bb \u00e0 cet \u00e9gard. En outre, dans de nombreux autres cas, il y avait \u00e9galement des liens entre les juges et les ONG, bien qu&rsquo;indirects et donc non identifiables par la norme \u00ab\u00a0probl\u00e9matique\u00a0\u00bb adopt\u00e9e dans le rapport.<\/p>\n\n\n\n<p>En somme, le rapport de f\u00e9vrier \u00e9tablit clairement que ce qui est en jeu ici n&rsquo;est rien de moins que l&rsquo;ind\u00e9pendance de la Cour et la transparence de son travail: des questions importantes pour l&rsquo;organisme qui arbitre la question des droits de l&rsquo;homme en Europe! La question ultime qui se pose est de savoir si la Cour est influenc\u00e9e par Open Society, c&rsquo;est-\u00e0-dire le r\u00e9seau d&rsquo;organisations du milliardaire George Soros qui diffuse et finance la propagande de l&rsquo;avortement et l&rsquo;id\u00e9ologie transgenre \u00e0 travers le monde.<\/p>\n\n\n\n<p><strong>\u201cLe juge le plus controvers\u00e9\u201d<\/strong><\/p>\n\n\n\n<p>Ainsi, deux mois apr\u00e8s le rapport de f\u00e9vrier, la CEDH a agi de mani\u00e8re \u00e0 ne faire que confirmer les pr\u00e9occupations qui y figurent: en \u00e9lisant un homme, le Dr Puppinck appelle \u00ab\u00a0le juge le plus controvers\u00e9\u00a0\u00bb &#8211; le Bulgare Yonko Grozev &#8211; au poste important de \u00ab\u00a0pr\u00e9sident de section\u00a0\u00bb. Pourquoi Puppinck trouve-t-il Grozev \u00ab\u00a0controvers\u00e9\u00a0\u00bb? Il \u00e9crit:<\/p>\n\n\n\n<p><em>\u201cGrozev a pass\u00e9 toute sa carri\u00e8re en tant qu&rsquo;avocat et militant dans des ONG proches de George Soros ou financ\u00e9es par lui, jusqu&rsquo;\u00e0 ce qu&rsquo;il devienne l&rsquo;un des leaders mondiaux de la branche Open Society sp\u00e9cialis\u00e9e dans l&rsquo;utilisation des institutions judiciaires \u00e0 des fins politiques (l&rsquo;Open Society Initiative Justice). Il s&rsquo;est notamment fait conna\u00eetre en tant qu&rsquo;avocat d&rsquo;un groupe de femmes punk (Pussy Riot) qui ont commis un acte sacril\u00e8ge dans la cath\u00e9drale de Moscou.\u00a0\u00bb<\/em><\/p>\n\n\n\n<p>Soyons clairs: chez iFamNews, nous sommes fermement convaincus que chacun a droit \u00e0 un avocat de la d\u00e9fense. (C&rsquo;est, en fait, l&rsquo;un des h\u00e9ritages les plus lumineux donn\u00e9s \u00e0 la civilisation mondiale par le Moyen \u00c2ge, y compris par l&rsquo;Inquisition, comme le souligne le sp\u00e9cialiste italo-am\u00e9ricain John Tedeschi dans son livre <a href=\"https:\/\/amazon.com\/Prosecution-Heresy-Collected-Inquisition-RENAISSANCE\/dp\/086698089X\/ref=sr_1_1?dchild=1&amp;keywords=john+tedeschi+the+prosecution+of+heresy&amp;qid=1588273523&amp;sr=8-1\">The Prosecution of Heresy: Collected Studies on the Inquisition in Early Modern Italy<\/a>.) Et nous savons trop bien que seuls des despotismes et totalitarismes nient ce droit important \u00e0 une d\u00e9fense juridique comp\u00e9tente. N\u00e9anmoins, ces faits sur Grozev provoquent notre curiosit\u00e9 journalistique.<\/p>\n\n\n\n<p>Comme le pr\u00e9cise le Dr Puppinck, \u00ab\u00a0D\u00e9j\u00e0 en 2014, les modalit\u00e9s de nomination de [Grozev] \u00e0 Strasbourg avaient \u00e9t\u00e9 contest\u00e9es, car trois membres du comit\u00e9 de s\u00e9lection bulgare \u00e9taient ses coll\u00e8gues d&rsquo;ONG. Une plainte d\u00e9pos\u00e9e aupr\u00e8s du Conseil de l&rsquo;Europe par une organisation locale concernant l&rsquo;irr\u00e9gularit\u00e9 de la proc\u00e9dure de s\u00e9lection a \u00e9t\u00e9 rejet\u00e9e.\u00a0\u00bb Et les irr\u00e9gularit\u00e9s sont plus profondes encore: M. Grozev, dit Puppinck, \u00e9tait un \u00ab\u00a0activiste\u00a0\u00bb, \u00ab\u00a0sans exp\u00e9rience de magistrat (comme la majorit\u00e9 des juges de Strasbourg)\u00a0\u00bb, lorsqu&rsquo;il a \u00e9t\u00e9 nomm\u00e9 juge \u00e0 la CEDH. Puis, \u00ab\u00a0[peu] apr\u00e8s son \u00e9lection, ses nouveaux coll\u00e8gues ont statu\u00e9 en sa faveur dans l&rsquo;affaire <em>Pussy Riot<\/em> et ont ordonn\u00e9 \u00e0 la Russie de lui verser, comme d&rsquo;habitude, une compensation substantielle.\u00a0\u00bb<\/p>\n\n\n\n<p><strong>Avancer encore plus haut<\/strong><\/p>\n\n\n\n<p>Une fois que M. Grozev a \u00e9t\u00e9 nomm\u00e9 juge, explique Puppinck, plusieurs affaires ont \u00e9t\u00e9 soulev\u00e9es \u00ab\u00a0qu&rsquo;il avait lui-m\u00eame port\u00e9es devant la CEDH en tant qu&rsquo;avocat, ou qui avaient \u00e9t\u00e9 port\u00e9es par ses anciennes ONG\u00a0\u00bb. Puppinck dit que, alors que Grozev s&rsquo;est r\u00e9cus\u00e9 dans 9 de ces cas, \u00ab\u00a0il a toujours particip\u00e9 au jugement d&rsquo;au moins 10 autres affaires port\u00e9es ou soutenues par des ONG qu&rsquo;il avait lui-m\u00eame fond\u00e9es ou dirig\u00e9es jusqu&rsquo;\u00e0 r\u00e9cemment\u00a0\u00bb. Puppinck fournit une <a href=\"https:\/\/eclj.org\/documents?lng=fr\">liste de ces cas<\/a>. Puppinck poursuit: \u00ab\u00a0une telle conduite constitue une violation grave et r\u00e9p\u00e9t\u00e9e des obligations \u00e9thiques fondamentales d&rsquo;un juge\u00a0\u00bb et \u00ab\u00a0dans tout \u00c9tat r\u00e9gi par l&rsquo;\u00e9tat de droit, [l&rsquo;objet] de telles violations serait passible de sanctions disciplinaires s\u00e9v\u00e8res\u00a0\u00bb. Le minist\u00e8re bulgare de la Justice a m\u00eame \u00e9voqu\u00e9 publiquement la possibilit\u00e9 du renvoi de M. Grozev, bien qu&rsquo;il ait laiss\u00e9 la d\u00e9cision \u00e0 la CEDH elle-m\u00eame.<\/p>\n\n\n\n<p>Maintenant, cependant, Grozev a progress\u00e9 encore plus haut dans la CEDH, car il \u00ab\u00a0dirigera l&rsquo;une des cinq sections de la Cour, exercera des pouvoirs de gestion g\u00e9n\u00e9rale au sein de la Cour et si\u00e9gera syst\u00e9matiquement dans les affaires les plus importantes\u00a0\u00bb. Il aura \u00e9galement le pouvoir au sein de sa section de d\u00e9cider \u00ab\u00a0seul, au cas par cas, s&rsquo;il convient d&rsquo;inviter, d&rsquo;autoriser ou de refuser l&rsquo;intervention d&rsquo;ONG dans des cas\u00a0\u00bb. Pas un mauvais poste, si vous pouvez l&rsquo;obtenir\u2026<\/p>\n","protected":false},"excerpt":{"rendered":"<p>Un juge proche du r\u00e9seau Soros devient encore plus important \u00e0 la CEDH<\/p>\n","protected":false},"author":7,"featured_media":9224,"comment_status":"open","ping_status":"open","sticky":false,"template":"","format":"standard","meta":{"give_campaign_id":0,"om_disable_all_campaigns":false,"_monsterinsights_skip_tracking":false,"_monsterinsights_sitenote_active":false,"_monsterinsights_sitenote_note":"","_monsterinsights_sitenote_category":0,"mc4wp_mailchimp_campaign":[],"jnews-multi-image_gallery":[],"jnews_single_post":{"subtitle":"Un juge proche du r\u00e9seau Soros devient encore plus important \u00e0 la CEDH","format":"standard","video":"","gallery":"","source_name":"","source_url":"","via_name":"","via_url":"","override":[{"single_blog_custom":"","sidebar":"","second_sidebar":"","share_position":"","share_float_style":"","post_date_format":"","post_date_format_custom":"","post_reading_time_wpm":"","zoom_button_out_step":"1","zoom_button_in_step":"1","number_popup_post":"1"}],"image_override":[{"single_post_thumbnail_size":"","single_post_gallery_size":""}],"trending_post_position":"","trending_post_label":""},"jnews_primary_category":{"id":""},"jnews_social_meta":{"fb_title":"","fb_description":"","fb_image":"","twitter_title":"","twitter_description":"","twitter_image":""},"jnews_override_counter":{"view_counter_number":"0","share_counter_number":"0","like_counter_number":"0","dislike_counter_number":"0"},"footnotes":""},"categories":[813,800],"tags":[1585,858,1584,3195],"class_list":["post-15491","post","type-post","status-publish","format-standard","has-post-thumbnail","hentry","category-breaking-news-fr","category-politique","tag-cedh","tag-justice","tag-open-society","tag-yonko-grozev-2"],"yoast_head":"<!-- This site is optimized with the Yoast SEO Premium plugin v25.9 (Yoast SEO v27.3) - https:\/\/yoast.com\/product\/yoast-seo-premium-wordpress\/ -->\n<title>L&#039;ombre de George Soros sur la Cour Europ\u00e9enne des Droits de l&#039;Homme - IFN<\/title>\n<meta name=\"robots\" content=\"index, follow, max-snippet:-1, max-image-preview:large, max-video-preview:-1\" \/>\n<link rel=\"canonical\" href=\"https:\/\/ifamnews.com\/fr\/lombre-de-george-soros-sur-la-cour-europeenne-des-droits-de-lhomme\" \/>\n<meta property=\"og:locale\" content=\"fr_FR\" \/>\n<meta property=\"og:type\" content=\"article\" \/>\n<meta property=\"og:title\" content=\"L&#039;ombre de George Soros sur la Cour Europ\u00e9enne des Droits de l&#039;Homme\" \/>\n<meta property=\"og:description\" content=\"Un juge proche du r\u00e9seau Soros devient encore plus important \u00e0 la CEDH\" \/>\n<meta property=\"og:url\" content=\"https:\/\/ifamnews.com\/fr\/lombre-de-george-soros-sur-la-cour-europeenne-des-droits-de-lhomme\" \/>\n<meta property=\"og:site_name\" content=\"IFN\" \/>\n<meta property=\"article:publisher\" content=\"https:\/\/www.facebook.com\/iFamNews\" \/>\n<meta property=\"article:author\" content=\"https:\/\/facebook.com\/MarcoRespinti\" \/>\n<meta property=\"article:published_time\" content=\"2020-05-01T13:54:19+00:00\" \/>\n<meta property=\"article:modified_time\" content=\"2020-05-01T13:54:23+00:00\" \/>\n<meta property=\"og:image\" content=\"https:\/\/ifamnews.com\/wp-content\/uploads\/2020\/02\/13307813654_457c37af38_k.jpg\" \/>\n\t<meta property=\"og:image:width\" content=\"2048\" \/>\n\t<meta property=\"og:image:height\" content=\"1363\" \/>\n\t<meta property=\"og:image:type\" content=\"image\/jpeg\" \/>\n<meta name=\"author\" content=\"Marco Respinti\" \/>\n<meta name=\"twitter:card\" content=\"summary_large_image\" \/>\n<meta name=\"twitter:creator\" content=\"@https:\/\/twitter.com\/MarcoRespinti\" \/>\n<meta name=\"twitter:site\" content=\"@iFamNewsEN\" \/>\n<meta name=\"twitter:label1\" content=\"\u00c9crit par\" \/>\n\t<meta name=\"twitter:data1\" content=\"Marco Respinti\" \/>\n\t<meta name=\"twitter:label2\" content=\"Dur\u00e9e de lecture estim\u00e9e\" \/>\n\t<meta name=\"twitter:data2\" content=\"6 minutes\" \/>\n<!-- \/ Yoast SEO Premium plugin. -->","yoast_head_json":{"title":"L'ombre de George Soros sur la Cour Europ\u00e9enne des Droits de l'Homme - IFN","robots":{"index":"index","follow":"follow","max-snippet":"max-snippet:-1","max-image-preview":"max-image-preview:large","max-video-preview":"max-video-preview:-1"},"canonical":"https:\/\/ifamnews.com\/fr\/lombre-de-george-soros-sur-la-cour-europeenne-des-droits-de-lhomme","og_locale":"fr_FR","og_type":"article","og_title":"L'ombre de George Soros sur la Cour Europ\u00e9enne des Droits de l'Homme","og_description":"Un juge proche du r\u00e9seau Soros devient encore plus important \u00e0 la CEDH","og_url":"https:\/\/ifamnews.com\/fr\/lombre-de-george-soros-sur-la-cour-europeenne-des-droits-de-lhomme","og_site_name":"IFN","article_publisher":"https:\/\/www.facebook.com\/iFamNews","article_author":"https:\/\/facebook.com\/MarcoRespinti","article_published_time":"2020-05-01T13:54:19+00:00","article_modified_time":"2020-05-01T13:54:23+00:00","og_image":[{"width":2048,"height":1363,"url":"https:\/\/ifamnews.com\/wp-content\/uploads\/2020\/02\/13307813654_457c37af38_k.jpg","type":"image\/jpeg"}],"author":"Marco Respinti","twitter_card":"summary_large_image","twitter_creator":"@https:\/\/twitter.com\/MarcoRespinti","twitter_site":"@iFamNewsEN","twitter_misc":{"\u00c9crit par":"Marco Respinti","Dur\u00e9e de lecture estim\u00e9e":"6 minutes"},"schema":{"@context":"https:\/\/schema.org","@graph":[{"@type":"NewsArticle","@id":"https:\/\/ifamnews.com\/fr\/lombre-de-george-soros-sur-la-cour-europeenne-des-droits-de-lhomme#article","isPartOf":{"@id":"https:\/\/ifamnews.com\/fr\/lombre-de-george-soros-sur-la-cour-europeenne-des-droits-de-lhomme"},"author":{"name":"Marco Respinti","@id":"https:\/\/ifamnews.com\/en\/#\/schema\/person\/f0579ab02623e80d44006c1a5d949ea9"},"headline":"L&rsquo;ombre de George Soros sur la Cour Europ\u00e9enne des Droits de l&rsquo;Homme","datePublished":"2020-05-01T13:54:19+00:00","dateModified":"2020-05-01T13:54:23+00:00","mainEntityOfPage":{"@id":"https:\/\/ifamnews.com\/fr\/lombre-de-george-soros-sur-la-cour-europeenne-des-droits-de-lhomme"},"wordCount":1279,"commentCount":0,"publisher":{"@id":"https:\/\/ifamnews.com\/en\/#organization"},"image":{"@id":"https:\/\/ifamnews.com\/fr\/lombre-de-george-soros-sur-la-cour-europeenne-des-droits-de-lhomme#primaryimage"},"thumbnailUrl":"https:\/\/ifamnews.com\/wp-content\/uploads\/2020\/02\/13307813654_457c37af38_k.jpg","keywords":["CEDH","justice","Open Society","Yonko Grozev"],"articleSection":["Nouvelles r\u00e9centes","Politique"],"inLanguage":"fr-FR","potentialAction":[{"@type":"CommentAction","name":"Comment","target":["https:\/\/ifamnews.com\/fr\/lombre-de-george-soros-sur-la-cour-europeenne-des-droits-de-lhomme#respond"]}]},{"@type":"WebPage","@id":"https:\/\/ifamnews.com\/fr\/lombre-de-george-soros-sur-la-cour-europeenne-des-droits-de-lhomme","url":"https:\/\/ifamnews.com\/fr\/lombre-de-george-soros-sur-la-cour-europeenne-des-droits-de-lhomme","name":"L'ombre de George Soros sur la Cour Europ\u00e9enne des Droits de l'Homme - IFN","isPartOf":{"@id":"https:\/\/ifamnews.com\/en\/#website"},"primaryImageOfPage":{"@id":"https:\/\/ifamnews.com\/fr\/lombre-de-george-soros-sur-la-cour-europeenne-des-droits-de-lhomme#primaryimage"},"image":{"@id":"https:\/\/ifamnews.com\/fr\/lombre-de-george-soros-sur-la-cour-europeenne-des-droits-de-lhomme#primaryimage"},"thumbnailUrl":"https:\/\/ifamnews.com\/wp-content\/uploads\/2020\/02\/13307813654_457c37af38_k.jpg","datePublished":"2020-05-01T13:54:19+00:00","dateModified":"2020-05-01T13:54:23+00:00","breadcrumb":{"@id":"https:\/\/ifamnews.com\/fr\/lombre-de-george-soros-sur-la-cour-europeenne-des-droits-de-lhomme#breadcrumb"},"inLanguage":"fr-FR","potentialAction":[{"@type":"ReadAction","target":["https:\/\/ifamnews.com\/fr\/lombre-de-george-soros-sur-la-cour-europeenne-des-droits-de-lhomme"]}]},{"@type":"ImageObject","inLanguage":"fr-FR","@id":"https:\/\/ifamnews.com\/fr\/lombre-de-george-soros-sur-la-cour-europeenne-des-droits-de-lhomme#primaryimage","url":"https:\/\/ifamnews.com\/wp-content\/uploads\/2020\/02\/13307813654_457c37af38_k.jpg","contentUrl":"https:\/\/ifamnews.com\/wp-content\/uploads\/2020\/02\/13307813654_457c37af38_k.jpg","width":2048,"height":1363,"caption":"George Soros. Image from Flickr"},{"@type":"BreadcrumbList","@id":"https:\/\/ifamnews.com\/fr\/lombre-de-george-soros-sur-la-cour-europeenne-des-droits-de-lhomme#breadcrumb","itemListElement":[{"@type":"ListItem","position":1,"name":"Home","item":"https:\/\/ifamnews.com\/de"},{"@type":"ListItem","position":2,"name":"In evidenza","item":"https:\/\/ifamnews.com\/it\/categoria\/foreground-it"},{"@type":"ListItem","position":3,"name":"L&#8217;ombre de George Soros sur la Cour Europ\u00e9enne des Droits de l&#8217;Homme"}]},{"@type":"WebSite","@id":"https:\/\/ifamnews.com\/en\/#website","url":"https:\/\/ifamnews.com\/en\/","name":"IFN","description":"International Family News Network","publisher":{"@id":"https:\/\/ifamnews.com\/en\/#organization"},"potentialAction":[{"@type":"SearchAction","target":{"@type":"EntryPoint","urlTemplate":"https:\/\/ifamnews.com\/en\/?s={search_term_string}"},"query-input":{"@type":"PropertyValueSpecification","valueRequired":true,"valueName":"search_term_string"}}],"inLanguage":"fr-FR"},{"@type":"Organization","@id":"https:\/\/ifamnews.com\/en\/#organization","name":"iFamNews","url":"https:\/\/ifamnews.com\/en\/","logo":{"@type":"ImageObject","inLanguage":"fr-FR","@id":"https:\/\/ifamnews.com\/en\/#\/schema\/logo\/image\/","url":"https:\/\/ifamnews.com\/wp-content\/uploads\/2020\/01\/Share-logo.png","contentUrl":"https:\/\/ifamnews.com\/wp-content\/uploads\/2020\/01\/Share-logo.png","width":200,"height":200,"caption":"iFamNews"},"image":{"@id":"https:\/\/ifamnews.com\/en\/#\/schema\/logo\/image\/"},"sameAs":["https:\/\/www.facebook.com\/iFamNews","https:\/\/x.com\/iFamNewsEN"]},{"@type":"Person","@id":"https:\/\/ifamnews.com\/en\/#\/schema\/person\/f0579ab02623e80d44006c1a5d949ea9","name":"Marco Respinti","image":{"@type":"ImageObject","inLanguage":"fr-FR","@id":"https:\/\/secure.gravatar.com\/avatar\/4ab04a5127131015e13010f222e38621144dc33a5df5d977b35ceeab15ee958f?s=96&d=mm&r=g","url":"https:\/\/secure.gravatar.com\/avatar\/4ab04a5127131015e13010f222e38621144dc33a5df5d977b35ceeab15ee958f?s=96&d=mm&r=g","contentUrl":"https:\/\/secure.gravatar.com\/avatar\/4ab04a5127131015e13010f222e38621144dc33a5df5d977b35ceeab15ee958f?s=96&d=mm&r=g","caption":"Marco Respinti"},"description":"Marco Respinti was the Editor-in-Chief of International Family News until the end of 2022. He is an Italian professional journalist, member of the International Federation of Journalists (IFJ), essayist, translator, and lecturer. He has contributed and contributes to several journals and magazines both in print and online, both in Italy and abroad. Author of books, he has translated and\/or edited works by, among others, Edmund Burke, Charles Dickens, T.S. Eliot, Russell Kirk, J.R.R. Tolkien, R\u00e9gine Pernoud and Gustave Thibon. A Senior fellow at the\u00a0Russell Kirk Center for Cultural Renewal (Mecosta, Michigan) he is also a founding member as well as Board member of the Center for European Renewal (The Hague, The Netherlands). A member of the Editorial Board of The European Conservative magazine, as well as a member of the Advisory Council of the European Federation for Freedom of Belief, he serves as Director-in-Charge of the academic publication The Journal of CESNUR and the online Bitter Winter: A Magazine on Religious Liberty and Human Rights.","sameAs":["https:\/\/facebook.com\/MarcoRespinti","https:\/\/it.linkedin.com\/in\/marcorespinti","https:\/\/pinterest.it\/MarcoRespinti\/_created\/","https:\/\/x.com\/https:\/\/twitter.com\/MarcoRespinti","https:\/\/youtube.com\/channel\/UC1FbsvyQNTQ-snpsmRC12Og?view_as=subscriber"],"url":"https:\/\/ifamnews.com\/fr\/author\/mrespinti"}]}},"amp_enabled":true,"_links":{"self":[{"href":"https:\/\/ifamnews.com\/fr\/wp-json\/wp\/v2\/posts\/15491","targetHints":{"allow":["GET"]}}],"collection":[{"href":"https:\/\/ifamnews.com\/fr\/wp-json\/wp\/v2\/posts"}],"about":[{"href":"https:\/\/ifamnews.com\/fr\/wp-json\/wp\/v2\/types\/post"}],"author":[{"embeddable":true,"href":"https:\/\/ifamnews.com\/fr\/wp-json\/wp\/v2\/users\/7"}],"replies":[{"embeddable":true,"href":"https:\/\/ifamnews.com\/fr\/wp-json\/wp\/v2\/comments?post=15491"}],"version-history":[{"count":1,"href":"https:\/\/ifamnews.com\/fr\/wp-json\/wp\/v2\/posts\/15491\/revisions"}],"predecessor-version":[{"id":15494,"href":"https:\/\/ifamnews.com\/fr\/wp-json\/wp\/v2\/posts\/15491\/revisions\/15494"}],"wp:featuredmedia":[{"embeddable":true,"href":"https:\/\/ifamnews.com\/fr\/wp-json\/wp\/v2\/media\/9224"}],"wp:attachment":[{"href":"https:\/\/ifamnews.com\/fr\/wp-json\/wp\/v2\/media?parent=15491"}],"wp:term":[{"taxonomy":"category","embeddable":true,"href":"https:\/\/ifamnews.com\/fr\/wp-json\/wp\/v2\/categories?post=15491"},{"taxonomy":"post_tag","embeddable":true,"href":"https:\/\/ifamnews.com\/fr\/wp-json\/wp\/v2\/tags?post=15491"}],"curies":[{"name":"wp","href":"https:\/\/api.w.org\/{rel}","templated":true}]}}