{"id":154461,"date":"2022-07-24T01:19:40","date_gmt":"2022-07-24T05:19:40","guid":{"rendered":"https:\/\/ifamnews.com\/?p=154461"},"modified":"2022-07-24T01:19:42","modified_gmt":"2022-07-24T05:19:42","slug":"les-autorit-s-australiennes-ne-tiennent-aucun-compte-de-l-offense-faite-aux-chr-tiens","status":"publish","type":"post","link":"https:\/\/ifamnews.com\/fr\/les-autorit-s-australiennes-ne-tiennent-aucun-compte-de-l-offense-faite-aux-chr-tiens","title":{"rendered":"Les autorit\u00e9s australiennes ne tiennent aucun compte de l&rsquo;offense faite aux chr\u00e9tiens"},"content":{"rendered":"\n<p>Lana Murphy est une journaliste travaillant pour l&rsquo;<a href=\"https:\/\/www.9news.com.au\/melbourne\" target=\"_blank\" rel=\"noreferrer noopener\">\u00e9mission de t\u00e9l\u00e9vision <em>9NewsMelb<\/em><\/a>, dans l&rsquo;\u00c9tat australien de Victoria. Le samedi 2 juillet, <a href=\"https:\/\/twitter.com\/9NewsAUS\/status\/1543145711201550337\" target=\"_blank\" rel=\"noreferrer noopener\">elle r\u00e9alisait un reportage sur le rassemblement pro-avortement<\/a> \u00e9galement organis\u00e9 dans sa ville par ceux qui pensent que la Cour supr\u00eame des \u00c9tats-Unis a fait une erreur en annulant le jugement de la Cour supr\u00eame <em>Roe v. Wade<\/em> de 1973, rendant ainsi \u00e0 juste titre la comp\u00e9tence de l\u00e9gif\u00e9rer sur l&rsquo;avortement aux diff\u00e9rents \u00c9tats de l&rsquo;Union.<\/p>\n\n\n\n<p>Parmi les nombreuses pancartes vantant le soi-disant \u00ab\u00a0droit\u00a0\u00bb des femmes \u00e0 supprimer un b\u00e9b\u00e9 dans l&rsquo;ut\u00e9rus, une en particulier lui a \u00e9t\u00e9 transmise, et la journaliste l&rsquo;a ramass\u00e9e en riant. A ce moment l\u00e0 une photo d&rsquo;elle a \u00e9t\u00e9 prise, et l&rsquo;image est apparue en bonne place sur le profil Twitter de Murphy.<\/p>\n\n\n\n<p>L&rsquo;\u00e9criture sur le panneau disait, textuellement, ce que tout le monde peut lire ci-dessous.<\/p>\n\n\n\n<div class=\"wp-block-image\"><figure class=\"aligncenter size-full\"><img decoding=\"async\" width=\"471\" height=\"765\" src=\"https:\/\/ifamnews.com\/wp-content\/uploads\/2022\/07\/Cattura-10.png\" alt=\"\" class=\"wp-image-153854\"\/><figcaption><a href=\"https:\/\/twitter.com\/Joel_Agius1\/status\/1543564001950371840?ref_src=twsrc%5Etfw%7Ctwcamp%5Etweetembed%7Ctwterm%5E1543564001950371840%7Ctwgr%5E%7Ctwcon%5Es1_&amp;ref_url=https%3A%2F%2Fwww.spectator.com.au%2F2022%2F07%2Fhate-speech-laws-silent-on-christian-attacks%2F\" target=\"_blank\" rel=\"noreferrer noopener\">Image tir\u00e9e de Twitter<\/a><\/figcaption><\/figure><\/div>\n\n\n\n<p>Ce n&rsquo;est pas la premi\u00e8re fois, et ce ne sera malheureusement pas la derni\u00e8re, que l&rsquo;on se moque de la religion chr\u00e9tienne, que les croyances profondes et sinc\u00e8res de millions de personnes dans le monde finissent \u00e0 la poubelle, que ce soit \u00e0 l&rsquo;\u00e9tranger ou en Italie, par exemple, la statue de la Madone d\u00e9figur\u00e9e et transport\u00e9e dans les rues du centre-ville lors de la r\u00e9cente \u00ab\u00a0Milano Pride\u00a0\u00bb, tout le monde s&rsquo;en souvient. La \u00ab\u00a0blague\u00a0\u00bb n&rsquo;\u00e9tait pas tr\u00e8s originale non plus, et elle correspond \u00e0 d&rsquo;autres, au ton similaire, qui se moquent de la paternit\u00e9 de saint Joseph.<\/p>\n\n\n\n<p>Ce qui est frappant, c&rsquo;est plut\u00f4t le fait que ce traitement est r\u00e9serv\u00e9 exclusivement aux chr\u00e9tiens. Aucune autre religion ne peut \u00eatre \u00e9voqu\u00e9e sur un ton qui ne soit pas respectueux. Aucune cat\u00e9gorie de personnes ne peut \u00eatre offens\u00e9e ou faire l&rsquo;objet de moqueries. Aucune consid\u00e9ration \u00ab\u00a0diff\u00e9rente\u00a0\u00bb concernant le sexe, r\u00e9el ou per\u00e7u, la couleur de la peau, l&rsquo;orientation sexuelle, l&rsquo;apparence physique, le handicap, ne peut \u00eatre autoris\u00e9e. Jamais. Seuls les chr\u00e9tiens peuvent \u00eatre moqu\u00e9s.<\/p>\n\n\n\n<p>\u00ab\u00a0Ne vous adressez pas \u00e0 une femme <em>trans<\/em> en utilisant le mauvais pronom\u00a0\u00bb, <a href=\"https:\/\/www.spectator.com.au\/2022\/07\/hate-speech-laws-silent-on-christian-attacks\/\" target=\"_blank\" rel=\"noreferrer noopener\">d\u00e9clare James Macpherson sur le <em>site<\/em><\/a> du <a href=\"https:\/\/www.spectator.com.au\/2022\/07\/hate-speech-laws-silent-on-christian-attacks\/\" target=\"_blank\" rel=\"noreferrer noopener\"><em>Spectator Australia<\/em><\/a>. \u00ab\u00a0Et ne commencez pas une r\u00e9union sans vous adresser aux autochtones, m\u00eame s&rsquo;il n&rsquo;y en a pas dans la salle. Ne laissez pas entendre que les personnes handicap\u00e9es sont d\u00e9savantag\u00e9es de quelque fa\u00e7on que ce soit. Et ne critiquez pas les hommes adultes en r\u00e9sille qui lisent des histoires \u00e0 des enfants d&rsquo;\u00e2ge pr\u00e9scolaire comme quelque chose de parfaitement normal.\u00a0\u00bb<\/p>\n\n\n\n<p>Mais, poursuit le journaliste australien, \u00ab\u00a0il existe un groupe pour lequel les sensibilit\u00e9s normales ne s&rsquo;appliquent pas. \u00ab\u00a0L&rsquo;inclusivit\u00e9\u00a0\u00bb signifie l&rsquo;exclusion des chr\u00e9tiens. La \u00ab\u00a0diversit\u00e9\u00a0\u00bb signifie tout le monde sauf les chr\u00e9tiens.\u00a0\u00bb<\/p>\n\n\n\n<p>Pour sa part, Macpherson, \u00e0 vrai dire, pr\u00f4nerait \u00e9galement la libert\u00e9 de dire ce que l&rsquo;on veut de n&rsquo;importe qui, sans trop s&rsquo;avancer. Au lieu de cela, il \u00e9voque ce qu&rsquo;il appelle un \u00ab\u00a0double <em>standard\u00a0\u00bb<\/em>, qu&rsquo;il attribue sp\u00e9cifiquement \u00e0 la gauche dans son pays, et appelle le <em>Premier ministre <\/em>Daniel Andrews \u00e0 prendre publiquement position sur la question du panneau dans les mains de Murphy. Le site<em> <a href=\"https:\/\/www.humanrights.vic.gov.au\/legal-and-policy\/victorias-human-rights-laws\/racial-and-religious-tolerance-act\/#:~:text=The%20Racial%20and%20Religious%20Tolerance%20Act%20prohibits%20vilification%20%E2%80%93%20behaviour%20that,their%20race%20and%2For%20religion.\">Loi sur la tol\u00e9rance raciale et religieuse <\/a> <\/em>du reste \u00ab\u00a0rend ill\u00e9gale toute conduite qui incite ou encourage la haine, le m\u00e9pris grave, la r\u00e9pulsion ou le ridicule grave d&rsquo;une autre personne ou d&rsquo;un groupe de personnes en raison de leur race ou de leur religion\u00a0\u00bb. Il doute cependant que le ministre bouge.<\/p>\n\n\n\n<p>Apr\u00e8s que certaines personnes sur les <em>m\u00e9dias sociaux<\/em> ont appel\u00e9 \u00e0 des mesures disciplinaires de la part de l&#8217;employeur, <a href=\"https:\/\/www.theaustralian.com.au\/subscribe\/news\/1\/?sourceCode=TAWEB_WRE170_a_GGL&amp;dest=https%3A%2F%2Fwww.theaustralian.com.au%2Fbusiness%2Fmedia%2Fchannel-9-reporter-lana-murphy-apologies-for-sharing-controversial-abortion-post%2Fnews-story%2Fad3bebdfb6d45832b387bf8abe5cd198&amp;memtype=anonymous&amp;mode=premium&amp;v21=dynamic-cold-test-noscore&amp;V21spcbehaviour=append\" target=\"_blank\" rel=\"noreferrer noopener\">la journaliste s&rsquo;est excus\u00e9e pour avoir \u00ab\u00a0donn\u00e9 l&rsquo;impression\u00a0\u00bb qu&rsquo;elle \u00e9tait d&rsquo;accord avec ce qui \u00e9tait exprim\u00e9 sur la pancarte<\/a>.<\/p>\n","protected":false},"excerpt":{"rendered":"<p>Un rassemblement pro-avortement \u00e0 Melbourne affiche un signe obsc\u00e8ne contre J\u00e9sus-Christ et la Vierge Marie : aucune r\u00e9action des autorit\u00e9s.<\/p>\n","protected":false},"author":14,"featured_media":154204,"comment_status":"open","ping_status":"open","sticky":false,"template":"","format":"standard","meta":{"give_campaign_id":0,"om_disable_all_campaigns":false,"_monsterinsights_skip_tracking":false,"_monsterinsights_sitenote_active":false,"_monsterinsights_sitenote_note":"","_monsterinsights_sitenote_category":0,"mc4wp_mailchimp_campaign":[],"jnews-multi-image_gallery":[],"jnews_single_post":{"subtitle":"Un rassemblement pro-avortement \u00e0 Melbourne affiche un signe obsc\u00e8ne contre J\u00e9sus-Christ et la Vierge Marie : aucune r\u00e9action des autorit\u00e9s.","format":"standard","video":"","gallery":"","source_name":"","source_url":"","via_name":"","via_url":"","override":[{"template":"1","single_blog_custom":"","parallax":"1","fullscreen":"1","layout":"right-sidebar","sidebar":"default-sidebar","second_sidebar":"default-sidebar","sticky_sidebar":"1","share_position":"top","share_float_style":"share-monocrhome","show_share_counter":"1","show_view_counter":"1","show_featured":"1","show_post_meta":"1","show_post_author":"1","show_post_author_image":"1","show_post_date":"1","post_date_format":"default","post_date_format_custom":"Y\/m\/d","show_post_category":"1","post_reading_time_wpm":"300","zoom_button_out_step":"2","zoom_button_in_step":"3","show_post_tag":"1","show_prev_next_post":"1","show_popup_post":"1","number_popup_post":"1"}],"image_override":[{"single_post_thumbnail_size":"crop-500","single_post_gallery_size":"crop-500"}],"trending_post_position":"meta","trending_post_label":"Trending","sponsored_post_label":"Sponsored by","sponsored_post_name":"","sponsored_post_url":"","sponsored_post_logo":"","sponsored_post_desc":""},"jnews_primary_category":{"id":"762"},"jnews_social_meta":{"fb_title":"","fb_description":"","fb_image":"","twitter_title":"","twitter_description":"","twitter_image":""},"jnews_override_counter":{"view_counter_number":"0","share_counter_number":"0","like_counter_number":"0","dislike_counter_number":"0"},"footnotes":""},"categories":[762,809],"tags":[475,8969,5701,19710,827,6133],"class_list":["post-154461","post","type-post","status-publish","format-standard","has-post-thumbnail","hentry","category-culture-fr","category-foreground-fr","tag-abortion","tag-australie","tag-christianity","tag-lintolerance-religieuse","tag-religious-freedom","tag-6133"],"yoast_head":"<!-- This site is optimized with the Yoast SEO Premium plugin v25.9 (Yoast SEO v27.3) - https:\/\/yoast.com\/product\/yoast-seo-premium-wordpress\/ -->\n<title>Les autorit\u00e9s australiennes ne tiennent aucun compte de l&#039;offense faite aux chr\u00e9tiens - &quot;iFamNews&quot;<\/title>\n<meta name=\"description\" content=\"Un rassemblement pro-avortement \u00e0 Melbourne affiche un signe obsc\u00e8ne contre J\u00e9sus-Christ et la Vierge Marie : aucune r\u00e9action des autorit\u00e9s.\" \/>\n<meta name=\"robots\" content=\"index, follow, max-snippet:-1, max-image-preview:large, max-video-preview:-1\" \/>\n<link rel=\"canonical\" href=\"https:\/\/ifamnews.com\/fr\/les-autorit-s-australiennes-ne-tiennent-aucun-compte-de-l-offense-faite-aux-chr-tiens\" \/>\n<meta property=\"og:locale\" content=\"fr_FR\" \/>\n<meta property=\"og:type\" content=\"article\" \/>\n<meta property=\"og:title\" content=\"Les autorit\u00e9s australiennes ne tiennent aucun compte de l&#039;offense faite aux chr\u00e9tiens\" \/>\n<meta property=\"og:description\" content=\"Un rassemblement pro-avortement \u00e0 Melbourne affiche un signe obsc\u00e8ne contre J\u00e9sus-Christ et la Vierge Marie : aucune r\u00e9action des autorit\u00e9s.\" \/>\n<meta property=\"og:url\" content=\"https:\/\/ifamnews.com\/fr\/les-autorit-s-australiennes-ne-tiennent-aucun-compte-de-l-offense-faite-aux-chr-tiens\" \/>\n<meta property=\"og:site_name\" content=\"IFN\" \/>\n<meta property=\"article:publisher\" content=\"https:\/\/www.facebook.com\/iFamNews\" \/>\n<meta property=\"article:published_time\" content=\"2022-07-24T05:19:40+00:00\" \/>\n<meta property=\"article:modified_time\" content=\"2022-07-24T05:19:42+00:00\" \/>\n<meta property=\"og:image\" content=\"https:\/\/ifamnews.com\/wp-content\/uploads\/2022\/07\/lana_murphy.jpg\" \/>\n\t<meta property=\"og:image:width\" content=\"1280\" \/>\n\t<meta property=\"og:image:height\" content=\"720\" \/>\n\t<meta property=\"og:image:type\" content=\"image\/jpeg\" \/>\n<meta name=\"author\" content=\"Barbara Santambrogio\" \/>\n<meta name=\"twitter:card\" content=\"summary_large_image\" \/>\n<meta name=\"twitter:creator\" content=\"@iFamNewsEN\" \/>\n<meta name=\"twitter:site\" content=\"@iFamNewsEN\" \/>\n<meta name=\"twitter:label1\" content=\"\u00c9crit par\" \/>\n\t<meta name=\"twitter:data1\" content=\"Barbara Santambrogio\n\" \/>\n\t<meta name=\"twitter:label2\" content=\"Dur\u00e9e de lecture estim\u00e9e\" \/>\n\t<meta name=\"twitter:data2\" content=\"3 minutes\" \/>\n<!-- \/ Yoast SEO Premium plugin. -->","yoast_head_json":{"title":"Les autorit\u00e9s australiennes ne tiennent aucun compte de l'offense faite aux chr\u00e9tiens - \"iFamNews\"","description":"Un rassemblement pro-avortement \u00e0 Melbourne affiche un signe obsc\u00e8ne contre J\u00e9sus-Christ et la Vierge Marie : aucune r\u00e9action des autorit\u00e9s.","robots":{"index":"index","follow":"follow","max-snippet":"max-snippet:-1","max-image-preview":"max-image-preview:large","max-video-preview":"max-video-preview:-1"},"canonical":"https:\/\/ifamnews.com\/fr\/les-autorit-s-australiennes-ne-tiennent-aucun-compte-de-l-offense-faite-aux-chr-tiens","og_locale":"fr_FR","og_type":"article","og_title":"Les autorit\u00e9s australiennes ne tiennent aucun compte de l'offense faite aux chr\u00e9tiens","og_description":"Un rassemblement pro-avortement \u00e0 Melbourne affiche un signe obsc\u00e8ne contre J\u00e9sus-Christ et la Vierge Marie : aucune r\u00e9action des autorit\u00e9s.","og_url":"https:\/\/ifamnews.com\/fr\/les-autorit-s-australiennes-ne-tiennent-aucun-compte-de-l-offense-faite-aux-chr-tiens","og_site_name":"IFN","article_publisher":"https:\/\/www.facebook.com\/iFamNews","article_published_time":"2022-07-24T05:19:40+00:00","article_modified_time":"2022-07-24T05:19:42+00:00","og_image":[{"width":1280,"height":720,"url":"https:\/\/ifamnews.com\/wp-content\/uploads\/2022\/07\/lana_murphy.jpg","type":"image\/jpeg"}],"author":"Barbara Santambrogio","twitter_card":"summary_large_image","twitter_creator":"@iFamNewsEN","twitter_site":"@iFamNewsEN","twitter_misc":{"\u00c9crit par":"Barbara Santambrogio\n","Dur\u00e9e de lecture estim\u00e9e":"3 minutes"},"schema":{"@context":"https:\/\/schema.org","@graph":[{"@type":"NewsArticle","@id":"https:\/\/ifamnews.com\/fr\/les-autorit-s-australiennes-ne-tiennent-aucun-compte-de-l-offense-faite-aux-chr-tiens#article","isPartOf":{"@id":"https:\/\/ifamnews.com\/fr\/les-autorit-s-australiennes-ne-tiennent-aucun-compte-de-l-offense-faite-aux-chr-tiens"},"author":{"name":"Barbara Santambrogio","@id":"https:\/\/ifamnews.com\/en\/#\/schema\/person\/17118599da2799311b3611609a244572"},"headline":"Les autorit\u00e9s australiennes ne tiennent aucun compte de l&rsquo;offense faite aux chr\u00e9tiens","datePublished":"2022-07-24T05:19:40+00:00","dateModified":"2022-07-24T05:19:42+00:00","mainEntityOfPage":{"@id":"https:\/\/ifamnews.com\/fr\/les-autorit-s-australiennes-ne-tiennent-aucun-compte-de-l-offense-faite-aux-chr-tiens"},"wordCount":685,"commentCount":0,"publisher":{"@id":"https:\/\/ifamnews.com\/en\/#organization"},"image":{"@id":"https:\/\/ifamnews.com\/fr\/les-autorit-s-australiennes-ne-tiennent-aucun-compte-de-l-offense-faite-aux-chr-tiens#primaryimage"},"thumbnailUrl":"https:\/\/ifamnews.com\/wp-content\/uploads\/2022\/07\/lana_murphy.jpg","keywords":["Abortion","australie","Christianity","l'intol\u00e9rance religieuse","Religious Freedom","\u041b\u0413\u0411\u0422"],"articleSection":["Culture","Foreground"],"inLanguage":"fr-FR","potentialAction":[{"@type":"CommentAction","name":"Comment","target":["https:\/\/ifamnews.com\/fr\/les-autorit-s-australiennes-ne-tiennent-aucun-compte-de-l-offense-faite-aux-chr-tiens#respond"]}]},{"@type":"WebPage","@id":"https:\/\/ifamnews.com\/fr\/les-autorit-s-australiennes-ne-tiennent-aucun-compte-de-l-offense-faite-aux-chr-tiens","url":"https:\/\/ifamnews.com\/fr\/les-autorit-s-australiennes-ne-tiennent-aucun-compte-de-l-offense-faite-aux-chr-tiens","name":"Les autorit\u00e9s australiennes ne tiennent aucun compte de l'offense faite aux chr\u00e9tiens - \"iFamNews\"","isPartOf":{"@id":"https:\/\/ifamnews.com\/en\/#website"},"primaryImageOfPage":{"@id":"https:\/\/ifamnews.com\/fr\/les-autorit-s-australiennes-ne-tiennent-aucun-compte-de-l-offense-faite-aux-chr-tiens#primaryimage"},"image":{"@id":"https:\/\/ifamnews.com\/fr\/les-autorit-s-australiennes-ne-tiennent-aucun-compte-de-l-offense-faite-aux-chr-tiens#primaryimage"},"thumbnailUrl":"https:\/\/ifamnews.com\/wp-content\/uploads\/2022\/07\/lana_murphy.jpg","datePublished":"2022-07-24T05:19:40+00:00","dateModified":"2022-07-24T05:19:42+00:00","description":"Un rassemblement pro-avortement \u00e0 Melbourne affiche un signe obsc\u00e8ne contre J\u00e9sus-Christ et la Vierge Marie : aucune r\u00e9action des autorit\u00e9s.","breadcrumb":{"@id":"https:\/\/ifamnews.com\/fr\/les-autorit-s-australiennes-ne-tiennent-aucun-compte-de-l-offense-faite-aux-chr-tiens#breadcrumb"},"inLanguage":"fr-FR","potentialAction":[{"@type":"ReadAction","target":["https:\/\/ifamnews.com\/fr\/les-autorit-s-australiennes-ne-tiennent-aucun-compte-de-l-offense-faite-aux-chr-tiens"]}]},{"@type":"ImageObject","inLanguage":"fr-FR","@id":"https:\/\/ifamnews.com\/fr\/les-autorit-s-australiennes-ne-tiennent-aucun-compte-de-l-offense-faite-aux-chr-tiens#primaryimage","url":"https:\/\/ifamnews.com\/wp-content\/uploads\/2022\/07\/lana_murphy.jpg","contentUrl":"https:\/\/ifamnews.com\/wp-content\/uploads\/2022\/07\/lana_murphy.jpg","width":1280,"height":720,"caption":"Photo : Herald Sun"},{"@type":"BreadcrumbList","@id":"https:\/\/ifamnews.com\/fr\/les-autorit-s-australiennes-ne-tiennent-aucun-compte-de-l-offense-faite-aux-chr-tiens#breadcrumb","itemListElement":[{"@type":"ListItem","position":1,"name":"Home","item":"https:\/\/ifamnews.com\/de"},{"@type":"ListItem","position":2,"name":"Culture","item":"https:\/\/ifamnews.com\/fr\/categorie\/culture-fr"},{"@type":"ListItem","position":3,"name":"Les autorit\u00e9s australiennes ne tiennent aucun compte de l&#8217;offense faite aux chr\u00e9tiens"}]},{"@type":"WebSite","@id":"https:\/\/ifamnews.com\/en\/#website","url":"https:\/\/ifamnews.com\/en\/","name":"IFN","description":"International Family News Network","publisher":{"@id":"https:\/\/ifamnews.com\/en\/#organization"},"potentialAction":[{"@type":"SearchAction","target":{"@type":"EntryPoint","urlTemplate":"https:\/\/ifamnews.com\/en\/?s={search_term_string}"},"query-input":{"@type":"PropertyValueSpecification","valueRequired":true,"valueName":"search_term_string"}}],"inLanguage":"fr-FR"},{"@type":"Organization","@id":"https:\/\/ifamnews.com\/en\/#organization","name":"iFamNews","url":"https:\/\/ifamnews.com\/en\/","logo":{"@type":"ImageObject","inLanguage":"fr-FR","@id":"https:\/\/ifamnews.com\/en\/#\/schema\/logo\/image\/","url":"https:\/\/ifamnews.com\/wp-content\/uploads\/2020\/01\/Share-logo.png","contentUrl":"https:\/\/ifamnews.com\/wp-content\/uploads\/2020\/01\/Share-logo.png","width":200,"height":200,"caption":"iFamNews"},"image":{"@id":"https:\/\/ifamnews.com\/en\/#\/schema\/logo\/image\/"},"sameAs":["https:\/\/www.facebook.com\/iFamNews","https:\/\/x.com\/iFamNewsEN"]},{"@type":"Person","@id":"https:\/\/ifamnews.com\/en\/#\/schema\/person\/17118599da2799311b3611609a244572","name":"Barbara Santambrogio","image":{"@type":"ImageObject","inLanguage":"fr-FR","@id":"https:\/\/secure.gravatar.com\/avatar\/e82fde821e1707b5acb9fe7ab0a5d6e32d42db6117e73021c2fc05cc90dad32f?s=96&d=mm&r=g","url":"https:\/\/secure.gravatar.com\/avatar\/e82fde821e1707b5acb9fe7ab0a5d6e32d42db6117e73021c2fc05cc90dad32f?s=96&d=mm&r=g","contentUrl":"https:\/\/secure.gravatar.com\/avatar\/e82fde821e1707b5acb9fe7ab0a5d6e32d42db6117e73021c2fc05cc90dad32f?s=96&d=mm&r=g","caption":"Barbara Santambrogio"},"description":"After an original and varied working path, in the field of advertising and publishing, but also in the world of wine, she finally came to deal with what she is most passionate about. Today she writes (for the web, but not only), deals with translations and teaches in elementary school. Biological and adoptive mother, she loves reading and running.","url":"https:\/\/ifamnews.com\/fr\/author\/bsantambrogio"}]}},"amp_enabled":true,"_links":{"self":[{"href":"https:\/\/ifamnews.com\/fr\/wp-json\/wp\/v2\/posts\/154461","targetHints":{"allow":["GET"]}}],"collection":[{"href":"https:\/\/ifamnews.com\/fr\/wp-json\/wp\/v2\/posts"}],"about":[{"href":"https:\/\/ifamnews.com\/fr\/wp-json\/wp\/v2\/types\/post"}],"author":[{"embeddable":true,"href":"https:\/\/ifamnews.com\/fr\/wp-json\/wp\/v2\/users\/14"}],"replies":[{"embeddable":true,"href":"https:\/\/ifamnews.com\/fr\/wp-json\/wp\/v2\/comments?post=154461"}],"version-history":[{"count":5,"href":"https:\/\/ifamnews.com\/fr\/wp-json\/wp\/v2\/posts\/154461\/revisions"}],"predecessor-version":[{"id":154466,"href":"https:\/\/ifamnews.com\/fr\/wp-json\/wp\/v2\/posts\/154461\/revisions\/154466"}],"wp:featuredmedia":[{"embeddable":true,"href":"https:\/\/ifamnews.com\/fr\/wp-json\/wp\/v2\/media\/154204"}],"wp:attachment":[{"href":"https:\/\/ifamnews.com\/fr\/wp-json\/wp\/v2\/media?parent=154461"}],"wp:term":[{"taxonomy":"category","embeddable":true,"href":"https:\/\/ifamnews.com\/fr\/wp-json\/wp\/v2\/categories?post=154461"},{"taxonomy":"post_tag","embeddable":true,"href":"https:\/\/ifamnews.com\/fr\/wp-json\/wp\/v2\/tags?post=154461"}],"curies":[{"name":"wp","href":"https:\/\/api.w.org\/{rel}","templated":true}]}}