{"id":152251,"date":"2022-07-10T01:26:32","date_gmt":"2022-07-10T05:26:32","guid":{"rendered":"https:\/\/ifamnews.com\/?p=152251"},"modified":"2022-07-10T01:26:34","modified_gmt":"2022-07-10T05:26:34","slug":"mexique-d-abord-l-avortement-et-le-mariage-gay-maintenant-l-euthanasie","status":"publish","type":"post","link":"https:\/\/ifamnews.com\/fr\/mexique-d-abord-l-avortement-et-le-mariage-gay-maintenant-l-euthanasie","title":{"rendered":"Mexique : d&rsquo;abord l&rsquo;avortement et le \u00ab\u00a0mariage\u00a0\u00bb gay, maintenant l&rsquo;euthanasie"},"content":{"rendered":"\n<p id=\"h-nientemeno-che-un-intera-settimana-tutta-dedicata-all-eutanasia\">Pas moins d&rsquo;une semaine enti\u00e8re, enti\u00e8rement consacr\u00e9e \u00e0 l&rsquo;euthanasie.<\/p>\n\n\n\n<p id=\"h-accade-in-messico-dove-la-camera-dei-deputati-ha-ospitato-da-luned-20-a-venerd-24-giugno-la-semana-nacional-de-la-eutanasia-una-serie-di-conferenze-e-dibattiti-fra-legislatori-accademici-ed-esperti-a-vario-titolo-finalizzati-esplicitamente-ad-aprire-la-strada-a-una-legislazione-che-disciplini-il-suicidio-assistito-per-i-malati-terminali\">Cela se passe au Mexique,  <a href=\"https:\/\/www.canaldelcongreso.gob.mx\/noticias\/15512\/Semana_Nacional_de_la_Eutanasia_en_la_Cmara_de_Diputados\" target=\"_blank\" rel=\"noreferrer noopener\">o\u00f9 la Chambre des d\u00e9put\u00e9s a accueilli du lundi 20 au vendredi 24 juin, la \u00ab\u00a0Semana Nacional de la Eutanasia<\/a>\u00ab\u00a0, une s\u00e9rie de conf\u00e9rences et de discussions entre l\u00e9gislateurs, universitaires et experts \u00e0 divers titres, visant explicitement \u00e0 ouvrir la voie \u00e0 une l\u00e9gislation r\u00e9glementant le \u00ab\u00a0suicide assist\u00e9\u00a0\u00bb pour les malades en phase terminale.<\/p>\n\n\n\n<p id=\"h-accade-in-messico-dove-la-camera-dei-deputati-ha-ospitato-da-luned-20-a-venerd-24-giugno-la-semana-nacional-de-la-eutanasia-una-serie-di-conferenze-e-dibattiti-fra-legislatori-accademici-ed-esperti-a-vario-titolo-finalizzati-esplicitamente-ad-aprire-la-strada-a-una-legislazione-che-disciplini-il-suicidio-assistito-per-i-malati-terminali\">\u00ab\u00a0Organis\u00e9 par Emmanuel Reyes Carmona, d\u00e9put\u00e9 du parti Morena, et chef de la commission de la sant\u00e9<a href=\"https:\/\/mexiconewsdaily.com\/news\/debate-opens-on-legalization-of-euthanasia\/\" target=\"_blank\" rel=\"noreferrer noopener\">\u00ab\u00a0, \u00e9crit le<em> Mexico News Daily<\/em><\/a>, \u00ab\u00a0la conf\u00e9rence d&rsquo;une semaine est l&rsquo;occasion pour ses partisans de plaider en faveur de lois sur les questions de fin de vie et d&rsquo;introduire l&rsquo;option du \u00ab\u00a0suicide assist\u00e9\u00a0\u00bb et de l&rsquo;euthanasie \u00e0 l&rsquo;\u00e9chelle nationale\u00a0\u00bb.<\/p>\n\n\n\n<p id=\"h-accade-in-messico-dove-la-camera-dei-deputati-ha-ospitato-da-luned-20-a-venerd-24-giugno-la-semana-nacional-de-la-eutanasia-una-serie-di-conferenze-e-dibattiti-fra-legislatori-accademici-ed-esperti-a-vario-titolo-finalizzati-esplicitamente-ad-aprire-la-strada-a-una-legislazione-che-disciplini-il-suicidio-assistito-per-i-malati-terminali\">Actuellement, en effet, ni le \u00ab\u00a0suicide assist\u00e9\u00a0\u00bb, ni l&rsquo;euthanasie ne sont l\u00e9gaux dans le pays, mais depuis 2008 d\u00e9j\u00e0, certains \u00c9tats de l&rsquo;Union mexicaine, avec la <a href=\"https:\/\/salute.aduc.it\/eutanasia\/notizia\/eutanasia+citta+messico+riconosce+diritto_133331.php\" target=\"_blank\" rel=\"noreferrer noopener\">capitale Mexico en t\u00eate<\/a>, suivie de pr\u00e8s par les \u00c9tats d&rsquo;Aguascalientes et de Michoac\u00e1n, permettent aux malades en phase terminale de refuser les m\u00e9dicaments et tout autre traitement m\u00e9dical prolongeant la vie, avec ce que l&rsquo;on appelle \u00ab\u00a0l&rsquo;euthanasie passive\u00a0\u00bb. Si le patient est inconscient, ce droit est \u00e9tendu aux membres de la famille.  <\/p>\n\n\n\n<p id=\"h-accade-in-messico-dove-la-camera-dei-deputati-ha-ospitato-da-luned-20-a-venerd-24-giugno-la-semana-nacional-de-la-eutanasia-una-serie-di-conferenze-e-dibattiti-fra-legislatori-accademici-ed-esperti-a-vario-titolo-finalizzati-esplicitamente-ad-aprire-la-strada-a-una-legislazione-che-disciplini-il-suicidio-assistito-per-i-malati-terminali\">Comme pour l&rsquo;<a href=\"https:\/\/ifamnews.com\/fr\/un-autre-tat-mexicain-l-galise-l-avortement\" target=\"_blank\" rel=\"noreferrer noopener\">avortement<\/a> et le <a href=\"https:\/\/ifamnews.com\/it\/-matrimonio-gay-di-massa-per-100-coppie-messicane\" target=\"_blank\" rel=\"noreferrer noopener\">\u00ab\u00a0mariage\u00a0\u00bb homosexuel<\/a>, les \u00c9tats se g\u00e8rent de mani\u00e8re diff\u00e9rente et ind\u00e9pendante. Il n&rsquo;est pas non plus interdit de se d\u00e9placer d&rsquo;une partie de l&rsquo;Union \u00e0 l&rsquo;autre pour se faire avorter, se \u00ab\u00a0marier\u00a0\u00bb ou mourir.<\/p>\n\n\n\n<p id=\"h-accade-in-messico-dove-la-camera-dei-deputati-ha-ospitato-da-luned-20-a-venerd-24-giugno-la-semana-nacional-de-la-eutanasia-una-serie-di-conferenze-e-dibattiti-fra-legislatori-accademici-ed-esperti-a-vario-titolo-finalizzati-esplicitamente-ad-aprire-la-strada-a-una-legislazione-che-disciplini-il-suicidio-assistito-per-i-malati-terminali\">La comparaison avec l&rsquo;avortement appara\u00eet dans les propos de Reyes Carmona : \u00a0\u00bb L&rsquo; euthanasie n&rsquo;est pas l\u00e9gale, tout comme l&rsquo;avortement. L&rsquo;avortement est interdit dans notre pays et pourtant il continue \u00e0 \u00eatre pratiqu\u00e9. Je pense que m\u00eame si l&rsquo;euthanasie n&rsquo;est pas r\u00e9glement\u00e9e dans ce pays, la pratique se poursuit\u00a0\u00bb, a-t-il d\u00e9clar\u00e9, ajoutant qu&rsquo;elle devrait \u00eatre \u00ab\u00a0une option pour toute personne en phase terminale qui souhaite mourir dans la dignit\u00e9.\u00a0\u00bb<\/p>\n\n\n\n<p id=\"h-accade-in-messico-dove-la-camera-dei-deputati-ha-ospitato-da-luned-20-a-venerd-24-giugno-la-semana-nacional-de-la-eutanasia-una-serie-di-conferenze-e-dibattiti-fra-legislatori-accademici-ed-esperti-a-vario-titolo-finalizzati-esplicitamente-ad-aprire-la-strada-a-una-legislazione-che-disciplini-il-suicidio-assistito-per-i-malati-terminali\">Paulina Rivero Weber, chercheuse \u00e0 la facult\u00e9 de m\u00e9decine de l&rsquo;Universit\u00e9 Nationale Autonome (UNAM), a pr\u00e9sent\u00e9 la l\u00e9gislation sur la fin de vie comme \u00ab\u00a0une question d&rsquo;\u00e9quit\u00e9\u00a0\u00bb. Puisque les citoyens mexicains les plus riches peuvent toujours avoir acc\u00e8s \u00e0 l&rsquo;euthanasie en d\u00e9m\u00e9nageant ailleurs ou \u00ab\u00a0[&#8230;] en concluant un accord avec un ami m\u00e9decin pour que la proc\u00e9dure soit effectu\u00e9e dans un h\u00f4pital priv\u00e9 sans probl\u00e8me\u00a0\u00bb, ce serait une raison suffisante pour forcer la conscience de la population mexicaine, largement oppos\u00e9e, et \u00e9tendre le \u00ab\u00a0droit\u00a0\u00bb de mourir \u00e0 tout le monde et \u00e0 tout le pays.<\/p>\n","protected":false},"excerpt":{"rendered":"<p>Certains d\u00e9put\u00e9s de Morena font la promotion de la \u00ab\u00a0mort m\u00e9dicalement assist\u00e9e\u00a0\u00bb dans tout le pays.<\/p>\n","protected":false},"author":46,"featured_media":151056,"comment_status":"open","ping_status":"open","sticky":false,"template":"","format":"standard","meta":{"give_campaign_id":0,"om_disable_all_campaigns":false,"_monsterinsights_skip_tracking":false,"_monsterinsights_sitenote_active":false,"_monsterinsights_sitenote_note":"","_monsterinsights_sitenote_category":0,"mc4wp_mailchimp_campaign":[],"jnews-multi-image_gallery":[],"jnews_single_post":{"subtitle":"Certains d\u00e9put\u00e9s de Morena font la promotion de la \"mort m\u00e9dicalement assist\u00e9e\" dans tout le pays.","format":"standard","video":"","gallery":"","source_name":"","source_url":"","via_name":"","via_url":"","override":[{"template":"1","single_blog_custom":"","parallax":"1","fullscreen":"1","layout":"right-sidebar","sidebar":"default-sidebar","second_sidebar":"default-sidebar","sticky_sidebar":"1","share_position":"top","share_float_style":"share-monocrhome","show_share_counter":"1","show_view_counter":"1","show_featured":"1","show_post_meta":"1","show_post_author":"1","show_post_author_image":"1","show_post_date":"1","post_date_format":"default","post_date_format_custom":"Y\/m\/d","show_post_category":"1","post_reading_time_wpm":"300","zoom_button_out_step":"2","zoom_button_in_step":"3","show_post_tag":"1","show_prev_next_post":"1","show_popup_post":"1","number_popup_post":"1"}],"image_override":[{"single_post_thumbnail_size":"crop-500","single_post_gallery_size":"crop-500"}],"trending_post_position":"meta","trending_post_label":"Trending","sponsored_post_label":"Sponsored by","sponsored_post_name":"","sponsored_post_url":"","sponsored_post_logo":"","sponsored_post_desc":""},"jnews_primary_category":{"id":"819"},"jnews_social_meta":{"fb_title":"","fb_description":"","fb_image":"","twitter_title":"","twitter_description":"","twitter_image":""},"jnews_override_counter":{"view_counter_number":"0","share_counter_number":"0","like_counter_number":"0","dislike_counter_number":"0"},"footnotes":""},"categories":[809,819],"tags":[886,9492,2893,19550,15862],"class_list":["post-152251","post","type-post","status-publish","format-standard","has-post-thumbnail","hentry","category-foreground-fr","category-vie","tag-avortement","tag-culture-de-mort","tag-euthanasie-3","tag-euthanasie-passive","tag-suicide-assiste-fr-3"],"yoast_head":"<!-- This site is optimized with the Yoast SEO Premium plugin v25.9 (Yoast SEO v27.3) - https:\/\/yoast.com\/product\/yoast-seo-premium-wordpress\/ -->\n<title>Mexique : d&#039;abord l&#039;avortement et le &quot;mariage&quot; gay, maintenant l&#039;euthanasie - &quot;iFamNews&quot;<\/title>\n<meta name=\"description\" content=\"Certains d\u00e9put\u00e9s de Morena font la promotion de la &quot;mort m\u00e9dicalement assist\u00e9e&quot; dans tout le pays.\" \/>\n<meta name=\"robots\" content=\"index, follow, max-snippet:-1, max-image-preview:large, max-video-preview:-1\" \/>\n<link rel=\"canonical\" href=\"https:\/\/ifamnews.com\/fr\/mexique-d-abord-l-avortement-et-le-mariage-gay-maintenant-l-euthanasie\" \/>\n<meta property=\"og:locale\" content=\"fr_FR\" \/>\n<meta property=\"og:type\" content=\"article\" \/>\n<meta property=\"og:title\" content=\"Mexique : d&#039;abord l&#039;avortement et le &quot;mariage&quot; gay, maintenant l&#039;euthanasie\" \/>\n<meta property=\"og:description\" content=\"Certains d\u00e9put\u00e9s de Morena font la promotion de la &quot;mort m\u00e9dicalement assist\u00e9e&quot; dans tout le pays.\" \/>\n<meta property=\"og:url\" content=\"https:\/\/ifamnews.com\/fr\/mexique-d-abord-l-avortement-et-le-mariage-gay-maintenant-l-euthanasie\" \/>\n<meta property=\"og:site_name\" content=\"IFN\" \/>\n<meta property=\"article:publisher\" content=\"https:\/\/www.facebook.com\/iFamNews\" \/>\n<meta property=\"article:author\" content=\"https:\/\/www.facebook.com\/iFamNews\/\" \/>\n<meta property=\"article:published_time\" content=\"2022-07-10T05:26:32+00:00\" \/>\n<meta property=\"article:modified_time\" content=\"2022-07-10T05:26:34+00:00\" \/>\n<meta property=\"og:image\" content=\"https:\/\/ifamnews.com\/wp-content\/uploads\/2022\/07\/Cattura.png\" \/>\n\t<meta property=\"og:image:width\" content=\"1059\" \/>\n\t<meta property=\"og:image:height\" content=\"511\" \/>\n\t<meta property=\"og:image:type\" content=\"image\/png\" \/>\n<meta name=\"author\" content=\"iFamNews Italia\" \/>\n<meta name=\"twitter:card\" content=\"summary_large_image\" \/>\n<meta name=\"twitter:creator\" content=\"@https:\/\/twitter.com\/iFamNewsIT\" \/>\n<meta name=\"twitter:site\" content=\"@iFamNewsEN\" \/>\n<meta name=\"twitter:label1\" content=\"\u00c9crit par\" \/>\n\t<meta name=\"twitter:data1\" content=\"IFN Italie\" \/>\n\t<meta name=\"twitter:label2\" content=\"Dur\u00e9e de lecture estim\u00e9e\" \/>\n\t<meta name=\"twitter:data2\" content=\"2 minutes\" \/>\n<!-- \/ Yoast SEO Premium plugin. -->","yoast_head_json":{"title":"Mexique : d'abord l'avortement et le \"mariage\" gay, maintenant l'euthanasie - \"iFamNews\"","description":"Certains d\u00e9put\u00e9s de Morena font la promotion de la \"mort m\u00e9dicalement assist\u00e9e\" dans tout le pays.","robots":{"index":"index","follow":"follow","max-snippet":"max-snippet:-1","max-image-preview":"max-image-preview:large","max-video-preview":"max-video-preview:-1"},"canonical":"https:\/\/ifamnews.com\/fr\/mexique-d-abord-l-avortement-et-le-mariage-gay-maintenant-l-euthanasie","og_locale":"fr_FR","og_type":"article","og_title":"Mexique : d'abord l'avortement et le \"mariage\" gay, maintenant l'euthanasie","og_description":"Certains d\u00e9put\u00e9s de Morena font la promotion de la \"mort m\u00e9dicalement assist\u00e9e\" dans tout le pays.","og_url":"https:\/\/ifamnews.com\/fr\/mexique-d-abord-l-avortement-et-le-mariage-gay-maintenant-l-euthanasie","og_site_name":"IFN","article_publisher":"https:\/\/www.facebook.com\/iFamNews","article_author":"https:\/\/www.facebook.com\/iFamNews\/","article_published_time":"2022-07-10T05:26:32+00:00","article_modified_time":"2022-07-10T05:26:34+00:00","og_image":[{"width":1059,"height":511,"url":"https:\/\/ifamnews.com\/wp-content\/uploads\/2022\/07\/Cattura.png","type":"image\/png"}],"author":"iFamNews Italia","twitter_card":"summary_large_image","twitter_creator":"@https:\/\/twitter.com\/iFamNewsIT","twitter_site":"@iFamNewsEN","twitter_misc":{"\u00c9crit par":"IFN Italie","Dur\u00e9e de lecture estim\u00e9e":"2 minutes"},"schema":{"@context":"https:\/\/schema.org","@graph":[{"@type":"NewsArticle","@id":"https:\/\/ifamnews.com\/fr\/mexique-d-abord-l-avortement-et-le-mariage-gay-maintenant-l-euthanasie#article","isPartOf":{"@id":"https:\/\/ifamnews.com\/fr\/mexique-d-abord-l-avortement-et-le-mariage-gay-maintenant-l-euthanasie"},"author":{"name":"iFamNews Italia","@id":"https:\/\/ifamnews.com\/en\/#\/schema\/person\/fafda7d79212f3690f4af10238556aac"},"headline":"Mexique : d&rsquo;abord l&rsquo;avortement et le \u00ab\u00a0mariage\u00a0\u00bb gay, maintenant l&rsquo;euthanasie","datePublished":"2022-07-10T05:26:32+00:00","dateModified":"2022-07-10T05:26:34+00:00","mainEntityOfPage":{"@id":"https:\/\/ifamnews.com\/fr\/mexique-d-abord-l-avortement-et-le-mariage-gay-maintenant-l-euthanasie"},"wordCount":472,"commentCount":0,"publisher":{"@id":"https:\/\/ifamnews.com\/en\/#organization"},"image":{"@id":"https:\/\/ifamnews.com\/fr\/mexique-d-abord-l-avortement-et-le-mariage-gay-maintenant-l-euthanasie#primaryimage"},"thumbnailUrl":"https:\/\/ifamnews.com\/wp-content\/uploads\/2022\/07\/Cattura.png","keywords":["avortement","culture de mort","euthanasie","euthanasie passive","suicide assist\u00e9"],"articleSection":["Foreground","Vie"],"inLanguage":"fr-FR","potentialAction":[{"@type":"CommentAction","name":"Comment","target":["https:\/\/ifamnews.com\/fr\/mexique-d-abord-l-avortement-et-le-mariage-gay-maintenant-l-euthanasie#respond"]}]},{"@type":"WebPage","@id":"https:\/\/ifamnews.com\/fr\/mexique-d-abord-l-avortement-et-le-mariage-gay-maintenant-l-euthanasie","url":"https:\/\/ifamnews.com\/fr\/mexique-d-abord-l-avortement-et-le-mariage-gay-maintenant-l-euthanasie","name":"Mexique : d'abord l'avortement et le \"mariage\" gay, maintenant l'euthanasie - \"iFamNews\"","isPartOf":{"@id":"https:\/\/ifamnews.com\/en\/#website"},"primaryImageOfPage":{"@id":"https:\/\/ifamnews.com\/fr\/mexique-d-abord-l-avortement-et-le-mariage-gay-maintenant-l-euthanasie#primaryimage"},"image":{"@id":"https:\/\/ifamnews.com\/fr\/mexique-d-abord-l-avortement-et-le-mariage-gay-maintenant-l-euthanasie#primaryimage"},"thumbnailUrl":"https:\/\/ifamnews.com\/wp-content\/uploads\/2022\/07\/Cattura.png","datePublished":"2022-07-10T05:26:32+00:00","dateModified":"2022-07-10T05:26:34+00:00","description":"Certains d\u00e9put\u00e9s de Morena font la promotion de la \"mort m\u00e9dicalement assist\u00e9e\" dans tout le pays.","breadcrumb":{"@id":"https:\/\/ifamnews.com\/fr\/mexique-d-abord-l-avortement-et-le-mariage-gay-maintenant-l-euthanasie#breadcrumb"},"inLanguage":"fr-FR","potentialAction":[{"@type":"ReadAction","target":["https:\/\/ifamnews.com\/fr\/mexique-d-abord-l-avortement-et-le-mariage-gay-maintenant-l-euthanasie"]}]},{"@type":"ImageObject","inLanguage":"fr-FR","@id":"https:\/\/ifamnews.com\/fr\/mexique-d-abord-l-avortement-et-le-mariage-gay-maintenant-l-euthanasie#primaryimage","url":"https:\/\/ifamnews.com\/wp-content\/uploads\/2022\/07\/Cattura.png","contentUrl":"https:\/\/ifamnews.com\/wp-content\/uploads\/2022\/07\/Cattura.png","width":1059,"height":511,"caption":"Image tir\u00e9e du site officiel du Canal del Congreso"},{"@type":"BreadcrumbList","@id":"https:\/\/ifamnews.com\/fr\/mexique-d-abord-l-avortement-et-le-mariage-gay-maintenant-l-euthanasie#breadcrumb","itemListElement":[{"@type":"ListItem","position":1,"name":"Home","item":"https:\/\/ifamnews.com\/de"},{"@type":"ListItem","position":2,"name":"Life","item":"https:\/\/ifamnews.com\/en\/category\/life"},{"@type":"ListItem","position":3,"name":"Mexique : d&#8217;abord l&#8217;avortement et le &#8220;mariage&#8221; gay, maintenant l&#8217;euthanasie"}]},{"@type":"WebSite","@id":"https:\/\/ifamnews.com\/en\/#website","url":"https:\/\/ifamnews.com\/en\/","name":"IFN","description":"International Family News Network","publisher":{"@id":"https:\/\/ifamnews.com\/en\/#organization"},"potentialAction":[{"@type":"SearchAction","target":{"@type":"EntryPoint","urlTemplate":"https:\/\/ifamnews.com\/en\/?s={search_term_string}"},"query-input":{"@type":"PropertyValueSpecification","valueRequired":true,"valueName":"search_term_string"}}],"inLanguage":"fr-FR"},{"@type":"Organization","@id":"https:\/\/ifamnews.com\/en\/#organization","name":"iFamNews","url":"https:\/\/ifamnews.com\/en\/","logo":{"@type":"ImageObject","inLanguage":"fr-FR","@id":"https:\/\/ifamnews.com\/en\/#\/schema\/logo\/image\/","url":"https:\/\/ifamnews.com\/wp-content\/uploads\/2020\/01\/Share-logo.png","contentUrl":"https:\/\/ifamnews.com\/wp-content\/uploads\/2020\/01\/Share-logo.png","width":200,"height":200,"caption":"iFamNews"},"image":{"@id":"https:\/\/ifamnews.com\/en\/#\/schema\/logo\/image\/"},"sameAs":["https:\/\/www.facebook.com\/iFamNews","https:\/\/x.com\/iFamNewsEN"]},{"@type":"Person","@id":"https:\/\/ifamnews.com\/en\/#\/schema\/person\/fafda7d79212f3690f4af10238556aac","name":"iFamNews Italia","image":{"@type":"ImageObject","inLanguage":"fr-FR","@id":"https:\/\/secure.gravatar.com\/avatar\/2e50539bc89809bc22a0b2bb9dc3d7f67ffd1e564e5461707f0153146f8c99b5?s=96&d=mm&r=g","url":"https:\/\/secure.gravatar.com\/avatar\/2e50539bc89809bc22a0b2bb9dc3d7f67ffd1e564e5461707f0153146f8c99b5?s=96&d=mm&r=g","contentUrl":"https:\/\/secure.gravatar.com\/avatar\/2e50539bc89809bc22a0b2bb9dc3d7f67ffd1e564e5461707f0153146f8c99b5?s=96&d=mm&r=g","caption":"iFamNews Italia"},"description":"Articles published by the Italian iFamNews editorial team.","sameAs":["https:\/\/ifamnews.com\/it","https:\/\/www.facebook.com\/iFamNews\/","https:\/\/x.com\/https:\/\/twitter.com\/iFamNewsIT","https:\/\/www.youtube.com\/channel\/UCMVyIt4z9BANW3d09kwfUpw"],"url":"https:\/\/ifamnews.com\/fr\/author\/redazioneit"}]}},"amp_enabled":true,"_links":{"self":[{"href":"https:\/\/ifamnews.com\/fr\/wp-json\/wp\/v2\/posts\/152251","targetHints":{"allow":["GET"]}}],"collection":[{"href":"https:\/\/ifamnews.com\/fr\/wp-json\/wp\/v2\/posts"}],"about":[{"href":"https:\/\/ifamnews.com\/fr\/wp-json\/wp\/v2\/types\/post"}],"author":[{"embeddable":true,"href":"https:\/\/ifamnews.com\/fr\/wp-json\/wp\/v2\/users\/46"}],"replies":[{"embeddable":true,"href":"https:\/\/ifamnews.com\/fr\/wp-json\/wp\/v2\/comments?post=152251"}],"version-history":[{"count":4,"href":"https:\/\/ifamnews.com\/fr\/wp-json\/wp\/v2\/posts\/152251\/revisions"}],"predecessor-version":[{"id":152256,"href":"https:\/\/ifamnews.com\/fr\/wp-json\/wp\/v2\/posts\/152251\/revisions\/152256"}],"wp:featuredmedia":[{"embeddable":true,"href":"https:\/\/ifamnews.com\/fr\/wp-json\/wp\/v2\/media\/151056"}],"wp:attachment":[{"href":"https:\/\/ifamnews.com\/fr\/wp-json\/wp\/v2\/media?parent=152251"}],"wp:term":[{"taxonomy":"category","embeddable":true,"href":"https:\/\/ifamnews.com\/fr\/wp-json\/wp\/v2\/categories?post=152251"},{"taxonomy":"post_tag","embeddable":true,"href":"https:\/\/ifamnews.com\/fr\/wp-json\/wp\/v2\/tags?post=152251"}],"curies":[{"name":"wp","href":"https:\/\/api.w.org\/{rel}","templated":true}]}}