{"id":150361,"date":"2022-06-27T01:53:20","date_gmt":"2022-06-27T05:53:20","guid":{"rendered":"https:\/\/ifamnews.com\/?p=150361"},"modified":"2022-06-27T01:53:34","modified_gmt":"2022-06-27T05:53:34","slug":"apr-s-dobbs-il-est-temps-d-agir-pour-soutenir-les-femmes-enceintes-et-leurs-enfants","status":"publish","type":"post","link":"https:\/\/ifamnews.com\/fr\/apr-s-dobbs-il-est-temps-d-agir-pour-soutenir-les-femmes-enceintes-et-leurs-enfants","title":{"rendered":"Apr\u00e8s Dobbs, il est temps d&rsquo;agir pour soutenir les femmes enceintes et leurs enfants"},"content":{"rendered":"\n<p>Avec la r\u00e9cente d\u00e9cision de la Cour supr\u00eame dans l&rsquo;<em>affaire Dobbs v. Jackson Women&rsquo;s Health Organization<\/em>, qui a invalid\u00e9 l&rsquo;avortement comme un droit constitutionnel, la communaut\u00e9 pro-vie a de quoi se r\u00e9jouir. Pendant plus de cinquante ans, la communaut\u00e9 pro-vie, en particulier l&rsquo;\u00c9glise catholique, les protestants \u00e9vang\u00e9liques et les juifs orthodoxes, a lutt\u00e9 sans rel\u00e2che pour la vie de l&rsquo;enfant \u00e0 na\u00eetre dans le ventre de sa m\u00e8re et le 24 juin 2022, tous leurs efforts ont finalement port\u00e9 leurs fruits. Tout comme les dissidents de l&rsquo;ancienne Union sovi\u00e9tique et de l&rsquo;Europe de l&rsquo;Est au d\u00e9but des ann\u00e9es 1980 ne s&rsquo;attendaient pas \u00e0 voir le communisme tomber de leur vivant, les d\u00e9fenseurs de la vie en Am\u00e9rique en 2010 ne s&rsquo;attendaient pas \u00e0 voir l&rsquo;avortement renvers\u00e9 en tant que droit constitutionnel de leur vivant. Pourtant, le communisme est tomb\u00e9 en Europe de l&rsquo;Est en 1989 et en Union sovi\u00e9tique en 1991 et maintenant l&rsquo;avortement en tant que droit f\u00e9d\u00e9ral est tomb\u00e9 en Am\u00e9rique en juin 2022. Tout arrive au moment voulu par Dieu.<\/p>\n\n\n\n<p>Pourtant, apr\u00e8s quelques jours (ou semaines) de c\u00e9l\u00e9bration, les militants pro-vie ont encore du pain sur la planche. Tout d&rsquo;abord, maintenant que la Cour supr\u00eame a confi\u00e9 la question de l&rsquo;avortement aux \u00c9tats individuels, nous devons nous battre pour le droit \u00e0 la vie des enfants \u00e0 na\u00eetre dans les \u00c9tats qui n&rsquo;ont pas de loi interdisant l&rsquo;avortement. Cela demandera beaucoup de travail et d&rsquo;endurance, surtout dans les \u00c9tats lib\u00e9raux du Nord-Est et de l&rsquo;Ouest, mais c&rsquo;est un travail que nous devons faire.<\/p>\n\n\n\n<p>Deuxi\u00e8mement, nous devons cr\u00e9er et d\u00e9velopper, tant au niveau des \u00c9tats qu&rsquo;au niveau national, l&rsquo;infrastructure n\u00e9cessaire pour soutenir les femmes qui vont maintenant porter leur enfant \u00e0 terme, et l&rsquo;enfant qui va maintenant na\u00eetre, \u00e0 la lumi\u00e8re de l&rsquo;arr\u00eat <em>Dobbs<\/em>. Voici quelques-unes des choses que nous devons envisager de faire :<\/p>\n\n\n\n<ol class=\"wp-block-list\" type=\"1\"><li>soutenir et d\u00e9velopper les centres de grossesse pro-vie qui soutiennent une m\u00e8re et son enfant avant et quelque temps apr\u00e8s la naissance de l&rsquo;enfant ;<\/li><li>fournir des aides au revenu suppl\u00e9mentaires aux femmes enceintes, aux m\u00e8res et aux familles qui connaissent des difficult\u00e9s financi\u00e8res ;<\/li><li>offrir des cr\u00e9dits d&rsquo;imp\u00f4t et des d\u00e9ductions importantes pour l&rsquo;argent que les m\u00e8res et les familles consacrent \u00e0 l&rsquo;\u00e9ducation des enfants ;<\/li><li>fournir un soutien financier aux m\u00e8res qui confieront leur enfant \u00e0 l&rsquo;adoption apr\u00e8s la naissance ;<\/li><li>fournir un soutien financier aux familles qui souhaitent adopter un enfant (par exemple, en permettant aux familles de d\u00e9duire les sommes qu&rsquo;elles d\u00e9pensent dans le cadre du processus d&rsquo;adoption) ;<\/li><li>rationaliser les lois sur l&rsquo;adoption afin de rendre le processus d&rsquo;adoption beaucoup plus facile et rapide ;<\/li><li>\u00e9tendre le cr\u00e9dit d&rsquo;imp\u00f4t pour la garde d&rsquo;enfants afin de couvrir tous les enfants, et pas seulement ceux qui utilisent une garderie, car cela p\u00e9nalise les m\u00e8res au foyer ;<\/li><li>\u00e9tendre les services de sant\u00e9 mentale aux femmes enceintes et aux nouvelles mamans<\/li><li>soutenir et promouvoir les cours communautaires, confessionnels et la\u00efques, qui enseignent l&rsquo;art d&rsquo;\u00eatre parent, les techniques de mariage r\u00e9ussies, la paternit\u00e9, etc. et qui s&rsquo;adressent aux hommes et aux femmes, aux p\u00e8res et aux m\u00e8res.<\/li><\/ol>\n\n\n\n<p>Ce ne sont l\u00e0 que quelques-unes des choses que nous devrions examiner ; vous avez peut-\u00eatre d&rsquo;autres id\u00e9es solides. Mais il est de notre devoir solennel d&rsquo;agir si des femmes vont maintenant avoir des enfants qu&rsquo;elles auraient autrement avort\u00e9s.<\/p>\n\n\n\n<p>Donc nous y sommes. M\u00eame si nous devrions c\u00e9l\u00e9brer le renversement de l&rsquo;avortement en tant que droit constitutionnel, nous devons maintenant reconna\u00eetre que nous avons beaucoup de travail devant nous, y compris la lutte pour la vie au niveau de l&rsquo;\u00c9tat et la fourniture des soutiens dont les femmes et les familles ont besoin pour s&rsquo;\u00e9panouir. Nous ne devrions pas douter que nous pouvons faire ces choses parce que, pendant un demi-si\u00e8cle, nous n&rsquo;avons jamais faibli dans la lutte pour la vie et avons remport\u00e9 la victoire \u00e0 la fin. Maintenant, il faut passer \u00e0 l&rsquo;action.<\/p>\n\n\n\n<p><\/p>\n\n\n\n<p><\/p>\n\n\n\n<p>Photo : <a href=\"https:\/\/www.publicdomainpictures.net\/en\/view-image.php?image=26173&amp;picture=mom-and-child-in-autumn\">Public Domain Pictures<\/a><\/p>\n\n\n\n<p><\/p>\n","protected":false},"excerpt":{"rendered":"<p>Avec la r\u00e9cente d\u00e9cision de la Cour supr\u00eame dans l&rsquo;affaire Dobbs v. Jackson Women&rsquo;s Health Organization, qui a invalid\u00e9 l&rsquo;avortement comme un droit constitutionnel, la communaut\u00e9 pro-vie a de quoi se r\u00e9jouir. Pendant plus de cinquante ans, la communaut\u00e9 pro-vie, en particulier l&rsquo;\u00c9glise catholique, les protestants \u00e9vang\u00e9liques et les juifs orthodoxes, a lutt\u00e9 sans rel\u00e2che [&hellip;]<\/p>\n","protected":false},"author":651,"featured_media":150241,"comment_status":"open","ping_status":"open","sticky":false,"template":"","format":"standard","meta":{"give_campaign_id":0,"om_disable_all_campaigns":false,"_monsterinsights_skip_tracking":false,"_monsterinsights_sitenote_active":false,"_monsterinsights_sitenote_note":"","_monsterinsights_sitenote_category":0,"mc4wp_mailchimp_campaign":[],"jnews-multi-image_gallery":[],"jnews_single_post":{"subtitle":"","format":"standard","video":"","gallery":"","source_name":"","source_url":"","via_name":"","via_url":"","override":[{"template":"1","single_blog_custom":"","parallax":"1","fullscreen":"1","layout":"right-sidebar","sidebar":"default-sidebar","second_sidebar":"default-sidebar","sticky_sidebar":"1","share_position":"top","share_float_style":"share-monocrhome","show_share_counter":"1","show_view_counter":"1","show_featured":"1","show_post_meta":"1","show_post_author":"1","show_post_author_image":"1","show_post_date":"1","post_date_format":"default","post_date_format_custom":"Y\/m\/d","show_post_category":"1","post_reading_time_wpm":"300","zoom_button_out_step":"2","zoom_button_in_step":"3","show_post_tag":"1","show_prev_next_post":"1","show_popup_post":"1","number_popup_post":"1"}],"image_override":[{"single_post_thumbnail_size":"crop-500","single_post_gallery_size":"crop-500"}],"trending_post_position":"meta","trending_post_label":"Trending","sponsored_post_label":"Sponsored by","sponsored_post_name":"","sponsored_post_url":"","sponsored_post_logo":"","sponsored_post_desc":""},"jnews_primary_category":{"id":"819"},"jnews_social_meta":{"fb_title":"","fb_description":"","fb_image":"","twitter_title":"","twitter_description":"","twitter_image":""},"jnews_override_counter":{"view_counter_number":"0","share_counter_number":"0","like_counter_number":"0","dislike_counter_number":"0"},"footnotes":""},"categories":[809,819],"tags":[9381,886,17948,10693,9968,3857,9912,7911,6667,15470],"class_list":["post-150361","post","type-post","status-publish","format-standard","has-post-thumbnail","hentry","category-foreground-fr","category-vie","tag-abortion-fr-3","tag-avortement","tag-centre-de-crise-et-de-grossesse","tag-dobbs-c-organisation-de-sante-des-femmes-de-jackson-fr","tag-pro-life-fr-2","tag-pro-vie","tag-right-to-life-fr","tag-roe-v-wade-fr","tag-supreme-court-fr","tag-union-sovietique"],"yoast_head":"<!-- This site is optimized with the Yoast SEO Premium plugin v25.9 (Yoast SEO v27.3) - https:\/\/yoast.com\/product\/yoast-seo-premium-wordpress\/ -->\n<title>Apr\u00e8s Dobbs, il est temps d&#039;agir pour soutenir les femmes enceintes et leurs enfants - IFN<\/title>\n<meta name=\"robots\" content=\"index, follow, max-snippet:-1, max-image-preview:large, max-video-preview:-1\" \/>\n<link rel=\"canonical\" href=\"https:\/\/ifamnews.com\/fr\/apr-s-dobbs-il-est-temps-d-agir-pour-soutenir-les-femmes-enceintes-et-leurs-enfants\" \/>\n<meta property=\"og:locale\" content=\"fr_FR\" \/>\n<meta property=\"og:type\" content=\"article\" \/>\n<meta property=\"og:title\" content=\"Apr\u00e8s Dobbs, il est temps d&#039;agir pour soutenir les femmes enceintes et leurs enfants\" \/>\n<meta property=\"og:description\" content=\"Avec la r\u00e9cente d\u00e9cision de la Cour supr\u00eame dans l&rsquo;affaire Dobbs v. Jackson Women&rsquo;s Health Organization, qui a invalid\u00e9 l&rsquo;avortement comme un droit constitutionnel, la communaut\u00e9 pro-vie a de quoi se r\u00e9jouir. Pendant plus de cinquante ans, la communaut\u00e9 pro-vie, en particulier l&rsquo;\u00c9glise catholique, les protestants \u00e9vang\u00e9liques et les juifs orthodoxes, a lutt\u00e9 sans rel\u00e2che [&hellip;]\" \/>\n<meta property=\"og:url\" content=\"https:\/\/ifamnews.com\/fr\/apr-s-dobbs-il-est-temps-d-agir-pour-soutenir-les-femmes-enceintes-et-leurs-enfants\" \/>\n<meta property=\"og:site_name\" content=\"IFN\" \/>\n<meta property=\"article:publisher\" content=\"https:\/\/www.facebook.com\/iFamNews\" \/>\n<meta property=\"article:published_time\" content=\"2022-06-27T05:53:20+00:00\" \/>\n<meta property=\"article:modified_time\" content=\"2022-06-27T05:53:34+00:00\" \/>\n<meta property=\"og:image\" content=\"https:\/\/ifamnews.com\/wp-content\/uploads\/2022\/06\/mom-and-child-in-autumn.jpg\" \/>\n\t<meta property=\"og:image:width\" content=\"1920\" \/>\n\t<meta property=\"og:image:height\" content=\"1280\" \/>\n\t<meta property=\"og:image:type\" content=\"image\/jpeg\" \/>\n<meta name=\"author\" content=\"Cato\" \/>\n<meta name=\"twitter:card\" content=\"summary_large_image\" \/>\n<meta name=\"twitter:creator\" content=\"@iFamNewsEN\" \/>\n<meta name=\"twitter:site\" content=\"@iFamNewsEN\" \/>\n<meta name=\"twitter:label1\" content=\"\u00c9crit par\" \/>\n\t<meta name=\"twitter:data1\" content=\"Cato\" \/>\n\t<meta name=\"twitter:label2\" content=\"Dur\u00e9e de lecture estim\u00e9e\" \/>\n\t<meta name=\"twitter:data2\" content=\"3 minutes\" \/>\n<!-- \/ Yoast SEO Premium plugin. -->","yoast_head_json":{"title":"Apr\u00e8s Dobbs, il est temps d'agir pour soutenir les femmes enceintes et leurs enfants - IFN","robots":{"index":"index","follow":"follow","max-snippet":"max-snippet:-1","max-image-preview":"max-image-preview:large","max-video-preview":"max-video-preview:-1"},"canonical":"https:\/\/ifamnews.com\/fr\/apr-s-dobbs-il-est-temps-d-agir-pour-soutenir-les-femmes-enceintes-et-leurs-enfants","og_locale":"fr_FR","og_type":"article","og_title":"Apr\u00e8s Dobbs, il est temps d'agir pour soutenir les femmes enceintes et leurs enfants","og_description":"Avec la r\u00e9cente d\u00e9cision de la Cour supr\u00eame dans l&rsquo;affaire Dobbs v. Jackson Women&rsquo;s Health Organization, qui a invalid\u00e9 l&rsquo;avortement comme un droit constitutionnel, la communaut\u00e9 pro-vie a de quoi se r\u00e9jouir. Pendant plus de cinquante ans, la communaut\u00e9 pro-vie, en particulier l&rsquo;\u00c9glise catholique, les protestants \u00e9vang\u00e9liques et les juifs orthodoxes, a lutt\u00e9 sans rel\u00e2che [&hellip;]","og_url":"https:\/\/ifamnews.com\/fr\/apr-s-dobbs-il-est-temps-d-agir-pour-soutenir-les-femmes-enceintes-et-leurs-enfants","og_site_name":"IFN","article_publisher":"https:\/\/www.facebook.com\/iFamNews","article_published_time":"2022-06-27T05:53:20+00:00","article_modified_time":"2022-06-27T05:53:34+00:00","og_image":[{"width":1920,"height":1280,"url":"https:\/\/ifamnews.com\/wp-content\/uploads\/2022\/06\/mom-and-child-in-autumn.jpg","type":"image\/jpeg"}],"author":"Cato","twitter_card":"summary_large_image","twitter_creator":"@iFamNewsEN","twitter_site":"@iFamNewsEN","twitter_misc":{"\u00c9crit par":"Cato","Dur\u00e9e de lecture estim\u00e9e":"3 minutes"},"schema":{"@context":"https:\/\/schema.org","@graph":[{"@type":"NewsArticle","@id":"https:\/\/ifamnews.com\/fr\/apr-s-dobbs-il-est-temps-d-agir-pour-soutenir-les-femmes-enceintes-et-leurs-enfants#article","isPartOf":{"@id":"https:\/\/ifamnews.com\/fr\/apr-s-dobbs-il-est-temps-d-agir-pour-soutenir-les-femmes-enceintes-et-leurs-enfants"},"author":{"name":"Cato","@id":"https:\/\/ifamnews.com\/en\/#\/schema\/person\/d0e56511b7b7caedd2922a59482440ba"},"headline":"Apr\u00e8s Dobbs, il est temps d&rsquo;agir pour soutenir les femmes enceintes et leurs enfants","datePublished":"2022-06-27T05:53:20+00:00","dateModified":"2022-06-27T05:53:34+00:00","mainEntityOfPage":{"@id":"https:\/\/ifamnews.com\/fr\/apr-s-dobbs-il-est-temps-d-agir-pour-soutenir-les-femmes-enceintes-et-leurs-enfants"},"wordCount":750,"commentCount":0,"publisher":{"@id":"https:\/\/ifamnews.com\/en\/#organization"},"image":{"@id":"https:\/\/ifamnews.com\/fr\/apr-s-dobbs-il-est-temps-d-agir-pour-soutenir-les-femmes-enceintes-et-leurs-enfants#primaryimage"},"thumbnailUrl":"https:\/\/ifamnews.com\/wp-content\/uploads\/2022\/06\/mom-and-child-in-autumn.jpg","keywords":["Abortion","avortement","centre de crise et de grossesse","Dobbs c. Organisation de sant\u00e9 des femmes de Jackson","Pro-life","pro-vie","right to life","Roe v. Wade","Supreme Court","Union sovi\u00e9tique"],"articleSection":["Foreground","Vie"],"inLanguage":"fr-FR","potentialAction":[{"@type":"CommentAction","name":"Comment","target":["https:\/\/ifamnews.com\/fr\/apr-s-dobbs-il-est-temps-d-agir-pour-soutenir-les-femmes-enceintes-et-leurs-enfants#respond"]}]},{"@type":"WebPage","@id":"https:\/\/ifamnews.com\/fr\/apr-s-dobbs-il-est-temps-d-agir-pour-soutenir-les-femmes-enceintes-et-leurs-enfants","url":"https:\/\/ifamnews.com\/fr\/apr-s-dobbs-il-est-temps-d-agir-pour-soutenir-les-femmes-enceintes-et-leurs-enfants","name":"Apr\u00e8s Dobbs, il est temps d'agir pour soutenir les femmes enceintes et leurs enfants - IFN","isPartOf":{"@id":"https:\/\/ifamnews.com\/en\/#website"},"primaryImageOfPage":{"@id":"https:\/\/ifamnews.com\/fr\/apr-s-dobbs-il-est-temps-d-agir-pour-soutenir-les-femmes-enceintes-et-leurs-enfants#primaryimage"},"image":{"@id":"https:\/\/ifamnews.com\/fr\/apr-s-dobbs-il-est-temps-d-agir-pour-soutenir-les-femmes-enceintes-et-leurs-enfants#primaryimage"},"thumbnailUrl":"https:\/\/ifamnews.com\/wp-content\/uploads\/2022\/06\/mom-and-child-in-autumn.jpg","datePublished":"2022-06-27T05:53:20+00:00","dateModified":"2022-06-27T05:53:34+00:00","breadcrumb":{"@id":"https:\/\/ifamnews.com\/fr\/apr-s-dobbs-il-est-temps-d-agir-pour-soutenir-les-femmes-enceintes-et-leurs-enfants#breadcrumb"},"inLanguage":"fr-FR","potentialAction":[{"@type":"ReadAction","target":["https:\/\/ifamnews.com\/fr\/apr-s-dobbs-il-est-temps-d-agir-pour-soutenir-les-femmes-enceintes-et-leurs-enfants"]}]},{"@type":"ImageObject","inLanguage":"fr-FR","@id":"https:\/\/ifamnews.com\/fr\/apr-s-dobbs-il-est-temps-d-agir-pour-soutenir-les-femmes-enceintes-et-leurs-enfants#primaryimage","url":"https:\/\/ifamnews.com\/wp-content\/uploads\/2022\/06\/mom-and-child-in-autumn.jpg","contentUrl":"https:\/\/ifamnews.com\/wp-content\/uploads\/2022\/06\/mom-and-child-in-autumn.jpg","width":1920,"height":1280},{"@type":"BreadcrumbList","@id":"https:\/\/ifamnews.com\/fr\/apr-s-dobbs-il-est-temps-d-agir-pour-soutenir-les-femmes-enceintes-et-leurs-enfants#breadcrumb","itemListElement":[{"@type":"ListItem","position":1,"name":"Home","item":"https:\/\/ifamnews.com\/de"},{"@type":"ListItem","position":2,"name":"Life","item":"https:\/\/ifamnews.com\/en\/category\/life"},{"@type":"ListItem","position":3,"name":"Apr\u00e8s Dobbs, il est temps d&#8217;agir pour soutenir les femmes enceintes et leurs enfants"}]},{"@type":"WebSite","@id":"https:\/\/ifamnews.com\/en\/#website","url":"https:\/\/ifamnews.com\/en\/","name":"IFN","description":"International Family News Network","publisher":{"@id":"https:\/\/ifamnews.com\/en\/#organization"},"potentialAction":[{"@type":"SearchAction","target":{"@type":"EntryPoint","urlTemplate":"https:\/\/ifamnews.com\/en\/?s={search_term_string}"},"query-input":{"@type":"PropertyValueSpecification","valueRequired":true,"valueName":"search_term_string"}}],"inLanguage":"fr-FR"},{"@type":"Organization","@id":"https:\/\/ifamnews.com\/en\/#organization","name":"iFamNews","url":"https:\/\/ifamnews.com\/en\/","logo":{"@type":"ImageObject","inLanguage":"fr-FR","@id":"https:\/\/ifamnews.com\/en\/#\/schema\/logo\/image\/","url":"https:\/\/ifamnews.com\/wp-content\/uploads\/2020\/01\/Share-logo.png","contentUrl":"https:\/\/ifamnews.com\/wp-content\/uploads\/2020\/01\/Share-logo.png","width":200,"height":200,"caption":"iFamNews"},"image":{"@id":"https:\/\/ifamnews.com\/en\/#\/schema\/logo\/image\/"},"sameAs":["https:\/\/www.facebook.com\/iFamNews","https:\/\/x.com\/iFamNewsEN"]},{"@type":"Person","@id":"https:\/\/ifamnews.com\/en\/#\/schema\/person\/d0e56511b7b7caedd2922a59482440ba","name":"Cato","image":{"@type":"ImageObject","inLanguage":"fr-FR","@id":"https:\/\/secure.gravatar.com\/avatar\/69b258be912b2a9b1ef3917af1a950d6279239e325672d64c73a2c0dfe012d11?s=96&d=mm&r=g","url":"https:\/\/secure.gravatar.com\/avatar\/69b258be912b2a9b1ef3917af1a950d6279239e325672d64c73a2c0dfe012d11?s=96&d=mm&r=g","contentUrl":"https:\/\/secure.gravatar.com\/avatar\/69b258be912b2a9b1ef3917af1a950d6279239e325672d64c73a2c0dfe012d11?s=96&d=mm&r=g","caption":"Cato"},"description":"Cato is a staunch defender of Western Civilization and the Judeo-Christian worldview. He will end all of his articles: \"And the radical LGBT agenda must be defeated\" as this is the pre-eminent battle of our day.","url":"https:\/\/ifamnews.com\/fr\/author\/rsiedlecki"}]}},"amp_enabled":true,"_links":{"self":[{"href":"https:\/\/ifamnews.com\/fr\/wp-json\/wp\/v2\/posts\/150361","targetHints":{"allow":["GET"]}}],"collection":[{"href":"https:\/\/ifamnews.com\/fr\/wp-json\/wp\/v2\/posts"}],"about":[{"href":"https:\/\/ifamnews.com\/fr\/wp-json\/wp\/v2\/types\/post"}],"author":[{"embeddable":true,"href":"https:\/\/ifamnews.com\/fr\/wp-json\/wp\/v2\/users\/651"}],"replies":[{"embeddable":true,"href":"https:\/\/ifamnews.com\/fr\/wp-json\/wp\/v2\/comments?post=150361"}],"version-history":[{"count":4,"href":"https:\/\/ifamnews.com\/fr\/wp-json\/wp\/v2\/posts\/150361\/revisions"}],"predecessor-version":[{"id":150365,"href":"https:\/\/ifamnews.com\/fr\/wp-json\/wp\/v2\/posts\/150361\/revisions\/150365"}],"wp:featuredmedia":[{"embeddable":true,"href":"https:\/\/ifamnews.com\/fr\/wp-json\/wp\/v2\/media\/150241"}],"wp:attachment":[{"href":"https:\/\/ifamnews.com\/fr\/wp-json\/wp\/v2\/media?parent=150361"}],"wp:term":[{"taxonomy":"category","embeddable":true,"href":"https:\/\/ifamnews.com\/fr\/wp-json\/wp\/v2\/categories?post=150361"},{"taxonomy":"post_tag","embeddable":true,"href":"https:\/\/ifamnews.com\/fr\/wp-json\/wp\/v2\/tags?post=150361"}],"curies":[{"name":"wp","href":"https:\/\/api.w.org\/{rel}","templated":true}]}}