{"id":146457,"date":"2022-06-03T02:41:22","date_gmt":"2022-06-03T06:41:22","guid":{"rendered":"https:\/\/ifamnews.com\/?p=146457"},"modified":"2022-06-03T02:41:23","modified_gmt":"2022-06-03T06:41:23","slug":"soyons-r-alistes-les-d-fenseurs-de-l-avortement-veulent-limiter-les-populations-noires-et-brunes","status":"publish","type":"post","link":"https:\/\/ifamnews.com\/fr\/soyons-r-alistes-les-d-fenseurs-de-l-avortement-veulent-limiter-les-populations-noires-et-brunes","title":{"rendered":"Soyons r\u00e9alistes : les d\u00e9fenseurs de l&rsquo;avortement veulent limiter les populations noires et brunes"},"content":{"rendered":"\n<p>Depuis la fuite du projet d&rsquo;avis de la Cour supr\u00eame qui annulerait l&rsquo;arr\u00eat <em>Roe v. Wade<\/em>, de nombreux commentateurs de gauche ont d\u00e9clar\u00e9 que la limitation du droit \u00e0 l&rsquo;avortement \u00ab\u00a0porterait un pr\u00e9judice disproportionn\u00e9 aux femmes de couleur\u00a0\u00bb. Par exemple, dans un <a href=\"https:\/\/www.pbs.org\/newshour\/nation\/black-and-hispanic-people-have-the-most-to-lose-if-roe-is-overturned\">article<\/a> du 4 mai 2022 intitul\u00e9 \u00ab\u00a0Les Noirs et les Hispaniques ont le plus \u00e0 perdre si Roe est annul\u00e9\u00a0\u00bb, paru dans le journal gauchiste PBS, l&rsquo;auteur d\u00e9clare :<\/p>\n\n\n\n<blockquote class=\"wp-block-quote is-layout-flow wp-block-quote-is-layout-flow\"><p>\u00ab\u00a0Si la Cour supr\u00eame des \u00c9tats-Unis autorise les \u00c9tats \u00e0 restreindre davantage, voire \u00e0 interdire, les avortements, ce sont les minorit\u00e9s qui en feront les frais, selon des statistiques analys\u00e9es par l&rsquo;Associated Press. Les restrictions \u00e0 l&rsquo;avortement sont racistes\u00a0\u00bb, a d\u00e9clar\u00e9 Cathy Torres, responsable de l&rsquo;organisation du Frontera Fund, une organisation texane qui aide \u00e0 payer les avortements. Elles ont un impact direct sur les personnes de couleur, les Noirs, les indig\u00e8nes&#8230; les personnes qui essaient de joindre les deux bouts.\u00a0\u00bb<\/p><\/blockquote>\n\n\n\n<p>De m\u00eame, dans un <a href=\"https:\/\/abcnews.go.com\/Health\/abortion-restrictions-disproportionately-impact-people-color\/story?id=84467809\">article<\/a> paru le 5 mai 2022 dans ABC News (propri\u00e9t\u00e9 de la soci\u00e9t\u00e9 gauchiste Disney, soit dit en passant), l&rsquo;auteur \u00e9crit :<\/p>\n\n\n\n<blockquote class=\"wp-block-quote is-layout-flow wp-block-quote-is-layout-flow\"><p>\u00ab\u00a0Les personnes de couleur subiront le plus gros de l&rsquo;impact si Roe v. Wade est annul\u00e9 par la Cour supr\u00eame, pr\u00e9viennent les d\u00e9fenseurs du droit \u00e0 l&rsquo;avortement&#8230; &lsquo;Ce combat pour l&rsquo;acc\u00e8s \u00e0 l&rsquo;avortement que nous menons actuellement est un combat contre la supr\u00e9matie blanche dans ce pays&rsquo;, a d\u00e9clar\u00e9 Monica Raye Simpson, directrice ex\u00e9cutive du groupe de justice reproductive SisterSong, bas\u00e9 dans le Sud.\u00a0\u00bb<\/p><\/blockquote>\n\n\n\n<p>Toute cette hyst\u00e9rie venant de la gauche est extr\u00eamement ironique <em>car les avortements tuent de mani\u00e8re disproportionn\u00e9e les b\u00e9b\u00e9s noirs et bruns<\/em>. Selon les <a href=\"https:\/\/www.cdc.gov\/mmwr\/volumes\/70\/ss\/ss7009a1.htm#T6_down\">statistiques<\/a> des Centers for Disease control, <em>67% des avortements mettent fin \u00e0 la vie de b\u00e9b\u00e9s issus de minorit\u00e9s<\/em>. En effet, le taux d&rsquo;avortement des femmes noires est 3,6 fois plus \u00e9lev\u00e9, et celui des femmes hispaniques 1,8 fois plus \u00e9lev\u00e9, que celui des femmes blanches. En effet, l&rsquo;avortement <a href=\"https:\/\/www.protectingblacklife.org\/facts-about-abortion\/\">tue<\/a> plus de Noirs chaque ann\u00e9e que le cancer, les crimes violents, les maladies cardiaques, le sida et les accidents combin\u00e9s. Au vu de ces statistiques, il ne faut pas s&rsquo;\u00e9tonner que pr\u00e8s de 80 % des cliniques d&rsquo;avortement soient <a href=\"https:\/\/www.protectingblacklife.org\/pp_targets\/index.html\">situ\u00e9es<\/a> dans des communaut\u00e9s minoritaires ou \u00e0 distance de marche de celles-ci.<\/p>\n\n\n\n<p>Ce meurtre disproportionn\u00e9 de b\u00e9b\u00e9s issus de minorit\u00e9s est exactement ce que veulent les partisans de l&rsquo;avortement. Comme l&rsquo;<a href=\"https:\/\/www.frc.org\/op-eds\/margaret-sanger-racist-eugenicist-extraordinaire\">a d\u00e9clar\u00e9<\/a> Margaret Sanger, la fondatrice de Planned Parenthood : \u00ab\u00a0Nous ne voulons pas que l&rsquo;on dise que nous voulons exterminer la population noire&#8230;.\u00a0\u00bb<\/p>\n\n\n\n<p>Donc oui, si le jugement <em>Roe v. Wade<\/em> est annul\u00e9, les communaut\u00e9s minoritaires seront affect\u00e9es de mani\u00e8re disproportionn\u00e9e &#8211; mais de mani\u00e8re positive, en tuant moins de b\u00e9b\u00e9s issus de minorit\u00e9s. C\u00e9l\u00e9brons donc le moment o\u00f9 la Cour supr\u00eame annulera enfin cette d\u00e9cision, et faisons tout ce qui est en notre pouvoir pour soutenir les m\u00e8res et les familles qui mettront davantage de vie au monde.<\/p>\n","protected":false},"excerpt":{"rendered":"<p>Depuis la fuite du projet d&rsquo;avis de la Cour supr\u00eame qui annulerait l&rsquo;arr\u00eat Roe v. Wade, de nombreux commentateurs de gauche ont d\u00e9clar\u00e9 que la limitation du droit \u00e0 l&rsquo;avortement \u00ab\u00a0porterait un pr\u00e9judice disproportionn\u00e9 aux femmes de couleur\u00a0\u00bb. Par exemple, dans un article du 4 mai 2022 intitul\u00e9 \u00ab\u00a0Les Noirs et les Hispaniques ont le [&hellip;]<\/p>\n","protected":false},"author":651,"featured_media":145338,"comment_status":"open","ping_status":"open","sticky":false,"template":"","format":"standard","meta":{"give_campaign_id":0,"om_disable_all_campaigns":false,"_monsterinsights_skip_tracking":false,"_monsterinsights_sitenote_active":false,"_monsterinsights_sitenote_note":"","_monsterinsights_sitenote_category":0,"mc4wp_mailchimp_campaign":[],"jnews-multi-image_gallery":[],"jnews_single_post":{"subtitle":"","format":"standard","video":"","gallery":"","source_name":"","source_url":"","via_name":"","via_url":"","override":[{"template":"1","single_blog_custom":"","parallax":"1","fullscreen":"1","layout":"right-sidebar","sidebar":"default-sidebar","second_sidebar":"default-sidebar","sticky_sidebar":"1","share_position":"top","share_float_style":"share-monocrhome","show_share_counter":"1","show_view_counter":"1","show_featured":"1","show_post_meta":"1","show_post_author":"1","show_post_author_image":"1","show_post_date":"1","post_date_format":"default","post_date_format_custom":"Y\/m\/d","show_post_category":"1","post_reading_time_wpm":"300","zoom_button_out_step":"2","zoom_button_in_step":"3","show_post_tag":"1","show_prev_next_post":"1","show_popup_post":"1","number_popup_post":"1"}],"image_override":[{"single_post_thumbnail_size":"crop-500","single_post_gallery_size":"crop-500"}],"trending_post_position":"meta","trending_post_label":"Trending","sponsored_post_label":"Sponsored by","sponsored_post_name":"","sponsored_post_url":"","sponsored_post_logo":"","sponsored_post_desc":""},"jnews_primary_category":{"id":"819"},"jnews_social_meta":{"fb_title":"","fb_description":"","fb_image":"","twitter_title":"","twitter_description":"","twitter_image":""},"jnews_override_counter":{"view_counter_number":"0","share_counter_number":"0","like_counter_number":"0","dislike_counter_number":"0"},"footnotes":""},"categories":[809,819],"tags":[16128,9381,886,10058,19130,19131],"class_list":["post-146457","post","type-post","status-publish","format-standard","has-post-thumbnail","hentry","category-foreground-fr","category-vie","tag-abc-fr","tag-abortion-fr-3","tag-avortement","tag-margaret-sanger-fr","tag-minorites","tag-pbs-fr"],"yoast_head":"<!-- This site is optimized with the Yoast SEO Premium plugin v25.9 (Yoast SEO v27.3) - https:\/\/yoast.com\/product\/yoast-seo-premium-wordpress\/ -->\n<title>Soyons r\u00e9alistes : les d\u00e9fenseurs de l&#039;avortement veulent limiter les populations noires et brunes - IFN<\/title>\n<meta name=\"robots\" content=\"index, follow, max-snippet:-1, max-image-preview:large, max-video-preview:-1\" \/>\n<link rel=\"canonical\" href=\"https:\/\/ifamnews.com\/fr\/soyons-r-alistes-les-d-fenseurs-de-l-avortement-veulent-limiter-les-populations-noires-et-brunes\" \/>\n<meta property=\"og:locale\" content=\"fr_FR\" \/>\n<meta property=\"og:type\" content=\"article\" \/>\n<meta property=\"og:title\" content=\"Soyons r\u00e9alistes : les d\u00e9fenseurs de l&#039;avortement veulent limiter les populations noires et brunes\" \/>\n<meta property=\"og:description\" content=\"Depuis la fuite du projet d&rsquo;avis de la Cour supr\u00eame qui annulerait l&rsquo;arr\u00eat Roe v. Wade, de nombreux commentateurs de gauche ont d\u00e9clar\u00e9 que la limitation du droit \u00e0 l&rsquo;avortement \u00ab\u00a0porterait un pr\u00e9judice disproportionn\u00e9 aux femmes de couleur\u00a0\u00bb. Par exemple, dans un article du 4 mai 2022 intitul\u00e9 \u00ab\u00a0Les Noirs et les Hispaniques ont le [&hellip;]\" \/>\n<meta property=\"og:url\" content=\"https:\/\/ifamnews.com\/fr\/soyons-r-alistes-les-d-fenseurs-de-l-avortement-veulent-limiter-les-populations-noires-et-brunes\" \/>\n<meta property=\"og:site_name\" content=\"IFN\" \/>\n<meta property=\"article:publisher\" content=\"https:\/\/www.facebook.com\/iFamNews\" \/>\n<meta property=\"article:published_time\" content=\"2022-06-03T06:41:22+00:00\" \/>\n<meta property=\"article:modified_time\" content=\"2022-06-03T06:41:23+00:00\" \/>\n<meta property=\"og:image\" content=\"https:\/\/ifamnews.com\/wp-content\/uploads\/2022\/05\/HS-1.jpg\" \/>\n\t<meta property=\"og:image:width\" content=\"1200\" \/>\n\t<meta property=\"og:image:height\" content=\"682\" \/>\n\t<meta property=\"og:image:type\" content=\"image\/jpeg\" \/>\n<meta name=\"author\" content=\"Cato\" \/>\n<meta name=\"twitter:card\" content=\"summary_large_image\" \/>\n<meta name=\"twitter:creator\" content=\"@iFamNewsEN\" \/>\n<meta name=\"twitter:site\" content=\"@iFamNewsEN\" \/>\n<meta name=\"twitter:label1\" content=\"\u00c9crit par\" \/>\n\t<meta name=\"twitter:data1\" content=\"Cato\" \/>\n\t<meta name=\"twitter:label2\" content=\"Dur\u00e9e de lecture estim\u00e9e\" \/>\n\t<meta name=\"twitter:data2\" content=\"3 minutes\" \/>\n<!-- \/ Yoast SEO Premium plugin. -->","yoast_head_json":{"title":"Soyons r\u00e9alistes : les d\u00e9fenseurs de l'avortement veulent limiter les populations noires et brunes - IFN","robots":{"index":"index","follow":"follow","max-snippet":"max-snippet:-1","max-image-preview":"max-image-preview:large","max-video-preview":"max-video-preview:-1"},"canonical":"https:\/\/ifamnews.com\/fr\/soyons-r-alistes-les-d-fenseurs-de-l-avortement-veulent-limiter-les-populations-noires-et-brunes","og_locale":"fr_FR","og_type":"article","og_title":"Soyons r\u00e9alistes : les d\u00e9fenseurs de l'avortement veulent limiter les populations noires et brunes","og_description":"Depuis la fuite du projet d&rsquo;avis de la Cour supr\u00eame qui annulerait l&rsquo;arr\u00eat Roe v. Wade, de nombreux commentateurs de gauche ont d\u00e9clar\u00e9 que la limitation du droit \u00e0 l&rsquo;avortement \u00ab\u00a0porterait un pr\u00e9judice disproportionn\u00e9 aux femmes de couleur\u00a0\u00bb. Par exemple, dans un article du 4 mai 2022 intitul\u00e9 \u00ab\u00a0Les Noirs et les Hispaniques ont le [&hellip;]","og_url":"https:\/\/ifamnews.com\/fr\/soyons-r-alistes-les-d-fenseurs-de-l-avortement-veulent-limiter-les-populations-noires-et-brunes","og_site_name":"IFN","article_publisher":"https:\/\/www.facebook.com\/iFamNews","article_published_time":"2022-06-03T06:41:22+00:00","article_modified_time":"2022-06-03T06:41:23+00:00","og_image":[{"width":1200,"height":682,"url":"https:\/\/ifamnews.com\/wp-content\/uploads\/2022\/05\/HS-1.jpg","type":"image\/jpeg"}],"author":"Cato","twitter_card":"summary_large_image","twitter_creator":"@iFamNewsEN","twitter_site":"@iFamNewsEN","twitter_misc":{"\u00c9crit par":"Cato","Dur\u00e9e de lecture estim\u00e9e":"3 minutes"},"schema":{"@context":"https:\/\/schema.org","@graph":[{"@type":"NewsArticle","@id":"https:\/\/ifamnews.com\/fr\/soyons-r-alistes-les-d-fenseurs-de-l-avortement-veulent-limiter-les-populations-noires-et-brunes#article","isPartOf":{"@id":"https:\/\/ifamnews.com\/fr\/soyons-r-alistes-les-d-fenseurs-de-l-avortement-veulent-limiter-les-populations-noires-et-brunes"},"author":{"name":"Cato","@id":"https:\/\/ifamnews.com\/en\/#\/schema\/person\/d0e56511b7b7caedd2922a59482440ba"},"headline":"Soyons r\u00e9alistes : les d\u00e9fenseurs de l&rsquo;avortement veulent limiter les populations noires et brunes","datePublished":"2022-06-03T06:41:22+00:00","dateModified":"2022-06-03T06:41:23+00:00","mainEntityOfPage":{"@id":"https:\/\/ifamnews.com\/fr\/soyons-r-alistes-les-d-fenseurs-de-l-avortement-veulent-limiter-les-populations-noires-et-brunes"},"wordCount":539,"commentCount":0,"publisher":{"@id":"https:\/\/ifamnews.com\/en\/#organization"},"image":{"@id":"https:\/\/ifamnews.com\/fr\/soyons-r-alistes-les-d-fenseurs-de-l-avortement-veulent-limiter-les-populations-noires-et-brunes#primaryimage"},"thumbnailUrl":"https:\/\/ifamnews.com\/wp-content\/uploads\/2022\/05\/HS-1.jpg","keywords":["ABC","Abortion","avortement","Margaret Sanger","minorit\u00e9s","PBS"],"articleSection":["Foreground","Vie"],"inLanguage":"fr-FR","potentialAction":[{"@type":"CommentAction","name":"Comment","target":["https:\/\/ifamnews.com\/fr\/soyons-r-alistes-les-d-fenseurs-de-l-avortement-veulent-limiter-les-populations-noires-et-brunes#respond"]}]},{"@type":"WebPage","@id":"https:\/\/ifamnews.com\/fr\/soyons-r-alistes-les-d-fenseurs-de-l-avortement-veulent-limiter-les-populations-noires-et-brunes","url":"https:\/\/ifamnews.com\/fr\/soyons-r-alistes-les-d-fenseurs-de-l-avortement-veulent-limiter-les-populations-noires-et-brunes","name":"Soyons r\u00e9alistes : les d\u00e9fenseurs de l'avortement veulent limiter les populations noires et brunes - IFN","isPartOf":{"@id":"https:\/\/ifamnews.com\/en\/#website"},"primaryImageOfPage":{"@id":"https:\/\/ifamnews.com\/fr\/soyons-r-alistes-les-d-fenseurs-de-l-avortement-veulent-limiter-les-populations-noires-et-brunes#primaryimage"},"image":{"@id":"https:\/\/ifamnews.com\/fr\/soyons-r-alistes-les-d-fenseurs-de-l-avortement-veulent-limiter-les-populations-noires-et-brunes#primaryimage"},"thumbnailUrl":"https:\/\/ifamnews.com\/wp-content\/uploads\/2022\/05\/HS-1.jpg","datePublished":"2022-06-03T06:41:22+00:00","dateModified":"2022-06-03T06:41:23+00:00","breadcrumb":{"@id":"https:\/\/ifamnews.com\/fr\/soyons-r-alistes-les-d-fenseurs-de-l-avortement-veulent-limiter-les-populations-noires-et-brunes#breadcrumb"},"inLanguage":"fr-FR","potentialAction":[{"@type":"ReadAction","target":["https:\/\/ifamnews.com\/fr\/soyons-r-alistes-les-d-fenseurs-de-l-avortement-veulent-limiter-les-populations-noires-et-brunes"]}]},{"@type":"ImageObject","inLanguage":"fr-FR","@id":"https:\/\/ifamnews.com\/fr\/soyons-r-alistes-les-d-fenseurs-de-l-avortement-veulent-limiter-les-populations-noires-et-brunes#primaryimage","url":"https:\/\/ifamnews.com\/wp-content\/uploads\/2022\/05\/HS-1.jpg","contentUrl":"https:\/\/ifamnews.com\/wp-content\/uploads\/2022\/05\/HS-1.jpg","width":1200,"height":682},{"@type":"BreadcrumbList","@id":"https:\/\/ifamnews.com\/fr\/soyons-r-alistes-les-d-fenseurs-de-l-avortement-veulent-limiter-les-populations-noires-et-brunes#breadcrumb","itemListElement":[{"@type":"ListItem","position":1,"name":"Home","item":"https:\/\/ifamnews.com\/de"},{"@type":"ListItem","position":2,"name":"Life","item":"https:\/\/ifamnews.com\/en\/category\/life"},{"@type":"ListItem","position":3,"name":"Soyons r\u00e9alistes : les d\u00e9fenseurs de l&#8217;avortement veulent limiter les populations noires et brunes"}]},{"@type":"WebSite","@id":"https:\/\/ifamnews.com\/en\/#website","url":"https:\/\/ifamnews.com\/en\/","name":"IFN","description":"International Family News Network","publisher":{"@id":"https:\/\/ifamnews.com\/en\/#organization"},"potentialAction":[{"@type":"SearchAction","target":{"@type":"EntryPoint","urlTemplate":"https:\/\/ifamnews.com\/en\/?s={search_term_string}"},"query-input":{"@type":"PropertyValueSpecification","valueRequired":true,"valueName":"search_term_string"}}],"inLanguage":"fr-FR"},{"@type":"Organization","@id":"https:\/\/ifamnews.com\/en\/#organization","name":"iFamNews","url":"https:\/\/ifamnews.com\/en\/","logo":{"@type":"ImageObject","inLanguage":"fr-FR","@id":"https:\/\/ifamnews.com\/en\/#\/schema\/logo\/image\/","url":"https:\/\/ifamnews.com\/wp-content\/uploads\/2020\/01\/Share-logo.png","contentUrl":"https:\/\/ifamnews.com\/wp-content\/uploads\/2020\/01\/Share-logo.png","width":200,"height":200,"caption":"iFamNews"},"image":{"@id":"https:\/\/ifamnews.com\/en\/#\/schema\/logo\/image\/"},"sameAs":["https:\/\/www.facebook.com\/iFamNews","https:\/\/x.com\/iFamNewsEN"]},{"@type":"Person","@id":"https:\/\/ifamnews.com\/en\/#\/schema\/person\/d0e56511b7b7caedd2922a59482440ba","name":"Cato","image":{"@type":"ImageObject","inLanguage":"fr-FR","@id":"https:\/\/secure.gravatar.com\/avatar\/69b258be912b2a9b1ef3917af1a950d6279239e325672d64c73a2c0dfe012d11?s=96&d=mm&r=g","url":"https:\/\/secure.gravatar.com\/avatar\/69b258be912b2a9b1ef3917af1a950d6279239e325672d64c73a2c0dfe012d11?s=96&d=mm&r=g","contentUrl":"https:\/\/secure.gravatar.com\/avatar\/69b258be912b2a9b1ef3917af1a950d6279239e325672d64c73a2c0dfe012d11?s=96&d=mm&r=g","caption":"Cato"},"description":"Cato is a staunch defender of Western Civilization and the Judeo-Christian worldview. He will end all of his articles: \"And the radical LGBT agenda must be defeated\" as this is the pre-eminent battle of our day.","url":"https:\/\/ifamnews.com\/fr\/author\/rsiedlecki"}]}},"amp_enabled":true,"_links":{"self":[{"href":"https:\/\/ifamnews.com\/fr\/wp-json\/wp\/v2\/posts\/146457","targetHints":{"allow":["GET"]}}],"collection":[{"href":"https:\/\/ifamnews.com\/fr\/wp-json\/wp\/v2\/posts"}],"about":[{"href":"https:\/\/ifamnews.com\/fr\/wp-json\/wp\/v2\/types\/post"}],"author":[{"embeddable":true,"href":"https:\/\/ifamnews.com\/fr\/wp-json\/wp\/v2\/users\/651"}],"replies":[{"embeddable":true,"href":"https:\/\/ifamnews.com\/fr\/wp-json\/wp\/v2\/comments?post=146457"}],"version-history":[{"count":5,"href":"https:\/\/ifamnews.com\/fr\/wp-json\/wp\/v2\/posts\/146457\/revisions"}],"predecessor-version":[{"id":146462,"href":"https:\/\/ifamnews.com\/fr\/wp-json\/wp\/v2\/posts\/146457\/revisions\/146462"}],"wp:featuredmedia":[{"embeddable":true,"href":"https:\/\/ifamnews.com\/fr\/wp-json\/wp\/v2\/media\/145338"}],"wp:attachment":[{"href":"https:\/\/ifamnews.com\/fr\/wp-json\/wp\/v2\/media?parent=146457"}],"wp:term":[{"taxonomy":"category","embeddable":true,"href":"https:\/\/ifamnews.com\/fr\/wp-json\/wp\/v2\/categories?post=146457"},{"taxonomy":"post_tag","embeddable":true,"href":"https:\/\/ifamnews.com\/fr\/wp-json\/wp\/v2\/tags?post=146457"}],"curies":[{"name":"wp","href":"https:\/\/api.w.org\/{rel}","templated":true}]}}