{"id":144670,"date":"2022-05-23T00:59:57","date_gmt":"2022-05-23T04:59:57","guid":{"rendered":"https:\/\/ifamnews.com\/?p=144670"},"modified":"2022-05-23T00:59:58","modified_gmt":"2022-05-23T04:59:58","slug":"l-archev-que-cordileone-prive-la-pr-sidente-de-la-chambre-des-repr-sentants-nancy-pelosi-de-la-communion","status":"publish","type":"post","link":"https:\/\/ifamnews.com\/fr\/l-archev-que-cordileone-prive-la-pr-sidente-de-la-chambre-des-repr-sentants-nancy-pelosi-de-la-communion","title":{"rendered":"L&rsquo;archev\u00eaque Cordileone prive la pr\u00e9sidente de la Chambre des repr\u00e9sentants, Nancy Pelosi, de la communion."},"content":{"rendered":"\n<p>La pr\u00e9sidente de la Chambre des repr\u00e9sentants des \u00c9tats-Unis, Nancy Pelosi, qui se pr\u00e9sente comme une \u00ab\u00a0fervente catholique\u00a0\u00bb, est une ardente et enthousiaste partisane de l&rsquo;avortement, en violation flagrante de l&rsquo;enseignement de l&rsquo;\u00c9glise sur cette question. En effet, d\u00e8s le d\u00e9but le christianisme s&rsquo;est oppos\u00e9 \u00e0 l&rsquo;avortement. Dans le plus ancien cat\u00e9chisme (ou enseignement) \u00e9crit du christianisme, <a href=\"https:\/\/www.newadvent.org\/fathers\/0714.htm\">la Didach\u00e9<\/a>, <em>r\u00e9dig\u00e9e au premier si\u00e8cle de notre \u00e8re<\/em><strong>,<\/strong> l&rsquo;auteur anonyme d\u00e9clare :<\/p>\n\n\n\n<p>\u00ab\u00a0Et le deuxi\u00e8me commandement de l&rsquo;enseignement : Tu ne commettras pas de meurtre, tu ne commettras pas d&rsquo;adult\u00e8re, tu ne commettras pas de sodomie, tu ne commettras pas de fornication, tu ne voleras pas, tu ne pratiqueras pas la magie, tu ne pratiqueras pas la sorcellerie,  <strong>tu ne tueras pas un enfant par avortement ni ne tueras ce qui est n\u00e9&#8230;.<\/strong>\u00a0\u00bb (C&rsquo;est nous qui soulignons.)<\/p>\n\n\n\n<p>L&rsquo;\u00e9v\u00eaque de Mme Pelosi, Mgr Salvatore Cordileone, archev\u00eaque de San Francisco, s&rsquo;est entretenu \u00e0 plusieurs reprises avec elle, en personne et par \u00e9crit, pour lui rappeler l&rsquo;enseignement de l&rsquo;\u00c9glise sur l&rsquo;avortement et l&rsquo;exhorter \u00e0 cesser de le soutenir. Si elle ne le faisait pas, il a d\u00e9clar\u00e9 qu&rsquo;il serait contraint de l&#8217;emp\u00eacher de prendre la Sainte Communion, que les catholiques consid\u00e8rent comme le Corps et le Sang du Christ. En 2021, l&rsquo;archev\u00eaque Cordileone a m\u00eame men\u00e9 une campagne <a href=\"https:\/\/benedictinstitute.org\/archbishop-calls-for-prayers-for-nancy-pelosi\/\">\u00ab\u00a0Rose et chapelet pour Nancy\u00a0\u00bb<\/a> dans laquelle il demandait aux catholiques de.. :<\/p>\n\n\n\n<p>\u00ab\u00a0Joignez-vous \u00e0 moi pour prier le chapelet et je\u00fbner pour que le c\u0153ur maternel de la pr\u00e9sidente Pelosi se convertisse et accepte la bont\u00e9 et la dignit\u00e9 de la vie humaine, non seulement apr\u00e8s la naissance, mais aussi dans le ventre de la m\u00e8re.\u00a0\u00bb<\/p>\n\n\n\n<p>Apr\u00e8s le refus de Pelosi de modifier son soutien ind\u00e9fectible \u00e0 l&rsquo;avortement, l&rsquo;archev\u00eaque Cordileone, le 19 mai 2022, <em>l&rsquo;a officiellement exclue de la communion<\/em>.<\/p>\n\n\n\n<p>L&rsquo;archev\u00eaque Cordileoni commence sa <a href=\"https:\/\/www.ncregister.com\/news\/full-text-archbishop-cordileone-s-letter-to-nancy-pelosi-banning-her-from-holy-communion\">lettre<\/a> \u00e0 Pelosi lui notifiant l&rsquo;interdiction en r\u00e9it\u00e9rant l&rsquo;enseignement de l&rsquo;Eglise sur l&rsquo;avortement :<\/p>\n\n\n\n<p>\u00a0\u00bb Le concile Vatican II, dans son d\u00e9cret sur l&rsquo;\u00c9glise dans le monde moderne, <em>Gaudium et spes<\/em>, a r\u00e9it\u00e9r\u00e9 l&rsquo;enseignement ancien et coh\u00e9rent de l&rsquo;\u00c9glise selon lequel \u00a0\u00bb d\u00e8s le premier instant de la conception, la vie doit \u00eatre gard\u00e9e avec le plus grand soin tandis que l&rsquo;avortement et l&rsquo;infanticide sont des crimes inqualifiables \u00a0\u00bb (n. 51). En effet, les chr\u00e9tiens ont toujours d\u00e9fendu la dignit\u00e9 de la vie humaine \u00e0 tous les stades, notamment les plus vuln\u00e9rables, en commen\u00e7ant par la vie dans le ventre de la m\u00e8re. Sa Saintet\u00e9 le pape Fran\u00e7ois, dans la lign\u00e9e de ses pr\u00e9d\u00e9cesseurs, a \u00e9galement \u00e9t\u00e9 tr\u00e8s clair et cat\u00e9gorique dans son enseignement sur la dignit\u00e9 de la vie humaine dans le ventre de la m\u00e8re.\u00a0\u00bb<\/p>\n\n\n\n<p>Cordileoni note ensuite que les catholiques, en particulier les politiciens, ont le devoir d&rsquo;agir conform\u00e9ment \u00e0 cet enseignement :<\/p>\n\n\n\n<p>\u00ab\u00a0Cette v\u00e9rit\u00e9 morale fondamentale [sur l&rsquo;avortement] a des cons\u00e9quences pour les catholiques dans la fa\u00e7on dont ils vivent leur vie, en particulier ceux qui sont charg\u00e9s de promouvoir et de prot\u00e9ger le bien public de la soci\u00e9t\u00e9. Le Pape Jean-Paul II a \u00e9galement \u00e9t\u00e9 tr\u00e8s coh\u00e9rent dans la d\u00e9fense de cet enseignement constant de l&rsquo;\u00c9glise, et nous a souvent rappel\u00e9 que \u00ab\u00a0ceux qui sont directement impliqu\u00e9s dans les organes l\u00e9gislatifs ont un devoir d&rsquo;information\u00a0\u00bb. Il y a une<em>\u00ab\u00a0obligation grave et claire de s&rsquo;opposer\u00a0\u00bb \u00e0<\/em> toute loi qui porte atteinte \u00e0 la vie humaine. Pour eux, comme pour tout catholique, il est impossible de promouvoir de telles lois ou de voter pour eux&#8230;.'\u00a0\u00bb.<\/p>\n\n\n\n<p>Si un politicien catholique soutient l&rsquo;avortement, \u00e9crit Cordileone, la Sainte Communion doit lui \u00eatre refus\u00e9e :<\/p>\n\n\n\n<p>\u00ab\u00a0Un l\u00e9gislateur catholique qui soutient l&rsquo;avortement provoqu\u00e9, apr\u00e8s avoir connu l&rsquo;enseignement de l&rsquo;\u00c9glise, commet un p\u00e9ch\u00e9 manifestement grave qui est une cause de scandale tr\u00e8s s\u00e9rieux pour les autres. Par cons\u00e9quent, le droit universel de l&rsquo;\u00c9glise pr\u00e9voit que de telles personnes &lsquo;ne doivent pas \u00eatre admises \u00e0 la Sainte Communion&rsquo; (Code de droit canonique, can. 915).\u00a0\u00bb<\/p>\n\n\n\n<p>L&rsquo;archev\u00eaque cite ensuite le processus \u00e9tabli par le cardinal Joseph Ratzinger (le futur pape Beno\u00eet XVI), alors pr\u00e9fet de la Congr\u00e9gation pour la doctrine de la foi, sur la mani\u00e8re dont un \u00e9v\u00eaque doit traiter les politiciens catholiques qui soutiennent l&rsquo;avortement :<\/p>\n\n\n\n<p>\u00ab\u00a0&#8230; lorsque la coop\u00e9ration formelle d&rsquo;une personne devient manifeste (entendue, dans le cas d&rsquo;un politicien catholique, comme le fait qu&rsquo;il fasse constamment campagne et vote pour des lois permissives sur l&rsquo;avortement et l&rsquo;euthanasie), son pasteur doit le rencontrer, l&rsquo;instruire de l&rsquo;enseignement de l&rsquo;\u00c9glise, l&rsquo;informer qu&rsquo;il ne doit pas se pr\u00e9senter \u00e0 la Sainte Communion tant qu&rsquo;il n&rsquo;aura pas mis fin \u00e0 la situation objective de p\u00e9ch\u00e9, et l&rsquo;avertir qu&rsquo;il sera sinon priv\u00e9 de l&rsquo;Eucharistie. Lorsque \u00ab\u00a0ces mesures de pr\u00e9caution n&rsquo;ont pas eu leur effet [&#8230;] et que la personne en question, avec une persistance obstin\u00e9e, se pr\u00e9sente toujours pour recevoir la Sainte Eucharistie, \u00ab\u00a0le ministre de la Sainte Communion doit refuser de la distribuer\u00a0\u00bb.<\/p>\n\n\n\n<p>L&rsquo;archev\u00eaque Cordileoni affirme avoir suivi fid\u00e8lement ce processus en expliquant \u00e0 la pr\u00e9sidente Pelosi, \u00e0 plusieurs reprises, la position de l&rsquo;\u00c9glise catholique sur l&rsquo;avortement et en l&rsquo;avertissant qu&rsquo;elle se verrait refuser la sainte communion si elle ne changeait pas de position. Dans sa derni\u00e8re communication avec elle, dans une lettre dat\u00e9e du 7 avril 2022, Cordileoni a dit \u00e0 Pelosi que :<\/p>\n\n\n\n<p>\u00ab\u00a0Si vous ne r\u00e9pudiez pas publiquement votre plaidoyer pour le &lsquo;droit&rsquo; \u00e0 l&rsquo;avortement ou si vous ne vous abstenez pas de faire r\u00e9f\u00e9rence \u00e0 votre foi catholique en public et de recevoir la Sainte Communion, je n&rsquo;aurais d&rsquo;autre choix que de faire une d\u00e9claration, conform\u00e9ment au canon 915, selon laquelle vous ne devez pas \u00eatre admis \u00e0 la Sainte Communion.\u00a0\u00bb<\/p>\n\n\n\n<p>Apr\u00e8s le refus arrogant de Pelosi de changer sa position sur l&rsquo;avortement, l&rsquo;archev\u00eaque Cordileoni n&rsquo;avait qu&rsquo;une seule option \u00e0 sa disposition :<\/p>\n\n\n\n<p>\u00ab\u00a0Comme vous n&rsquo;avez pas publiquement r\u00e9pudi\u00e9 votre position sur l&rsquo;avortement, et que vous continuez \u00e0 vous r\u00e9f\u00e9rer \u00e0 votre foi catholique pour justifier votre position et recevoir la Sainte Communion, ce moment est maintenant venu. Par cons\u00e9quent, \u00e0 la lumi\u00e8re de ma responsabilit\u00e9 en tant qu&rsquo;archev\u00eaque de San Francisco d&rsquo;\u00eatre \u00a0\u00bb soucieux de tous les fid\u00e8les chr\u00e9tiens confi\u00e9s \u00e0 [moi] \u00a0\u00bb (Code de droit canonique, can. 383, \u00a71), par le biais de cette communication, je vous informe que  <strong>vous ne devez pas vous pr\u00e9senter \u00e0 la Sainte Communion et, si vous le faites, vous ne devez pas \u00eatre admis \u00e0 la Sainte Communion, jusqu&rsquo;\u00e0 ce que vous r\u00e9pudiez publiquement votre plaidoyer en faveur de la l\u00e9gitimit\u00e9 de l&rsquo;avortement et que vous confessiez et receviez l&rsquo;absolution de ce p\u00e9ch\u00e9 grave dans le sacrement de p\u00e9nitence.  <\/strong>(Soulign\u00e9 dans l&rsquo;original.)<\/p>\n\n\n\n<p>Cordileoni a d\u00e9clar\u00e9 qu&rsquo;il \u00e9tait \u00ab\u00a0pr\u00eat \u00e0 poursuivre notre conversation \u00e0 tout moment, et continuera \u00e0 offrir la pri\u00e8re et le je\u00fbne pour vous.\u00a0\u00bb<\/p>\n\n\n\n<p>Il a termin\u00e9 sa lettre en disant \u00e0 Mme Pelosi qu&rsquo;il demandait \u00e0 tous les fid\u00e8les de son dioc\u00e8se de prier pour tous les hommes politiques catholiques qui soutiennent l&rsquo;avortement afin \u00ab\u00a0qu&rsquo;avec l&rsquo;aide et sous la direction de l&rsquo;Esprit Saint, ils puissent subir une conversion du c\u0153ur dans cette affaire tr\u00e8s grave et que la vie humaine soit prot\u00e9g\u00e9e et encourag\u00e9e \u00e0 chaque \u00e9tape et condition de la vie\u00a0\u00bb.<\/p>\n\n\n\n<p>Donc, nous y sommes. \u00ab\u00a0Fervent catholique\u00a0\u00bb La pr\u00e9sidente de la Chambre des repr\u00e9sentants, Nancy Pelosi, a \u00e9t\u00e9 inform\u00e9e \u00e0 plusieurs reprises par son \u00e9v\u00eaque de la position de l&rsquo;\u00c9glise catholique sur l&rsquo;avortement et a \u00e9t\u00e9 pr\u00e9venue que si elle continuait \u00e0 soutenir l&rsquo;avortement, elle se verrait refuser la communion. Et lorsqu&rsquo;elle a refus\u00e9 de mani\u00e8re flagrante de changer de position, son \u00e9v\u00eaque l&rsquo;a officiellement priv\u00e9e de la sainte communion. Esp\u00e9rons que davantage d&rsquo;\u00e9v\u00eaques catholiques \u00e0 travers le pays et le monde prendront courage de l&rsquo;archev\u00eaque Cordileone et excluront de la Sainte Communion les politiciens qui s&rsquo;opposent \u00e0 la culture de la vie.<\/p>\n","protected":false},"excerpt":{"rendered":"<p>La pr\u00e9sidente de la Chambre des repr\u00e9sentants des \u00c9tats-Unis, Nancy Pelosi, qui se pr\u00e9sente comme une \u00ab\u00a0fervente catholique\u00a0\u00bb, est une ardente et enthousiaste partisane de l&rsquo;avortement, en violation flagrante de l&rsquo;enseignement de l&rsquo;\u00c9glise sur cette question. En effet, d\u00e8s le d\u00e9but le christianisme s&rsquo;est oppos\u00e9 \u00e0 l&rsquo;avortement. Dans le plus ancien cat\u00e9chisme (ou enseignement) \u00e9crit [&hellip;]<\/p>\n","protected":false},"author":651,"featured_media":144525,"comment_status":"open","ping_status":"open","sticky":false,"template":"","format":"standard","meta":{"give_campaign_id":0,"om_disable_all_campaigns":false,"_monsterinsights_skip_tracking":false,"_monsterinsights_sitenote_active":false,"_monsterinsights_sitenote_note":"","_monsterinsights_sitenote_category":0,"mc4wp_mailchimp_campaign":[],"jnews-multi-image_gallery":[],"jnews_single_post":{"subtitle":"","format":"standard","video":"","gallery":"","source_name":"","source_url":"","via_name":"","via_url":"","override":[{"template":"1","single_blog_custom":"","parallax":"1","fullscreen":"1","layout":"right-sidebar","sidebar":"default-sidebar","second_sidebar":"default-sidebar","sticky_sidebar":"1","share_position":"top","share_float_style":"share-monocrhome","show_share_counter":"1","show_view_counter":"1","show_featured":"1","show_post_meta":"1","show_post_author":"1","show_post_author_image":"1","show_post_date":"1","post_date_format":"default","post_date_format_custom":"Y\/m\/d","show_post_category":"1","post_reading_time_wpm":"300","zoom_button_out_step":"2","zoom_button_in_step":"3","show_post_tag":"1","show_prev_next_post":"1","show_popup_post":"1","number_popup_post":"1"}],"image_override":[{"single_post_thumbnail_size":"crop-500","single_post_gallery_size":"crop-500"}],"trending_post_position":"meta","trending_post_label":"Trending","sponsored_post_label":"Sponsored by","sponsored_post_name":"","sponsored_post_url":"","sponsored_post_logo":"","sponsored_post_desc":""},"jnews_primary_category":{"id":"819"},"jnews_social_meta":{"fb_title":"","fb_description":"","fb_image":"","twitter_title":"","twitter_description":"","twitter_image":""},"jnews_override_counter":{"view_counter_number":"0","share_counter_number":"0","like_counter_number":"0","dislike_counter_number":"0"},"footnotes":""},"categories":[809,813,819],"tags":[18966,10382,18968,7511,18967],"class_list":["post-144670","post","type-post","status-publish","format-standard","has-post-thumbnail","hentry","category-foreground-fr","category-breaking-news-fr","category-vie","tag-archeveque-cordileone","tag-catholic-church-fr-2","tag-didache-fr","tag-nancy-pelosi-fr","tag-sainte-communion"],"yoast_head":"<!-- This site is optimized with the Yoast SEO Premium plugin v25.9 (Yoast SEO v27.3) - https:\/\/yoast.com\/product\/yoast-seo-premium-wordpress\/ -->\n<title>L&#039;archev\u00eaque Cordileone prive la pr\u00e9sidente de la Chambre des repr\u00e9sentants, Nancy Pelosi, de la communion. - IFN<\/title>\n<meta name=\"robots\" content=\"index, follow, max-snippet:-1, max-image-preview:large, max-video-preview:-1\" \/>\n<link rel=\"canonical\" href=\"https:\/\/ifamnews.com\/fr\/l-archev-que-cordileone-prive-la-pr-sidente-de-la-chambre-des-repr-sentants-nancy-pelosi-de-la-communion\" \/>\n<meta property=\"og:locale\" content=\"fr_FR\" \/>\n<meta property=\"og:type\" content=\"article\" \/>\n<meta property=\"og:title\" content=\"L&#039;archev\u00eaque Cordileone prive la pr\u00e9sidente de la Chambre des repr\u00e9sentants, Nancy Pelosi, de la communion.\" \/>\n<meta property=\"og:description\" content=\"La pr\u00e9sidente de la Chambre des repr\u00e9sentants des \u00c9tats-Unis, Nancy Pelosi, qui se pr\u00e9sente comme une \u00ab\u00a0fervente catholique\u00a0\u00bb, est une ardente et enthousiaste partisane de l&rsquo;avortement, en violation flagrante de l&rsquo;enseignement de l&rsquo;\u00c9glise sur cette question. En effet, d\u00e8s le d\u00e9but le christianisme s&rsquo;est oppos\u00e9 \u00e0 l&rsquo;avortement. Dans le plus ancien cat\u00e9chisme (ou enseignement) \u00e9crit [&hellip;]\" \/>\n<meta property=\"og:url\" content=\"https:\/\/ifamnews.com\/fr\/l-archev-que-cordileone-prive-la-pr-sidente-de-la-chambre-des-repr-sentants-nancy-pelosi-de-la-communion\" \/>\n<meta property=\"og:site_name\" content=\"IFN\" \/>\n<meta property=\"article:publisher\" content=\"https:\/\/www.facebook.com\/iFamNews\" \/>\n<meta property=\"article:published_time\" content=\"2022-05-23T04:59:57+00:00\" \/>\n<meta property=\"article:modified_time\" content=\"2022-05-23T04:59:58+00:00\" \/>\n<meta property=\"og:image\" content=\"https:\/\/ifamnews.com\/wp-content\/uploads\/2022\/05\/Cordileone.webp\" \/>\n\t<meta property=\"og:image:width\" content=\"1200\" \/>\n\t<meta property=\"og:image:height\" content=\"675\" \/>\n\t<meta property=\"og:image:type\" content=\"image\/webp\" \/>\n<meta name=\"author\" content=\"Cato\" \/>\n<meta name=\"twitter:card\" content=\"summary_large_image\" \/>\n<meta name=\"twitter:creator\" content=\"@iFamNewsEN\" \/>\n<meta name=\"twitter:site\" content=\"@iFamNewsEN\" \/>\n<meta name=\"twitter:label1\" content=\"\u00c9crit par\" \/>\n\t<meta name=\"twitter:data1\" content=\"Cato\" \/>\n\t<meta name=\"twitter:label2\" content=\"Dur\u00e9e de lecture estim\u00e9e\" \/>\n\t<meta name=\"twitter:data2\" content=\"6 minutes\" \/>\n<!-- \/ Yoast SEO Premium plugin. -->","yoast_head_json":{"title":"L'archev\u00eaque Cordileone prive la pr\u00e9sidente de la Chambre des repr\u00e9sentants, Nancy Pelosi, de la communion. - IFN","robots":{"index":"index","follow":"follow","max-snippet":"max-snippet:-1","max-image-preview":"max-image-preview:large","max-video-preview":"max-video-preview:-1"},"canonical":"https:\/\/ifamnews.com\/fr\/l-archev-que-cordileone-prive-la-pr-sidente-de-la-chambre-des-repr-sentants-nancy-pelosi-de-la-communion","og_locale":"fr_FR","og_type":"article","og_title":"L'archev\u00eaque Cordileone prive la pr\u00e9sidente de la Chambre des repr\u00e9sentants, Nancy Pelosi, de la communion.","og_description":"La pr\u00e9sidente de la Chambre des repr\u00e9sentants des \u00c9tats-Unis, Nancy Pelosi, qui se pr\u00e9sente comme une \u00ab\u00a0fervente catholique\u00a0\u00bb, est une ardente et enthousiaste partisane de l&rsquo;avortement, en violation flagrante de l&rsquo;enseignement de l&rsquo;\u00c9glise sur cette question. En effet, d\u00e8s le d\u00e9but le christianisme s&rsquo;est oppos\u00e9 \u00e0 l&rsquo;avortement. Dans le plus ancien cat\u00e9chisme (ou enseignement) \u00e9crit [&hellip;]","og_url":"https:\/\/ifamnews.com\/fr\/l-archev-que-cordileone-prive-la-pr-sidente-de-la-chambre-des-repr-sentants-nancy-pelosi-de-la-communion","og_site_name":"IFN","article_publisher":"https:\/\/www.facebook.com\/iFamNews","article_published_time":"2022-05-23T04:59:57+00:00","article_modified_time":"2022-05-23T04:59:58+00:00","og_image":[{"width":1200,"height":675,"url":"https:\/\/ifamnews.com\/wp-content\/uploads\/2022\/05\/Cordileone.webp","type":"image\/webp"}],"author":"Cato","twitter_card":"summary_large_image","twitter_creator":"@iFamNewsEN","twitter_site":"@iFamNewsEN","twitter_misc":{"\u00c9crit par":"Cato","Dur\u00e9e de lecture estim\u00e9e":"6 minutes"},"schema":{"@context":"https:\/\/schema.org","@graph":[{"@type":"NewsArticle","@id":"https:\/\/ifamnews.com\/fr\/l-archev-que-cordileone-prive-la-pr-sidente-de-la-chambre-des-repr-sentants-nancy-pelosi-de-la-communion#article","isPartOf":{"@id":"https:\/\/ifamnews.com\/fr\/l-archev-que-cordileone-prive-la-pr-sidente-de-la-chambre-des-repr-sentants-nancy-pelosi-de-la-communion"},"author":{"name":"Cato","@id":"https:\/\/ifamnews.com\/en\/#\/schema\/person\/d0e56511b7b7caedd2922a59482440ba"},"headline":"L&rsquo;archev\u00eaque Cordileone prive la pr\u00e9sidente de la Chambre des repr\u00e9sentants, Nancy Pelosi, de la communion.","datePublished":"2022-05-23T04:59:57+00:00","dateModified":"2022-05-23T04:59:58+00:00","mainEntityOfPage":{"@id":"https:\/\/ifamnews.com\/fr\/l-archev-que-cordileone-prive-la-pr-sidente-de-la-chambre-des-repr-sentants-nancy-pelosi-de-la-communion"},"wordCount":1448,"commentCount":0,"publisher":{"@id":"https:\/\/ifamnews.com\/en\/#organization"},"image":{"@id":"https:\/\/ifamnews.com\/fr\/l-archev-que-cordileone-prive-la-pr-sidente-de-la-chambre-des-repr-sentants-nancy-pelosi-de-la-communion#primaryimage"},"thumbnailUrl":"https:\/\/ifamnews.com\/wp-content\/uploads\/2022\/05\/Cordileone.webp","keywords":["Archev\u00eaque Cordileone","Catholic Church","Didache","Nancy Pelosi","sainte communion"],"articleSection":["Foreground","Nouvelles r\u00e9centes","Vie"],"inLanguage":"fr-FR","potentialAction":[{"@type":"CommentAction","name":"Comment","target":["https:\/\/ifamnews.com\/fr\/l-archev-que-cordileone-prive-la-pr-sidente-de-la-chambre-des-repr-sentants-nancy-pelosi-de-la-communion#respond"]}]},{"@type":"WebPage","@id":"https:\/\/ifamnews.com\/fr\/l-archev-que-cordileone-prive-la-pr-sidente-de-la-chambre-des-repr-sentants-nancy-pelosi-de-la-communion","url":"https:\/\/ifamnews.com\/fr\/l-archev-que-cordileone-prive-la-pr-sidente-de-la-chambre-des-repr-sentants-nancy-pelosi-de-la-communion","name":"L'archev\u00eaque Cordileone prive la pr\u00e9sidente de la Chambre des repr\u00e9sentants, Nancy Pelosi, de la communion. - IFN","isPartOf":{"@id":"https:\/\/ifamnews.com\/en\/#website"},"primaryImageOfPage":{"@id":"https:\/\/ifamnews.com\/fr\/l-archev-que-cordileone-prive-la-pr-sidente-de-la-chambre-des-repr-sentants-nancy-pelosi-de-la-communion#primaryimage"},"image":{"@id":"https:\/\/ifamnews.com\/fr\/l-archev-que-cordileone-prive-la-pr-sidente-de-la-chambre-des-repr-sentants-nancy-pelosi-de-la-communion#primaryimage"},"thumbnailUrl":"https:\/\/ifamnews.com\/wp-content\/uploads\/2022\/05\/Cordileone.webp","datePublished":"2022-05-23T04:59:57+00:00","dateModified":"2022-05-23T04:59:58+00:00","breadcrumb":{"@id":"https:\/\/ifamnews.com\/fr\/l-archev-que-cordileone-prive-la-pr-sidente-de-la-chambre-des-repr-sentants-nancy-pelosi-de-la-communion#breadcrumb"},"inLanguage":"fr-FR","potentialAction":[{"@type":"ReadAction","target":["https:\/\/ifamnews.com\/fr\/l-archev-que-cordileone-prive-la-pr-sidente-de-la-chambre-des-repr-sentants-nancy-pelosi-de-la-communion"]}]},{"@type":"ImageObject","inLanguage":"fr-FR","@id":"https:\/\/ifamnews.com\/fr\/l-archev-que-cordileone-prive-la-pr-sidente-de-la-chambre-des-repr-sentants-nancy-pelosi-de-la-communion#primaryimage","url":"https:\/\/ifamnews.com\/wp-content\/uploads\/2022\/05\/Cordileone.webp","contentUrl":"https:\/\/ifamnews.com\/wp-content\/uploads\/2022\/05\/Cordileone.webp","width":1200,"height":675},{"@type":"BreadcrumbList","@id":"https:\/\/ifamnews.com\/fr\/l-archev-que-cordileone-prive-la-pr-sidente-de-la-chambre-des-repr-sentants-nancy-pelosi-de-la-communion#breadcrumb","itemListElement":[{"@type":"ListItem","position":1,"name":"Home","item":"https:\/\/ifamnews.com\/de"},{"@type":"ListItem","position":2,"name":"Life","item":"https:\/\/ifamnews.com\/en\/category\/life"},{"@type":"ListItem","position":3,"name":"L&#8217;archev\u00eaque Cordileone prive la pr\u00e9sidente de la Chambre des repr\u00e9sentants, Nancy Pelosi, de la communion."}]},{"@type":"WebSite","@id":"https:\/\/ifamnews.com\/en\/#website","url":"https:\/\/ifamnews.com\/en\/","name":"IFN","description":"International Family News Network","publisher":{"@id":"https:\/\/ifamnews.com\/en\/#organization"},"potentialAction":[{"@type":"SearchAction","target":{"@type":"EntryPoint","urlTemplate":"https:\/\/ifamnews.com\/en\/?s={search_term_string}"},"query-input":{"@type":"PropertyValueSpecification","valueRequired":true,"valueName":"search_term_string"}}],"inLanguage":"fr-FR"},{"@type":"Organization","@id":"https:\/\/ifamnews.com\/en\/#organization","name":"iFamNews","url":"https:\/\/ifamnews.com\/en\/","logo":{"@type":"ImageObject","inLanguage":"fr-FR","@id":"https:\/\/ifamnews.com\/en\/#\/schema\/logo\/image\/","url":"https:\/\/ifamnews.com\/wp-content\/uploads\/2020\/01\/Share-logo.png","contentUrl":"https:\/\/ifamnews.com\/wp-content\/uploads\/2020\/01\/Share-logo.png","width":200,"height":200,"caption":"iFamNews"},"image":{"@id":"https:\/\/ifamnews.com\/en\/#\/schema\/logo\/image\/"},"sameAs":["https:\/\/www.facebook.com\/iFamNews","https:\/\/x.com\/iFamNewsEN"]},{"@type":"Person","@id":"https:\/\/ifamnews.com\/en\/#\/schema\/person\/d0e56511b7b7caedd2922a59482440ba","name":"Cato","image":{"@type":"ImageObject","inLanguage":"fr-FR","@id":"https:\/\/secure.gravatar.com\/avatar\/69b258be912b2a9b1ef3917af1a950d6279239e325672d64c73a2c0dfe012d11?s=96&d=mm&r=g","url":"https:\/\/secure.gravatar.com\/avatar\/69b258be912b2a9b1ef3917af1a950d6279239e325672d64c73a2c0dfe012d11?s=96&d=mm&r=g","contentUrl":"https:\/\/secure.gravatar.com\/avatar\/69b258be912b2a9b1ef3917af1a950d6279239e325672d64c73a2c0dfe012d11?s=96&d=mm&r=g","caption":"Cato"},"description":"Cato is a staunch defender of Western Civilization and the Judeo-Christian worldview. He will end all of his articles: \"And the radical LGBT agenda must be defeated\" as this is the pre-eminent battle of our day.","url":"https:\/\/ifamnews.com\/fr\/author\/rsiedlecki"}]}},"amp_enabled":true,"_links":{"self":[{"href":"https:\/\/ifamnews.com\/fr\/wp-json\/wp\/v2\/posts\/144670","targetHints":{"allow":["GET"]}}],"collection":[{"href":"https:\/\/ifamnews.com\/fr\/wp-json\/wp\/v2\/posts"}],"about":[{"href":"https:\/\/ifamnews.com\/fr\/wp-json\/wp\/v2\/types\/post"}],"author":[{"embeddable":true,"href":"https:\/\/ifamnews.com\/fr\/wp-json\/wp\/v2\/users\/651"}],"replies":[{"embeddable":true,"href":"https:\/\/ifamnews.com\/fr\/wp-json\/wp\/v2\/comments?post=144670"}],"version-history":[{"count":3,"href":"https:\/\/ifamnews.com\/fr\/wp-json\/wp\/v2\/posts\/144670\/revisions"}],"predecessor-version":[{"id":144674,"href":"https:\/\/ifamnews.com\/fr\/wp-json\/wp\/v2\/posts\/144670\/revisions\/144674"}],"wp:featuredmedia":[{"embeddable":true,"href":"https:\/\/ifamnews.com\/fr\/wp-json\/wp\/v2\/media\/144525"}],"wp:attachment":[{"href":"https:\/\/ifamnews.com\/fr\/wp-json\/wp\/v2\/media?parent=144670"}],"wp:term":[{"taxonomy":"category","embeddable":true,"href":"https:\/\/ifamnews.com\/fr\/wp-json\/wp\/v2\/categories?post=144670"},{"taxonomy":"post_tag","embeddable":true,"href":"https:\/\/ifamnews.com\/fr\/wp-json\/wp\/v2\/tags?post=144670"}],"curies":[{"name":"wp","href":"https:\/\/api.w.org\/{rel}","templated":true}]}}