{"id":14347,"date":"2020-04-16T05:01:19","date_gmt":"2020-04-16T10:01:19","guid":{"rendered":"https:\/\/ifamnews.com\/?p=14347"},"modified":"2020-04-16T05:01:24","modified_gmt":"2020-04-16T10:01:24","slug":"a-voir-video-dun-hopital-de-milan-deborde-par-le-covid-19","status":"publish","type":"post","link":"https:\/\/ifamnews.com\/fr\/a-voir-video-dun-hopital-de-milan-deborde-par-le-covid-19","title":{"rendered":"A VOIR: Vid\u00e9o d&rsquo;un h\u00f4pital de Milan d\u00e9bord\u00e9 par le Covid-19"},"content":{"rendered":"\n<figure class=\"wp-block-embed-youtube aligncenter wp-block-embed is-type-video is-provider-youtube wp-embed-aspect-16-9 wp-has-aspect-ratio\"><div class=\"wp-block-embed__wrapper\">\nhttps:\/\/youtube.com\/watch?v=GPKCw8Gg7h0\n<\/div><\/figure>\n\n\n\n<p><br><em>[Ce billet est la quatri\u00e8me partie de la s\u00e9rie de rapports en cours de <a href=\"https:\/\/ifamnews.com\/en\/author\/lvolonte\/\">Luca Volont\u00e9<\/a>: \u00ab\u00a0<a href=\"https:\/\/ifamnews.com\/tag\/from-the-trenches\">En direct des tranch\u00e9es<\/a>\u00a0\u00bb sur l&rsquo;Italie au milieu de la lutte contre Covid-19. &#8211; ND\u00c9.]<\/em><\/p>\n\n\n\n<hr class=\"wp-block-separator\"\/>\n\n\n\n<p>Chers lecteurs, cette semaine , je n&rsquo;ai que quelques br\u00e8ves nouvelles \u00e0 partager des tranch\u00e9es italiennes:<\/p>\n\n\n\n<ul class=\"wp-block-list\"><li>Le gouvernement a impos\u00e9 des masques obligatoires pour chaque mouvement personnel;<\/li><li>Certaines familles connaissent des tensions, apr\u00e8s pratiquement 50 jours de coexistence forc\u00e9e;<\/li><li>L&rsquo;Europe se divise de plus en plus et le gouvernement central italien semble de plus en plus \u00ab\u00a0inapte\u00a0\u00bb \u00e0 faire face \u00e0 cette crise.<\/li><\/ul>\n\n\n\n<p>Aujourd&rsquo;hui, je partage principalement avec vous la vid\u00e9o ci-dessus (sous-titr\u00e9e en anglais). C&rsquo;est une vision dramatique et r\u00e9aliste de la vie et du travail dans un h\u00f4pital en p\u00e9riode de Covid-19. Elle m&rsquo;a \u00e9t\u00e9 envoy\u00e9e avec moi par un ami qui travaille dans cet h\u00f4pital, la polyclinique de Milan. J&rsquo;esp\u00e8re que cela montrera combien il est important de suivre les suggestions et les ordres de votre gouvernement.<\/p>\n\n\n\n<p>Je reste solidaire avec vous, dans la pri\u00e8re et dans l&rsquo;espoir de P\u00e2ques, et j&rsquo;\u00e9crirai bient\u00f4t de nouveau.<\/p>\n","protected":false},"excerpt":{"rendered":"<p>Une vid\u00e9o impressionnante d&rsquo;un h\u00f4pital italien faisant face \u00e0 la crise sanitaire<\/p>\n","protected":false},"author":54,"featured_media":13568,"comment_status":"open","ping_status":"open","sticky":false,"template":"","format":"standard","meta":{"give_campaign_id":0,"om_disable_all_campaigns":false,"_monsterinsights_skip_tracking":false,"_monsterinsights_sitenote_active":false,"_monsterinsights_sitenote_note":"","_monsterinsights_sitenote_category":0,"mc4wp_mailchimp_campaign":[],"jnews-multi-image_gallery":[],"jnews_single_post":{"subtitle":"Une vid\u00e9o impressionnante d'un h\u00f4pital italien faisant face \u00e0 la crise sanitaire","format":"standard","video":"","gallery":"","source_name":"","source_url":"","via_name":"","via_url":"","override":[{"single_blog_custom":"","sidebar":"","second_sidebar":"","share_position":"","share_float_style":"","post_date_format":"","post_date_format_custom":"","post_reading_time_wpm":"","zoom_button_out_step":"1","zoom_button_in_step":"1","number_popup_post":"1"}],"image_override":[{"single_post_thumbnail_size":"","single_post_gallery_size":""}],"trending_post_position":"","trending_post_label":""},"jnews_primary_category":{"id":""},"jnews_social_meta":{"fb_title":"","fb_description":"","fb_image":"","twitter_title":"","twitter_description":"","twitter_image":""},"jnews_override_counter":{"view_counter_number":"0","share_counter_number":"0","like_counter_number":"0","dislike_counter_number":"0"},"footnotes":""},"categories":[762,809,813],"tags":[2242],"class_list":["post-14347","post","type-post","status-publish","format-standard","has-post-thumbnail","hentry","category-culture-fr","category-foreground-fr","category-breaking-news-fr","tag-italie"],"yoast_head":"<!-- This site is optimized with the Yoast SEO Premium plugin v25.9 (Yoast SEO v27.3) - https:\/\/yoast.com\/product\/yoast-seo-premium-wordpress\/ -->\n<title>A VOIR: Vid\u00e9o d&#039;un h\u00f4pital de Milan d\u00e9bord\u00e9 par le Covid-19 - IFN<\/title>\n<meta name=\"robots\" content=\"index, follow, max-snippet:-1, max-image-preview:large, max-video-preview:-1\" \/>\n<link rel=\"canonical\" href=\"https:\/\/ifamnews.com\/fr\/a-voir-video-dun-hopital-de-milan-deborde-par-le-covid-19\" \/>\n<meta property=\"og:locale\" content=\"fr_FR\" \/>\n<meta property=\"og:type\" content=\"article\" \/>\n<meta property=\"og:title\" content=\"A VOIR: Vid\u00e9o d&#039;un h\u00f4pital de Milan d\u00e9bord\u00e9 par le Covid-19\" \/>\n<meta property=\"og:description\" content=\"Une vid\u00e9o impressionnante d&#039;un h\u00f4pital italien faisant face \u00e0 la crise sanitaire\" \/>\n<meta property=\"og:url\" content=\"https:\/\/ifamnews.com\/fr\/a-voir-video-dun-hopital-de-milan-deborde-par-le-covid-19\" \/>\n<meta property=\"og:site_name\" content=\"IFN\" \/>\n<meta property=\"article:publisher\" content=\"https:\/\/www.facebook.com\/iFamNews\" \/>\n<meta property=\"article:author\" content=\"https:\/\/facebook.com\/lvolonte1\" \/>\n<meta property=\"article:published_time\" content=\"2020-04-16T10:01:19+00:00\" \/>\n<meta property=\"article:modified_time\" content=\"2020-04-16T10:01:24+00:00\" \/>\n<meta property=\"og:image\" content=\"https:\/\/ifamnews.com\/wp-content\/uploads\/2020\/04\/covidhand-1.png\" \/>\n\t<meta property=\"og:image:width\" content=\"1200\" \/>\n\t<meta property=\"og:image:height\" content=\"675\" \/>\n\t<meta property=\"og:image:type\" content=\"image\/png\" \/>\n<meta name=\"author\" content=\"Luca Volont\u00e8\" \/>\n<meta name=\"twitter:card\" content=\"summary_large_image\" \/>\n<meta name=\"twitter:creator\" content=\"@https:\/\/twitter.com\/l_volonte\" \/>\n<meta name=\"twitter:site\" content=\"@iFamNewsEN\" \/>\n<meta name=\"twitter:label1\" content=\"\u00c9crit par\" \/>\n\t<meta name=\"twitter:data1\" content=\"Luca Volont\u00e8\" \/>\n\t<meta name=\"twitter:label2\" content=\"Dur\u00e9e de lecture estim\u00e9e\" \/>\n\t<meta name=\"twitter:data2\" content=\"1 minute\" \/>\n<!-- \/ Yoast SEO Premium plugin. -->","yoast_head_json":{"title":"A VOIR: Vid\u00e9o d'un h\u00f4pital de Milan d\u00e9bord\u00e9 par le Covid-19 - IFN","robots":{"index":"index","follow":"follow","max-snippet":"max-snippet:-1","max-image-preview":"max-image-preview:large","max-video-preview":"max-video-preview:-1"},"canonical":"https:\/\/ifamnews.com\/fr\/a-voir-video-dun-hopital-de-milan-deborde-par-le-covid-19","og_locale":"fr_FR","og_type":"article","og_title":"A VOIR: Vid\u00e9o d'un h\u00f4pital de Milan d\u00e9bord\u00e9 par le Covid-19","og_description":"Une vid\u00e9o impressionnante d'un h\u00f4pital italien faisant face \u00e0 la crise sanitaire","og_url":"https:\/\/ifamnews.com\/fr\/a-voir-video-dun-hopital-de-milan-deborde-par-le-covid-19","og_site_name":"IFN","article_publisher":"https:\/\/www.facebook.com\/iFamNews","article_author":"https:\/\/facebook.com\/lvolonte1","article_published_time":"2020-04-16T10:01:19+00:00","article_modified_time":"2020-04-16T10:01:24+00:00","og_image":[{"width":1200,"height":675,"url":"https:\/\/ifamnews.com\/wp-content\/uploads\/2020\/04\/covidhand-1.png","type":"image\/png"}],"author":"Luca Volont\u00e8","twitter_card":"summary_large_image","twitter_creator":"@https:\/\/twitter.com\/l_volonte","twitter_site":"@iFamNewsEN","twitter_misc":{"\u00c9crit par":"Luca Volont\u00e8","Dur\u00e9e de lecture estim\u00e9e":"1 minute"},"schema":{"@context":"https:\/\/schema.org","@graph":[{"@type":"NewsArticle","@id":"https:\/\/ifamnews.com\/fr\/a-voir-video-dun-hopital-de-milan-deborde-par-le-covid-19#article","isPartOf":{"@id":"https:\/\/ifamnews.com\/fr\/a-voir-video-dun-hopital-de-milan-deborde-par-le-covid-19"},"author":{"name":"Luca Volont\u00e8","@id":"https:\/\/ifamnews.com\/en\/#\/schema\/person\/bed5b7c6161f317421caa94dc3be6a53"},"headline":"A VOIR: Vid\u00e9o d&rsquo;un h\u00f4pital de Milan d\u00e9bord\u00e9 par le Covid-19","datePublished":"2020-04-16T10:01:19+00:00","dateModified":"2020-04-16T10:01:24+00:00","mainEntityOfPage":{"@id":"https:\/\/ifamnews.com\/fr\/a-voir-video-dun-hopital-de-milan-deborde-par-le-covid-19"},"wordCount":224,"commentCount":0,"publisher":{"@id":"https:\/\/ifamnews.com\/en\/#organization"},"image":{"@id":"https:\/\/ifamnews.com\/fr\/a-voir-video-dun-hopital-de-milan-deborde-par-le-covid-19#primaryimage"},"thumbnailUrl":"https:\/\/ifamnews.com\/wp-content\/uploads\/2020\/04\/covidhand-1.png","keywords":["Italie"],"articleSection":["Culture","Foreground","Nouvelles r\u00e9centes"],"inLanguage":"fr-FR","potentialAction":[{"@type":"CommentAction","name":"Comment","target":["https:\/\/ifamnews.com\/fr\/a-voir-video-dun-hopital-de-milan-deborde-par-le-covid-19#respond"]}]},{"@type":"WebPage","@id":"https:\/\/ifamnews.com\/fr\/a-voir-video-dun-hopital-de-milan-deborde-par-le-covid-19","url":"https:\/\/ifamnews.com\/fr\/a-voir-video-dun-hopital-de-milan-deborde-par-le-covid-19","name":"A VOIR: Vid\u00e9o d'un h\u00f4pital de Milan d\u00e9bord\u00e9 par le Covid-19 - IFN","isPartOf":{"@id":"https:\/\/ifamnews.com\/en\/#website"},"primaryImageOfPage":{"@id":"https:\/\/ifamnews.com\/fr\/a-voir-video-dun-hopital-de-milan-deborde-par-le-covid-19#primaryimage"},"image":{"@id":"https:\/\/ifamnews.com\/fr\/a-voir-video-dun-hopital-de-milan-deborde-par-le-covid-19#primaryimage"},"thumbnailUrl":"https:\/\/ifamnews.com\/wp-content\/uploads\/2020\/04\/covidhand-1.png","datePublished":"2020-04-16T10:01:19+00:00","dateModified":"2020-04-16T10:01:24+00:00","breadcrumb":{"@id":"https:\/\/ifamnews.com\/fr\/a-voir-video-dun-hopital-de-milan-deborde-par-le-covid-19#breadcrumb"},"inLanguage":"fr-FR","potentialAction":[{"@type":"ReadAction","target":["https:\/\/ifamnews.com\/fr\/a-voir-video-dun-hopital-de-milan-deborde-par-le-covid-19"]}]},{"@type":"ImageObject","inLanguage":"fr-FR","@id":"https:\/\/ifamnews.com\/fr\/a-voir-video-dun-hopital-de-milan-deborde-par-le-covid-19#primaryimage","url":"https:\/\/ifamnews.com\/wp-content\/uploads\/2020\/04\/covidhand-1.png","contentUrl":"https:\/\/ifamnews.com\/wp-content\/uploads\/2020\/04\/covidhand-1.png","width":1200,"height":675},{"@type":"BreadcrumbList","@id":"https:\/\/ifamnews.com\/fr\/a-voir-video-dun-hopital-de-milan-deborde-par-le-covid-19#breadcrumb","itemListElement":[{"@type":"ListItem","position":1,"name":"Home","item":"https:\/\/ifamnews.com\/de"},{"@type":"ListItem","position":2,"name":"\u041a\u0443\u043b\u0442\u0443\u0440\u0430","item":"https:\/\/ifamnews.com\/sr\/kategorija\/kultura-sr"},{"@type":"ListItem","position":3,"name":"A VOIR: Vid\u00e9o d&#8217;un h\u00f4pital de Milan d\u00e9bord\u00e9 par le Covid-19"}]},{"@type":"WebSite","@id":"https:\/\/ifamnews.com\/en\/#website","url":"https:\/\/ifamnews.com\/en\/","name":"IFN","description":"International Family News Network","publisher":{"@id":"https:\/\/ifamnews.com\/en\/#organization"},"potentialAction":[{"@type":"SearchAction","target":{"@type":"EntryPoint","urlTemplate":"https:\/\/ifamnews.com\/en\/?s={search_term_string}"},"query-input":{"@type":"PropertyValueSpecification","valueRequired":true,"valueName":"search_term_string"}}],"inLanguage":"fr-FR"},{"@type":"Organization","@id":"https:\/\/ifamnews.com\/en\/#organization","name":"iFamNews","url":"https:\/\/ifamnews.com\/en\/","logo":{"@type":"ImageObject","inLanguage":"fr-FR","@id":"https:\/\/ifamnews.com\/en\/#\/schema\/logo\/image\/","url":"https:\/\/ifamnews.com\/wp-content\/uploads\/2020\/01\/Share-logo.png","contentUrl":"https:\/\/ifamnews.com\/wp-content\/uploads\/2020\/01\/Share-logo.png","width":200,"height":200,"caption":"iFamNews"},"image":{"@id":"https:\/\/ifamnews.com\/en\/#\/schema\/logo\/image\/"},"sameAs":["https:\/\/www.facebook.com\/iFamNews","https:\/\/x.com\/iFamNewsEN"]},{"@type":"Person","@id":"https:\/\/ifamnews.com\/en\/#\/schema\/person\/bed5b7c6161f317421caa94dc3be6a53","name":"Luca Volont\u00e8","image":{"@type":"ImageObject","inLanguage":"fr-FR","@id":"https:\/\/secure.gravatar.com\/avatar\/354ed6bca06f9968278e6eb25fa8a123306c69f5c50f711836cf12e6c8ecbbf6?s=96&d=mm&r=g","url":"https:\/\/secure.gravatar.com\/avatar\/354ed6bca06f9968278e6eb25fa8a123306c69f5c50f711836cf12e6c8ecbbf6?s=96&d=mm&r=g","contentUrl":"https:\/\/secure.gravatar.com\/avatar\/354ed6bca06f9968278e6eb25fa8a123306c69f5c50f711836cf12e6c8ecbbf6?s=96&d=mm&r=g","caption":"Luca Volont\u00e8"},"description":"Luca Volont\u00e8 was an Italian parliamentarian from 1996 to 2013, and served as president of the PPE-CD at the Assembly of the Council of Europe. Publicly engaged for decades in the promotion of life, family and religious and educational freedom, Luca\u00a0 has served as a board member for various international organizations promoting Christian values and human rights, including his current role as a board member of the International Organization for the Family. He has authored books and essays for the Novae Terrae series by the publisher Rubbettino; he has been a correspondent for several Italian newspapers, and currently collaborates with La nuova Bussola Quotidiana, an online newspaper. He is a also a great bicycle enthusiast.","sameAs":["https:\/\/facebook.com\/lvolonte1","https:\/\/x.com\/https:\/\/twitter.com\/l_volonte"],"url":"https:\/\/ifamnews.com\/fr\/author\/lvolonte"}]}},"amp_enabled":true,"_links":{"self":[{"href":"https:\/\/ifamnews.com\/fr\/wp-json\/wp\/v2\/posts\/14347","targetHints":{"allow":["GET"]}}],"collection":[{"href":"https:\/\/ifamnews.com\/fr\/wp-json\/wp\/v2\/posts"}],"about":[{"href":"https:\/\/ifamnews.com\/fr\/wp-json\/wp\/v2\/types\/post"}],"author":[{"embeddable":true,"href":"https:\/\/ifamnews.com\/fr\/wp-json\/wp\/v2\/users\/54"}],"replies":[{"embeddable":true,"href":"https:\/\/ifamnews.com\/fr\/wp-json\/wp\/v2\/comments?post=14347"}],"version-history":[{"count":1,"href":"https:\/\/ifamnews.com\/fr\/wp-json\/wp\/v2\/posts\/14347\/revisions"}],"predecessor-version":[{"id":14348,"href":"https:\/\/ifamnews.com\/fr\/wp-json\/wp\/v2\/posts\/14347\/revisions\/14348"}],"wp:featuredmedia":[{"embeddable":true,"href":"https:\/\/ifamnews.com\/fr\/wp-json\/wp\/v2\/media\/13568"}],"wp:attachment":[{"href":"https:\/\/ifamnews.com\/fr\/wp-json\/wp\/v2\/media?parent=14347"}],"wp:term":[{"taxonomy":"category","embeddable":true,"href":"https:\/\/ifamnews.com\/fr\/wp-json\/wp\/v2\/categories?post=14347"},{"taxonomy":"post_tag","embeddable":true,"href":"https:\/\/ifamnews.com\/fr\/wp-json\/wp\/v2\/tags?post=14347"}],"curies":[{"name":"wp","href":"https:\/\/api.w.org\/{rel}","templated":true}]}}