{"id":141075,"date":"2022-05-03T01:29:09","date_gmt":"2022-05-03T05:29:09","guid":{"rendered":"https:\/\/ifamnews.com\/?p=141075"},"modified":"2022-05-03T01:29:11","modified_gmt":"2022-05-03T05:29:11","slug":"l-ue-et-la-hongrie-divorce-s-paration-ou-chantage-conomique","status":"publish","type":"post","link":"https:\/\/ifamnews.com\/fr\/l-ue-et-la-hongrie-divorce-s-paration-ou-chantage-conomique","title":{"rendered":"L&rsquo;UE et la Hongrie : divorce, s\u00e9paration ou chantage \u00e9conomique ?"},"content":{"rendered":"\n<p>Les sondages en Hongrie annon\u00e7aient un r\u00e9sultat diff\u00e9rent, mais le parti chr\u00e9tien-d\u00e9mocrate et nationaliste Fidesz a non seulement gagn\u00e9, mais a renforc\u00e9 sa majorit\u00e9 au Parlement. <a href=\"https:\/\/es.wikipedia.org\/wiki\/Katalin_Nov%C3%A1k\">Katal\u00edn Nov\u00e1k<\/a> (\u00e9galement pr\u00e9sidente de l&rsquo;excellente association<a href=\"https:\/\/politicalnetworkforvalues.org\/\">\u00ab\u00a0R\u00e9seau politique pour les valeurs<\/a>\u00ab\u00a0) a \u00e9t\u00e9 \u00e9lue pr\u00e9sidente et le tr\u00e8s controvers\u00e9 <a href=\"https:\/\/es.wikipedia.org\/wiki\/Viktor_Orb%C3%A1n\">Victor Orb\u00e1n<\/a> a \u00e9t\u00e9 \u00e9lu Premier ministre. Ils ont obtenu une majorit\u00e9 des deux tiers au Parlement.<\/p>\n\n\n\n<p>Dans son discours de victoire, Victor Orb\u00e1n a soulign\u00e9 la victoire des conservateurs et a adress\u00e9 un message \u00e0 l&rsquo;Union europ\u00e9enne, dont le pays fait partie : \u00ab\u00a0La politique chr\u00e9tienne-d\u00e9mocrate et conservatrice n&rsquo;est pas le pass\u00e9 de l&rsquo;Europe, c&rsquo;est son avenir ! Il a \u00e9galement critiqu\u00e9 Georges Soros et ses projets pour le monde.<\/p>\n\n\n\n<p>La r\u00e9action des bureaucrates de l&rsquo;Union europ\u00e9enne (UE) ne s&rsquo;est pas fait attendre : deux jours apr\u00e8s les \u00e9lections, la Commission europ\u00e9enne a commenc\u00e9 \u00e0 prendre des mesures contre la Hongrie.<\/p>\n\n\n\n<p>Le Parlement europ\u00e9en a invoqu\u00e9 les articles 2 et 7 du trait\u00e9 sur l&rsquo;Union europ\u00e9enne pour accuser la Hongrie de \u00ab\u00a0violer les valeurs europ\u00e9ennes\u00a0\u00bb mentionn\u00e9es \u00e0 l&rsquo;article 2. Ils contiennent de nombreux arguments, mais si on lit entre les lignes, il est clair que c&rsquo;est parce que la Hongrie ne respecte pas les \u00ab\u00a0nouveaux droits de l&rsquo;homme\u00a0\u00bb (sous-entendu : avortement libre, droits LGTBI,&#8230;). Normalement, la Commission europ\u00e9enne doit d\u00e9cider \u00e0 l&rsquo;unanimit\u00e9 qu&rsquo;un pays ne respecte pas les r\u00e8gles avant de le sanctionner. Jusqu&rsquo;\u00e0 pr\u00e9sent, la Pologne et la Hongrie se prot\u00e9geaient mutuellement contre de telles cons\u00e9quences, ce qui emp\u00eachait toute sanction. Mais cela a chang\u00e9. Ils ont adopt\u00e9 une loi qui leur permet de suspendre les paiements budg\u00e9taires \u00e0 un pays qu&rsquo;ils estiment contraire aux principes fondamentaux de l&rsquo;Union. La Pologne et la Hongrie ont protest\u00e9 contre cette loi, mais la Cour de justice europ\u00e9enne a tranch\u00e9 en faveur de la Commission europ\u00e9enne. Cons\u00e9quence : deux jours apr\u00e8s les \u00e9lections (ils attendaient de voir qui allait gagner), le 5 avril, la Commission europ\u00e9enne a lanc\u00e9 cette proc\u00e9dure contre la Hongrie. Il ne leur manque plus que 55 % des voix des Conseils europ\u00e9ens pour condamner la Hongrie et suspendre les paiements du budget europ\u00e9en. Cela repr\u00e9senterait une perte de 40 milliards d&rsquo;euros pour la Hongrie. Un montant \u00e9norme, surtout compte tenu de la situation \u00e9conomique du pays.<\/p>\n\n\n\n<p>Nous passerons ensuite \u00e0 4 sc\u00e9narios possibles \u00e9voqu\u00e9s par les m\u00e9dias face \u00e0 ces relations tumultueuses entre la Hongrie et l&rsquo;UE :<\/p>\n\n\n\n<ol class=\"wp-block-list\" type=\"1\"><li><strong>Divorce : la Hongrie est exclue de l&rsquo;UE ou la quitte<\/strong>. Ce sc\u00e9nario est irr\u00e9aliste, car il n&rsquo;y a pas de m\u00e9canisme pour les expulser et ils ne veulent pas partir comme les Anglais. Elle est mentionn\u00e9e dans certains m\u00e9dias, mais je ne la trouve pas tr\u00e8s cr\u00e9dible.<\/li><\/ol>\n\n\n\n<ol class=\"wp-block-list\" type=\"1\" start=\"2\"><li><strong>S\u00e9cession : la Hongrie se voit retirer sa voix dans les d\u00e9cisions de l&rsquo;UE<\/strong>. Ils ne pourraient plus voter sur les d\u00e9cisions importantes. Ce sc\u00e9nario ne me semble pas non plus r\u00e9aliste, car pour y parvenir, l&rsquo;unanimit\u00e9 des \u00c9tats membres (sans l&rsquo;\u00c9tat incrimin\u00e9) est toujours requise. Et la Pologne continue de soutenir la Hongrie.<\/li><\/ol>\n\n\n\n<ol class=\"wp-block-list\" type=\"1\" start=\"3\"><li><strong>Chantage \u00e9conomique : le paiement du budget de 40 milliards est suspendu<\/strong>. Cela me semble \u00eatre la solution la plus r\u00e9aliste. Bruxelles veut exercer une pression maximale sur les Hongrois pour les forcer \u00e0 accepter leurs \u00ab\u00a0valeurs europ\u00e9ennes\u00a0\u00bb, qui, comme chacun sait, sont gangren\u00e9es par le marxisme id\u00e9ologique et la promotion de l&rsquo;id\u00e9ologie du genre.<\/li><\/ol>\n\n\n\n<ol class=\"wp-block-list\" type=\"1\" start=\"4\"><li><strong>Ils tiennent bon : L&rsquo;UE tient bon et finit par c<\/strong>\u00e9der en attendant les prochaines \u00e9lections, o\u00f9 elle esp\u00e8re la victoire d&rsquo;une coalition plus conforme \u00e0 ses attentes. Cela ne me semble pas tr\u00e8s probable, car ils appara\u00eetraient alors faibles, mais ils pourraient c\u00e9der sur certains points en raison de la situation actuelle avec la Russie.<\/li><\/ol>\n","protected":false},"excerpt":{"rendered":"<p>Le parti Fidesz a gagn\u00e9 et a m\u00eame renforc\u00e9 sa majorit\u00e9 au Parlement. La r\u00e9action des bureaucrates de l&rsquo;UE ne s&rsquo;est pas fait attendre : deux jours apr\u00e8s les \u00e9lections, la Commission europ\u00e9enne a commenc\u00e9 \u00e0 prendre des mesures contre la Hongrie. Les bureaucrates n&rsquo;acceptent pas le r\u00e9sultat de la d\u00e9mocratie.<\/p>\n","protected":false},"author":576,"featured_media":139170,"comment_status":"open","ping_status":"open","sticky":false,"template":"","format":"standard","meta":{"give_campaign_id":0,"om_disable_all_campaigns":false,"_monsterinsights_skip_tracking":false,"_monsterinsights_sitenote_active":false,"_monsterinsights_sitenote_note":"","_monsterinsights_sitenote_category":0,"mc4wp_mailchimp_campaign":[],"jnews-multi-image_gallery":[],"jnews_single_post":{"subtitle":"Le parti Fidesz a gagn\u00e9 et a m\u00eame renforc\u00e9 sa majorit\u00e9 au Parlement. La r\u00e9action des bureaucrates de l'UE ne s'est pas fait attendre : deux jours apr\u00e8s les \u00e9lections, la Commission europ\u00e9enne a commenc\u00e9 \u00e0 prendre des mesures contre la Hongrie. Les bureaucrates n'acceptent pas le r\u00e9sultat de la d\u00e9mocratie.","format":"standard","video":"","gallery":"","source_name":"","source_url":"","via_name":"","via_url":"","override":[{"template":"1","single_blog_custom":"","parallax":"1","fullscreen":"1","layout":"right-sidebar","sidebar":"default-sidebar","second_sidebar":"default-sidebar","sticky_sidebar":"1","share_position":"top","share_float_style":"share-monocrhome","show_share_counter":"1","show_view_counter":"1","show_featured":"1","show_post_meta":"1","show_post_author":"1","show_post_author_image":"1","show_post_date":"1","post_date_format":"default","post_date_format_custom":"Y\/m\/d","show_post_category":"1","post_reading_time_wpm":"300","zoom_button_out_step":"2","zoom_button_in_step":"3","show_post_tag":"1","show_prev_next_post":"1","show_popup_post":"1","number_popup_post":"1"}],"image_override":[{"single_post_thumbnail_size":"crop-500","single_post_gallery_size":"crop-500"}],"trending_post_position":"meta","trending_post_label":"Trending","sponsored_post_label":"Sponsored by","sponsored_post_name":"","sponsored_post_url":"","sponsored_post_logo":"","sponsored_post_desc":""},"jnews_primary_category":{"id":"800"},"jnews_social_meta":{"fb_title":"Le parti Fidesz a gagn\u00e9 et a m\u00eame renforc\u00e9 sa majorit\u00e9 au Parlement. La r\u00e9action des bureaucrates de l'UE ne s'est pas fait attendre : deux jours apr\u00e8s les \u00e9lections, la Commission europ\u00e9enne a commenc\u00e9 \u00e0 prendre des mesures contre la Hongrie. Les bureaucrates n'acceptent pas le r\u00e9sultat de la d\u00e9mocratie.","fb_description":"","fb_image":"","twitter_title":"","twitter_description":"","twitter_image":""},"jnews_override_counter":{"view_counter_number":"0","share_counter_number":"0","like_counter_number":"0","dislike_counter_number":"0"},"footnotes":""},"categories":[809,800],"tags":[18004,11200,17431,18567],"class_list":["post-141075","post","type-post","status-publish","format-standard","has-post-thumbnail","hentry","category-foreground-fr","category-politique","tag-katalin-novak-fr-3","tag-politique-familiale-fr","tag-pro-famille-fr","tag-victor-orban-fr"],"yoast_head":"<!-- This site is optimized with the Yoast SEO Premium plugin v25.9 (Yoast SEO v27.3) - https:\/\/yoast.com\/product\/yoast-seo-premium-wordpress\/ -->\n<title>L&#039;UE et la Hongrie : divorce, s\u00e9paration ou chantage \u00e9conomique ? - IFN<\/title>\n<meta name=\"description\" content=\"Le parti Fidesz a gagn\u00e9 et a m\u00eame renforc\u00e9 sa majorit\u00e9 au Parlement. La r\u00e9action des bureaucrates de l&#039;UE ne s&#039;est pas fait attendre : deux jours apr\u00e8s les \u00e9lections, la Commission europ\u00e9enne a commenc\u00e9 \u00e0 prendre des mesures contre la Hongrie. Les bureaucrates n&#039;acceptent pas le r\u00e9sultat de la d\u00e9mocratie.\" \/>\n<meta name=\"robots\" content=\"index, follow, max-snippet:-1, max-image-preview:large, max-video-preview:-1\" \/>\n<link rel=\"canonical\" href=\"https:\/\/ifamnews.com\/fr\/l-ue-et-la-hongrie-divorce-s-paration-ou-chantage-conomique\" \/>\n<meta property=\"og:locale\" content=\"fr_FR\" \/>\n<meta property=\"og:type\" content=\"article\" \/>\n<meta property=\"og:title\" content=\"L&#039;UE et la Hongrie : divorce, s\u00e9paration ou chantage \u00e9conomique ?\" \/>\n<meta property=\"og:description\" content=\"Le parti Fidesz a gagn\u00e9 et a m\u00eame renforc\u00e9 sa majorit\u00e9 au Parlement. La r\u00e9action des bureaucrates de l&#039;UE ne s&#039;est pas fait attendre : deux jours apr\u00e8s les \u00e9lections, la Commission europ\u00e9enne a commenc\u00e9 \u00e0 prendre des mesures contre la Hongrie. Les bureaucrates n&#039;acceptent pas le r\u00e9sultat de la d\u00e9mocratie.\" \/>\n<meta property=\"og:url\" content=\"https:\/\/ifamnews.com\/fr\/l-ue-et-la-hongrie-divorce-s-paration-ou-chantage-conomique\" \/>\n<meta property=\"og:site_name\" content=\"IFN\" \/>\n<meta property=\"article:publisher\" content=\"https:\/\/www.facebook.com\/iFamNews\" \/>\n<meta property=\"article:published_time\" content=\"2022-05-03T05:29:09+00:00\" \/>\n<meta property=\"article:modified_time\" content=\"2022-05-03T05:29:11+00:00\" \/>\n<meta property=\"og:image\" content=\"https:\/\/ifamnews.com\/wp-content\/uploads\/2022\/05\/f9aad455-e81d-4c23-bfe6-de1d534ad17b_alta-libre-aspect-ratio_default_0.png\" \/>\n\t<meta property=\"og:image:width\" content=\"1200\" \/>\n\t<meta property=\"og:image:height\" content=\"675\" \/>\n\t<meta property=\"og:image:type\" content=\"image\/png\" \/>\n<meta name=\"author\" content=\"Cedric Lenners\" \/>\n<meta name=\"twitter:card\" content=\"summary_large_image\" \/>\n<meta name=\"twitter:creator\" content=\"@iFamNewsEN\" \/>\n<meta name=\"twitter:site\" content=\"@iFamNewsEN\" \/>\n<meta name=\"twitter:label1\" content=\"\u00c9crit par\" \/>\n\t<meta name=\"twitter:data1\" content=\"Cedric Lenners\" \/>\n\t<meta name=\"twitter:label2\" content=\"Dur\u00e9e de lecture estim\u00e9e\" \/>\n\t<meta name=\"twitter:data2\" content=\"3 minutes\" \/>\n<!-- \/ Yoast SEO Premium plugin. -->","yoast_head_json":{"title":"L'UE et la Hongrie : divorce, s\u00e9paration ou chantage \u00e9conomique ? - IFN","description":"Le parti Fidesz a gagn\u00e9 et a m\u00eame renforc\u00e9 sa majorit\u00e9 au Parlement. La r\u00e9action des bureaucrates de l'UE ne s'est pas fait attendre : deux jours apr\u00e8s les \u00e9lections, la Commission europ\u00e9enne a commenc\u00e9 \u00e0 prendre des mesures contre la Hongrie. Les bureaucrates n'acceptent pas le r\u00e9sultat de la d\u00e9mocratie.","robots":{"index":"index","follow":"follow","max-snippet":"max-snippet:-1","max-image-preview":"max-image-preview:large","max-video-preview":"max-video-preview:-1"},"canonical":"https:\/\/ifamnews.com\/fr\/l-ue-et-la-hongrie-divorce-s-paration-ou-chantage-conomique","og_locale":"fr_FR","og_type":"article","og_title":"L'UE et la Hongrie : divorce, s\u00e9paration ou chantage \u00e9conomique ?","og_description":"Le parti Fidesz a gagn\u00e9 et a m\u00eame renforc\u00e9 sa majorit\u00e9 au Parlement. La r\u00e9action des bureaucrates de l'UE ne s'est pas fait attendre : deux jours apr\u00e8s les \u00e9lections, la Commission europ\u00e9enne a commenc\u00e9 \u00e0 prendre des mesures contre la Hongrie. Les bureaucrates n'acceptent pas le r\u00e9sultat de la d\u00e9mocratie.","og_url":"https:\/\/ifamnews.com\/fr\/l-ue-et-la-hongrie-divorce-s-paration-ou-chantage-conomique","og_site_name":"IFN","article_publisher":"https:\/\/www.facebook.com\/iFamNews","article_published_time":"2022-05-03T05:29:09+00:00","article_modified_time":"2022-05-03T05:29:11+00:00","og_image":[{"width":1200,"height":675,"url":"https:\/\/ifamnews.com\/wp-content\/uploads\/2022\/05\/f9aad455-e81d-4c23-bfe6-de1d534ad17b_alta-libre-aspect-ratio_default_0.png","type":"image\/png"}],"author":"Cedric Lenners","twitter_card":"summary_large_image","twitter_creator":"@iFamNewsEN","twitter_site":"@iFamNewsEN","twitter_misc":{"\u00c9crit par":"Cedric Lenners","Dur\u00e9e de lecture estim\u00e9e":"3 minutes"},"schema":{"@context":"https:\/\/schema.org","@graph":[{"@type":"NewsArticle","@id":"https:\/\/ifamnews.com\/fr\/l-ue-et-la-hongrie-divorce-s-paration-ou-chantage-conomique#article","isPartOf":{"@id":"https:\/\/ifamnews.com\/fr\/l-ue-et-la-hongrie-divorce-s-paration-ou-chantage-conomique"},"author":{"name":"Cedric Lenners","@id":"https:\/\/ifamnews.com\/en\/#\/schema\/person\/73366277df7b3482ebc184bb8f40def2"},"headline":"L&rsquo;UE et la Hongrie : divorce, s\u00e9paration ou chantage \u00e9conomique ?","datePublished":"2022-05-03T05:29:09+00:00","dateModified":"2022-05-03T05:29:11+00:00","mainEntityOfPage":{"@id":"https:\/\/ifamnews.com\/fr\/l-ue-et-la-hongrie-divorce-s-paration-ou-chantage-conomique"},"wordCount":684,"commentCount":0,"publisher":{"@id":"https:\/\/ifamnews.com\/en\/#organization"},"image":{"@id":"https:\/\/ifamnews.com\/fr\/l-ue-et-la-hongrie-divorce-s-paration-ou-chantage-conomique#primaryimage"},"thumbnailUrl":"https:\/\/ifamnews.com\/wp-content\/uploads\/2022\/05\/f9aad455-e81d-4c23-bfe6-de1d534ad17b_alta-libre-aspect-ratio_default_0.png","keywords":["Katalin Novak","Politique familiale","pro-famille","Victor Orban"],"articleSection":["Foreground","Politique"],"inLanguage":"fr-FR","potentialAction":[{"@type":"CommentAction","name":"Comment","target":["https:\/\/ifamnews.com\/fr\/l-ue-et-la-hongrie-divorce-s-paration-ou-chantage-conomique#respond"]}]},{"@type":"WebPage","@id":"https:\/\/ifamnews.com\/fr\/l-ue-et-la-hongrie-divorce-s-paration-ou-chantage-conomique","url":"https:\/\/ifamnews.com\/fr\/l-ue-et-la-hongrie-divorce-s-paration-ou-chantage-conomique","name":"L'UE et la Hongrie : divorce, s\u00e9paration ou chantage \u00e9conomique ? - IFN","isPartOf":{"@id":"https:\/\/ifamnews.com\/en\/#website"},"primaryImageOfPage":{"@id":"https:\/\/ifamnews.com\/fr\/l-ue-et-la-hongrie-divorce-s-paration-ou-chantage-conomique#primaryimage"},"image":{"@id":"https:\/\/ifamnews.com\/fr\/l-ue-et-la-hongrie-divorce-s-paration-ou-chantage-conomique#primaryimage"},"thumbnailUrl":"https:\/\/ifamnews.com\/wp-content\/uploads\/2022\/05\/f9aad455-e81d-4c23-bfe6-de1d534ad17b_alta-libre-aspect-ratio_default_0.png","datePublished":"2022-05-03T05:29:09+00:00","dateModified":"2022-05-03T05:29:11+00:00","description":"Le parti Fidesz a gagn\u00e9 et a m\u00eame renforc\u00e9 sa majorit\u00e9 au Parlement. La r\u00e9action des bureaucrates de l'UE ne s'est pas fait attendre : deux jours apr\u00e8s les \u00e9lections, la Commission europ\u00e9enne a commenc\u00e9 \u00e0 prendre des mesures contre la Hongrie. Les bureaucrates n'acceptent pas le r\u00e9sultat de la d\u00e9mocratie.","breadcrumb":{"@id":"https:\/\/ifamnews.com\/fr\/l-ue-et-la-hongrie-divorce-s-paration-ou-chantage-conomique#breadcrumb"},"inLanguage":"fr-FR","potentialAction":[{"@type":"ReadAction","target":["https:\/\/ifamnews.com\/fr\/l-ue-et-la-hongrie-divorce-s-paration-ou-chantage-conomique"]}]},{"@type":"ImageObject","inLanguage":"fr-FR","@id":"https:\/\/ifamnews.com\/fr\/l-ue-et-la-hongrie-divorce-s-paration-ou-chantage-conomique#primaryimage","url":"https:\/\/ifamnews.com\/wp-content\/uploads\/2022\/05\/f9aad455-e81d-4c23-bfe6-de1d534ad17b_alta-libre-aspect-ratio_default_0.png","contentUrl":"https:\/\/ifamnews.com\/wp-content\/uploads\/2022\/05\/f9aad455-e81d-4c23-bfe6-de1d534ad17b_alta-libre-aspect-ratio_default_0.png","width":1200,"height":675},{"@type":"BreadcrumbList","@id":"https:\/\/ifamnews.com\/fr\/l-ue-et-la-hongrie-divorce-s-paration-ou-chantage-conomique#breadcrumb","itemListElement":[{"@type":"ListItem","position":1,"name":"Home","item":"https:\/\/ifamnews.com\/de"},{"@type":"ListItem","position":2,"name":"Politics","item":"https:\/\/ifamnews.com\/en\/category\/politics"},{"@type":"ListItem","position":3,"name":"L&#8217;UE et la Hongrie : divorce, s\u00e9paration ou chantage \u00e9conomique ?"}]},{"@type":"WebSite","@id":"https:\/\/ifamnews.com\/en\/#website","url":"https:\/\/ifamnews.com\/en\/","name":"IFN","description":"International Family News Network","publisher":{"@id":"https:\/\/ifamnews.com\/en\/#organization"},"potentialAction":[{"@type":"SearchAction","target":{"@type":"EntryPoint","urlTemplate":"https:\/\/ifamnews.com\/en\/?s={search_term_string}"},"query-input":{"@type":"PropertyValueSpecification","valueRequired":true,"valueName":"search_term_string"}}],"inLanguage":"fr-FR"},{"@type":"Organization","@id":"https:\/\/ifamnews.com\/en\/#organization","name":"iFamNews","url":"https:\/\/ifamnews.com\/en\/","logo":{"@type":"ImageObject","inLanguage":"fr-FR","@id":"https:\/\/ifamnews.com\/en\/#\/schema\/logo\/image\/","url":"https:\/\/ifamnews.com\/wp-content\/uploads\/2020\/01\/Share-logo.png","contentUrl":"https:\/\/ifamnews.com\/wp-content\/uploads\/2020\/01\/Share-logo.png","width":200,"height":200,"caption":"iFamNews"},"image":{"@id":"https:\/\/ifamnews.com\/en\/#\/schema\/logo\/image\/"},"sameAs":["https:\/\/www.facebook.com\/iFamNews","https:\/\/x.com\/iFamNewsEN"]},{"@type":"Person","@id":"https:\/\/ifamnews.com\/en\/#\/schema\/person\/73366277df7b3482ebc184bb8f40def2","name":"Cedric Lenners","image":{"@type":"ImageObject","inLanguage":"fr-FR","@id":"https:\/\/secure.gravatar.com\/avatar\/bdac3284aa50463573957490dbb609012f59949b6b777ba5cf3ea6c85bbddb3a?s=96&d=mm&r=g","url":"https:\/\/secure.gravatar.com\/avatar\/bdac3284aa50463573957490dbb609012f59949b6b777ba5cf3ea6c85bbddb3a?s=96&d=mm&r=g","contentUrl":"https:\/\/secure.gravatar.com\/avatar\/bdac3284aa50463573957490dbb609012f59949b6b777ba5cf3ea6c85bbddb3a?s=96&d=mm&r=g","caption":"Cedric Lenners"},"description":"Master of Science in Physics, with minors in Philosophy and Theology. Born and raised in Belgium, he has been living in Peru for many years. Lecturer and Professor, he has also been a professional poker player. He has done pro-life works in Latin America. Among those is the articulation for pro-life and pro-family organizations in Lima. He made an investigation showing the financing by Planned Parenthood of Latin American NGOs illegally promoting and encouraging abortions. Advise families to ease and promote foster care of children in an abandonment situation in Peru.","url":"https:\/\/ifamnews.com\/fr\/author\/cedric-lenners"}]}},"amp_enabled":true,"_links":{"self":[{"href":"https:\/\/ifamnews.com\/fr\/wp-json\/wp\/v2\/posts\/141075","targetHints":{"allow":["GET"]}}],"collection":[{"href":"https:\/\/ifamnews.com\/fr\/wp-json\/wp\/v2\/posts"}],"about":[{"href":"https:\/\/ifamnews.com\/fr\/wp-json\/wp\/v2\/types\/post"}],"author":[{"embeddable":true,"href":"https:\/\/ifamnews.com\/fr\/wp-json\/wp\/v2\/users\/576"}],"replies":[{"embeddable":true,"href":"https:\/\/ifamnews.com\/fr\/wp-json\/wp\/v2\/comments?post=141075"}],"version-history":[{"count":2,"href":"https:\/\/ifamnews.com\/fr\/wp-json\/wp\/v2\/posts\/141075\/revisions"}],"predecessor-version":[{"id":141078,"href":"https:\/\/ifamnews.com\/fr\/wp-json\/wp\/v2\/posts\/141075\/revisions\/141078"}],"wp:featuredmedia":[{"embeddable":true,"href":"https:\/\/ifamnews.com\/fr\/wp-json\/wp\/v2\/media\/139170"}],"wp:attachment":[{"href":"https:\/\/ifamnews.com\/fr\/wp-json\/wp\/v2\/media?parent=141075"}],"wp:term":[{"taxonomy":"category","embeddable":true,"href":"https:\/\/ifamnews.com\/fr\/wp-json\/wp\/v2\/categories?post=141075"},{"taxonomy":"post_tag","embeddable":true,"href":"https:\/\/ifamnews.com\/fr\/wp-json\/wp\/v2\/tags?post=141075"}],"curies":[{"name":"wp","href":"https:\/\/api.w.org\/{rel}","templated":true}]}}