{"id":139384,"date":"2022-04-23T02:09:41","date_gmt":"2022-04-23T06:09:41","guid":{"rendered":"https:\/\/ifamnews.com\/?p=139384"},"modified":"2022-04-23T02:09:43","modified_gmt":"2022-04-23T06:09:43","slug":"interdiction-de-la-pri-re-40-jours-pour-la-vie-gagne-nouveau-au-tribunal","status":"publish","type":"post","link":"https:\/\/ifamnews.com\/fr\/interdiction-de-la-pri-re-40-jours-pour-la-vie-gagne-nouveau-au-tribunal","title":{"rendered":"Interdiction de la pri\u00e8re : 40 jours pour la vie gagne \u00e0 nouveau au tribunal"},"content":{"rendered":"\n<p>Le rassemblement d&rsquo;un <em>groupe de pri\u00e8re de 40 jours pour la vie<\/em> devant un centre de consultation <em>pro familia<\/em> \u00e9tait l\u00e9gal, selon un jugement du tribunal administratif (VGH) de Kassel.<\/p>\n\n\n\n<p>Au d\u00e9but de l&rsquo;ann\u00e9e, l&rsquo;initiative de pri\u00e8re 40 jours pour la vie avait annonc\u00e9 une veill\u00e9e de pri\u00e8re devant l&rsquo;organisation locale d&rsquo;avortement pro familia pour la p\u00e9riode du Car\u00eame 2022. La ville de Francfort avait alors impos\u00e9 l&rsquo;obligation de ne prier qu&rsquo;en dehors des heures d&rsquo;ouverture, \u00e0 proximit\u00e9 imm\u00e9diate.<\/p>\n\n\n\n<p>Le groupe de pri\u00e8re a contest\u00e9 en justice les conditions impos\u00e9es par la ville par le biais d&rsquo;une demande urgente et a obtenu gain de cause. La r\u00e9union rel\u00e8ve indubitablement du droit fondamental de l&rsquo;article 8 de la Loi fondamentale qui prot\u00e8ge la libert\u00e9 de r\u00e9union. Ce dernier garantit aux titulaires de droits fondamentaux le droit de d\u00e9cider eux-m\u00eames du lieu, de la date, de la nature et du contenu de la r\u00e9union <a href=\"https:\/\/ifamnews.com\/de\/sieg-gebetsverbot-vor-abtreibungsorganisation-aufgehoben\">(IFamNews en avait parl\u00e9<\/a>).<\/p>\n\n\n\n<p>La ville de Francfort a alors d\u00e9pos\u00e9 un recours. La Cour supr\u00eame de Kassel a cependant confirm\u00e9 en deuxi\u00e8me instance la d\u00e9cision de la premi\u00e8re, \u00e0 savoir que \u00ab\u00a0l&rsquo;ordre juridique n&rsquo;accorde pas de protection contre la confrontation avec d&rsquo;autres points de vue non souhait\u00e9s\u00a0\u00bb.  <\/p>\n\n\n\n<p>\u00ab\u00a0Nous saluons la d\u00e9cision juste et nuanc\u00e9e de la Cour administrative de Kassel, qui souligne l&rsquo;importance de la libert\u00e9 d&rsquo;expression et de r\u00e9union dans l&rsquo;espace public. Les zones de censure entravent l&rsquo;exercice des droits d\u00e9mocratiques et le d\u00e9bat public. L&rsquo;engagement pacifique pour la protection du droit \u00e0 la vie dans le lieu de son choix ne doit pas \u00eatre combattu par le refoulement spatial de telles expressions d&rsquo;opinion, m\u00eame si celles-ci peuvent susciter chez d&rsquo;autres un malaise, une incompr\u00e9hension, voire une indignation. Telle est la situation juridique. Face aux projets du gouvernement f\u00e9d\u00e9ral de criminaliser les personnes qui participent \u00e0 des rassemblements de pri\u00e8re pacifiques \u00e0 proximit\u00e9 d&rsquo;organisations d&rsquo;avortement, cette d\u00e9cision donne de l&rsquo;espoir\u00a0\u00bb, a d\u00e9clar\u00e9 Dr. Felix B\u00f6llmann, avocat chez ADF International. L&rsquo;organisation de d\u00e9fense des droits de l&rsquo;homme soutient notamment le cas de <a href=\"https:\/\/www.adfinternational.de\/projekte\/frei-beten\/\">Pavica Vojnovi\u0107,<\/a> responsable d&rsquo;un groupe 40 jours pour la vie \u00e0 Pforzheim, dans une affaire similaire.  <\/p>\n\n\n\n<p>\u00ab\u00a0De tels groupes de pri\u00e8re visent \u00e0 soutenir les femmes et leurs enfants \u00e0 na\u00eetre dans une situation de conflit. De nombreuses femmes &#8211; dont des membres du groupe qui prient avec Pavica Vojnovi\u0107 &#8211; ont d\u00e9j\u00e0 \u00e9t\u00e9 encourag\u00e9es ou ont accept\u00e9 avec reconnaissance les offres d&rsquo;aide. Elles sont aujourd&rsquo;hui des m\u00e8res heureuses d&rsquo;enfants merveilleux. Cette possibilit\u00e9 ne devrait \u00eatre refus\u00e9e ni \u00e0 ceux qui offrent de l&rsquo;aide ni \u00e0 ceux qui en demandent\u00a0\u00bb, a d\u00e9clar\u00e9 B\u00f6llmann.  <\/p>\n","protected":false},"excerpt":{"rendered":"<p>La Cour supr\u00eame de Kassel a maintenant confirm\u00e9 en deuxi\u00e8me instance la d\u00e9cision de la premi\u00e8re, \u00e0 savoir que \u00ab\u00a0l&rsquo;ordre juridique n&rsquo;accorde pas de protection contre la confrontation avec d&rsquo;autres points de vue non souhait\u00e9s\u00a0\u00bb.  <\/p>\n","protected":false},"author":589,"featured_media":107201,"comment_status":"open","ping_status":"open","sticky":false,"template":"","format":"standard","meta":{"give_campaign_id":0,"om_disable_all_campaigns":false,"_monsterinsights_skip_tracking":false,"_monsterinsights_sitenote_active":false,"_monsterinsights_sitenote_note":"","_monsterinsights_sitenote_category":0,"mc4wp_mailchimp_campaign":[],"jnews-multi-image_gallery":[],"jnews_single_post":{"subtitle":"La Cour supr\u00eame de Kassel a maintenant confirm\u00e9 en deuxi\u00e8me instance la d\u00e9cision de la premi\u00e8re, \u00e0 savoir que \"l'ordre juridique n'accorde pas de protection contre la confrontation avec d'autres points de vue non souhait\u00e9s\".  ","format":"standard","video":"","gallery":"","source_name":"","source_url":"","via_name":"","via_url":"","override":[{"template":"1","single_blog_custom":"","parallax":"1","fullscreen":"1","layout":"right-sidebar","sidebar":"default-sidebar","second_sidebar":"default-sidebar","sticky_sidebar":"1","share_position":"top","share_float_style":"share-monocrhome","show_share_counter":"1","show_view_counter":"1","show_featured":"1","show_post_meta":"1","show_post_author":"1","show_post_author_image":"1","show_post_date":"1","post_date_format":"default","post_date_format_custom":"Y\/m\/d","show_post_category":"1","post_reading_time_wpm":"300","zoom_button_out_step":"2","zoom_button_in_step":"3","show_post_tag":"1","show_prev_next_post":"1","show_popup_post":"1","number_popup_post":"1"}],"image_override":[{"single_post_thumbnail_size":"crop-500","single_post_gallery_size":"crop-500"}],"trending_post_position":"meta","trending_post_label":"Trending","sponsored_post_label":"Sponsored by","sponsored_post_name":"","sponsored_post_url":"","sponsored_post_logo":"","sponsored_post_desc":""},"jnews_primary_category":{"id":"819"},"jnews_social_meta":{"fb_title":"","fb_description":"","fb_image":"","twitter_title":"","twitter_description":"","twitter_image":""},"jnews_override_counter":{"view_counter_number":"0","share_counter_number":"0","like_counter_number":"0","dislike_counter_number":"0"},"footnotes":""},"categories":[809,819],"tags":[18378,18380,8565,18381,18379,8302,18377],"class_list":["post-139384","post","type-post","status-publish","format-standard","has-post-thumbnail","hentry","category-foreground-fr","category-vie","tag-40-jours-pour-la-vie","tag-adf-international-fr","tag-avortement-fr-2","tag-felix-bollmann-fr","tag-francfort-sur-le-main","tag-protection-of-life-2-fr","tag-tribunal-fr"],"yoast_head":"<!-- This site is optimized with the Yoast SEO Premium plugin v25.9 (Yoast SEO v27.3) - https:\/\/yoast.com\/product\/yoast-seo-premium-wordpress\/ -->\n<title>Interdiction de la pri\u00e8re : 40 jours pour la vie gagne \u00e0 nouveau au tribunal - IFN<\/title>\n<meta name=\"description\" content=\"La Cour supr\u00eame de Kassel a maintenant confirm\u00e9 en deuxi\u00e8me instance la d\u00e9cision de la premi\u00e8re, \u00e0 savoir que &quot;l&#039;ordre juridique n&#039;accorde pas de protection contre la confrontation avec d&#039;autres points de vue non souhait\u00e9s&quot;.\" \/>\n<meta name=\"robots\" content=\"index, follow, max-snippet:-1, max-image-preview:large, max-video-preview:-1\" \/>\n<link rel=\"canonical\" href=\"https:\/\/ifamnews.com\/fr\/interdiction-de-la-pri-re-40-jours-pour-la-vie-gagne-nouveau-au-tribunal\" \/>\n<meta property=\"og:locale\" content=\"fr_FR\" \/>\n<meta property=\"og:type\" content=\"article\" \/>\n<meta property=\"og:title\" content=\"Interdiction de la pri\u00e8re : 40 jours pour la vie gagne \u00e0 nouveau au tribunal\" \/>\n<meta property=\"og:description\" content=\"La Cour supr\u00eame de Kassel a maintenant confirm\u00e9 en deuxi\u00e8me instance la d\u00e9cision de la premi\u00e8re, \u00e0 savoir que &quot;l&#039;ordre juridique n&#039;accorde pas de protection contre la confrontation avec d&#039;autres points de vue non souhait\u00e9s&quot;.\" \/>\n<meta property=\"og:url\" content=\"https:\/\/ifamnews.com\/fr\/interdiction-de-la-pri-re-40-jours-pour-la-vie-gagne-nouveau-au-tribunal\" \/>\n<meta property=\"og:site_name\" content=\"IFN\" \/>\n<meta property=\"article:publisher\" content=\"https:\/\/www.facebook.com\/iFamNews\" \/>\n<meta property=\"article:published_time\" content=\"2022-04-23T06:09:41+00:00\" \/>\n<meta property=\"article:modified_time\" content=\"2022-04-23T06:09:43+00:00\" \/>\n<meta property=\"og:image\" content=\"https:\/\/ifamnews.com\/wp-content\/uploads\/2021\/12\/IMG-20211001-WA0001-1.jpg\" \/>\n\t<meta property=\"og:image:width\" content=\"1200\" \/>\n\t<meta property=\"og:image:height\" content=\"675\" \/>\n\t<meta property=\"og:image:type\" content=\"image\/jpeg\" \/>\n<meta name=\"author\" content=\"Johann R. Porter\" \/>\n<meta name=\"twitter:card\" content=\"summary_large_image\" \/>\n<meta name=\"twitter:creator\" content=\"@iFamNewsEN\" \/>\n<meta name=\"twitter:site\" content=\"@iFamNewsEN\" \/>\n<meta name=\"twitter:label1\" content=\"\u00c9crit par\" \/>\n\t<meta name=\"twitter:data1\" content=\"Johann R. Porter\" \/>\n\t<meta name=\"twitter:label2\" content=\"Dur\u00e9e de lecture estim\u00e9e\" \/>\n\t<meta name=\"twitter:data2\" content=\"2 minutes\" \/>\n<!-- \/ Yoast SEO Premium plugin. -->","yoast_head_json":{"title":"Interdiction de la pri\u00e8re : 40 jours pour la vie gagne \u00e0 nouveau au tribunal - IFN","description":"La Cour supr\u00eame de Kassel a maintenant confirm\u00e9 en deuxi\u00e8me instance la d\u00e9cision de la premi\u00e8re, \u00e0 savoir que \"l'ordre juridique n'accorde pas de protection contre la confrontation avec d'autres points de vue non souhait\u00e9s\".","robots":{"index":"index","follow":"follow","max-snippet":"max-snippet:-1","max-image-preview":"max-image-preview:large","max-video-preview":"max-video-preview:-1"},"canonical":"https:\/\/ifamnews.com\/fr\/interdiction-de-la-pri-re-40-jours-pour-la-vie-gagne-nouveau-au-tribunal","og_locale":"fr_FR","og_type":"article","og_title":"Interdiction de la pri\u00e8re : 40 jours pour la vie gagne \u00e0 nouveau au tribunal","og_description":"La Cour supr\u00eame de Kassel a maintenant confirm\u00e9 en deuxi\u00e8me instance la d\u00e9cision de la premi\u00e8re, \u00e0 savoir que \"l'ordre juridique n'accorde pas de protection contre la confrontation avec d'autres points de vue non souhait\u00e9s\".","og_url":"https:\/\/ifamnews.com\/fr\/interdiction-de-la-pri-re-40-jours-pour-la-vie-gagne-nouveau-au-tribunal","og_site_name":"IFN","article_publisher":"https:\/\/www.facebook.com\/iFamNews","article_published_time":"2022-04-23T06:09:41+00:00","article_modified_time":"2022-04-23T06:09:43+00:00","og_image":[{"width":1200,"height":675,"url":"https:\/\/ifamnews.com\/wp-content\/uploads\/2021\/12\/IMG-20211001-WA0001-1.jpg","type":"image\/jpeg"}],"author":"Johann R. Porter","twitter_card":"summary_large_image","twitter_creator":"@iFamNewsEN","twitter_site":"@iFamNewsEN","twitter_misc":{"\u00c9crit par":"Johann R. Porter","Dur\u00e9e de lecture estim\u00e9e":"2 minutes"},"schema":{"@context":"https:\/\/schema.org","@graph":[{"@type":"NewsArticle","@id":"https:\/\/ifamnews.com\/fr\/interdiction-de-la-pri-re-40-jours-pour-la-vie-gagne-nouveau-au-tribunal#article","isPartOf":{"@id":"https:\/\/ifamnews.com\/fr\/interdiction-de-la-pri-re-40-jours-pour-la-vie-gagne-nouveau-au-tribunal"},"author":{"name":"Johann R. Porter","@id":"https:\/\/ifamnews.com\/en\/#\/schema\/person\/97c5fc10500c93e36c296295ba21a537"},"headline":"Interdiction de la pri\u00e8re : 40 jours pour la vie gagne \u00e0 nouveau au tribunal","datePublished":"2022-04-23T06:09:41+00:00","dateModified":"2022-04-23T06:09:43+00:00","mainEntityOfPage":{"@id":"https:\/\/ifamnews.com\/fr\/interdiction-de-la-pri-re-40-jours-pour-la-vie-gagne-nouveau-au-tribunal"},"wordCount":503,"commentCount":0,"publisher":{"@id":"https:\/\/ifamnews.com\/en\/#organization"},"image":{"@id":"https:\/\/ifamnews.com\/fr\/interdiction-de-la-pri-re-40-jours-pour-la-vie-gagne-nouveau-au-tribunal#primaryimage"},"thumbnailUrl":"https:\/\/ifamnews.com\/wp-content\/uploads\/2021\/12\/IMG-20211001-WA0001-1.jpg","keywords":["40 jours pour la vie","ADF International","avortement","Felix B\u00f6llmann","Francfort-sur-le-Main","Protection of life","Tribunal"],"articleSection":["Foreground","Vie"],"inLanguage":"fr-FR","potentialAction":[{"@type":"CommentAction","name":"Comment","target":["https:\/\/ifamnews.com\/fr\/interdiction-de-la-pri-re-40-jours-pour-la-vie-gagne-nouveau-au-tribunal#respond"]}]},{"@type":"WebPage","@id":"https:\/\/ifamnews.com\/fr\/interdiction-de-la-pri-re-40-jours-pour-la-vie-gagne-nouveau-au-tribunal","url":"https:\/\/ifamnews.com\/fr\/interdiction-de-la-pri-re-40-jours-pour-la-vie-gagne-nouveau-au-tribunal","name":"Interdiction de la pri\u00e8re : 40 jours pour la vie gagne \u00e0 nouveau au tribunal - IFN","isPartOf":{"@id":"https:\/\/ifamnews.com\/en\/#website"},"primaryImageOfPage":{"@id":"https:\/\/ifamnews.com\/fr\/interdiction-de-la-pri-re-40-jours-pour-la-vie-gagne-nouveau-au-tribunal#primaryimage"},"image":{"@id":"https:\/\/ifamnews.com\/fr\/interdiction-de-la-pri-re-40-jours-pour-la-vie-gagne-nouveau-au-tribunal#primaryimage"},"thumbnailUrl":"https:\/\/ifamnews.com\/wp-content\/uploads\/2021\/12\/IMG-20211001-WA0001-1.jpg","datePublished":"2022-04-23T06:09:41+00:00","dateModified":"2022-04-23T06:09:43+00:00","description":"La Cour supr\u00eame de Kassel a maintenant confirm\u00e9 en deuxi\u00e8me instance la d\u00e9cision de la premi\u00e8re, \u00e0 savoir que \"l'ordre juridique n'accorde pas de protection contre la confrontation avec d'autres points de vue non souhait\u00e9s\".","breadcrumb":{"@id":"https:\/\/ifamnews.com\/fr\/interdiction-de-la-pri-re-40-jours-pour-la-vie-gagne-nouveau-au-tribunal#breadcrumb"},"inLanguage":"fr-FR","potentialAction":[{"@type":"ReadAction","target":["https:\/\/ifamnews.com\/fr\/interdiction-de-la-pri-re-40-jours-pour-la-vie-gagne-nouveau-au-tribunal"]}]},{"@type":"ImageObject","inLanguage":"fr-FR","@id":"https:\/\/ifamnews.com\/fr\/interdiction-de-la-pri-re-40-jours-pour-la-vie-gagne-nouveau-au-tribunal#primaryimage","url":"https:\/\/ifamnews.com\/wp-content\/uploads\/2021\/12\/IMG-20211001-WA0001-1.jpg","contentUrl":"https:\/\/ifamnews.com\/wp-content\/uploads\/2021\/12\/IMG-20211001-WA0001-1.jpg","width":1200,"height":675},{"@type":"BreadcrumbList","@id":"https:\/\/ifamnews.com\/fr\/interdiction-de-la-pri-re-40-jours-pour-la-vie-gagne-nouveau-au-tribunal#breadcrumb","itemListElement":[{"@type":"ListItem","position":1,"name":"Home","item":"https:\/\/ifamnews.com\/de"},{"@type":"ListItem","position":2,"name":"Vie","item":"https:\/\/ifamnews.com\/fr\/categorie\/vie"},{"@type":"ListItem","position":3,"name":"Interdiction de la pri\u00e8re : 40 jours pour la vie gagne \u00e0 nouveau au tribunal"}]},{"@type":"WebSite","@id":"https:\/\/ifamnews.com\/en\/#website","url":"https:\/\/ifamnews.com\/en\/","name":"IFN","description":"International Family News Network","publisher":{"@id":"https:\/\/ifamnews.com\/en\/#organization"},"potentialAction":[{"@type":"SearchAction","target":{"@type":"EntryPoint","urlTemplate":"https:\/\/ifamnews.com\/en\/?s={search_term_string}"},"query-input":{"@type":"PropertyValueSpecification","valueRequired":true,"valueName":"search_term_string"}}],"inLanguage":"fr-FR"},{"@type":"Organization","@id":"https:\/\/ifamnews.com\/en\/#organization","name":"iFamNews","url":"https:\/\/ifamnews.com\/en\/","logo":{"@type":"ImageObject","inLanguage":"fr-FR","@id":"https:\/\/ifamnews.com\/en\/#\/schema\/logo\/image\/","url":"https:\/\/ifamnews.com\/wp-content\/uploads\/2020\/01\/Share-logo.png","contentUrl":"https:\/\/ifamnews.com\/wp-content\/uploads\/2020\/01\/Share-logo.png","width":200,"height":200,"caption":"iFamNews"},"image":{"@id":"https:\/\/ifamnews.com\/en\/#\/schema\/logo\/image\/"},"sameAs":["https:\/\/www.facebook.com\/iFamNews","https:\/\/x.com\/iFamNewsEN"]},{"@type":"Person","@id":"https:\/\/ifamnews.com\/en\/#\/schema\/person\/97c5fc10500c93e36c296295ba21a537","name":"Johann R. Porter","image":{"@type":"ImageObject","inLanguage":"fr-FR","@id":"https:\/\/secure.gravatar.com\/avatar\/b295da437fcd0635c3fe53d90b9545df9d7b3b7681f3a87122ec5cef8870a293?s=96&d=mm&r=g","url":"https:\/\/secure.gravatar.com\/avatar\/b295da437fcd0635c3fe53d90b9545df9d7b3b7681f3a87122ec5cef8870a293?s=96&d=mm&r=g","contentUrl":"https:\/\/secure.gravatar.com\/avatar\/b295da437fcd0635c3fe53d90b9545df9d7b3b7681f3a87122ec5cef8870a293?s=96&d=mm&r=g","caption":"Johann R. Porter"},"description":"A German-speaking social scientist and worker in the pro-life movement. [This author writes under a pseudonym.]","url":"https:\/\/ifamnews.com\/fr\/author\/jporter"}]}},"amp_enabled":true,"_links":{"self":[{"href":"https:\/\/ifamnews.com\/fr\/wp-json\/wp\/v2\/posts\/139384","targetHints":{"allow":["GET"]}}],"collection":[{"href":"https:\/\/ifamnews.com\/fr\/wp-json\/wp\/v2\/posts"}],"about":[{"href":"https:\/\/ifamnews.com\/fr\/wp-json\/wp\/v2\/types\/post"}],"author":[{"embeddable":true,"href":"https:\/\/ifamnews.com\/fr\/wp-json\/wp\/v2\/users\/589"}],"replies":[{"embeddable":true,"href":"https:\/\/ifamnews.com\/fr\/wp-json\/wp\/v2\/comments?post=139384"}],"version-history":[{"count":3,"href":"https:\/\/ifamnews.com\/fr\/wp-json\/wp\/v2\/posts\/139384\/revisions"}],"predecessor-version":[{"id":139387,"href":"https:\/\/ifamnews.com\/fr\/wp-json\/wp\/v2\/posts\/139384\/revisions\/139387"}],"wp:featuredmedia":[{"embeddable":true,"href":"https:\/\/ifamnews.com\/fr\/wp-json\/wp\/v2\/media\/107201"}],"wp:attachment":[{"href":"https:\/\/ifamnews.com\/fr\/wp-json\/wp\/v2\/media?parent=139384"}],"wp:term":[{"taxonomy":"category","embeddable":true,"href":"https:\/\/ifamnews.com\/fr\/wp-json\/wp\/v2\/categories?post=139384"},{"taxonomy":"post_tag","embeddable":true,"href":"https:\/\/ifamnews.com\/fr\/wp-json\/wp\/v2\/tags?post=139384"}],"curies":[{"name":"wp","href":"https:\/\/api.w.org\/{rel}","templated":true}]}}