{"id":137384,"date":"2022-04-12T03:50:16","date_gmt":"2022-04-12T07:50:16","guid":{"rendered":"https:\/\/ifamnews.com\/?p=137384"},"modified":"2022-04-12T03:50:17","modified_gmt":"2022-04-12T07:50:17","slug":"le-premier-ministre-britannique-fait-enfin-preuve-de-bon-sens-sur-la-question-des-transsexuels","status":"publish","type":"post","link":"https:\/\/ifamnews.com\/fr\/le-premier-ministre-britannique-fait-enfin-preuve-de-bon-sens-sur-la-question-des-transsexuels","title":{"rendered":"Le Premier ministre britannique fait enfin preuve de bon sens sur la question des transsexuels."},"content":{"rendered":"\n<p>Le parti conservateur de Grande-Bretagne peut sembler mal nomm\u00e9 pour un Am\u00e9ricain, car il est tr\u00e8s \u00e0 gauche du parti R\u00e9publicain sur la plupart des questions sociales. Par exemple, c&rsquo;est un gouvernement \u00ab\u00a0conservateur\u00a0\u00bb qui, en 2013, a d\u00e9fendu et adopt\u00e9 la loi l\u00e9galisant le mariage homosexuel en Grande-Bretagne. De m\u00eame, c&rsquo;est un gouvernement \u00ab\u00a0conservateur\u00a0\u00bb qui, en 2020, a exig\u00e9 que les \u00e9coles britanniques enseignent aux \u00e9l\u00e8ves l&rsquo;orientation sexuelle et l'\u00a0\u00bbidentit\u00e9 de genre\u00a0\u00bb.<\/p>\n\n\n\n<p>Cependant, on a appris cette semaine que m\u00eame les conservateurs ont une limite dans leur soutien \u00e0 l&rsquo;agenda LGBT radical. Comme le rapporte <a href=\"https:\/\/www.foxnews.com\/sports\/boris-johnson-biological-males-female-sporting-events\">Fox News<\/a> le 6 avril 2022, le Premier ministre conservateur Boris Johnson s&rsquo;est dit favorable \u00e0 l&rsquo;interdiction pour les hommes biologiques \u00ab\u00a0s&rsquo;identifiant\u00a0\u00bb comme des femmes, de concourir contre les femmes dans les sports ou d&rsquo;entrer dans des espaces \u00ab\u00a0s\u00fbrs\u00a0\u00bb, tels que les toilettes, les vestiaires et les prisons, r\u00e9serv\u00e9s aux femmes. Johnson a d\u00e9clar\u00e9 :<\/p>\n\n\n\n<blockquote class=\"wp-block-quote is-layout-flow wp-block-quote-is-layout-flow\"><p>\u00ab\u00a0Je ne pense pas que les hommes biologiques devraient participer \u00e0 des comp\u00e9titions sportives f\u00e9minines. C&rsquo;est peut-\u00eatre un sujet de controverse, mais cela me semble tout simplement raisonnable. Je pense aussi que les femmes devraient avoir des espaces &#8211; que ce soit dans les h\u00f4pitaux, les prisons, les vestiaires ou autres &#8211; qui leur sont r\u00e9serv\u00e9s.\u00a0\u00bb<\/p><\/blockquote>\n\n\n\n<p>Le Premier ministre a \u00e9galement d\u00e9clar\u00e9 que les mineurs ne devraient pas avoir le droit d&rsquo;effectuer une \u00ab\u00a0transition\u00a0\u00bb vers le sexe oppos\u00e9 (c&rsquo;est-\u00e0-dire de prendre seuls la d\u00e9cision de prendre des bloqueurs de pubert\u00e9 et des hormones transsexuelles ou d&rsquo;enlever leurs seins ou leur p\u00e9nis) sans l&rsquo;intervention des parents. Johnson a d\u00e9clar\u00e9 :<\/p>\n\n\n\n<blockquote class=\"wp-block-quote is-layout-flow wp-block-quote-is-layout-flow\"><p>Je ne pense pas qu&rsquo;il soit raisonnable que des enfants soient consid\u00e9r\u00e9s comme \u00ab\u00a0comp\u00e9tents\u00a0\u00bb pour prendre des d\u00e9cisions concernant leur sexe ou des traitements irr\u00e9versibles qu&rsquo;ils pourraient subir. Je pense juste qu&rsquo;il devrait y avoir au moins une implication des parents.\u00a0\u00bb<\/p><\/blockquote>\n\n\n\n<p>En ce qui concerne les organisations LGBT qui critiquaient ses positions sur le transgend\u00e9risme, Johnson a d\u00e9clar\u00e9 : \u00ab\u00a0Il y a des complexit\u00e9s et des sensibilit\u00e9s lorsque vous passez du domaine de la sexualit\u00e9 \u00e0 la question du genre, et il y a, je le crains, des choses qui doivent encore \u00eatre \u00e9labor\u00e9es.\u00a0\u00bb<\/p>\n\n\n\n<p>Cette semaine, le monde entier a appris que m\u00eame les conservateurs de Grande-Bretagne, qui par le pass\u00e9, ont trahi leur nom en d\u00e9fendant de nombreux points de l&rsquo;agenda LGBT radical, ont de fortes r\u00e9serves sur la partie transgenre de cet agenda. Enfin, un Premier ministre conservateur a fait preuve de bon sens sur les questions LGBT : les hommes biologiques ne devraient pas \u00eatre en concurrence avec les femmes ou partager leurs espaces priv\u00e9s et les mineurs n&rsquo;ont pas la capacit\u00e9 de prendre des d\u00e9cisions m\u00e9dicales susceptibles de changer leur vie et de les faire passer au sexe oppos\u00e9. Esp\u00e9rons qu&rsquo;un peu plus de bon sens pr\u00e9vaudra au sein du parti conservateur afin qu&rsquo;il ne soit plus appel\u00e9 \u00ab\u00a0le parti le moins radical\u00a0\u00bb de Grande-Bretagne.<\/p>\n","protected":false},"excerpt":{"rendered":"<p>Enfin, un Premier ministre conservateur a fait preuve de bon sens sur les questions LGBT : les hommes biologiques ne devraient pas \u00eatre en concurrence avec les femmes ou partager leurs espaces priv\u00e9s, et les mineurs n&rsquo;ont pas la capacit\u00e9 de prendre des d\u00e9cisions m\u00e9dicales susceptibles de changer la vie.<\/p>\n","protected":false},"author":651,"featured_media":137053,"comment_status":"open","ping_status":"open","sticky":false,"template":"","format":"standard","meta":{"give_campaign_id":0,"om_disable_all_campaigns":false,"_monsterinsights_skip_tracking":false,"_monsterinsights_sitenote_active":false,"_monsterinsights_sitenote_note":"","_monsterinsights_sitenote_category":0,"mc4wp_mailchimp_campaign":[],"jnews-multi-image_gallery":[],"jnews_single_post":{"subtitle":"Enfin, un premier ministre conservateur a fait preuve de bon sens sur les questions LGBT : les hommes biologiques ne devraient pas \u00eatre en concurrence avec les femmes ou partager leurs espaces priv\u00e9s, et les mineurs n'ont pas la capacit\u00e9 de prendre des d\u00e9cisions m\u00e9dicales susceptibles de changer la vie.","format":"standard","video":"","gallery":"","source_name":"","source_url":"","via_name":"","via_url":"","override":[{"template":"1","single_blog_custom":"","parallax":"1","fullscreen":"1","layout":"right-sidebar","sidebar":"default-sidebar","second_sidebar":"default-sidebar","sticky_sidebar":"1","share_position":"top","share_float_style":"share-monocrhome","show_share_counter":"1","show_view_counter":"1","show_featured":"1","show_post_meta":"1","show_post_author":"1","show_post_author_image":"1","show_post_date":"1","post_date_format":"default","post_date_format_custom":"Y\/m\/d","show_post_category":"1","post_reading_time_wpm":"300","zoom_button_out_step":"2","zoom_button_in_step":"3","show_post_tag":"1","show_prev_next_post":"1","show_popup_post":"1","number_popup_post":"1"}],"image_override":[{"single_post_thumbnail_size":"crop-500","single_post_gallery_size":"crop-500"}],"trending_post_position":"meta","trending_post_label":"Trending","sponsored_post_label":"Sponsored by","sponsored_post_name":"","sponsored_post_url":"","sponsored_post_logo":"","sponsored_post_desc":""},"jnews_primary_category":{"id":"800"},"jnews_social_meta":{"fb_title":"","fb_description":"","fb_image":"","twitter_title":"","twitter_description":"","twitter_image":""},"jnews_override_counter":{"view_counter_number":"0","share_counter_number":"0","like_counter_number":"0","dislike_counter_number":"0"},"footnotes":""},"categories":[809,800],"tags":[2847,14822,11105,18171],"class_list":["post-137384","post","type-post","status-publish","format-standard","has-post-thumbnail","hentry","category-foreground-fr","category-politique","tag-boris-johnson","tag-grande-bretagne","tag-lideologie-transgenre","tag-parti-conservateur"],"yoast_head":"<!-- This site is optimized with the Yoast SEO Premium plugin v25.9 (Yoast SEO v27.3) - https:\/\/yoast.com\/product\/yoast-seo-premium-wordpress\/ -->\n<title>Le Premier ministre britannique fait enfin preuve de bon sens sur la question des transsexuels. - IFN<\/title>\n<meta name=\"description\" content=\"Enfin, un premier ministre conservateur a fait preuve de bon sens sur les questions LGBT : les hommes biologiques ne devraient pas \u00eatre en concurrence avec les femmes ou partager leurs espaces priv\u00e9s, et les mineurs n&#039;ont pas la capacit\u00e9 de prendre des d\u00e9cisions m\u00e9dicales susceptibles de changer la vie.\" \/>\n<meta name=\"robots\" content=\"index, follow, max-snippet:-1, max-image-preview:large, max-video-preview:-1\" \/>\n<link rel=\"canonical\" href=\"https:\/\/ifamnews.com\/fr\/le-premier-ministre-britannique-fait-enfin-preuve-de-bon-sens-sur-la-question-des-transsexuels\" \/>\n<meta property=\"og:locale\" content=\"fr_FR\" \/>\n<meta property=\"og:type\" content=\"article\" \/>\n<meta property=\"og:title\" content=\"Le Premier ministre britannique fait enfin preuve de bon sens sur la question des transsexuels.\" \/>\n<meta property=\"og:description\" content=\"Enfin, un premier ministre conservateur a fait preuve de bon sens sur les questions LGBT : les hommes biologiques ne devraient pas \u00eatre en concurrence avec les femmes ou partager leurs espaces priv\u00e9s, et les mineurs n&#039;ont pas la capacit\u00e9 de prendre des d\u00e9cisions m\u00e9dicales susceptibles de changer la vie.\" \/>\n<meta property=\"og:url\" content=\"https:\/\/ifamnews.com\/fr\/le-premier-ministre-britannique-fait-enfin-preuve-de-bon-sens-sur-la-question-des-transsexuels\" \/>\n<meta property=\"og:site_name\" content=\"IFN\" \/>\n<meta property=\"article:publisher\" content=\"https:\/\/www.facebook.com\/iFamNews\" \/>\n<meta property=\"article:published_time\" content=\"2022-04-12T07:50:16+00:00\" \/>\n<meta property=\"article:modified_time\" content=\"2022-04-12T07:50:17+00:00\" \/>\n<meta property=\"og:image\" content=\"https:\/\/ifamnews.com\/wp-content\/uploads\/2022\/04\/paris-france-th-august-boris-johson-elysee-palace-prime-minister-united-kingdom-elysees-work-diner-french-179540125.jpg\" \/>\n\t<meta property=\"og:image:width\" content=\"800\" \/>\n\t<meta property=\"og:image:height\" content=\"534\" \/>\n\t<meta property=\"og:image:type\" content=\"image\/jpeg\" \/>\n<meta name=\"author\" content=\"Cato\" \/>\n<meta name=\"twitter:card\" content=\"summary_large_image\" \/>\n<meta name=\"twitter:creator\" content=\"@iFamNewsEN\" \/>\n<meta name=\"twitter:site\" content=\"@iFamNewsEN\" \/>\n<meta name=\"twitter:label1\" content=\"\u00c9crit par\" \/>\n\t<meta name=\"twitter:data1\" content=\"Cato\" \/>\n\t<meta name=\"twitter:label2\" content=\"Dur\u00e9e de lecture estim\u00e9e\" \/>\n\t<meta name=\"twitter:data2\" content=\"3 minutes\" \/>\n<!-- \/ Yoast SEO Premium plugin. -->","yoast_head_json":{"title":"Le Premier ministre britannique fait enfin preuve de bon sens sur la question des transsexuels. - IFN","description":"Enfin, un premier ministre conservateur a fait preuve de bon sens sur les questions LGBT : les hommes biologiques ne devraient pas \u00eatre en concurrence avec les femmes ou partager leurs espaces priv\u00e9s, et les mineurs n'ont pas la capacit\u00e9 de prendre des d\u00e9cisions m\u00e9dicales susceptibles de changer la vie.","robots":{"index":"index","follow":"follow","max-snippet":"max-snippet:-1","max-image-preview":"max-image-preview:large","max-video-preview":"max-video-preview:-1"},"canonical":"https:\/\/ifamnews.com\/fr\/le-premier-ministre-britannique-fait-enfin-preuve-de-bon-sens-sur-la-question-des-transsexuels","og_locale":"fr_FR","og_type":"article","og_title":"Le Premier ministre britannique fait enfin preuve de bon sens sur la question des transsexuels.","og_description":"Enfin, un premier ministre conservateur a fait preuve de bon sens sur les questions LGBT : les hommes biologiques ne devraient pas \u00eatre en concurrence avec les femmes ou partager leurs espaces priv\u00e9s, et les mineurs n'ont pas la capacit\u00e9 de prendre des d\u00e9cisions m\u00e9dicales susceptibles de changer la vie.","og_url":"https:\/\/ifamnews.com\/fr\/le-premier-ministre-britannique-fait-enfin-preuve-de-bon-sens-sur-la-question-des-transsexuels","og_site_name":"IFN","article_publisher":"https:\/\/www.facebook.com\/iFamNews","article_published_time":"2022-04-12T07:50:16+00:00","article_modified_time":"2022-04-12T07:50:17+00:00","og_image":[{"width":800,"height":534,"url":"https:\/\/ifamnews.com\/wp-content\/uploads\/2022\/04\/paris-france-th-august-boris-johson-elysee-palace-prime-minister-united-kingdom-elysees-work-diner-french-179540125.jpg","type":"image\/jpeg"}],"author":"Cato","twitter_card":"summary_large_image","twitter_creator":"@iFamNewsEN","twitter_site":"@iFamNewsEN","twitter_misc":{"\u00c9crit par":"Cato","Dur\u00e9e de lecture estim\u00e9e":"3 minutes"},"schema":{"@context":"https:\/\/schema.org","@graph":[{"@type":"NewsArticle","@id":"https:\/\/ifamnews.com\/fr\/le-premier-ministre-britannique-fait-enfin-preuve-de-bon-sens-sur-la-question-des-transsexuels#article","isPartOf":{"@id":"https:\/\/ifamnews.com\/fr\/le-premier-ministre-britannique-fait-enfin-preuve-de-bon-sens-sur-la-question-des-transsexuels"},"author":{"name":"Cato","@id":"https:\/\/ifamnews.com\/en\/#\/schema\/person\/d0e56511b7b7caedd2922a59482440ba"},"headline":"Le Premier ministre britannique fait enfin preuve de bon sens sur la question des transsexuels.","datePublished":"2022-04-12T07:50:16+00:00","dateModified":"2022-04-12T07:50:17+00:00","mainEntityOfPage":{"@id":"https:\/\/ifamnews.com\/fr\/le-premier-ministre-britannique-fait-enfin-preuve-de-bon-sens-sur-la-question-des-transsexuels"},"wordCount":542,"commentCount":0,"publisher":{"@id":"https:\/\/ifamnews.com\/en\/#organization"},"image":{"@id":"https:\/\/ifamnews.com\/fr\/le-premier-ministre-britannique-fait-enfin-preuve-de-bon-sens-sur-la-question-des-transsexuels#primaryimage"},"thumbnailUrl":"https:\/\/ifamnews.com\/wp-content\/uploads\/2022\/04\/paris-france-th-august-boris-johson-elysee-palace-prime-minister-united-kingdom-elysees-work-diner-french-179540125.jpg","keywords":["Boris Johnson","Grande-Bretagne","l'id\u00e9ologie transgenre","Parti conservateur"],"articleSection":["Foreground","Politique"],"inLanguage":"fr-FR","potentialAction":[{"@type":"CommentAction","name":"Comment","target":["https:\/\/ifamnews.com\/fr\/le-premier-ministre-britannique-fait-enfin-preuve-de-bon-sens-sur-la-question-des-transsexuels#respond"]}]},{"@type":"WebPage","@id":"https:\/\/ifamnews.com\/fr\/le-premier-ministre-britannique-fait-enfin-preuve-de-bon-sens-sur-la-question-des-transsexuels","url":"https:\/\/ifamnews.com\/fr\/le-premier-ministre-britannique-fait-enfin-preuve-de-bon-sens-sur-la-question-des-transsexuels","name":"Le Premier ministre britannique fait enfin preuve de bon sens sur la question des transsexuels. - IFN","isPartOf":{"@id":"https:\/\/ifamnews.com\/en\/#website"},"primaryImageOfPage":{"@id":"https:\/\/ifamnews.com\/fr\/le-premier-ministre-britannique-fait-enfin-preuve-de-bon-sens-sur-la-question-des-transsexuels#primaryimage"},"image":{"@id":"https:\/\/ifamnews.com\/fr\/le-premier-ministre-britannique-fait-enfin-preuve-de-bon-sens-sur-la-question-des-transsexuels#primaryimage"},"thumbnailUrl":"https:\/\/ifamnews.com\/wp-content\/uploads\/2022\/04\/paris-france-th-august-boris-johson-elysee-palace-prime-minister-united-kingdom-elysees-work-diner-french-179540125.jpg","datePublished":"2022-04-12T07:50:16+00:00","dateModified":"2022-04-12T07:50:17+00:00","description":"Enfin, un premier ministre conservateur a fait preuve de bon sens sur les questions LGBT : les hommes biologiques ne devraient pas \u00eatre en concurrence avec les femmes ou partager leurs espaces priv\u00e9s, et les mineurs n'ont pas la capacit\u00e9 de prendre des d\u00e9cisions m\u00e9dicales susceptibles de changer la vie.","breadcrumb":{"@id":"https:\/\/ifamnews.com\/fr\/le-premier-ministre-britannique-fait-enfin-preuve-de-bon-sens-sur-la-question-des-transsexuels#breadcrumb"},"inLanguage":"fr-FR","potentialAction":[{"@type":"ReadAction","target":["https:\/\/ifamnews.com\/fr\/le-premier-ministre-britannique-fait-enfin-preuve-de-bon-sens-sur-la-question-des-transsexuels"]}]},{"@type":"ImageObject","inLanguage":"fr-FR","@id":"https:\/\/ifamnews.com\/fr\/le-premier-ministre-britannique-fait-enfin-preuve-de-bon-sens-sur-la-question-des-transsexuels#primaryimage","url":"https:\/\/ifamnews.com\/wp-content\/uploads\/2022\/04\/paris-france-th-august-boris-johson-elysee-palace-prime-minister-united-kingdom-elysees-work-diner-french-179540125.jpg","contentUrl":"https:\/\/ifamnews.com\/wp-content\/uploads\/2022\/04\/paris-france-th-august-boris-johson-elysee-palace-prime-minister-united-kingdom-elysees-work-diner-french-179540125.jpg","width":800,"height":534},{"@type":"BreadcrumbList","@id":"https:\/\/ifamnews.com\/fr\/le-premier-ministre-britannique-fait-enfin-preuve-de-bon-sens-sur-la-question-des-transsexuels#breadcrumb","itemListElement":[{"@type":"ListItem","position":1,"name":"Home","item":"https:\/\/ifamnews.com\/de"},{"@type":"ListItem","position":2,"name":"Politics","item":"https:\/\/ifamnews.com\/en\/category\/politics"},{"@type":"ListItem","position":3,"name":"Le Premier ministre britannique fait enfin preuve de bon sens sur la question des transsexuels."}]},{"@type":"WebSite","@id":"https:\/\/ifamnews.com\/en\/#website","url":"https:\/\/ifamnews.com\/en\/","name":"IFN","description":"International Family News Network","publisher":{"@id":"https:\/\/ifamnews.com\/en\/#organization"},"potentialAction":[{"@type":"SearchAction","target":{"@type":"EntryPoint","urlTemplate":"https:\/\/ifamnews.com\/en\/?s={search_term_string}"},"query-input":{"@type":"PropertyValueSpecification","valueRequired":true,"valueName":"search_term_string"}}],"inLanguage":"fr-FR"},{"@type":"Organization","@id":"https:\/\/ifamnews.com\/en\/#organization","name":"iFamNews","url":"https:\/\/ifamnews.com\/en\/","logo":{"@type":"ImageObject","inLanguage":"fr-FR","@id":"https:\/\/ifamnews.com\/en\/#\/schema\/logo\/image\/","url":"https:\/\/ifamnews.com\/wp-content\/uploads\/2020\/01\/Share-logo.png","contentUrl":"https:\/\/ifamnews.com\/wp-content\/uploads\/2020\/01\/Share-logo.png","width":200,"height":200,"caption":"iFamNews"},"image":{"@id":"https:\/\/ifamnews.com\/en\/#\/schema\/logo\/image\/"},"sameAs":["https:\/\/www.facebook.com\/iFamNews","https:\/\/x.com\/iFamNewsEN"]},{"@type":"Person","@id":"https:\/\/ifamnews.com\/en\/#\/schema\/person\/d0e56511b7b7caedd2922a59482440ba","name":"Cato","image":{"@type":"ImageObject","inLanguage":"fr-FR","@id":"https:\/\/secure.gravatar.com\/avatar\/69b258be912b2a9b1ef3917af1a950d6279239e325672d64c73a2c0dfe012d11?s=96&d=mm&r=g","url":"https:\/\/secure.gravatar.com\/avatar\/69b258be912b2a9b1ef3917af1a950d6279239e325672d64c73a2c0dfe012d11?s=96&d=mm&r=g","contentUrl":"https:\/\/secure.gravatar.com\/avatar\/69b258be912b2a9b1ef3917af1a950d6279239e325672d64c73a2c0dfe012d11?s=96&d=mm&r=g","caption":"Cato"},"description":"Cato is a staunch defender of Western Civilization and the Judeo-Christian worldview. He will end all of his articles: \"And the radical LGBT agenda must be defeated\" as this is the pre-eminent battle of our day.","url":"https:\/\/ifamnews.com\/fr\/author\/rsiedlecki"}]}},"amp_enabled":true,"_links":{"self":[{"href":"https:\/\/ifamnews.com\/fr\/wp-json\/wp\/v2\/posts\/137384","targetHints":{"allow":["GET"]}}],"collection":[{"href":"https:\/\/ifamnews.com\/fr\/wp-json\/wp\/v2\/posts"}],"about":[{"href":"https:\/\/ifamnews.com\/fr\/wp-json\/wp\/v2\/types\/post"}],"author":[{"embeddable":true,"href":"https:\/\/ifamnews.com\/fr\/wp-json\/wp\/v2\/users\/651"}],"replies":[{"embeddable":true,"href":"https:\/\/ifamnews.com\/fr\/wp-json\/wp\/v2\/comments?post=137384"}],"version-history":[{"count":4,"href":"https:\/\/ifamnews.com\/fr\/wp-json\/wp\/v2\/posts\/137384\/revisions"}],"predecessor-version":[{"id":137389,"href":"https:\/\/ifamnews.com\/fr\/wp-json\/wp\/v2\/posts\/137384\/revisions\/137389"}],"wp:featuredmedia":[{"embeddable":true,"href":"https:\/\/ifamnews.com\/fr\/wp-json\/wp\/v2\/media\/137053"}],"wp:attachment":[{"href":"https:\/\/ifamnews.com\/fr\/wp-json\/wp\/v2\/media?parent=137384"}],"wp:term":[{"taxonomy":"category","embeddable":true,"href":"https:\/\/ifamnews.com\/fr\/wp-json\/wp\/v2\/categories?post=137384"},{"taxonomy":"post_tag","embeddable":true,"href":"https:\/\/ifamnews.com\/fr\/wp-json\/wp\/v2\/tags?post=137384"}],"curies":[{"name":"wp","href":"https:\/\/api.w.org\/{rel}","templated":true}]}}