{"id":137061,"date":"2022-04-11T00:37:00","date_gmt":"2022-04-11T04:37:00","guid":{"rendered":"https:\/\/ifamnews.com\/?p=137061"},"modified":"2022-04-11T00:37:00","modified_gmt":"2022-04-11T04:37:00","slug":"biden-s-incline-devant-le-lobby-trans-une-nouvelle-journ-e-de-comm-moration-de-la-visibilit-trans-est-instaur-e-aux-etats-unis","status":"publish","type":"post","link":"https:\/\/ifamnews.com\/fr\/biden-s-incline-devant-le-lobby-trans-une-nouvelle-journ-e-de-comm-moration-de-la-visibilit-trans-est-instaur-e-aux-etats-unis","title":{"rendered":"Biden s&rsquo;incline devant le lobby \u00ab\u00a0trans\u00a0\u00bb : une nouvelle journ\u00e9e de comm\u00e9moration de la \u00ab\u00a0visibilit\u00e9 trans\u00a0\u00bb est instaur\u00e9e aux Etats-Unis"},"content":{"rendered":"\n<p>Il y a d\u00e9sormais un \u00ab\u00a0jour\u00a0\u00bb pour tout, pour les carbonara, les baisers et la conservation des grenouilles. Il y a quelques jours, le 31 mars, c&rsquo;\u00e9tait la Journ\u00e9e Internationale de la Visibilit\u00e9 des <em>personnes trans<\/em>genres, consacr\u00e9e \u00e0 la sensibilisation contre les \u00e9ventuelles discriminations \u00e0 l&rsquo;encontre des <em>personnes transgenres<\/em>, et Joe Biden, le pr\u00e9sident des \u00c9tats-Unis d&rsquo;Am\u00e9rique, a c\u00e9l\u00e9br\u00e9 l&rsquo;\u00e9v\u00e9nement <a href=\"https:\/\/www.whitehouse.gov\/briefing-room\/presidential-actions\/2022\/03\/30\/a-proclamation-on-transgender-day-of-visibility-2022\/\" target=\"_blank\" rel=\"noreferrer noopener\">par une d\u00e9claration<\/a>.<\/p>\n\n\n\n<p>\u00ab\u00a0Je veux que vous sachiez que votre pr\u00e9sident vous voit\u00a0\u00bb, a d\u00e9clar\u00e9 Biden en s&rsquo;adressant \u00e0 son public. Et la <em>premi\u00e8re dame<\/em>, la vice-pr\u00e9sidente Kamala Harris, son mari et toute l&rsquo;administration voient \u00e9galement \u00ab\u00a0la r\u00e9silience, la force et la joie des <em>personnes transgenres<\/em>, non binaires et non conformes\u00a0\u00bb. Pour reprendre les mots du pr\u00e9sident Biden, \u00ab\u00a0la visibilit\u00e9 est importante et tant d&rsquo;Am\u00e9ricains <em>transgenres<\/em>, non-binaires et atypiques sur le plan du genre en tirent le meilleur parti. Comme jamais auparavant, ils racontent leurs histoires dans des livres et des magazines ; ils brisent le plafond de verre de la repr\u00e9sentation \u00e0 la t\u00e9l\u00e9vision et sur les \u00e9crans de cin\u00e9ma ; ils s&rsquo;enr\u00f4lent &#8211; une fois de plus &#8211; pour servir fi\u00e8rement et ouvertement dans notre arm\u00e9e ; ils se pr\u00e9sentent \u00e0 des postes et s&rsquo;engagent en politique \u00e0 tous les niveaux de gouvernement ; ils dirigent des entreprises, traitent des maladies et servent nos communaut\u00e9s d&rsquo;innombrables autres fa\u00e7ons\u00a0\u00bb.<\/p>\n\n\n\n<p>Pourtant, le r\u00e9cit <a href=\"https:\/\/ifamnews.com\/fr\/des-fissures-apparaissent-dans-l-orthodoxie-lgbt\" target=\"_blank\" rel=\"noreferrer noopener\"><em>dominant <\/em><\/a>et les paroles du pr\u00e9sident am\u00e9ricain qui le suivent le confirment, \u00e9voquant la discrimination, le silence et la censure. Une raison pour laquelle il devrait y avoir une journ\u00e9e d\u00e9di\u00e9e pr\u00e9cis\u00e9ment \u00e0 la visibilit\u00e9 des <em>personnes transgenres <\/em>. Cependant les calculs ne s&rsquo;additionnent pas lorsque la sexualit\u00e9 fluide regarde et sourit de chaque \u00e9cran, sur chaque couverture de journal ou de magazine, au cin\u00e9ma et sur <em>Internet<\/em>, et partout. A cet \u00e9gard, il existe des exemples \u00ab\u00a0illustres\u00a0\u00bb.<\/p>\n\n\n\n<p>C&rsquo;est le cas pour <a href=\"https:\/\/ifamnews.com\/it\/twitter-ama-le-bugie\" target=\"_blank\" rel=\"noreferrer noopener\">Richard Levine, le premier <em>fonctionnaire f\u00e9d\u00e9ral am\u00e9ricain<\/em> ouvertement <em>transsexuel<\/em><\/a> qui r\u00e9pond au nom de \u00ab\u00a0Rachel\u00a0\u00bb et qui a \u00e9t\u00e9 pr\u00e9sent\u00e9e par Joe Biden lui-m\u00eame en <a href=\"https:\/\/twitter.com\/WhiteHouse\/status\/1351569480137240577?ref_src=twsrc%5Etfw%7Ctwcamp%5Etweetembed%7Ctwterm%5E1351569480137240577%7Ctwgr%5E%7Ctwcon%5Es1_&amp;ref_url=https%3A%2F%2Fthenationaldesk.com%2Fnews%2Famericas-news-now%2Fusa-today-bashed-for-naming-rachel-levine-woman-of-the-year\" target=\"_blank\" rel=\"noreferrer noopener\">janvier 2021<\/a> et confirm\u00e9 par le S\u00e9nat dans sa fonction d&rsquo;assistant du minist\u00e8re f\u00e9d\u00e9ral de la Sant\u00e9 et qui<a href=\"https:\/\/eu.usatoday.com\/in-depth\/opinion\/2022\/03\/13\/melinda-french-gates-simone-biles-women-of-year\/6922631001\/\" target=\"_blank\" rel=\"noreferrer noopener\"> a \u00e9t\u00e9 \u00e9lue par <em>USA Today<\/em> comme l&rsquo;une des \u00ab\u00a0[&#8230;] femmes de l&rsquo;ann\u00e9e<\/a>, une reconnaissance des femmes \u00e0 travers le pays qui ont exerc\u00e9 une influence significative\u00a0\u00bb, comme le souligne le site du journal am\u00e9ricain<em>Web<\/em>.<\/p>\n\n\n\n<p>Et puis il y a Sam Briton, 34 ans, dipl\u00f4m\u00e9 du Massachusetts Institute of Technology dans les domaines des syst\u00e8mes techniques et de l&rsquo;\u00e9nergie nucl\u00e9aire, une <a href=\"https:\/\/ifamnews.com\/en?p=126503\" target=\"_blank\" rel=\"noreferrer noopener\">\u00ab\u00a0Drag Queen blasph\u00e9matoire<\/a>\u00a0\u00bb que Biden a \u00e9galement nomm\u00e9e sous-secr\u00e9taire d&rsquo;\u00c9tat au traitement des d\u00e9chets et aux huiles usag\u00e9es au minist\u00e8re de l&rsquo;\u00c9nergie.  <\/p>\n\n\n\n<p>Sans parler du monde du spectacle, o\u00f9 l&rsquo;on retrouve par exemple sur sc\u00e8ne lors de la derni\u00e8re c\u00e9r\u00e9monie des Oscars, v\u00eatu de rouge et le sourire \u00e9clatant,  <a href=\"https:\/\/www.vanityfair.it\/article\/ariana-debose-fa-la-storia-prima-donna-nera-queer-vincere-oscar-foto\" target=\"_blank\" rel=\"noreferrer noopener\">Ariana DeBose, la premi\u00e8re femme noire <em>queer<\/em> \u00e0 remporter l&rsquo;Oscar de la meilleure actrice dans un second r\u00f4le<\/a>  pour le film <em>West Side Story, <\/em>sous les applaudissements enthousiastes de la presse mondiale.<\/p>\n\n\n\n<p>Ce n&rsquo;est donc pas la visibilit\u00e9 qui semble faire d\u00e9faut <em>aux personnes transgenres<\/em> <em>,<\/em> et surtout pas aux \u00c9tats-Unis.<\/p>\n","protected":false},"excerpt":{"rendered":"<p>Pourtant, le r\u00e9cit courant et id\u00e9ologique d\u00e9nonce leur discrimination et leur manque de visibilit\u00e9 et de reconnaissance<\/p>\n","protected":false},"author":46,"featured_media":135636,"comment_status":"open","ping_status":"open","sticky":false,"template":"","format":"standard","meta":{"give_campaign_id":0,"om_disable_all_campaigns":false,"_monsterinsights_skip_tracking":false,"_monsterinsights_sitenote_active":false,"_monsterinsights_sitenote_note":"","_monsterinsights_sitenote_category":0,"mc4wp_mailchimp_campaign":[],"jnews-multi-image_gallery":[],"jnews_single_post":{"subtitle":"Pourtant, le r\u00e9cit courant et id\u00e9ologique d\u00e9nonce leur discrimination et leur manque de visibilit\u00e9 et de reconnaissance","format":"standard"},"jnews_primary_category":[],"jnews_social_meta":[],"jnews_override_counter":[],"footnotes":""},"categories":[798,809],"tags":[2188,11080,11105,15510],"class_list":["post-137061","post","type-post","status-publish","format-standard","has-post-thumbnail","hentry","category-famille","category-foreground-fr","tag-joe-biden","tag-lideologie-lgbt","tag-lideologie-transgenre","tag-transgender"],"yoast_head":"<!-- This site is optimized with the Yoast SEO Premium plugin v25.9 (Yoast SEO v27.3) - https:\/\/yoast.com\/product\/yoast-seo-premium-wordpress\/ -->\n<title>Biden s&#039;incline devant le lobby &quot;trans&quot; : une nouvelle journ\u00e9e de comm\u00e9moration de la &quot;visibilit\u00e9 trans&quot; est instaur\u00e9e aux Etats-Unis - &quot;iFamNews<\/title>\n<meta name=\"description\" content=\"Pourtant, le r\u00e9cit courant et id\u00e9ologique d\u00e9nonce leur discrimination et leur manque de visibilit\u00e9 et de reconnaissance\" \/>\n<meta name=\"robots\" content=\"index, follow, max-snippet:-1, max-image-preview:large, max-video-preview:-1\" \/>\n<link rel=\"canonical\" href=\"https:\/\/ifamnews.com\/fr\/biden-s-incline-devant-le-lobby-trans-une-nouvelle-journ-e-de-comm-moration-de-la-visibilit-trans-est-instaur-e-aux-etats-unis\" \/>\n<meta property=\"og:locale\" content=\"fr_FR\" \/>\n<meta property=\"og:type\" content=\"article\" \/>\n<meta property=\"og:title\" content=\"Biden s&#039;incline devant le lobby &quot;trans&quot; : une nouvelle journ\u00e9e de comm\u00e9moration de la &quot;visibilit\u00e9 trans&quot; est instaur\u00e9e aux Etats-Unis\" \/>\n<meta property=\"og:description\" content=\"Pourtant, le r\u00e9cit courant et id\u00e9ologique d\u00e9nonce leur discrimination et leur manque de visibilit\u00e9 et de reconnaissance\" \/>\n<meta property=\"og:url\" content=\"https:\/\/ifamnews.com\/fr\/biden-s-incline-devant-le-lobby-trans-une-nouvelle-journ-e-de-comm-moration-de-la-visibilit-trans-est-instaur-e-aux-etats-unis\" \/>\n<meta property=\"og:site_name\" content=\"IFN\" \/>\n<meta property=\"article:publisher\" content=\"https:\/\/www.facebook.com\/iFamNews\" \/>\n<meta property=\"article:author\" content=\"https:\/\/www.facebook.com\/iFamNews\/\" \/>\n<meta property=\"article:published_time\" content=\"2022-04-11T04:37:00+00:00\" \/>\n<meta property=\"og:image\" content=\"https:\/\/ifamnews.com\/wp-content\/uploads\/2022\/04\/Biden-Transgender.jpg\" \/>\n\t<meta property=\"og:image:width\" content=\"700\" \/>\n\t<meta property=\"og:image:height\" content=\"363\" \/>\n\t<meta property=\"og:image:type\" content=\"image\/jpeg\" \/>\n<meta name=\"author\" content=\"iFamNews Italia\" \/>\n<meta name=\"twitter:card\" content=\"summary_large_image\" \/>\n<meta name=\"twitter:creator\" content=\"@https:\/\/twitter.com\/iFamNewsIT\" \/>\n<meta name=\"twitter:site\" content=\"@iFamNewsEN\" \/>\n<meta name=\"twitter:label1\" content=\"\u00c9crit par\" \/>\n\t<meta name=\"twitter:data1\" content=\"IFN Italie\" \/>\n\t<meta name=\"twitter:label2\" content=\"Dur\u00e9e de lecture estim\u00e9e\" \/>\n\t<meta name=\"twitter:data2\" content=\"3 minutes\" \/>\n<!-- \/ Yoast SEO Premium plugin. -->","yoast_head_json":{"title":"Biden s'incline devant le lobby \"trans\" : une nouvelle journ\u00e9e de comm\u00e9moration de la \"visibilit\u00e9 trans\" est instaur\u00e9e aux Etats-Unis - \"iFamNews","description":"Pourtant, le r\u00e9cit courant et id\u00e9ologique d\u00e9nonce leur discrimination et leur manque de visibilit\u00e9 et de reconnaissance","robots":{"index":"index","follow":"follow","max-snippet":"max-snippet:-1","max-image-preview":"max-image-preview:large","max-video-preview":"max-video-preview:-1"},"canonical":"https:\/\/ifamnews.com\/fr\/biden-s-incline-devant-le-lobby-trans-une-nouvelle-journ-e-de-comm-moration-de-la-visibilit-trans-est-instaur-e-aux-etats-unis","og_locale":"fr_FR","og_type":"article","og_title":"Biden s'incline devant le lobby \"trans\" : une nouvelle journ\u00e9e de comm\u00e9moration de la \"visibilit\u00e9 trans\" est instaur\u00e9e aux Etats-Unis","og_description":"Pourtant, le r\u00e9cit courant et id\u00e9ologique d\u00e9nonce leur discrimination et leur manque de visibilit\u00e9 et de reconnaissance","og_url":"https:\/\/ifamnews.com\/fr\/biden-s-incline-devant-le-lobby-trans-une-nouvelle-journ-e-de-comm-moration-de-la-visibilit-trans-est-instaur-e-aux-etats-unis","og_site_name":"IFN","article_publisher":"https:\/\/www.facebook.com\/iFamNews","article_author":"https:\/\/www.facebook.com\/iFamNews\/","article_published_time":"2022-04-11T04:37:00+00:00","og_image":[{"width":700,"height":363,"url":"https:\/\/ifamnews.com\/wp-content\/uploads\/2022\/04\/Biden-Transgender.jpg","type":"image\/jpeg"}],"author":"iFamNews Italia","twitter_card":"summary_large_image","twitter_creator":"@https:\/\/twitter.com\/iFamNewsIT","twitter_site":"@iFamNewsEN","twitter_misc":{"\u00c9crit par":"IFN Italie","Dur\u00e9e de lecture estim\u00e9e":"3 minutes"},"schema":{"@context":"https:\/\/schema.org","@graph":[{"@type":"NewsArticle","@id":"https:\/\/ifamnews.com\/fr\/biden-s-incline-devant-le-lobby-trans-une-nouvelle-journ-e-de-comm-moration-de-la-visibilit-trans-est-instaur-e-aux-etats-unis#article","isPartOf":{"@id":"https:\/\/ifamnews.com\/fr\/biden-s-incline-devant-le-lobby-trans-une-nouvelle-journ-e-de-comm-moration-de-la-visibilit-trans-est-instaur-e-aux-etats-unis"},"author":{"name":"iFamNews Italia","@id":"https:\/\/ifamnews.com\/en\/#\/schema\/person\/fafda7d79212f3690f4af10238556aac"},"headline":"Biden s&rsquo;incline devant le lobby \u00ab\u00a0trans\u00a0\u00bb : une nouvelle journ\u00e9e de comm\u00e9moration de la \u00ab\u00a0visibilit\u00e9 trans\u00a0\u00bb est instaur\u00e9e aux Etats-Unis","datePublished":"2022-04-11T04:37:00+00:00","mainEntityOfPage":{"@id":"https:\/\/ifamnews.com\/fr\/biden-s-incline-devant-le-lobby-trans-une-nouvelle-journ-e-de-comm-moration-de-la-visibilit-trans-est-instaur-e-aux-etats-unis"},"wordCount":600,"commentCount":0,"publisher":{"@id":"https:\/\/ifamnews.com\/en\/#organization"},"image":{"@id":"https:\/\/ifamnews.com\/fr\/biden-s-incline-devant-le-lobby-trans-une-nouvelle-journ-e-de-comm-moration-de-la-visibilit-trans-est-instaur-e-aux-etats-unis#primaryimage"},"thumbnailUrl":"https:\/\/ifamnews.com\/wp-content\/uploads\/2022\/04\/Biden-Transgender.jpg","keywords":["Joe Biden","L'id\u00e9ologie LGBT","l'id\u00e9ologie transgenre","transgender"],"articleSection":["Famille","Foreground"],"inLanguage":"fr-FR","potentialAction":[{"@type":"CommentAction","name":"Comment","target":["https:\/\/ifamnews.com\/fr\/biden-s-incline-devant-le-lobby-trans-une-nouvelle-journ-e-de-comm-moration-de-la-visibilit-trans-est-instaur-e-aux-etats-unis#respond"]}]},{"@type":"WebPage","@id":"https:\/\/ifamnews.com\/fr\/biden-s-incline-devant-le-lobby-trans-une-nouvelle-journ-e-de-comm-moration-de-la-visibilit-trans-est-instaur-e-aux-etats-unis","url":"https:\/\/ifamnews.com\/fr\/biden-s-incline-devant-le-lobby-trans-une-nouvelle-journ-e-de-comm-moration-de-la-visibilit-trans-est-instaur-e-aux-etats-unis","name":"Biden s'incline devant le lobby \"trans\" : une nouvelle journ\u00e9e de comm\u00e9moration de la \"visibilit\u00e9 trans\" est instaur\u00e9e aux Etats-Unis - \"iFamNews","isPartOf":{"@id":"https:\/\/ifamnews.com\/en\/#website"},"primaryImageOfPage":{"@id":"https:\/\/ifamnews.com\/fr\/biden-s-incline-devant-le-lobby-trans-une-nouvelle-journ-e-de-comm-moration-de-la-visibilit-trans-est-instaur-e-aux-etats-unis#primaryimage"},"image":{"@id":"https:\/\/ifamnews.com\/fr\/biden-s-incline-devant-le-lobby-trans-une-nouvelle-journ-e-de-comm-moration-de-la-visibilit-trans-est-instaur-e-aux-etats-unis#primaryimage"},"thumbnailUrl":"https:\/\/ifamnews.com\/wp-content\/uploads\/2022\/04\/Biden-Transgender.jpg","datePublished":"2022-04-11T04:37:00+00:00","description":"Pourtant, le r\u00e9cit courant et id\u00e9ologique d\u00e9nonce leur discrimination et leur manque de visibilit\u00e9 et de reconnaissance","breadcrumb":{"@id":"https:\/\/ifamnews.com\/fr\/biden-s-incline-devant-le-lobby-trans-une-nouvelle-journ-e-de-comm-moration-de-la-visibilit-trans-est-instaur-e-aux-etats-unis#breadcrumb"},"inLanguage":"fr-FR","potentialAction":[{"@type":"ReadAction","target":["https:\/\/ifamnews.com\/fr\/biden-s-incline-devant-le-lobby-trans-une-nouvelle-journ-e-de-comm-moration-de-la-visibilit-trans-est-instaur-e-aux-etats-unis"]}]},{"@type":"ImageObject","inLanguage":"fr-FR","@id":"https:\/\/ifamnews.com\/fr\/biden-s-incline-devant-le-lobby-trans-une-nouvelle-journ-e-de-comm-moration-de-la-visibilit-trans-est-instaur-e-aux-etats-unis#primaryimage","url":"https:\/\/ifamnews.com\/wp-content\/uploads\/2022\/04\/Biden-Transgender.jpg","contentUrl":"https:\/\/ifamnews.com\/wp-content\/uploads\/2022\/04\/Biden-Transgender.jpg","width":700,"height":363,"caption":"Image : USA Today, extrait"},{"@type":"BreadcrumbList","@id":"https:\/\/ifamnews.com\/fr\/biden-s-incline-devant-le-lobby-trans-une-nouvelle-journ-e-de-comm-moration-de-la-visibilit-trans-est-instaur-e-aux-etats-unis#breadcrumb","itemListElement":[{"@type":"ListItem","position":1,"name":"Home","item":"https:\/\/ifamnews.com\/de"},{"@type":"ListItem","position":2,"name":"Politics","item":"https:\/\/ifamnews.com\/en\/category\/politics"},{"@type":"ListItem","position":3,"name":"Biden s&#8217;incline devant le lobby &#8220;trans&#8221; : une nouvelle journ\u00e9e de comm\u00e9moration de la &#8220;visibilit\u00e9 trans&#8221; est instaur\u00e9e aux Etats-Unis"}]},{"@type":"WebSite","@id":"https:\/\/ifamnews.com\/en\/#website","url":"https:\/\/ifamnews.com\/en\/","name":"IFN","description":"International Family News Network","publisher":{"@id":"https:\/\/ifamnews.com\/en\/#organization"},"potentialAction":[{"@type":"SearchAction","target":{"@type":"EntryPoint","urlTemplate":"https:\/\/ifamnews.com\/en\/?s={search_term_string}"},"query-input":{"@type":"PropertyValueSpecification","valueRequired":true,"valueName":"search_term_string"}}],"inLanguage":"fr-FR"},{"@type":"Organization","@id":"https:\/\/ifamnews.com\/en\/#organization","name":"iFamNews","url":"https:\/\/ifamnews.com\/en\/","logo":{"@type":"ImageObject","inLanguage":"fr-FR","@id":"https:\/\/ifamnews.com\/en\/#\/schema\/logo\/image\/","url":"https:\/\/ifamnews.com\/wp-content\/uploads\/2020\/01\/Share-logo.png","contentUrl":"https:\/\/ifamnews.com\/wp-content\/uploads\/2020\/01\/Share-logo.png","width":200,"height":200,"caption":"iFamNews"},"image":{"@id":"https:\/\/ifamnews.com\/en\/#\/schema\/logo\/image\/"},"sameAs":["https:\/\/www.facebook.com\/iFamNews","https:\/\/x.com\/iFamNewsEN"]},{"@type":"Person","@id":"https:\/\/ifamnews.com\/en\/#\/schema\/person\/fafda7d79212f3690f4af10238556aac","name":"iFamNews Italia","image":{"@type":"ImageObject","inLanguage":"fr-FR","@id":"https:\/\/secure.gravatar.com\/avatar\/2e50539bc89809bc22a0b2bb9dc3d7f67ffd1e564e5461707f0153146f8c99b5?s=96&d=mm&r=g","url":"https:\/\/secure.gravatar.com\/avatar\/2e50539bc89809bc22a0b2bb9dc3d7f67ffd1e564e5461707f0153146f8c99b5?s=96&d=mm&r=g","contentUrl":"https:\/\/secure.gravatar.com\/avatar\/2e50539bc89809bc22a0b2bb9dc3d7f67ffd1e564e5461707f0153146f8c99b5?s=96&d=mm&r=g","caption":"iFamNews Italia"},"description":"Articles published by the Italian iFamNews editorial team.","sameAs":["https:\/\/ifamnews.com\/it","https:\/\/www.facebook.com\/iFamNews\/","https:\/\/x.com\/https:\/\/twitter.com\/iFamNewsIT","https:\/\/www.youtube.com\/channel\/UCMVyIt4z9BANW3d09kwfUpw"],"url":"https:\/\/ifamnews.com\/fr\/author\/redazioneit"}]}},"amp_enabled":true,"_links":{"self":[{"href":"https:\/\/ifamnews.com\/fr\/wp-json\/wp\/v2\/posts\/137061","targetHints":{"allow":["GET"]}}],"collection":[{"href":"https:\/\/ifamnews.com\/fr\/wp-json\/wp\/v2\/posts"}],"about":[{"href":"https:\/\/ifamnews.com\/fr\/wp-json\/wp\/v2\/types\/post"}],"author":[{"embeddable":true,"href":"https:\/\/ifamnews.com\/fr\/wp-json\/wp\/v2\/users\/46"}],"replies":[{"embeddable":true,"href":"https:\/\/ifamnews.com\/fr\/wp-json\/wp\/v2\/comments?post=137061"}],"version-history":[{"count":5,"href":"https:\/\/ifamnews.com\/fr\/wp-json\/wp\/v2\/posts\/137061\/revisions"}],"predecessor-version":[{"id":137066,"href":"https:\/\/ifamnews.com\/fr\/wp-json\/wp\/v2\/posts\/137061\/revisions\/137066"}],"wp:featuredmedia":[{"embeddable":true,"href":"https:\/\/ifamnews.com\/fr\/wp-json\/wp\/v2\/media\/135636"}],"wp:attachment":[{"href":"https:\/\/ifamnews.com\/fr\/wp-json\/wp\/v2\/media?parent=137061"}],"wp:term":[{"taxonomy":"category","embeddable":true,"href":"https:\/\/ifamnews.com\/fr\/wp-json\/wp\/v2\/categories?post=137061"},{"taxonomy":"post_tag","embeddable":true,"href":"https:\/\/ifamnews.com\/fr\/wp-json\/wp\/v2\/tags?post=137061"}],"curies":[{"name":"wp","href":"https:\/\/api.w.org\/{rel}","templated":true}]}}