{"id":135083,"date":"2022-04-04T04:35:54","date_gmt":"2022-04-04T08:35:54","guid":{"rendered":"https:\/\/ifamnews.com\/?p=135083"},"modified":"2022-04-04T04:35:56","modified_gmt":"2022-04-04T08:35:56","slug":"le-canada-lib-ral-qui-opprime-la-libert","status":"publish","type":"post","link":"https:\/\/ifamnews.com\/fr\/le-canada-lib-ral-qui-opprime-la-libert","title":{"rendered":"Le Canada \u00ab\u00a0lib\u00e9ral\u00a0\u00bb qui opprime la libert\u00e9"},"content":{"rendered":"\n<p>Justin Trudeau, Premier Ministre du Canada et <em>chef<\/em> du parti lib\u00e9ral du pays, a <a href=\"https:\/\/www.agi.it\/estero\/news\/2021-09-21\/trudeau-vince-elezioni-canada-13938403\/\" target=\"_blank\" rel=\"noreferrer noopener\">remport\u00e9 les \u00e9lections pour la troisi\u00e8me fois, cette fois au d\u00e9but du mois de septembre<\/a>, mais en obtenant des r\u00e9sultats modestes en termes de si\u00e8ges et en restant ainsi ancr\u00e9 \u00e0 la n\u00e9cessit\u00e9 d&rsquo;un gouvernement de coalition tr\u00e8s peu diff\u00e9rent du pr\u00e9c\u00e9dent.<\/p>\n\n\n\n<p>Pr\u00e9occup\u00e9 par les difficult\u00e9s budg\u00e9taires, peut-\u00eatre dues en partie \u00e0 l&rsquo;augmentation importante des co\u00fbts des soins de sant\u00e9 caus\u00e9e par la pand\u00e9mie de CoVid-19, <a href=\"https:\/\/pm.gc.ca\/en\/mandate-letters\/2021\/12\/16\/deputy-prime-minister-and-minister-finance-mandate-letter\" target=\"_blank\" rel=\"noreferrer noopener\">Trudeau a envoy\u00e9 en d\u00e9cembre un document \u00e0 la Ministre des finances Chrystia Freeland, lui confiant le mandat<\/a>, dans lequel il d\u00e9crit le sc\u00e9nario des politiques \u00e9conomiques pr\u00e9vues pour l&rsquo;avenir. Parmi les objectifs \u00e0 venir soulign\u00e9s dans le document figure une directive visant \u00e0 \u00ab\u00a0[&#8230;] introduire des amendements \u00e0 la <em>loi sur l&rsquo;imp\u00f4t sur le <\/em>revenu afin de rendre les organisations anti-avortement, qui donnent de faux conseils aux femmes enceintes sur leurs droits et leurs options, in\u00e9ligibles au <em>statut d&rsquo;<\/em>organisme de bienfaisance\u00a0\u00bb. Dans la m\u00eame directive, le Premier Ministre a \u00e9galement demand\u00e9 une augmentation du cr\u00e9dit d&rsquo;imp\u00f4t pour frais m\u00e9dicaux afin de couvrir le co\u00fbt des pratiques de f\u00e9condation in vitro pour les m\u00e8res porteuses.<\/p>\n\n\n\n<p>Les lignes directrices du parti dans cette direction, apr\u00e8s tout, \u00e9taient d\u00e9j\u00e0 claires dans le <a href=\"https:\/\/liberal.ca\/wp-content\/uploads\/sites\/292\/2021\/09\/Platform-Forward-For-Everyone.pdf\" target=\"_blank\" rel=\"noreferrer noopener\">document programmatique diffus\u00e9 lors de la pr\u00e9c\u00e9dente campagne \u00e9lectorale, intitul\u00e9 <em>En avant. Pour tou<\/em><\/a>t le monde o\u00f9, dans la section consacr\u00e9e aux fameux \u00ab\u00a0droits sexuels et reproductifs\u00a0\u00bb, le concept r\u00e9it\u00e9r\u00e9 en d\u00e9cembre \u00e9tait anticip\u00e9 et les \u00ab\u00a0Crisis Pregnancy Centers\u00a0\u00bb \u00e9taient express\u00e9ment mentionn\u00e9s, accus\u00e9s de fournir des \u00ab\u00a0conseils malhonn\u00eates\u00a0\u00bb.<\/p>\n\n\n\n<p>Les Centres de Crise pour Femmes Enceintes (CCG) du Canada sont affili\u00e9s \u00e0 l&rsquo;<a href=\"https:\/\/pregnancycarecanada.ca\/who-we-are\/\" target=\"_blank\" rel=\"noreferrer noopener\">Association canadienne d&rsquo;aide aux<\/a> femmes enceintes, une organisation <em>\u00e0 but non lucratif<\/em> d&rsquo;inspiration chr\u00e9tienne qui se consacre \u00e0 l&rsquo;information et au soutien des femmes pendant la grossesse, en particulier dans les cas o\u00f9 celle-ci n&rsquo;\u00e9tait pas initialement pr\u00e9vue. La question du <em>statut d&rsquo;<\/em>organisme de bienfaisance, accord\u00e9 ou r\u00e9voqu\u00e9 \u00e0 ces centres, n&rsquo;est pas purement nominale ou de prestige, mais, comme il est \u00e9vident, touche directement \u00e0 la question fiscale et connexe des biens, fonds et dons dont ils peuvent ou non disposer.<\/p>\n\n\n\n<p>Juergen Severloh, directeur du CPC \u00e0 Winnipeg, s&rsquo;en inqui\u00e8te.<a href=\"https:\/\/www.chvnradio.com\/articles\/crisis-pregnancy-centre-fighting-to-stay-open-after-prime-minister-moves-to-revoke-charity-status\" target=\"_blank\" rel=\"noreferrer noopener\"> Dans une r\u00e9cente interview accord\u00e9e \u00e0 la cha\u00eene radio CHVN et rapport\u00e9e sur le <em>site web<\/em><\/a>  du diffuseur, il a d&rsquo;abord d\u00e9fendu les CPC contre les accusations de malhonn\u00eatet\u00e9, affirmant la clart\u00e9 et la transparence des informations fournies aux femmes qui s&rsquo;adressent aux centres, dont la mission est clairement <em>pro-vie d\u00e8s le d\u00e9part<\/em> mais en aucun cas jugeant ou agressif envers ceux qui leur demandent de l&rsquo;aide ou des conseils.<\/p>\n\n\n\n<p>Ce que craint Severloh, en particulier, c&rsquo;est pr\u00e9cis\u00e9ment la question financi\u00e8re et fiscale. \u00ab\u00a0Il y a un <em>budget<\/em> pr\u00e9visionnel pour le mois, dit-il, et dans ce <em>budget <\/em>figurent g\u00e9n\u00e9ralement des modifications de la facture fiscale, et cela nous inqui\u00e8te.\u00a0\u00bb<\/p>\n\n\n\n<p>\u00ab\u00a0R\u00e9voquer le <em>statut de<\/em> l&rsquo;organisation caritative, cela signifie \u00e9galement que tous les actifs de l&rsquo;organisation caritative doivent \u00eatre transf\u00e9r\u00e9s. Cela signifie que le b\u00e2timent qui abrite notre si\u00e8ge, nos biens et l&rsquo;argent des dons seront perdus. Tout, tout est perdu.\u00a0\u00bb Surtout, des vies humaines seront perdues, celles des enfants \u00e0 na\u00eetre : au Canada, l&rsquo;avortement volontaire est l\u00e9gal m\u00eame apr\u00e8s 20 semaines de vie de l&rsquo;enfant dans le ventre de sa m\u00e8re.<\/p>\n","protected":false},"excerpt":{"rendered":"<p>Le Premier Ministre Justin Trudeau frappe les organismes de bienfaisance pro-vie avec une man\u0153uvre financi\u00e8re insidieuse.<\/p>\n","protected":false},"author":14,"featured_media":134963,"comment_status":"open","ping_status":"open","sticky":false,"template":"","format":"standard","meta":{"give_campaign_id":0,"om_disable_all_campaigns":false,"_monsterinsights_skip_tracking":false,"_monsterinsights_sitenote_active":false,"_monsterinsights_sitenote_note":"","_monsterinsights_sitenote_category":0,"mc4wp_mailchimp_campaign":[],"jnews-multi-image_gallery":[],"jnews_single_post":{"subtitle":"Le Premier Ministre Justin Trudeau frappe les organismes de bienfaisance pro-vie avec une man\u0153uvre financi\u00e8re insidieuse.","format":"standard","video":"","gallery":"","source_name":"","source_url":"","via_name":"","via_url":"","override":[{"template":"1","single_blog_custom":"","parallax":"1","fullscreen":"1","layout":"right-sidebar","sidebar":"default-sidebar","second_sidebar":"default-sidebar","sticky_sidebar":"1","share_position":"top","share_float_style":"share-monocrhome","show_share_counter":"1","show_view_counter":"1","show_featured":"1","show_post_meta":"1","show_post_author":"1","show_post_author_image":"1","show_post_date":"1","post_date_format":"default","post_date_format_custom":"Y\/m\/d","show_post_category":"1","post_reading_time_wpm":"300","zoom_button_out_step":"2","zoom_button_in_step":"3","show_post_tag":"1","show_prev_next_post":"1","show_popup_post":"1","number_popup_post":"1"}],"image_override":[{"single_post_thumbnail_size":"crop-500","single_post_gallery_size":"crop-500"}],"trending_post_position":"meta","trending_post_label":"Trending","sponsored_post_label":"Sponsored by","sponsored_post_name":"","sponsored_post_url":"","sponsored_post_logo":"","sponsored_post_desc":""},"jnews_primary_category":{"id":"800"},"jnews_social_meta":{"fb_title":"","fb_description":"","fb_image":"","twitter_title":"","twitter_description":"","twitter_image":""},"jnews_override_counter":{"view_counter_number":"0","share_counter_number":"0","like_counter_number":"0","dislike_counter_number":"0"},"footnotes":""},"categories":[809,800],"tags":[886,13019,17948,17946,17947,9968],"class_list":["post-135083","post","type-post","status-publish","format-standard","has-post-thumbnail","hentry","category-foreground-fr","category-politique","tag-avortement","tag-canada-fr","tag-centre-de-crise-et-de-grossesse","tag-justin-trudeau-fr","tag-organismes-de-bienfaisance","tag-pro-life-fr-2"],"yoast_head":"<!-- This site is optimized with the Yoast SEO Premium plugin v25.9 (Yoast SEO v27.3) - https:\/\/yoast.com\/product\/yoast-seo-premium-wordpress\/ -->\n<title>Le Canada &quot;lib\u00e9ral&quot; qui opprime la libert\u00e9 - &quot;iFamNews&quot;<\/title>\n<meta name=\"description\" content=\"Le Premier Ministre Justin Trudeau frappe les organismes de bienfaisance pro-vie avec une man\u0153uvre financi\u00e8re insidieuse.\" \/>\n<meta name=\"robots\" content=\"index, follow, max-snippet:-1, max-image-preview:large, max-video-preview:-1\" \/>\n<link rel=\"canonical\" href=\"https:\/\/ifamnews.com\/fr\/le-canada-lib-ral-qui-opprime-la-libert\" \/>\n<meta property=\"og:locale\" content=\"fr_FR\" \/>\n<meta property=\"og:type\" content=\"article\" \/>\n<meta property=\"og:title\" content=\"Le Canada &quot;lib\u00e9ral&quot; qui opprime la libert\u00e9\" \/>\n<meta property=\"og:description\" content=\"Le Premier Ministre Justin Trudeau frappe les organismes de bienfaisance pro-vie avec une man\u0153uvre financi\u00e8re insidieuse.\" \/>\n<meta property=\"og:url\" content=\"https:\/\/ifamnews.com\/fr\/le-canada-lib-ral-qui-opprime-la-libert\" \/>\n<meta property=\"og:site_name\" content=\"IFN\" \/>\n<meta property=\"article:publisher\" content=\"https:\/\/www.facebook.com\/iFamNews\" \/>\n<meta property=\"article:published_time\" content=\"2022-04-04T08:35:54+00:00\" \/>\n<meta property=\"article:modified_time\" content=\"2022-04-04T08:35:56+00:00\" \/>\n<meta property=\"og:image\" content=\"https:\/\/ifamnews.com\/wp-content\/uploads\/2022\/04\/canada-gbd4171a5c_1280.jpg\" \/>\n\t<meta property=\"og:image:width\" content=\"1280\" \/>\n\t<meta property=\"og:image:height\" content=\"853\" \/>\n\t<meta property=\"og:image:type\" content=\"image\/jpeg\" \/>\n<meta name=\"author\" content=\"Barbara Santambrogio\" \/>\n<meta name=\"twitter:card\" content=\"summary_large_image\" \/>\n<meta name=\"twitter:creator\" content=\"@iFamNewsEN\" \/>\n<meta name=\"twitter:site\" content=\"@iFamNewsEN\" \/>\n<meta name=\"twitter:label1\" content=\"\u00c9crit par\" \/>\n\t<meta name=\"twitter:data1\" content=\"Barbara Santambrogio\n\" \/>\n\t<meta name=\"twitter:label2\" content=\"Dur\u00e9e de lecture estim\u00e9e\" \/>\n\t<meta name=\"twitter:data2\" content=\"3 minutes\" \/>\n<!-- \/ Yoast SEO Premium plugin. -->","yoast_head_json":{"title":"Le Canada \"lib\u00e9ral\" qui opprime la libert\u00e9 - \"iFamNews\"","description":"Le Premier Ministre Justin Trudeau frappe les organismes de bienfaisance pro-vie avec une man\u0153uvre financi\u00e8re insidieuse.","robots":{"index":"index","follow":"follow","max-snippet":"max-snippet:-1","max-image-preview":"max-image-preview:large","max-video-preview":"max-video-preview:-1"},"canonical":"https:\/\/ifamnews.com\/fr\/le-canada-lib-ral-qui-opprime-la-libert","og_locale":"fr_FR","og_type":"article","og_title":"Le Canada \"lib\u00e9ral\" qui opprime la libert\u00e9","og_description":"Le Premier Ministre Justin Trudeau frappe les organismes de bienfaisance pro-vie avec une man\u0153uvre financi\u00e8re insidieuse.","og_url":"https:\/\/ifamnews.com\/fr\/le-canada-lib-ral-qui-opprime-la-libert","og_site_name":"IFN","article_publisher":"https:\/\/www.facebook.com\/iFamNews","article_published_time":"2022-04-04T08:35:54+00:00","article_modified_time":"2022-04-04T08:35:56+00:00","og_image":[{"width":1280,"height":853,"url":"https:\/\/ifamnews.com\/wp-content\/uploads\/2022\/04\/canada-gbd4171a5c_1280.jpg","type":"image\/jpeg"}],"author":"Barbara Santambrogio","twitter_card":"summary_large_image","twitter_creator":"@iFamNewsEN","twitter_site":"@iFamNewsEN","twitter_misc":{"\u00c9crit par":"Barbara Santambrogio\n","Dur\u00e9e de lecture estim\u00e9e":"3 minutes"},"schema":{"@context":"https:\/\/schema.org","@graph":[{"@type":"NewsArticle","@id":"https:\/\/ifamnews.com\/fr\/le-canada-lib-ral-qui-opprime-la-libert#article","isPartOf":{"@id":"https:\/\/ifamnews.com\/fr\/le-canada-lib-ral-qui-opprime-la-libert"},"author":{"name":"Barbara Santambrogio","@id":"https:\/\/ifamnews.com\/en\/#\/schema\/person\/17118599da2799311b3611609a244572"},"headline":"Le Canada \u00ab\u00a0lib\u00e9ral\u00a0\u00bb qui opprime la libert\u00e9","datePublished":"2022-04-04T08:35:54+00:00","dateModified":"2022-04-04T08:35:56+00:00","mainEntityOfPage":{"@id":"https:\/\/ifamnews.com\/fr\/le-canada-lib-ral-qui-opprime-la-libert"},"wordCount":631,"commentCount":0,"publisher":{"@id":"https:\/\/ifamnews.com\/en\/#organization"},"image":{"@id":"https:\/\/ifamnews.com\/fr\/le-canada-lib-ral-qui-opprime-la-libert#primaryimage"},"thumbnailUrl":"https:\/\/ifamnews.com\/wp-content\/uploads\/2022\/04\/canada-gbd4171a5c_1280.jpg","keywords":["avortement","Canada","centre de crise et de grossesse","Justin Trudeau","organismes de bienfaisance","Pro-life"],"articleSection":["Foreground","Politique"],"inLanguage":"fr-FR","potentialAction":[{"@type":"CommentAction","name":"Comment","target":["https:\/\/ifamnews.com\/fr\/le-canada-lib-ral-qui-opprime-la-libert#respond"]}]},{"@type":"WebPage","@id":"https:\/\/ifamnews.com\/fr\/le-canada-lib-ral-qui-opprime-la-libert","url":"https:\/\/ifamnews.com\/fr\/le-canada-lib-ral-qui-opprime-la-libert","name":"Le Canada \"lib\u00e9ral\" qui opprime la libert\u00e9 - \"iFamNews\"","isPartOf":{"@id":"https:\/\/ifamnews.com\/en\/#website"},"primaryImageOfPage":{"@id":"https:\/\/ifamnews.com\/fr\/le-canada-lib-ral-qui-opprime-la-libert#primaryimage"},"image":{"@id":"https:\/\/ifamnews.com\/fr\/le-canada-lib-ral-qui-opprime-la-libert#primaryimage"},"thumbnailUrl":"https:\/\/ifamnews.com\/wp-content\/uploads\/2022\/04\/canada-gbd4171a5c_1280.jpg","datePublished":"2022-04-04T08:35:54+00:00","dateModified":"2022-04-04T08:35:56+00:00","description":"Le Premier Ministre Justin Trudeau frappe les organismes de bienfaisance pro-vie avec une man\u0153uvre financi\u00e8re insidieuse.","breadcrumb":{"@id":"https:\/\/ifamnews.com\/fr\/le-canada-lib-ral-qui-opprime-la-libert#breadcrumb"},"inLanguage":"fr-FR","potentialAction":[{"@type":"ReadAction","target":["https:\/\/ifamnews.com\/fr\/le-canada-lib-ral-qui-opprime-la-libert"]}]},{"@type":"ImageObject","inLanguage":"fr-FR","@id":"https:\/\/ifamnews.com\/fr\/le-canada-lib-ral-qui-opprime-la-libert#primaryimage","url":"https:\/\/ifamnews.com\/wp-content\/uploads\/2022\/04\/canada-gbd4171a5c_1280.jpg","contentUrl":"https:\/\/ifamnews.com\/wp-content\/uploads\/2022\/04\/canada-gbd4171a5c_1280.jpg","width":1280,"height":853,"caption":"Image de Pixabay"},{"@type":"BreadcrumbList","@id":"https:\/\/ifamnews.com\/fr\/le-canada-lib-ral-qui-opprime-la-libert#breadcrumb","itemListElement":[{"@type":"ListItem","position":1,"name":"Home","item":"https:\/\/ifamnews.com\/de"},{"@type":"ListItem","position":2,"name":"Politique","item":"https:\/\/ifamnews.com\/fr\/categorie\/politique"},{"@type":"ListItem","position":3,"name":"Le Canada &#8220;lib\u00e9ral&#8221; qui opprime la libert\u00e9"}]},{"@type":"WebSite","@id":"https:\/\/ifamnews.com\/en\/#website","url":"https:\/\/ifamnews.com\/en\/","name":"IFN","description":"International Family News Network","publisher":{"@id":"https:\/\/ifamnews.com\/en\/#organization"},"potentialAction":[{"@type":"SearchAction","target":{"@type":"EntryPoint","urlTemplate":"https:\/\/ifamnews.com\/en\/?s={search_term_string}"},"query-input":{"@type":"PropertyValueSpecification","valueRequired":true,"valueName":"search_term_string"}}],"inLanguage":"fr-FR"},{"@type":"Organization","@id":"https:\/\/ifamnews.com\/en\/#organization","name":"iFamNews","url":"https:\/\/ifamnews.com\/en\/","logo":{"@type":"ImageObject","inLanguage":"fr-FR","@id":"https:\/\/ifamnews.com\/en\/#\/schema\/logo\/image\/","url":"https:\/\/ifamnews.com\/wp-content\/uploads\/2020\/01\/Share-logo.png","contentUrl":"https:\/\/ifamnews.com\/wp-content\/uploads\/2020\/01\/Share-logo.png","width":200,"height":200,"caption":"iFamNews"},"image":{"@id":"https:\/\/ifamnews.com\/en\/#\/schema\/logo\/image\/"},"sameAs":["https:\/\/www.facebook.com\/iFamNews","https:\/\/x.com\/iFamNewsEN"]},{"@type":"Person","@id":"https:\/\/ifamnews.com\/en\/#\/schema\/person\/17118599da2799311b3611609a244572","name":"Barbara Santambrogio","image":{"@type":"ImageObject","inLanguage":"fr-FR","@id":"https:\/\/secure.gravatar.com\/avatar\/e82fde821e1707b5acb9fe7ab0a5d6e32d42db6117e73021c2fc05cc90dad32f?s=96&d=mm&r=g","url":"https:\/\/secure.gravatar.com\/avatar\/e82fde821e1707b5acb9fe7ab0a5d6e32d42db6117e73021c2fc05cc90dad32f?s=96&d=mm&r=g","contentUrl":"https:\/\/secure.gravatar.com\/avatar\/e82fde821e1707b5acb9fe7ab0a5d6e32d42db6117e73021c2fc05cc90dad32f?s=96&d=mm&r=g","caption":"Barbara Santambrogio"},"description":"After an original and varied working path, in the field of advertising and publishing, but also in the world of wine, she finally came to deal with what she is most passionate about. Today she writes (for the web, but not only), deals with translations and teaches in elementary school. Biological and adoptive mother, she loves reading and running.","url":"https:\/\/ifamnews.com\/fr\/author\/bsantambrogio"}]}},"amp_enabled":true,"_links":{"self":[{"href":"https:\/\/ifamnews.com\/fr\/wp-json\/wp\/v2\/posts\/135083","targetHints":{"allow":["GET"]}}],"collection":[{"href":"https:\/\/ifamnews.com\/fr\/wp-json\/wp\/v2\/posts"}],"about":[{"href":"https:\/\/ifamnews.com\/fr\/wp-json\/wp\/v2\/types\/post"}],"author":[{"embeddable":true,"href":"https:\/\/ifamnews.com\/fr\/wp-json\/wp\/v2\/users\/14"}],"replies":[{"embeddable":true,"href":"https:\/\/ifamnews.com\/fr\/wp-json\/wp\/v2\/comments?post=135083"}],"version-history":[{"count":3,"href":"https:\/\/ifamnews.com\/fr\/wp-json\/wp\/v2\/posts\/135083\/revisions"}],"predecessor-version":[{"id":135086,"href":"https:\/\/ifamnews.com\/fr\/wp-json\/wp\/v2\/posts\/135083\/revisions\/135086"}],"wp:featuredmedia":[{"embeddable":true,"href":"https:\/\/ifamnews.com\/fr\/wp-json\/wp\/v2\/media\/134963"}],"wp:attachment":[{"href":"https:\/\/ifamnews.com\/fr\/wp-json\/wp\/v2\/media?parent=135083"}],"wp:term":[{"taxonomy":"category","embeddable":true,"href":"https:\/\/ifamnews.com\/fr\/wp-json\/wp\/v2\/categories?post=135083"},{"taxonomy":"post_tag","embeddable":true,"href":"https:\/\/ifamnews.com\/fr\/wp-json\/wp\/v2\/tags?post=135083"}],"curies":[{"name":"wp","href":"https:\/\/api.w.org\/{rel}","templated":true}]}}