{"id":127021,"date":"2022-02-24T00:11:43","date_gmt":"2022-02-24T05:11:43","guid":{"rendered":"https:\/\/ifamnews.com\/?p=127021"},"modified":"2022-02-24T00:12:54","modified_gmt":"2022-02-24T05:12:54","slug":"les-partisans-de-l-avortement-rabaissent-la-vie-au-niveau-de-la-s-t","status":"publish","type":"post","link":"https:\/\/ifamnews.com\/fr\/les-partisans-de-l-avortement-rabaissent-la-vie-au-niveau-de-la-s-t","title":{"rendered":"Les partisans de l&rsquo;avortement comparent les b\u00e9b\u00e9s avort\u00e9s \u00e0 des excr\u00e9ments."},"content":{"rendered":"\n<p>Toute personne qui n&rsquo;a pas compl\u00e8tement annihil\u00e9 son sens de la d\u00e9cence ne peut qu&rsquo;\u00eatre d\u00e9go\u00fbt\u00e9e par ce qui est sorti de la bouche de certains \u00e9tudiants de l&rsquo;universit\u00e9 de Cincinnati, dans l&rsquo;Ohio (\u00c9tats-Unis), qui ont compar\u00e9 les b\u00e9b\u00e9s avort\u00e9s \u00e0 des excr\u00e9ments.<\/p>\n\n\n\n<h3 class=\"wp-block-heading\" id=\"h-insulter\"><strong>Insulter<\/strong><\/h3>\n\n\n\n<p>L&rsquo;incident s&rsquo;est produit lors d&rsquo;une manifestation du groupe <em>pro-vie<\/em> <a href=\"https:\/\/www.createdequal.org\/\" target=\"_blank\" rel=\"noreferrer noopener\">\u00ab\u00a0Created Equal\u00a0\u00bb<\/a>. Comme le rapporte<a href=\"https:\/\/www.newsrecord.org\/news\/abortion-rally-fuels-debate-on-uc-s-main-street\/article_b20f26c2-17d2-11ec-8ca5-cf00b7cc8809.html\" target=\"_blank\" rel=\"noreferrer noopener\"> <em>The News Report<\/em><\/a>, des militants sont sortis de l&rsquo;universit\u00e9 pour montrer aux \u00e9tudiants des images destin\u00e9es \u00e0 t\u00e9moigner de la dure r\u00e9alit\u00e9 de l&rsquo;avortement. Mais peu apr\u00e8s le d\u00e9but de l&rsquo;\u00e9v\u00e9nement, un groupe de contre-manifestants est arriv\u00e9 sur les lieux pour se moquer des b\u00e9b\u00e9s dans l&rsquo;ut\u00e9rus. Dans une vid\u00e9o, publi\u00e9e \u00e0 la fois sur <a savefrom_lm_index=\"0\" savefrom_lm=\"1\" href=\"https:\/\/www.youtube.com\/watch?v=gpKHaW04tBE\" target=\"_blank\" rel=\"noreferrer noopener\">YouTube<\/a> et <a href=\"https:\/\/www.instagram.com\/p\/CYpHA1yJxBe\/\" target=\"_blank\" rel=\"noreferrer noopener\">Instagram<\/a>, on peut voir une file d&rsquo;\u00e9tudiants se presser autour du vice-pr\u00e9sident de Created Equal, Seth Drayer, et d&rsquo;autres b\u00e9n\u00e9voles. Alors que Drayer parle \u00e0 un \u00e9tudiant, on peut entendre un contre-manifestant crier \u00ab\u00a0J&rsquo;ai fait une m&#8230; plus grosse que \u00e7a !\u00a0\u00bb.<\/p>\n\n\n\n<h3 class=\"wp-block-heading\" id=\"h-des-avorteurs-plus-belliqueux\"><strong>Des avorteurs plus belliqueux<\/strong><\/h3>\n\n\n\n<p>Comme le r\u00e9v\u00e8le<em> <a href=\"https:\/\/www.liveaction.org\/news\/university-cincinnati-compare-aborted-babies-excrement\" target=\"_blank\" rel=\"noreferrer noopener\">Live Action,<\/a> <\/em>\u00e0 la suite de la c\u00e9l\u00e8bre<a href=\"https:\/\/capitol.texas.gov\/billlookup\/text.aspx?LegSess=85R&amp;Bill=SB8\" target=\"_blank\" rel=\"noreferrer noopener\"> <em>Loi sur le battement de c\u0153ur au Texas<\/em><\/a> et de la d\u00e9cision tant attendue de la Cour Supr\u00eame F\u00e9d\u00e9rale sur le<a href=\"https:\/\/legiscan.com\/MS\/text\/HB1510\/id\/1692666\" target=\"_blank\" rel=\"noreferrer noopener\"> Mississipi <em>Gestational Age Act<\/em><\/a>, les partisans de la l\u00e9galisation de l&rsquo;avortement sont devenus plus belliqueux contre les <a href=\"https:\/\/www.liveaction.org\/news\/pro-life-vandalized-college-campuses\/\" target=\"_blank\" rel=\"noreferrer noopener\">manifestations pro-vie sur les <em>campus<\/em> universitaires<\/a> et ailleurs. Un grand nombre des \u00e9tudiants pro-avortement pr\u00e9sents \u00e0 l&rsquo;\u00e9v\u00e9nement ont cit\u00e9, lorsqu&rsquo;ils ont \u00e9t\u00e9 interrog\u00e9s par<em>The News Record<\/em>,  la loi texane qui sauve des vies : c&rsquo;est ce qui les a pouss\u00e9s \u00e0 protester avec v\u00e9h\u00e9mence.<\/p>\n","protected":false},"excerpt":{"rendered":"<p>Toute personne qui n&rsquo;a pas compl\u00e8tement annihil\u00e9 son sens de la d\u00e9cence ne peut qu&rsquo;\u00eatre d\u00e9go\u00fbt\u00e9e par ce qui est sorti de la bouche de certains \u00e9tudiants de l&rsquo;universit\u00e9 de Cincinnati, dans l&rsquo;Ohio (\u00c9tats-Unis), qui ont compar\u00e9 les b\u00e9b\u00e9s avort\u00e9s \u00e0 des excr\u00e9ments.<\/p>\n","protected":false},"author":593,"featured_media":119402,"comment_status":"open","ping_status":"open","sticky":false,"template":"","format":"standard","meta":{"give_campaign_id":0,"om_disable_all_campaigns":false,"_monsterinsights_skip_tracking":false,"_monsterinsights_sitenote_active":false,"_monsterinsights_sitenote_note":"","_monsterinsights_sitenote_category":0,"mc4wp_mailchimp_campaign":[],"jnews-multi-image_gallery":[],"jnews_single_post":{"subtitle":"Toute personne qui n'a pas compl\u00e8tement annihil\u00e9 son sens de la d\u00e9cence ne peut qu'\u00eatre d\u00e9go\u00fbt\u00e9e par ce qui est sorti de la bouche de certains \u00e9tudiants de l'universit\u00e9 de Cincinnati, dans l'Ohio (\u00c9tats-Unis), qui ont compar\u00e9 les b\u00e9b\u00e9s avort\u00e9s \u00e0 des excr\u00e9ments.","format":"standard","video":"","gallery":"","source_name":"","source_url":"","via_name":"","via_url":"","override":[{"template":"1","single_blog_custom":"","parallax":"1","fullscreen":"1","layout":"right-sidebar","sidebar":"default-sidebar","second_sidebar":"default-sidebar","sticky_sidebar":"1","share_position":"top","share_float_style":"share-monocrhome","show_share_counter":"1","show_view_counter":"1","show_featured":"1","show_post_meta":"1","show_post_author":"1","show_post_author_image":"1","show_post_date":"1","post_date_format":"default","post_date_format_custom":"Y\/m\/d","show_post_category":"1","post_reading_time_wpm":"300","zoom_button_out_step":"2","zoom_button_in_step":"3","show_post_tag":"1","show_prev_next_post":"1","show_popup_post":"1","number_popup_post":"1"}],"image_override":[{"single_post_thumbnail_size":"crop-500","single_post_gallery_size":"crop-500"}],"trending_post_position":"meta","trending_post_label":"Trending","sponsored_post_label":"Sponsored by","sponsored_post_name":"","sponsored_post_url":"","sponsored_post_logo":"","sponsored_post_desc":""},"jnews_primary_category":{"id":"813"},"jnews_social_meta":{"fb_title":"","fb_description":"","fb_image":"","twitter_title":"","twitter_description":"","twitter_image":""},"jnews_override_counter":{"view_counter_number":"0","share_counter_number":"0","like_counter_number":"0","dislike_counter_number":"0"},"footnotes":""},"categories":[809,813],"tags":[886,16983,3857],"class_list":["post-127021","post","type-post","status-publish","format-standard","has-post-thumbnail","hentry","category-foreground-fr","category-breaking-news-fr","tag-avortement","tag-manifestation","tag-pro-vie"],"yoast_head":"<!-- This site is optimized with the Yoast SEO Premium plugin v25.9 (Yoast SEO v27.3) - https:\/\/yoast.com\/product\/yoast-seo-premium-wordpress\/ -->\n<title>Les partisans de l&#039;avortement comparent les b\u00e9b\u00e9s avort\u00e9s \u00e0 des excr\u00e9ments. - &quot;iFamNews&quot;<\/title>\n<meta name=\"description\" content=\"Toute personne qui n&#039;a pas compl\u00e8tement annihil\u00e9 son sens de la d\u00e9cence ne peut qu&#039;\u00eatre d\u00e9go\u00fbt\u00e9e par ce qui est sorti de la bouche de certains \u00e9tudiants de l&#039;universit\u00e9 de Cincinnati, dans l&#039;Ohio (\u00c9tats-Unis), qui ont compar\u00e9 les b\u00e9b\u00e9s avort\u00e9s \u00e0 des excr\u00e9ments.\" \/>\n<meta name=\"robots\" content=\"index, follow, max-snippet:-1, max-image-preview:large, max-video-preview:-1\" \/>\n<link rel=\"canonical\" href=\"https:\/\/ifamnews.com\/fr\/les-partisans-de-l-avortement-rabaissent-la-vie-au-niveau-de-la-s-t\" \/>\n<meta property=\"og:locale\" content=\"fr_FR\" \/>\n<meta property=\"og:type\" content=\"article\" \/>\n<meta property=\"og:title\" content=\"Les partisans de l&#039;avortement comparent les b\u00e9b\u00e9s avort\u00e9s \u00e0 des excr\u00e9ments.\" \/>\n<meta property=\"og:description\" content=\"Toute personne qui n&#039;a pas compl\u00e8tement annihil\u00e9 son sens de la d\u00e9cence ne peut qu&#039;\u00eatre d\u00e9go\u00fbt\u00e9e par ce qui est sorti de la bouche de certains \u00e9tudiants de l&#039;universit\u00e9 de Cincinnati, dans l&#039;Ohio (\u00c9tats-Unis), qui ont compar\u00e9 les b\u00e9b\u00e9s avort\u00e9s \u00e0 des excr\u00e9ments.\" \/>\n<meta property=\"og:url\" content=\"https:\/\/ifamnews.com\/fr\/les-partisans-de-l-avortement-rabaissent-la-vie-au-niveau-de-la-s-t\" \/>\n<meta property=\"og:site_name\" content=\"IFN\" \/>\n<meta property=\"article:publisher\" content=\"https:\/\/www.facebook.com\/iFamNews\" \/>\n<meta property=\"article:author\" content=\"https:\/\/www.facebook.com\/iFamNews\/\" \/>\n<meta property=\"article:published_time\" content=\"2022-02-24T05:11:43+00:00\" \/>\n<meta property=\"article:modified_time\" content=\"2022-02-24T05:12:54+00:00\" \/>\n<meta property=\"og:image\" content=\"https:\/\/ifamnews.com\/wp-content\/uploads\/2022\/01\/Image-from-Pixabay-2.jpg\" \/>\n\t<meta property=\"og:image:width\" content=\"1200\" \/>\n\t<meta property=\"og:image:height\" content=\"675\" \/>\n\t<meta property=\"og:image:type\" content=\"image\/jpeg\" \/>\n<meta name=\"author\" content=\"IFN English\" \/>\n<meta name=\"twitter:card\" content=\"summary_large_image\" \/>\n<meta name=\"twitter:creator\" content=\"@https:\/\/twitter.com\/iFamNewsEN\" \/>\n<meta name=\"twitter:site\" content=\"@iFamNewsEN\" \/>\n<meta name=\"twitter:label1\" content=\"\u00c9crit par\" \/>\n\t<meta name=\"twitter:data1\" content=\"iFamNews\" \/>\n\t<meta name=\"twitter:label2\" content=\"Dur\u00e9e de lecture estim\u00e9e\" \/>\n\t<meta name=\"twitter:data2\" content=\"2 minutes\" \/>\n<!-- \/ Yoast SEO Premium plugin. -->","yoast_head_json":{"title":"Les partisans de l'avortement comparent les b\u00e9b\u00e9s avort\u00e9s \u00e0 des excr\u00e9ments. - \"iFamNews\"","description":"Toute personne qui n'a pas compl\u00e8tement annihil\u00e9 son sens de la d\u00e9cence ne peut qu'\u00eatre d\u00e9go\u00fbt\u00e9e par ce qui est sorti de la bouche de certains \u00e9tudiants de l'universit\u00e9 de Cincinnati, dans l'Ohio (\u00c9tats-Unis), qui ont compar\u00e9 les b\u00e9b\u00e9s avort\u00e9s \u00e0 des excr\u00e9ments.","robots":{"index":"index","follow":"follow","max-snippet":"max-snippet:-1","max-image-preview":"max-image-preview:large","max-video-preview":"max-video-preview:-1"},"canonical":"https:\/\/ifamnews.com\/fr\/les-partisans-de-l-avortement-rabaissent-la-vie-au-niveau-de-la-s-t","og_locale":"fr_FR","og_type":"article","og_title":"Les partisans de l'avortement comparent les b\u00e9b\u00e9s avort\u00e9s \u00e0 des excr\u00e9ments.","og_description":"Toute personne qui n'a pas compl\u00e8tement annihil\u00e9 son sens de la d\u00e9cence ne peut qu'\u00eatre d\u00e9go\u00fbt\u00e9e par ce qui est sorti de la bouche de certains \u00e9tudiants de l'universit\u00e9 de Cincinnati, dans l'Ohio (\u00c9tats-Unis), qui ont compar\u00e9 les b\u00e9b\u00e9s avort\u00e9s \u00e0 des excr\u00e9ments.","og_url":"https:\/\/ifamnews.com\/fr\/les-partisans-de-l-avortement-rabaissent-la-vie-au-niveau-de-la-s-t","og_site_name":"IFN","article_publisher":"https:\/\/www.facebook.com\/iFamNews","article_author":"https:\/\/www.facebook.com\/iFamNews\/","article_published_time":"2022-02-24T05:11:43+00:00","article_modified_time":"2022-02-24T05:12:54+00:00","og_image":[{"width":1200,"height":675,"url":"https:\/\/ifamnews.com\/wp-content\/uploads\/2022\/01\/Image-from-Pixabay-2.jpg","type":"image\/jpeg"}],"author":"IFN English","twitter_card":"summary_large_image","twitter_creator":"@https:\/\/twitter.com\/iFamNewsEN","twitter_site":"@iFamNewsEN","twitter_misc":{"\u00c9crit par":"iFamNews","Dur\u00e9e de lecture estim\u00e9e":"2 minutes"},"schema":{"@context":"https:\/\/schema.org","@graph":[{"@type":"NewsArticle","@id":"https:\/\/ifamnews.com\/fr\/les-partisans-de-l-avortement-rabaissent-la-vie-au-niveau-de-la-s-t#article","isPartOf":{"@id":"https:\/\/ifamnews.com\/fr\/les-partisans-de-l-avortement-rabaissent-la-vie-au-niveau-de-la-s-t"},"author":{"name":"IFN English","@id":"https:\/\/ifamnews.com\/en\/#\/schema\/person\/633bdb7ac2496c9b9304ce62d071cdfa"},"headline":"Les partisans de l&rsquo;avortement comparent les b\u00e9b\u00e9s avort\u00e9s \u00e0 des excr\u00e9ments.","datePublished":"2022-02-24T05:11:43+00:00","dateModified":"2022-02-24T05:12:54+00:00","mainEntityOfPage":{"@id":"https:\/\/ifamnews.com\/fr\/les-partisans-de-l-avortement-rabaissent-la-vie-au-niveau-de-la-s-t"},"wordCount":317,"commentCount":0,"publisher":{"@id":"https:\/\/ifamnews.com\/en\/#organization"},"image":{"@id":"https:\/\/ifamnews.com\/fr\/les-partisans-de-l-avortement-rabaissent-la-vie-au-niveau-de-la-s-t#primaryimage"},"thumbnailUrl":"https:\/\/ifamnews.com\/wp-content\/uploads\/2022\/01\/Image-from-Pixabay-2.jpg","keywords":["avortement","manifestation","pro-vie"],"articleSection":["Foreground","Nouvelles r\u00e9centes"],"inLanguage":"fr-FR","potentialAction":[{"@type":"CommentAction","name":"Comment","target":["https:\/\/ifamnews.com\/fr\/les-partisans-de-l-avortement-rabaissent-la-vie-au-niveau-de-la-s-t#respond"]}]},{"@type":"WebPage","@id":"https:\/\/ifamnews.com\/fr\/les-partisans-de-l-avortement-rabaissent-la-vie-au-niveau-de-la-s-t","url":"https:\/\/ifamnews.com\/fr\/les-partisans-de-l-avortement-rabaissent-la-vie-au-niveau-de-la-s-t","name":"Les partisans de l'avortement comparent les b\u00e9b\u00e9s avort\u00e9s \u00e0 des excr\u00e9ments. - \"iFamNews\"","isPartOf":{"@id":"https:\/\/ifamnews.com\/en\/#website"},"primaryImageOfPage":{"@id":"https:\/\/ifamnews.com\/fr\/les-partisans-de-l-avortement-rabaissent-la-vie-au-niveau-de-la-s-t#primaryimage"},"image":{"@id":"https:\/\/ifamnews.com\/fr\/les-partisans-de-l-avortement-rabaissent-la-vie-au-niveau-de-la-s-t#primaryimage"},"thumbnailUrl":"https:\/\/ifamnews.com\/wp-content\/uploads\/2022\/01\/Image-from-Pixabay-2.jpg","datePublished":"2022-02-24T05:11:43+00:00","dateModified":"2022-02-24T05:12:54+00:00","description":"Toute personne qui n'a pas compl\u00e8tement annihil\u00e9 son sens de la d\u00e9cence ne peut qu'\u00eatre d\u00e9go\u00fbt\u00e9e par ce qui est sorti de la bouche de certains \u00e9tudiants de l'universit\u00e9 de Cincinnati, dans l'Ohio (\u00c9tats-Unis), qui ont compar\u00e9 les b\u00e9b\u00e9s avort\u00e9s \u00e0 des excr\u00e9ments.","breadcrumb":{"@id":"https:\/\/ifamnews.com\/fr\/les-partisans-de-l-avortement-rabaissent-la-vie-au-niveau-de-la-s-t#breadcrumb"},"inLanguage":"fr-FR","potentialAction":[{"@type":"ReadAction","target":["https:\/\/ifamnews.com\/fr\/les-partisans-de-l-avortement-rabaissent-la-vie-au-niveau-de-la-s-t"]}]},{"@type":"ImageObject","inLanguage":"fr-FR","@id":"https:\/\/ifamnews.com\/fr\/les-partisans-de-l-avortement-rabaissent-la-vie-au-niveau-de-la-s-t#primaryimage","url":"https:\/\/ifamnews.com\/wp-content\/uploads\/2022\/01\/Image-from-Pixabay-2.jpg","contentUrl":"https:\/\/ifamnews.com\/wp-content\/uploads\/2022\/01\/Image-from-Pixabay-2.jpg","width":1200,"height":675,"caption":"Image de Pixabay"},{"@type":"BreadcrumbList","@id":"https:\/\/ifamnews.com\/fr\/les-partisans-de-l-avortement-rabaissent-la-vie-au-niveau-de-la-s-t#breadcrumb","itemListElement":[{"@type":"ListItem","position":1,"name":"Home","item":"https:\/\/ifamnews.com\/de"},{"@type":"ListItem","position":2,"name":"Life","item":"https:\/\/ifamnews.com\/en\/category\/life"},{"@type":"ListItem","position":3,"name":"Les partisans de l&#8217;avortement comparent les b\u00e9b\u00e9s avort\u00e9s \u00e0 des excr\u00e9ments."}]},{"@type":"WebSite","@id":"https:\/\/ifamnews.com\/en\/#website","url":"https:\/\/ifamnews.com\/en\/","name":"IFN","description":"International Family News Network","publisher":{"@id":"https:\/\/ifamnews.com\/en\/#organization"},"potentialAction":[{"@type":"SearchAction","target":{"@type":"EntryPoint","urlTemplate":"https:\/\/ifamnews.com\/en\/?s={search_term_string}"},"query-input":{"@type":"PropertyValueSpecification","valueRequired":true,"valueName":"search_term_string"}}],"inLanguage":"fr-FR"},{"@type":"Organization","@id":"https:\/\/ifamnews.com\/en\/#organization","name":"iFamNews","url":"https:\/\/ifamnews.com\/en\/","logo":{"@type":"ImageObject","inLanguage":"fr-FR","@id":"https:\/\/ifamnews.com\/en\/#\/schema\/logo\/image\/","url":"https:\/\/ifamnews.com\/wp-content\/uploads\/2020\/01\/Share-logo.png","contentUrl":"https:\/\/ifamnews.com\/wp-content\/uploads\/2020\/01\/Share-logo.png","width":200,"height":200,"caption":"iFamNews"},"image":{"@id":"https:\/\/ifamnews.com\/en\/#\/schema\/logo\/image\/"},"sameAs":["https:\/\/www.facebook.com\/iFamNews","https:\/\/x.com\/iFamNewsEN"]},{"@type":"Person","@id":"https:\/\/ifamnews.com\/en\/#\/schema\/person\/633bdb7ac2496c9b9304ce62d071cdfa","name":"IFN English","image":{"@type":"ImageObject","inLanguage":"fr-FR","@id":"https:\/\/secure.gravatar.com\/avatar\/6f16ce95b558ae6f6eb9ae2f68122482a2c61696af2a8fc343c2e10f981a959d?s=96&d=mm&r=g","url":"https:\/\/secure.gravatar.com\/avatar\/6f16ce95b558ae6f6eb9ae2f68122482a2c61696af2a8fc343c2e10f981a959d?s=96&d=mm&r=g","contentUrl":"https:\/\/secure.gravatar.com\/avatar\/6f16ce95b558ae6f6eb9ae2f68122482a2c61696af2a8fc343c2e10f981a959d?s=96&d=mm&r=g","caption":"IFN English"},"description":"Articles published by the English iFamNews editorial team.","sameAs":["https:\/\/ifamnews.com\/en","https:\/\/www.facebook.com\/iFamNews\/","https:\/\/x.com\/https:\/\/twitter.com\/iFamNewsEN","https:\/\/www.youtube.com\/channel\/UCMVyIt4z9BANW3d09kwfUpw"],"url":"https:\/\/ifamnews.com\/fr\/author\/ifamnews-staff"}]}},"amp_enabled":true,"_links":{"self":[{"href":"https:\/\/ifamnews.com\/fr\/wp-json\/wp\/v2\/posts\/127021","targetHints":{"allow":["GET"]}}],"collection":[{"href":"https:\/\/ifamnews.com\/fr\/wp-json\/wp\/v2\/posts"}],"about":[{"href":"https:\/\/ifamnews.com\/fr\/wp-json\/wp\/v2\/types\/post"}],"author":[{"embeddable":true,"href":"https:\/\/ifamnews.com\/fr\/wp-json\/wp\/v2\/users\/593"}],"replies":[{"embeddable":true,"href":"https:\/\/ifamnews.com\/fr\/wp-json\/wp\/v2\/comments?post=127021"}],"version-history":[{"count":5,"href":"https:\/\/ifamnews.com\/fr\/wp-json\/wp\/v2\/posts\/127021\/revisions"}],"predecessor-version":[{"id":127130,"href":"https:\/\/ifamnews.com\/fr\/wp-json\/wp\/v2\/posts\/127021\/revisions\/127130"}],"wp:featuredmedia":[{"embeddable":true,"href":"https:\/\/ifamnews.com\/fr\/wp-json\/wp\/v2\/media\/119402"}],"wp:attachment":[{"href":"https:\/\/ifamnews.com\/fr\/wp-json\/wp\/v2\/media?parent=127021"}],"wp:term":[{"taxonomy":"category","embeddable":true,"href":"https:\/\/ifamnews.com\/fr\/wp-json\/wp\/v2\/categories?post=127021"},{"taxonomy":"post_tag","embeddable":true,"href":"https:\/\/ifamnews.com\/fr\/wp-json\/wp\/v2\/tags?post=127021"}],"curies":[{"name":"wp","href":"https:\/\/api.w.org\/{rel}","templated":true}]}}