{"id":12656,"date":"2020-03-25T14:51:11","date_gmt":"2020-03-25T19:51:11","guid":{"rendered":"https:\/\/ifamnews.com\/?p=12656"},"modified":"2020-03-25T14:51:14","modified_gmt":"2020-03-25T19:51:14","slug":"le-wcf-soros-et-lavortement","status":"publish","type":"post","link":"https:\/\/ifamnews.com\/fr\/le-wcf-soros-et-lavortement","title":{"rendered":"Le WCF, Soros et l&rsquo;avortement"},"content":{"rendered":"\n<p>Le quotidien ukrainien <a href=\"https:\/\/kyivpost.com\/ukraine-politics\/investigation-american-activists-help-mislead-ukrainian-women-about-abortion.html?cn-reloaded=1\"><em>Kyiv Post<\/em><\/a> a reproduit un article\npubli\u00e9 par le site <a href=\"https:\/\/opendemocracy.net\/en\/5050\/ukrainian-women-misled-abortion\/\"><em>Open Democracy<\/em><\/a> de George Soros. Il\ncommence sans nuance ainsi&nbsp;: \u00ab&nbsp;L\u2019avortement est l\u00e9gal en Ukraine\ndepuis des d\u00e9cennies \u2013 mais des groupes soutenus par la Maison Blanche de Trump\ntrompent les femmes vuln\u00e9rables.&nbsp;\u00bb<\/p>\n\n\n\n<p>Rien que cette premi\u00e8re phrase est une merveille de\nd\u00e9sinformation&nbsp;! Tout d\u2019abord, elle \u00ab&nbsp;oublie&nbsp;\u00bb opportun\u00e9ment de\nrappeler que l\u2019avortement a \u00e9t\u00e9 l\u00e9galis\u00e9 en Ukraine, comme dans l\u2019ensemble de\nl\u2019Union sovi\u00e9tique, par le bolch\u00e9visme qui a laiss\u00e9 des souvenirs\nparticuli\u00e8rement sinistres en Ukraine, o\u00f9 l\u2019Holodomor, le g\u00e9nocide par la faim\nperp\u00e9tr\u00e9 par Staline et ses sbires, a fait autour de 5 millions de victimes au\nd\u00e9but des ann\u00e9es 1930. Par ailleurs, qui donc trompe les femmes\nvuln\u00e9rables&nbsp;? Les organisations pro-vie qui leur proposent de les aider \u00e0\ngarder leur b\u00e9b\u00e9 ou le Planning familial qui leur assure que l\u2019avortement est\nune banale op\u00e9ration sans cons\u00e9quence&nbsp;? Enfin, je reste toujours sid\u00e9r\u00e9\npar le complotisme des anti-complotistes&nbsp;: telle qu\u2019est \u00e9crite la phrase,\non a l\u2019impression que les organisations pro-vie agissant en Ukraine auraient\ndemand\u00e9 soit un soutien officiel, soit m\u00eame un soutien financier \u00e0 la Maison\nBlanche. Mais c\u2019est parfaitement farfelu. Que Donald Trump soutienne moralement\nle mouvement pro-vie est une chose&nbsp;; que la collaboration des diff\u00e9rents\ngroupes pro-vie du monde entier se d\u00e9cide dans le bureau ovale en est une autre\n\u2013 tout \u00e0 fait diff\u00e9rente et tout \u00e0 fait d\u00e9lirante&nbsp;!<\/p>\n\n\n\n<p>La suite de l\u2019article n\u2019est pas beaucoup plus s\u00e9rieuse. La\n\u00ab&nbsp;journaliste&nbsp;\u00bb Tetiana Kozak appelle le <a href=\"https:\/\/heartbeatinternational.org\/ukraine-lrg\">Karkhiv Pregnancy\nAssistance Center<\/a>, \u00e9tablissement qui est soutenu tout \u00e0 fait officiellement\net publiquement par la belle \u0153uvre <a href=\"https:\/\/heartbeatinternational.org\/\">Heartbeat International<\/a>\n(elle aussi tout \u00e0 fait officiellement et publiquement pro-vie). Comme de bien\nentendu, son appel t\u00e9l\u00e9phonique est bas\u00e9 sur un mensonge&nbsp;: elle se fait passer\npour une \u00e9tudiante r\u00e9fugi\u00e9e, enceinte apr\u00e8s un viol, qui songe \u00e0 l\u2019avortement.\nJe rappelle que la d\u00e9ontologie journalistique internationale interdit en\nprincipe ce genre de pratique. Sauf cas exceptionnel (comme aller filmer des\nchefs de guerre ou des criminels mafieux), un journaliste doit normalement se\npr\u00e9senter comme journaliste pour ses enqu\u00eates. Mais Mme Kozak doit sans doute\npenser que les pro-vie sont de dangereux criminels&nbsp;!<\/p>\n\n\n\n<p>Evidemment, la personne qu\u2019elle a au t\u00e9l\u00e9phone lui\nd\u00e9conseille l\u2019avortement, lui parle de son b\u00e9b\u00e9, des risques de syndrome\npost-abortif, etc.<\/p>\n\n\n\n<p>La \u00ab&nbsp;journaliste&nbsp;\u00bb ne parvient pas \u00e0 trouver\nd\u2019autre r\u00e9ponse \u00e0 cela que les suivantes&nbsp;:<\/p>\n\n\n\n<ol class=\"wp-block-list\"><li>Rien ne prouve que les risques de cancer du sein\naugmentent avec l\u2019avortement&nbsp;;<\/li><li>Le Karkhov Pregnancy Assistance Center est\nsoutenu par de puissants \u00e9trangers (notamment la Maison Blanche)&nbsp;;<\/li><li>Le site web du centre ne pr\u00e9cise pas qu\u2019il s\u2019agit\nd\u2019un groupe religieux.<\/li><\/ol>\n\n\n\n<p>La belle affaire&nbsp;!<\/p>\n\n\n\n<p>Tout d\u2019abord, il n\u2019y a pas besoin d\u2019\u00eatre religieux pour\npenser que l\u2019avortement tue un \u00eatre humain, il suffit d\u2019avoir fait un peu de\nbiologie \u00e0 l\u2019\u00e9cole.<\/p>\n\n\n\n<p>Par ailleurs, son \u00ab&nbsp;raisonnement&nbsp;\u00bb sur le cancer\ndu sein est un pur sophisme&nbsp;: ce n\u2019est pas aux pro-vie de prouver la\ndangerosit\u00e9 de l\u2019avortement, mais au contraire aux pro-mort de montrer qu\u2019il\nest inoffensif. Et, l\u00e0, bon courage&nbsp;! Car rien ne prouve non plus (c\u2019est\nbien le moins que l\u2019on puisse dire) que l\u2019avortement soit sans risque pour la\nm\u00e8re. D\u2019ailleurs, les amis de M. Soros parlent de \u00ab&nbsp;principe de\npr\u00e9caution&nbsp;\u00bb \u00e0 tout propos pour les animaux ou les v\u00e9g\u00e9taux. \u00cates-vous\nchoqu\u00e9s que le m\u00eame \u00ab&nbsp;principe de pr\u00e9caution&nbsp;\u00bb s\u2019applique quand il\ns\u2019agit d\u2019\u00eatres humains&nbsp;?<\/p>\n\n\n\n<p>Quant aux soutiens \u00e9trangers, j\u2019ai dit que le soutien\nd\u2019Heartbeat International \u00e9tait public&nbsp;; si, vraiment, ce centre voulait\ntromper les femmes en se faisant passer pour un centre du Planning familial\nalors qu\u2019il s\u2019agit d\u2019un centre pro-vie, croyez-vous que ce soutien serait\nvisible sur internet&nbsp;? Je ne parle pas du soutien de la Maison Blanche,\nc\u2019est vraiment trop absurde&nbsp;: je suis bien certain que Donald Trump se\nr\u00e9jouit des b\u00e9b\u00e9s sauv\u00e9s \u00e0 Karkhov, mais pensez-vous qu\u2019il n\u2019a pas assez \u00e0 faire\navec les Etats-Unis&nbsp;? Au cas o\u00f9 Mme Kozak l\u2019ignorerait, je lui rappelle\nque le mouvement pro-vie am\u00e9ricain a largement de quoi s\u2019occuper aux Etats-Unis\no\u00f9 pr\u00e8s de 1,3 million d\u2019avortements sont pratiqu\u00e9s chaque ann\u00e9e.<\/p>\n\n\n\n<p>Cette \u00ab&nbsp;journaliste&nbsp;\u00bb confond le soutien moral que\ntoutes les organisations pro-vie du monde entier s\u2019accordent bien volontiers mutuellement\net un vaste complot dont le centre serait le bureau ovale. Autant le soutien\nmoral partout dans le monde existe, grandit et se renforce (notamment gr\u00e2ce au\ntravail inlassable du World Congress of Families), autant imaginer le mouvement\npro-vie mondial comme monolithique et command\u00e9 depuis Washington est idiot.\nMais peut-\u00eatre est-elle pardonnable de confondre car l\u2019argent des progressistes\nam\u00e9ricains coule \u00e0 flots partout dans le monde pour y r\u00e9pandre l\u2019avortement et\nle \u00ab&nbsp;mariage&nbsp;\u00bb gay dont la plupart des pays ne veulent pas.<\/p>\n\n\n\n<p>J\u2019aime beaucoup la phrase qui suit le r\u00e9sum\u00e9 de cette\nconversation t\u00e9l\u00e9phonique&nbsp;: \u00ab&nbsp;Une femme en d\u00e9tresse cherchant de\nl\u2019aide peut ne pas se rendre compte que le Karkhiv center a un programme \u2013 ou\ndes amis \u00e9trangers si puissants.&nbsp;\u00bb<\/p>\n\n\n\n<p>Le sang du lecteur se glace. On devine confus\u00e9ment un r\u00e9seau\nclandestin de dangereux terroristes. Euh, en fait non&nbsp;: le programme est\nde sauver des b\u00e9b\u00e9s et Heartbeat International n\u2019est probablement pas aussi\npuissant que George Soros et, en tout cas, ne cache nullement ses\nconvictions&nbsp;!<\/p>\n\n\n\n<p>La suite est de la grande propagande. Mme Kozak s\u2019indigne\nque le centre ne d\u00e9pende pas du minist\u00e8re de la Sant\u00e9. Peut-\u00eatre ignore-t-elle\nqu\u2019il y a dans le monde des pays qui ne sont pas communistes (ou qui ont cess\u00e9\nd\u2019\u00eatre communistes, comme l\u2019Ukraine). Je devine que cela lui fait beaucoup de\npeine, mais enfin, sur la plan\u00e8te enti\u00e8re, les congr\u00e9gations religieuses et la\nphilanthropie priv\u00e9e offrent plus de soins que les Etats.<\/p>\n\n\n\n<p>Mais le plus dr\u00f4le est sans doute ceci&nbsp;: \u00ab&nbsp;l\u2019enqu\u00eate&nbsp;\u00bb\nde Mme Kozak fait partie d\u2019un projet plus vaste d\u2019Open Democracy (dont je\nrappelle que c\u2019est une fondation financ\u00e9e largement par George Soros, ce qui\nest sans nul doute un gage d\u2019objectivit\u00e9 scientifique&nbsp;!). Et l\u2019article\npr\u00e9cise qu\u2019apr\u00e8s la publication de cette pr\u00e9tendue \u00ab&nbsp;enqu\u00eate&nbsp;\u00bb d\u2019Open\nDemocracy, <a href=\"https:\/\/hrw.org\/about\/people\/hillary-margolis\">Hillary\nMargolis<\/a>, senior researcher sur les droits des femmes en Europe et en Asie\ncentrale \u00e0 Human Rights Watch, a trouv\u00e9 ces r\u00e9sultats\n\u00ab&nbsp;perturbants&nbsp;\u00bb. Eh bien, le monde risque de s\u2019arr\u00eater de tourner. On\na trouv\u00e9 une chercheuse qui trouvait ces r\u00e9sultats\n\u00ab&nbsp;perturbants&nbsp;\u00bb&nbsp;! Probl\u00e8me&nbsp;: Mme Margolis travaille pour\nHuman Rights Watch, organisation notoirement gauchiste et \u2013 \u00f4 suprise&nbsp;! \u2013\nlargement financ\u00e9e par George Soros. C\u2019est un peu comme si Mme Kozak commentait\nses propres \u00ab&nbsp;r\u00e9sultats&nbsp;\u00bb en disant&nbsp;: qu\u2019est-ce qu\u2019elle est bien\nmon enqu\u00eate&nbsp;!<\/p>\n\n\n\n<p>Mais venons-en aux attaques contre nous. Car, oui, chers\namis lecteurs, dans ce vaste complot pro-vie qui prend sa source \u00e0 la Maison\nBlanche, le World Congress of Families, \u00ab&nbsp;groupe ultraconservateur&nbsp;\u00bb\npr\u00e9sid\u00e9 par mon ami Brian Brown, qui est aussi le directeur d\u2019iFamNews, est un\nmaillon essentiel.<\/p>\n\n\n\n<p>La preuve&nbsp;? Brian \u00e9tait voici peu \u00e0 Kiev pour une\nr\u00e9union du groupe \u00ab&nbsp;Valeurs, Dignit\u00e9, Famille&nbsp;\u00bb r\u00e9unissant des\nparlementaires ukrainiens de tous les partis, et dirig\u00e9 par mon autre ami\n(j\u2019aggrave mon cas&nbsp;!) Oleg Voloshin.<\/p>\n\n\n\n<p>Diable, si le mouvement pro-vie en Ukraine est aussi soutenu\npar des pro-vie ukrainiens, o\u00f9 va le monde&nbsp;?<\/p>\n\n\n\n<p>C\u2019est ainsi que l\u2019on con\u00e7oit le journalisme d\u2019investigation\nchez nos bons amis du clan Soros. Pas \u00e9tonnant qu\u2019ils s\u2019inqui\u00e8tent d\u2019\u00eatre de moins\nen moins \u00e9cout\u00e9s&nbsp;!<\/p>\n\n\n\n<p>Oh, et puis, apr\u00e8s tout, on peut bien leur dire\u2026 Oui, nous\nnous r\u00e9jouissons que, gr\u00e2ce notamment aux rencontres du World Congress of\nFamilies, qui permettent \u00e0 des leaders pro-vie du monde entier de se rencontrer\net d\u2019apprendre les uns des autres, la culture de vie progresse dans le monde\net, bien s\u00fbr, que, tout \u00e0 fait publiquement et explicitement, nous esp\u00e9rons\nque, progressivement, dans tous les pays du monde, les femmes pourront\naccueillir leur b\u00e9b\u00e9 pour leur plus grande joie et celle de toute la soci\u00e9t\u00e9.\nMais ne le r\u00e9p\u00e9tez pas&nbsp;: c\u2019est un complot&nbsp;!<\/p>\n","protected":false},"excerpt":{"rendered":"<p>Une agence de Soros a invent\u00e9 une th\u00e9orie du complot selon laquelle la Maison Blanche de Trump dirigerait le mouvement pro-vie mondial<\/p>\n","protected":false},"author":16,"featured_media":12660,"comment_status":"open","ping_status":"open","sticky":false,"template":"","format":"standard","meta":{"give_campaign_id":0,"om_disable_all_campaigns":false,"_monsterinsights_skip_tracking":false,"_monsterinsights_sitenote_active":false,"_monsterinsights_sitenote_note":"","_monsterinsights_sitenote_category":0,"mc4wp_mailchimp_campaign":[],"jnews-multi-image_gallery":[],"jnews_single_post":{"subtitle":"Une agence de Soros a invent\u00e9 une th\u00e9orie du complot selon laquelle la Maison Blanche de Trump dirigerait le mouvement pro-vie mondial","format":"standard","video":"","gallery":"","source_name":"","source_url":"","via_name":"","via_url":"","override":[{"single_blog_custom":"","sidebar":"","second_sidebar":"","share_position":"","share_float_style":"","post_date_format":"","post_date_format_custom":"","post_reading_time_wpm":"","zoom_button_out_step":"1","zoom_button_in_step":"1","number_popup_post":"1"}],"image_override":[{"single_post_thumbnail_size":"","single_post_gallery_size":""}],"trending_post_position":"","trending_post_label":""},"jnews_primary_category":{"id":""},"jnews_social_meta":{"fb_title":"","fb_description":"","fb_image":"","twitter_title":"","twitter_description":"","twitter_image":""},"jnews_override_counter":{"view_counter_number":"0","share_counter_number":"0","like_counter_number":"0","dislike_counter_number":"0"},"footnotes":""},"categories":[762,809],"tags":[1582,2397],"class_list":["post-12656","post","type-post","status-publish","format-standard","has-post-thumbnail","hentry","category-culture-fr","category-foreground-fr","tag-soros-3","tag-world-congress-of-families-2"],"yoast_head":"<!-- This site is optimized with the Yoast SEO Premium plugin v25.9 (Yoast SEO v27.3) - https:\/\/yoast.com\/product\/yoast-seo-premium-wordpress\/ -->\n<title>Le WCF, Soros et l&#039;avortement - IFN<\/title>\n<meta name=\"robots\" content=\"index, follow, max-snippet:-1, max-image-preview:large, max-video-preview:-1\" \/>\n<link rel=\"canonical\" href=\"https:\/\/ifamnews.com\/fr\/le-wcf-soros-et-lavortement\" \/>\n<meta property=\"og:locale\" content=\"fr_FR\" \/>\n<meta property=\"og:type\" content=\"article\" \/>\n<meta property=\"og:title\" content=\"Le WCF, Soros et l&#039;avortement\" \/>\n<meta property=\"og:description\" content=\"Une agence de Soros a invent\u00e9 une th\u00e9orie du complot selon laquelle la Maison Blanche de Trump dirigerait le mouvement pro-vie mondial\" \/>\n<meta property=\"og:url\" content=\"https:\/\/ifamnews.com\/fr\/le-wcf-soros-et-lavortement\" \/>\n<meta property=\"og:site_name\" content=\"IFN\" \/>\n<meta property=\"article:publisher\" content=\"https:\/\/www.facebook.com\/iFamNews\" \/>\n<meta property=\"article:published_time\" content=\"2020-03-25T19:51:11+00:00\" \/>\n<meta property=\"article:modified_time\" content=\"2020-03-25T19:51:14+00:00\" \/>\n<meta property=\"og:image\" content=\"https:\/\/ifamnews.com\/wp-content\/uploads\/2020\/03\/10-22-soros.w700.h700.jpg\" \/>\n\t<meta property=\"og:image:width\" content=\"700\" \/>\n\t<meta property=\"og:image:height\" content=\"700\" \/>\n\t<meta property=\"og:image:type\" content=\"image\/jpeg\" \/>\n<meta name=\"author\" content=\"Guillaume De Thieulloy\" \/>\n<meta name=\"twitter:card\" content=\"summary_large_image\" \/>\n<meta name=\"twitter:creator\" content=\"@iFamNewsEN\" \/>\n<meta name=\"twitter:site\" content=\"@iFamNewsEN\" \/>\n<meta name=\"twitter:label1\" content=\"\u00c9crit par\" \/>\n\t<meta name=\"twitter:data1\" content=\"Guillaume De Thieulloy\" \/>\n\t<meta name=\"twitter:label2\" content=\"Dur\u00e9e de lecture estim\u00e9e\" \/>\n\t<meta name=\"twitter:data2\" content=\"8 minutes\" \/>\n<!-- \/ Yoast SEO Premium plugin. -->","yoast_head_json":{"title":"Le WCF, Soros et l'avortement - IFN","robots":{"index":"index","follow":"follow","max-snippet":"max-snippet:-1","max-image-preview":"max-image-preview:large","max-video-preview":"max-video-preview:-1"},"canonical":"https:\/\/ifamnews.com\/fr\/le-wcf-soros-et-lavortement","og_locale":"fr_FR","og_type":"article","og_title":"Le WCF, Soros et l'avortement","og_description":"Une agence de Soros a invent\u00e9 une th\u00e9orie du complot selon laquelle la Maison Blanche de Trump dirigerait le mouvement pro-vie mondial","og_url":"https:\/\/ifamnews.com\/fr\/le-wcf-soros-et-lavortement","og_site_name":"IFN","article_publisher":"https:\/\/www.facebook.com\/iFamNews","article_published_time":"2020-03-25T19:51:11+00:00","article_modified_time":"2020-03-25T19:51:14+00:00","og_image":[{"width":700,"height":700,"url":"https:\/\/ifamnews.com\/wp-content\/uploads\/2020\/03\/10-22-soros.w700.h700.jpg","type":"image\/jpeg"}],"author":"Guillaume De Thieulloy","twitter_card":"summary_large_image","twitter_creator":"@iFamNewsEN","twitter_site":"@iFamNewsEN","twitter_misc":{"\u00c9crit par":"Guillaume De Thieulloy","Dur\u00e9e de lecture estim\u00e9e":"8 minutes"},"schema":{"@context":"https:\/\/schema.org","@graph":[{"@type":"NewsArticle","@id":"https:\/\/ifamnews.com\/fr\/le-wcf-soros-et-lavortement#article","isPartOf":{"@id":"https:\/\/ifamnews.com\/fr\/le-wcf-soros-et-lavortement"},"author":{"name":"Guillaume De Thieulloy","@id":"https:\/\/ifamnews.com\/en\/#\/schema\/person\/c76c48fb848d55bd8fa78b15989af476"},"headline":"Le WCF, Soros et l&rsquo;avortement","datePublished":"2020-03-25T19:51:11+00:00","dateModified":"2020-03-25T19:51:14+00:00","mainEntityOfPage":{"@id":"https:\/\/ifamnews.com\/fr\/le-wcf-soros-et-lavortement"},"wordCount":1519,"commentCount":0,"publisher":{"@id":"https:\/\/ifamnews.com\/en\/#organization"},"image":{"@id":"https:\/\/ifamnews.com\/fr\/le-wcf-soros-et-lavortement#primaryimage"},"thumbnailUrl":"https:\/\/ifamnews.com\/wp-content\/uploads\/2020\/03\/10-22-soros.w700.h700.jpg","keywords":["Soros","World Congress of Families"],"articleSection":["Culture","Foreground"],"inLanguage":"fr-FR","potentialAction":[{"@type":"CommentAction","name":"Comment","target":["https:\/\/ifamnews.com\/fr\/le-wcf-soros-et-lavortement#respond"]}]},{"@type":"WebPage","@id":"https:\/\/ifamnews.com\/fr\/le-wcf-soros-et-lavortement","url":"https:\/\/ifamnews.com\/fr\/le-wcf-soros-et-lavortement","name":"Le WCF, Soros et l'avortement - IFN","isPartOf":{"@id":"https:\/\/ifamnews.com\/en\/#website"},"primaryImageOfPage":{"@id":"https:\/\/ifamnews.com\/fr\/le-wcf-soros-et-lavortement#primaryimage"},"image":{"@id":"https:\/\/ifamnews.com\/fr\/le-wcf-soros-et-lavortement#primaryimage"},"thumbnailUrl":"https:\/\/ifamnews.com\/wp-content\/uploads\/2020\/03\/10-22-soros.w700.h700.jpg","datePublished":"2020-03-25T19:51:11+00:00","dateModified":"2020-03-25T19:51:14+00:00","breadcrumb":{"@id":"https:\/\/ifamnews.com\/fr\/le-wcf-soros-et-lavortement#breadcrumb"},"inLanguage":"fr-FR","potentialAction":[{"@type":"ReadAction","target":["https:\/\/ifamnews.com\/fr\/le-wcf-soros-et-lavortement"]}]},{"@type":"ImageObject","inLanguage":"fr-FR","@id":"https:\/\/ifamnews.com\/fr\/le-wcf-soros-et-lavortement#primaryimage","url":"https:\/\/ifamnews.com\/wp-content\/uploads\/2020\/03\/10-22-soros.w700.h700.jpg","contentUrl":"https:\/\/ifamnews.com\/wp-content\/uploads\/2020\/03\/10-22-soros.w700.h700.jpg","width":700,"height":700},{"@type":"BreadcrumbList","@id":"https:\/\/ifamnews.com\/fr\/le-wcf-soros-et-lavortement#breadcrumb","itemListElement":[{"@type":"ListItem","position":1,"name":"Home","item":"https:\/\/ifamnews.com\/de"},{"@type":"ListItem","position":2,"name":"Foreground","item":"https:\/\/ifamnews.com\/fr\/categorie\/foreground-fr"},{"@type":"ListItem","position":3,"name":"Le WCF, Soros et l&#8217;avortement"}]},{"@type":"WebSite","@id":"https:\/\/ifamnews.com\/en\/#website","url":"https:\/\/ifamnews.com\/en\/","name":"IFN","description":"International Family News Network","publisher":{"@id":"https:\/\/ifamnews.com\/en\/#organization"},"potentialAction":[{"@type":"SearchAction","target":{"@type":"EntryPoint","urlTemplate":"https:\/\/ifamnews.com\/en\/?s={search_term_string}"},"query-input":{"@type":"PropertyValueSpecification","valueRequired":true,"valueName":"search_term_string"}}],"inLanguage":"fr-FR"},{"@type":"Organization","@id":"https:\/\/ifamnews.com\/en\/#organization","name":"iFamNews","url":"https:\/\/ifamnews.com\/en\/","logo":{"@type":"ImageObject","inLanguage":"fr-FR","@id":"https:\/\/ifamnews.com\/en\/#\/schema\/logo\/image\/","url":"https:\/\/ifamnews.com\/wp-content\/uploads\/2020\/01\/Share-logo.png","contentUrl":"https:\/\/ifamnews.com\/wp-content\/uploads\/2020\/01\/Share-logo.png","width":200,"height":200,"caption":"iFamNews"},"image":{"@id":"https:\/\/ifamnews.com\/en\/#\/schema\/logo\/image\/"},"sameAs":["https:\/\/www.facebook.com\/iFamNews","https:\/\/x.com\/iFamNewsEN"]},{"@type":"Person","@id":"https:\/\/ifamnews.com\/en\/#\/schema\/person\/c76c48fb848d55bd8fa78b15989af476","name":"Guillaume De Thieulloy","image":{"@type":"ImageObject","inLanguage":"fr-FR","@id":"https:\/\/secure.gravatar.com\/avatar\/035f0e4e7b7ba9712f21b64ecc496b02607886498c4d20382fb4af6fb7549454?s=96&d=mm&r=g","url":"https:\/\/secure.gravatar.com\/avatar\/035f0e4e7b7ba9712f21b64ecc496b02607886498c4d20382fb4af6fb7549454?s=96&d=mm&r=g","contentUrl":"https:\/\/secure.gravatar.com\/avatar\/035f0e4e7b7ba9712f21b64ecc496b02607886498c4d20382fb4af6fb7549454?s=96&d=mm&r=g","caption":"Guillaume De Thieulloy"},"description":"Guillaume de Thieulloy is married and a father of 4 children. Doctor of political science and holder of a canonical license in theology, he works as parliamentary assistant in the senate and heads a media group (digital and print). He is the author of several works on Catholic political thought and on the relations between Church and State.","url":"https:\/\/ifamnews.com\/fr\/author\/gdethieulloy"}]}},"amp_enabled":true,"_links":{"self":[{"href":"https:\/\/ifamnews.com\/fr\/wp-json\/wp\/v2\/posts\/12656","targetHints":{"allow":["GET"]}}],"collection":[{"href":"https:\/\/ifamnews.com\/fr\/wp-json\/wp\/v2\/posts"}],"about":[{"href":"https:\/\/ifamnews.com\/fr\/wp-json\/wp\/v2\/types\/post"}],"author":[{"embeddable":true,"href":"https:\/\/ifamnews.com\/fr\/wp-json\/wp\/v2\/users\/16"}],"replies":[{"embeddable":true,"href":"https:\/\/ifamnews.com\/fr\/wp-json\/wp\/v2\/comments?post=12656"}],"version-history":[{"count":1,"href":"https:\/\/ifamnews.com\/fr\/wp-json\/wp\/v2\/posts\/12656\/revisions"}],"predecessor-version":[{"id":12657,"href":"https:\/\/ifamnews.com\/fr\/wp-json\/wp\/v2\/posts\/12656\/revisions\/12657"}],"wp:featuredmedia":[{"embeddable":true,"href":"https:\/\/ifamnews.com\/fr\/wp-json\/wp\/v2\/media\/12660"}],"wp:attachment":[{"href":"https:\/\/ifamnews.com\/fr\/wp-json\/wp\/v2\/media?parent=12656"}],"wp:term":[{"taxonomy":"category","embeddable":true,"href":"https:\/\/ifamnews.com\/fr\/wp-json\/wp\/v2\/categories?post=12656"},{"taxonomy":"post_tag","embeddable":true,"href":"https:\/\/ifamnews.com\/fr\/wp-json\/wp\/v2\/tags?post=12656"}],"curies":[{"name":"wp","href":"https:\/\/api.w.org\/{rel}","templated":true}]}}