{"id":125916,"date":"2022-02-19T01:40:48","date_gmt":"2022-02-19T06:40:48","guid":{"rendered":"https:\/\/ifamnews.com\/?p=125916"},"modified":"2022-02-19T01:40:50","modified_gmt":"2022-02-19T06:40:50","slug":"sur-facebook-un-homme-blanc-peut-s-identifier-comme-une-femme-mais-pas-comme-un-homme-noir","status":"publish","type":"post","link":"https:\/\/ifamnews.com\/fr\/sur-facebook-un-homme-blanc-peut-s-identifier-comme-une-femme-mais-pas-comme-un-homme-noir","title":{"rendered":"Sur Facebook, un homme blanc peut s&rsquo;identifier comme une femme, mais pas comme un homme noir."},"content":{"rendered":"\n<p>Jerry Banfield, un homme blanc, diffuseur en direct sur Facebook et joueur, est tout simplement \u00ab\u00a0fatigu\u00e9 d&rsquo;\u00eatre blanc\u00a0\u00bb. Comme le rapporte <a href=\"https:\/\/www.rt.com\/pop-culture\/549860-trans-black-streamer-facebook\/\" target=\"_blank\" rel=\"noreferrer noopener\">Russia Today<\/a>, M. Banfield a annonc\u00e9 le 16 f\u00e9vrier, dans son \u00e9mission de streaming que :<\/p>\n\n\n\n<blockquote class=\"wp-block-quote is-layout-flow wp-block-quote-is-layout-flow\"><p>\u00ab\u00a0J&rsquo;ai une nouvelle annonce majeure aujourd&rsquo;hui qui me r\u00e9jouit beaucoup. Aujourd&rsquo;hui, je suis reconnaissant d&rsquo;avoir le courage de faire quelque chose que je voulais faire depuis tr\u00e8s longtemps. Pendant des ann\u00e9es, j&rsquo;ai voulu \u00eatre noir, j&rsquo;en ai assez d&rsquo;\u00eatre blanc&#8230; Allons droit au but : je m&rsquo;identifie d\u00e9sormais comme un homme noir. En tant qu&rsquo;afro-am\u00e9ricain. Je ne souhaite plus \u00eatre identifi\u00e9 comme un homme blanc&#8230; Ce n&rsquo;est plus qui je suis. Cela fait longtemps que je voulais faire ce changement.\u00a0\u00bb<\/p><\/blockquote>\n\n\n\n<p>Qu&rsquo;est-ce qui l&rsquo;a pouss\u00e9 \u00e0 faire cette annonce, maintenant ? M. Banfield a d\u00e9clar\u00e9 :<\/p>\n\n\n\n<blockquote class=\"wp-block-quote is-layout-flow wp-block-quote-is-layout-flow\"><p>\u00ab\u00a0Pendant des ann\u00e9es, j&rsquo;ai voulu faire ce changement, mais je pensais que je ne pouvais pas le faire \u00e0 cause de ma couleur de peau actuelle. Aujourd&rsquo;hui, je me suis r\u00e9veill\u00e9 et j&rsquo;ai r\u00e9alis\u00e9 que si un homme ou une femme peut soudainement d\u00e9cider, ind\u00e9pendamment de sa biologie, de son ADN et de son identification pass\u00e9e, qu&rsquo;il souhaite changer de genre, et \u00eatre pleinement soutenu dans cette transition, alors je peux absolument prendre la m\u00eame d\u00e9cision pour ma race.\u00a0\u00bb<\/p><\/blockquote>\n\n\n\n<p>En effet, si les militants woke soutiennent volontiers qu&rsquo;un homme biologique peut devenir une femme en s'\u00a0\u00bbidentifiant\u00a0\u00bb comme telle, pourquoi un homme biologique ne pourrait-il pas devenir un Noir en s'\u00a0\u00bbidentifiant\u00a0\u00bb comme tel \u00e9galement ? En utilisant la logique woke, c&rsquo;est parfaitement logique. Ce que vous croyez fait la r\u00e9alit\u00e9, ind\u00e9pendamment de la v\u00e9rit\u00e9.<\/p>\n\n\n\n<p>Mais c&rsquo;est trop pour Facebook. Bien qu&rsquo;il soit possible de s'\u00a0\u00bbidentifier\u00a0\u00bb comme l&rsquo;un des plus de soixante-dix genres sur Facebook, il est interdit \u00e0 une personne blanche de dire qu&rsquo;elle s&rsquo;identifie comme un homme noir. Dire cela \u00e9quivaut \u00e0 un discours de haine. Comme <a href=\"https:\/\/twitter.com\/FacebookGaming\/status\/1494079032358367235?ref_src=twsrc%5Etfw%7Ctwcamp%5Etweetembed%7Ctwterm%5E1494079032358367235%7Ctwgr%5E%7Ctwcon%5Es1_&amp;ref_url=https%3A%2F%2Fwww.rt.com%2Fpop-culture%2F549860-trans-black-streamer-facebook%2F\" target=\"_blank\" rel=\"noreferrer noopener\">l&rsquo;a dit<\/a> Facebook Gaming (une unit\u00e9 de Facebook) apr\u00e8s avoir d\u00e9mon\u00e9tis\u00e9 et rompu ses liens avec Banfield :<\/p>\n\n\n\n<blockquote class=\"wp-block-quote is-layout-flow wp-block-quote-is-layout-flow\"><p>\u00ab\u00a0Merci \u00e0 tous ceux qui nous ont alert\u00e9s sur un livestream ce matin qui allait \u00e0 l&rsquo;encontre de l&rsquo;esprit du Mois de l&rsquo;Histoire des Noirs. Nous avons coup\u00e9 les liens avec le cr\u00e9ateur en question, en le retirant de nos programmes officiels, y compris l&rsquo;acc\u00e8s aux fonctionnalit\u00e9s de mon\u00e9tisation \u00e0 compter d&rsquo;aujourd&rsquo;hui.\u00a0\u00bb<\/p><\/blockquote>\n\n\n\n<p>M. Banfield a r\u00e9pondu en soulignant \u00e0 quel point cette situation \u00e9tait injuste :<\/p>\n\n\n\n<blockquote class=\"wp-block-quote is-layout-flow wp-block-quote-is-layout-flow\"><p>\u00ab\u00a0Nous vivons dans un monde o\u00f9 nous sommes libres de changer de sexe, et par cons\u00e9quent, cela doit \u00e9galement s&rsquo;appliquer \u00e0 la race&#8230; Le simple fait est que refuser \u00e0 quiconque la possibilit\u00e9 de s&rsquo;identifier comme la race de son choix et lui refuser de c\u00e9l\u00e9brer toutes les f\u00eates qui y sont li\u00e9es est une discrimination.\u00a0\u00bb  <\/p><\/blockquote>\n\n\n\n<p>Donc, nous y sommes. Un homme blanc peut s&rsquo;identifier comme l&rsquo;un des soixante-dix genres possibles sur Facebook, mais il lui est interdit de s&rsquo;identifier comme un homme noir. Ce serait un discours de haine. Il y a donc vraiment une limite \u00e0 la doctrine woke selon laquelle vos croyances font la r\u00e9alit\u00e9 : vous pouvez changer de sexe mais pas de race. La logique incoh\u00e9rente n&rsquo;a jamais \u00e9t\u00e9 un probl\u00e8me pour les wokes.<\/p>\n","protected":false},"excerpt":{"rendered":"<p>D&rsquo;une mani\u00e8re g\u00e9n\u00e9rale, les wokes ne traitent pas de la r\u00e9alit\u00e9. Mais en ce qui concerne l&rsquo;attitude de Facebook \u00e0 l&rsquo;\u00e9gard du joueur Jerry Banfield, le woke peut \u00e9galement op\u00e9rer sur un plan de r\u00e9alit\u00e9 s\u00e9lective. Peu importe comment vous le d\u00e9coupez, les wokes fonctionnent sur l&rsquo;illusion.<\/p>\n","protected":false},"author":651,"featured_media":125908,"comment_status":"open","ping_status":"open","sticky":false,"template":"","format":"standard","meta":{"give_campaign_id":0,"om_disable_all_campaigns":false,"_monsterinsights_skip_tracking":false,"_monsterinsights_sitenote_active":false,"_monsterinsights_sitenote_note":"","_monsterinsights_sitenote_category":0,"mc4wp_mailchimp_campaign":[],"jnews-multi-image_gallery":[],"jnews_single_post":{"subtitle":"D'une mani\u00e8re g\u00e9n\u00e9rale, les wokes ne traitent pas de la r\u00e9alit\u00e9. Mais en ce qui concerne l'attitude de Facebook \u00e0 l'\u00e9gard du joueur Jerry Banfield, le woke peut \u00e9galement op\u00e9rer sur un plan de r\u00e9alit\u00e9 s\u00e9lective. Peu importe comment vous le d\u00e9coupez, les wokes fonctionnent sur l'illusion.","format":"standard","video":"","gallery":"","source_name":"","source_url":"","via_name":"","via_url":"","override":[{"template":"1","single_blog_custom":"","parallax":"1","fullscreen":"1","layout":"right-sidebar","sidebar":"default-sidebar","second_sidebar":"default-sidebar","sticky_sidebar":"1","share_position":"top","share_float_style":"share-monocrhome","show_share_counter":"1","show_view_counter":"1","show_featured":"1","show_post_meta":"1","show_post_author":"1","show_post_author_image":"1","show_post_date":"1","post_date_format":"default","post_date_format_custom":"Y\/m\/d","show_post_category":"1","post_reading_time_wpm":"300","zoom_button_out_step":"2","zoom_button_in_step":"3","show_post_tag":"1","show_prev_next_post":"1","show_popup_post":"1","number_popup_post":"1"}],"image_override":[{"single_post_thumbnail_size":"crop-500","single_post_gallery_size":"crop-500"}],"trending_post_position":"meta","trending_post_label":"Trending","sponsored_post_label":"Sponsored by","sponsored_post_name":"","sponsored_post_url":"","sponsored_post_logo":"","sponsored_post_desc":""},"jnews_primary_category":{"id":"762"},"jnews_social_meta":{"fb_title":"","fb_description":"","fb_image":"","twitter_title":"","twitter_description":"","twitter_image":""},"jnews_override_counter":{"view_counter_number":"0","share_counter_number":"0","like_counter_number":"0","dislike_counter_number":"0"},"footnotes":""},"categories":[762,809],"tags":[7505,8497,11105],"class_list":["post-125916","post","type-post","status-publish","format-standard","has-post-thumbnail","hentry","category-culture-fr","category-foreground-fr","tag-facebook-fr","tag-genre","tag-lideologie-transgenre"],"yoast_head":"<!-- This site is optimized with the Yoast SEO Premium plugin v25.9 (Yoast SEO v27.3) - https:\/\/yoast.com\/product\/yoast-seo-premium-wordpress\/ -->\n<title>Sur Facebook, un homme blanc peut s&#039;identifier comme une femme, mais pas comme un homme noir. - IFN<\/title>\n<meta name=\"description\" content=\"D&#039;une mani\u00e8re g\u00e9n\u00e9rale, les wokes ne traitent pas de la r\u00e9alit\u00e9. Mais en ce qui concerne l&#039;attitude de Facebook \u00e0 l&#039;\u00e9gard du joueur Jerry Banfield, le woke peut \u00e9galement op\u00e9rer sur un plan de r\u00e9alit\u00e9 s\u00e9lective. Peu importe comment vous le d\u00e9coupez, les wokes fonctionnent sur l&#039;illusion.\" \/>\n<meta name=\"robots\" content=\"index, follow, max-snippet:-1, max-image-preview:large, max-video-preview:-1\" \/>\n<link rel=\"canonical\" href=\"https:\/\/ifamnews.com\/fr\/sur-facebook-un-homme-blanc-peut-s-identifier-comme-une-femme-mais-pas-comme-un-homme-noir\" \/>\n<meta property=\"og:locale\" content=\"fr_FR\" \/>\n<meta property=\"og:type\" content=\"article\" \/>\n<meta property=\"og:title\" content=\"Sur Facebook, un homme blanc peut s&#039;identifier comme une femme, mais pas comme un homme noir.\" \/>\n<meta property=\"og:description\" content=\"D&#039;une mani\u00e8re g\u00e9n\u00e9rale, les wokes ne traitent pas de la r\u00e9alit\u00e9. Mais en ce qui concerne l&#039;attitude de Facebook \u00e0 l&#039;\u00e9gard du joueur Jerry Banfield, le woke peut \u00e9galement op\u00e9rer sur un plan de r\u00e9alit\u00e9 s\u00e9lective. Peu importe comment vous le d\u00e9coupez, les wokes fonctionnent sur l&#039;illusion.\" \/>\n<meta property=\"og:url\" content=\"https:\/\/ifamnews.com\/fr\/sur-facebook-un-homme-blanc-peut-s-identifier-comme-une-femme-mais-pas-comme-un-homme-noir\" \/>\n<meta property=\"og:site_name\" content=\"IFN\" \/>\n<meta property=\"article:publisher\" content=\"https:\/\/www.facebook.com\/iFamNews\" \/>\n<meta property=\"article:published_time\" content=\"2022-02-19T06:40:48+00:00\" \/>\n<meta property=\"article:modified_time\" content=\"2022-02-19T06:40:50+00:00\" \/>\n<meta property=\"og:image\" content=\"https:\/\/ifamnews.com\/wp-content\/uploads\/2022\/02\/Untitled-design-37.jpg\" \/>\n\t<meta property=\"og:image:width\" content=\"1200\" \/>\n\t<meta property=\"og:image:height\" content=\"675\" \/>\n\t<meta property=\"og:image:type\" content=\"image\/jpeg\" \/>\n<meta name=\"author\" content=\"Cato\" \/>\n<meta name=\"twitter:card\" content=\"summary_large_image\" \/>\n<meta name=\"twitter:creator\" content=\"@iFamNewsEN\" \/>\n<meta name=\"twitter:site\" content=\"@iFamNewsEN\" \/>\n<meta name=\"twitter:label1\" content=\"\u00c9crit par\" \/>\n\t<meta name=\"twitter:data1\" content=\"Cato\" \/>\n\t<meta name=\"twitter:label2\" content=\"Dur\u00e9e de lecture estim\u00e9e\" \/>\n\t<meta name=\"twitter:data2\" content=\"3 minutes\" \/>\n<!-- \/ Yoast SEO Premium plugin. -->","yoast_head_json":{"title":"Sur Facebook, un homme blanc peut s'identifier comme une femme, mais pas comme un homme noir. - IFN","description":"D'une mani\u00e8re g\u00e9n\u00e9rale, les wokes ne traitent pas de la r\u00e9alit\u00e9. Mais en ce qui concerne l'attitude de Facebook \u00e0 l'\u00e9gard du joueur Jerry Banfield, le woke peut \u00e9galement op\u00e9rer sur un plan de r\u00e9alit\u00e9 s\u00e9lective. Peu importe comment vous le d\u00e9coupez, les wokes fonctionnent sur l'illusion.","robots":{"index":"index","follow":"follow","max-snippet":"max-snippet:-1","max-image-preview":"max-image-preview:large","max-video-preview":"max-video-preview:-1"},"canonical":"https:\/\/ifamnews.com\/fr\/sur-facebook-un-homme-blanc-peut-s-identifier-comme-une-femme-mais-pas-comme-un-homme-noir","og_locale":"fr_FR","og_type":"article","og_title":"Sur Facebook, un homme blanc peut s'identifier comme une femme, mais pas comme un homme noir.","og_description":"D'une mani\u00e8re g\u00e9n\u00e9rale, les wokes ne traitent pas de la r\u00e9alit\u00e9. Mais en ce qui concerne l'attitude de Facebook \u00e0 l'\u00e9gard du joueur Jerry Banfield, le woke peut \u00e9galement op\u00e9rer sur un plan de r\u00e9alit\u00e9 s\u00e9lective. Peu importe comment vous le d\u00e9coupez, les wokes fonctionnent sur l'illusion.","og_url":"https:\/\/ifamnews.com\/fr\/sur-facebook-un-homme-blanc-peut-s-identifier-comme-une-femme-mais-pas-comme-un-homme-noir","og_site_name":"IFN","article_publisher":"https:\/\/www.facebook.com\/iFamNews","article_published_time":"2022-02-19T06:40:48+00:00","article_modified_time":"2022-02-19T06:40:50+00:00","og_image":[{"width":1200,"height":675,"url":"https:\/\/ifamnews.com\/wp-content\/uploads\/2022\/02\/Untitled-design-37.jpg","type":"image\/jpeg"}],"author":"Cato","twitter_card":"summary_large_image","twitter_creator":"@iFamNewsEN","twitter_site":"@iFamNewsEN","twitter_misc":{"\u00c9crit par":"Cato","Dur\u00e9e de lecture estim\u00e9e":"3 minutes"},"schema":{"@context":"https:\/\/schema.org","@graph":[{"@type":"NewsArticle","@id":"https:\/\/ifamnews.com\/fr\/sur-facebook-un-homme-blanc-peut-s-identifier-comme-une-femme-mais-pas-comme-un-homme-noir#article","isPartOf":{"@id":"https:\/\/ifamnews.com\/fr\/sur-facebook-un-homme-blanc-peut-s-identifier-comme-une-femme-mais-pas-comme-un-homme-noir"},"author":{"name":"Cato","@id":"https:\/\/ifamnews.com\/en\/#\/schema\/person\/d0e56511b7b7caedd2922a59482440ba"},"headline":"Sur Facebook, un homme blanc peut s&rsquo;identifier comme une femme, mais pas comme un homme noir.","datePublished":"2022-02-19T06:40:48+00:00","dateModified":"2022-02-19T06:40:50+00:00","mainEntityOfPage":{"@id":"https:\/\/ifamnews.com\/fr\/sur-facebook-un-homme-blanc-peut-s-identifier-comme-une-femme-mais-pas-comme-un-homme-noir"},"wordCount":594,"commentCount":0,"publisher":{"@id":"https:\/\/ifamnews.com\/en\/#organization"},"image":{"@id":"https:\/\/ifamnews.com\/fr\/sur-facebook-un-homme-blanc-peut-s-identifier-comme-une-femme-mais-pas-comme-un-homme-noir#primaryimage"},"thumbnailUrl":"https:\/\/ifamnews.com\/wp-content\/uploads\/2022\/02\/Untitled-design-37.jpg","keywords":["Facebook","Genre","l'id\u00e9ologie transgenre"],"articleSection":["Culture","Foreground"],"inLanguage":"fr-FR","potentialAction":[{"@type":"CommentAction","name":"Comment","target":["https:\/\/ifamnews.com\/fr\/sur-facebook-un-homme-blanc-peut-s-identifier-comme-une-femme-mais-pas-comme-un-homme-noir#respond"]}]},{"@type":"WebPage","@id":"https:\/\/ifamnews.com\/fr\/sur-facebook-un-homme-blanc-peut-s-identifier-comme-une-femme-mais-pas-comme-un-homme-noir","url":"https:\/\/ifamnews.com\/fr\/sur-facebook-un-homme-blanc-peut-s-identifier-comme-une-femme-mais-pas-comme-un-homme-noir","name":"Sur Facebook, un homme blanc peut s'identifier comme une femme, mais pas comme un homme noir. - IFN","isPartOf":{"@id":"https:\/\/ifamnews.com\/en\/#website"},"primaryImageOfPage":{"@id":"https:\/\/ifamnews.com\/fr\/sur-facebook-un-homme-blanc-peut-s-identifier-comme-une-femme-mais-pas-comme-un-homme-noir#primaryimage"},"image":{"@id":"https:\/\/ifamnews.com\/fr\/sur-facebook-un-homme-blanc-peut-s-identifier-comme-une-femme-mais-pas-comme-un-homme-noir#primaryimage"},"thumbnailUrl":"https:\/\/ifamnews.com\/wp-content\/uploads\/2022\/02\/Untitled-design-37.jpg","datePublished":"2022-02-19T06:40:48+00:00","dateModified":"2022-02-19T06:40:50+00:00","description":"D'une mani\u00e8re g\u00e9n\u00e9rale, les wokes ne traitent pas de la r\u00e9alit\u00e9. Mais en ce qui concerne l'attitude de Facebook \u00e0 l'\u00e9gard du joueur Jerry Banfield, le woke peut \u00e9galement op\u00e9rer sur un plan de r\u00e9alit\u00e9 s\u00e9lective. Peu importe comment vous le d\u00e9coupez, les wokes fonctionnent sur l'illusion.","breadcrumb":{"@id":"https:\/\/ifamnews.com\/fr\/sur-facebook-un-homme-blanc-peut-s-identifier-comme-une-femme-mais-pas-comme-un-homme-noir#breadcrumb"},"inLanguage":"fr-FR","potentialAction":[{"@type":"ReadAction","target":["https:\/\/ifamnews.com\/fr\/sur-facebook-un-homme-blanc-peut-s-identifier-comme-une-femme-mais-pas-comme-un-homme-noir"]}]},{"@type":"ImageObject","inLanguage":"fr-FR","@id":"https:\/\/ifamnews.com\/fr\/sur-facebook-un-homme-blanc-peut-s-identifier-comme-une-femme-mais-pas-comme-un-homme-noir#primaryimage","url":"https:\/\/ifamnews.com\/wp-content\/uploads\/2022\/02\/Untitled-design-37.jpg","contentUrl":"https:\/\/ifamnews.com\/wp-content\/uploads\/2022\/02\/Untitled-design-37.jpg","width":1200,"height":675},{"@type":"BreadcrumbList","@id":"https:\/\/ifamnews.com\/fr\/sur-facebook-un-homme-blanc-peut-s-identifier-comme-une-femme-mais-pas-comme-un-homme-noir#breadcrumb","itemListElement":[{"@type":"ListItem","position":1,"name":"Home","item":"https:\/\/ifamnews.com\/de"},{"@type":"ListItem","position":2,"name":"\u041a\u0443\u043b\u0442\u0443\u0440\u0430","item":"https:\/\/ifamnews.com\/sr\/kategorija\/kultura-sr"},{"@type":"ListItem","position":3,"name":"Sur Facebook, un homme blanc peut s&#8217;identifier comme une femme, mais pas comme un homme noir."}]},{"@type":"WebSite","@id":"https:\/\/ifamnews.com\/en\/#website","url":"https:\/\/ifamnews.com\/en\/","name":"IFN","description":"International Family News Network","publisher":{"@id":"https:\/\/ifamnews.com\/en\/#organization"},"potentialAction":[{"@type":"SearchAction","target":{"@type":"EntryPoint","urlTemplate":"https:\/\/ifamnews.com\/en\/?s={search_term_string}"},"query-input":{"@type":"PropertyValueSpecification","valueRequired":true,"valueName":"search_term_string"}}],"inLanguage":"fr-FR"},{"@type":"Organization","@id":"https:\/\/ifamnews.com\/en\/#organization","name":"iFamNews","url":"https:\/\/ifamnews.com\/en\/","logo":{"@type":"ImageObject","inLanguage":"fr-FR","@id":"https:\/\/ifamnews.com\/en\/#\/schema\/logo\/image\/","url":"https:\/\/ifamnews.com\/wp-content\/uploads\/2020\/01\/Share-logo.png","contentUrl":"https:\/\/ifamnews.com\/wp-content\/uploads\/2020\/01\/Share-logo.png","width":200,"height":200,"caption":"iFamNews"},"image":{"@id":"https:\/\/ifamnews.com\/en\/#\/schema\/logo\/image\/"},"sameAs":["https:\/\/www.facebook.com\/iFamNews","https:\/\/x.com\/iFamNewsEN"]},{"@type":"Person","@id":"https:\/\/ifamnews.com\/en\/#\/schema\/person\/d0e56511b7b7caedd2922a59482440ba","name":"Cato","image":{"@type":"ImageObject","inLanguage":"fr-FR","@id":"https:\/\/secure.gravatar.com\/avatar\/69b258be912b2a9b1ef3917af1a950d6279239e325672d64c73a2c0dfe012d11?s=96&d=mm&r=g","url":"https:\/\/secure.gravatar.com\/avatar\/69b258be912b2a9b1ef3917af1a950d6279239e325672d64c73a2c0dfe012d11?s=96&d=mm&r=g","contentUrl":"https:\/\/secure.gravatar.com\/avatar\/69b258be912b2a9b1ef3917af1a950d6279239e325672d64c73a2c0dfe012d11?s=96&d=mm&r=g","caption":"Cato"},"description":"Cato is a staunch defender of Western Civilization and the Judeo-Christian worldview. He will end all of his articles: \"And the radical LGBT agenda must be defeated\" as this is the pre-eminent battle of our day.","url":"https:\/\/ifamnews.com\/fr\/author\/rsiedlecki"}]}},"amp_enabled":true,"_links":{"self":[{"href":"https:\/\/ifamnews.com\/fr\/wp-json\/wp\/v2\/posts\/125916","targetHints":{"allow":["GET"]}}],"collection":[{"href":"https:\/\/ifamnews.com\/fr\/wp-json\/wp\/v2\/posts"}],"about":[{"href":"https:\/\/ifamnews.com\/fr\/wp-json\/wp\/v2\/types\/post"}],"author":[{"embeddable":true,"href":"https:\/\/ifamnews.com\/fr\/wp-json\/wp\/v2\/users\/651"}],"replies":[{"embeddable":true,"href":"https:\/\/ifamnews.com\/fr\/wp-json\/wp\/v2\/comments?post=125916"}],"version-history":[{"count":4,"href":"https:\/\/ifamnews.com\/fr\/wp-json\/wp\/v2\/posts\/125916\/revisions"}],"predecessor-version":[{"id":125943,"href":"https:\/\/ifamnews.com\/fr\/wp-json\/wp\/v2\/posts\/125916\/revisions\/125943"}],"wp:featuredmedia":[{"embeddable":true,"href":"https:\/\/ifamnews.com\/fr\/wp-json\/wp\/v2\/media\/125908"}],"wp:attachment":[{"href":"https:\/\/ifamnews.com\/fr\/wp-json\/wp\/v2\/media?parent=125916"}],"wp:term":[{"taxonomy":"category","embeddable":true,"href":"https:\/\/ifamnews.com\/fr\/wp-json\/wp\/v2\/categories?post=125916"},{"taxonomy":"post_tag","embeddable":true,"href":"https:\/\/ifamnews.com\/fr\/wp-json\/wp\/v2\/tags?post=125916"}],"curies":[{"name":"wp","href":"https:\/\/api.w.org\/{rel}","templated":true}]}}