{"id":125026,"date":"2022-02-16T00:03:15","date_gmt":"2022-02-16T05:03:15","guid":{"rendered":"https:\/\/ifamnews.com\/?p=125026"},"modified":"2022-02-16T00:03:17","modified_gmt":"2022-02-16T05:03:17","slug":"le-professeur-kreeft-et-les-politiciens-catholiques","status":"publish","type":"post","link":"https:\/\/ifamnews.com\/fr\/le-professeur-kreeft-et-les-politiciens-catholiques","title":{"rendered":"Le professeur Kreeft et les politiciens \u00ab\u00a0catholiques"},"content":{"rendered":"\n<p>Peter Kreeft est probablement le meilleur th\u00e9ologien, auteur et apologiste catholique de ces 50 derni\u00e8res ann\u00e9es. Professeur au Boston College, il a \u00e9crit des dizaines de livres et donn\u00e9 des milliers de conf\u00e9rences dans tout le pays. En raison de sa formidable vision du christianisme et de son style d&rsquo;\u00e9criture unique, qui fait notamment un usage remarquable de l&rsquo;analogie, de l&rsquo;all\u00e9gorie et de l&rsquo;esprit, on l&rsquo;a surnomm\u00e9 le \u00ab\u00a0C.S. Lewis catholique\u00a0\u00bb. L&rsquo;une des choses les plus sages qu&rsquo;il ait jamais dites se trouve dans son livre <em>Ask Peter Kreeft<\/em> de 2019 <em>.<\/em> En r\u00e9ponse \u00e0 la question \u00ab\u00a0Je pense que les musulmans sont nos ennemis. Qu&rsquo;en pensez-vous ?\u00a0\u00bb Kreeft a dit :<\/p>\n\n\n\n<blockquote class=\"wp-block-quote is-layout-flow wp-block-quote-is-layout-flow\"><p>\u00ab\u00a0George Weigel, biographe officiel de Jean Paul II, a d\u00e9clar\u00e9 que l&rsquo;\u00c9glise catholique pourrait gagner la guerre culturelle et faire l\u00e9galiser sa morale sociale en rempla\u00e7ant simplement chaque politicien \u00ab\u00a0catholique\u00a0\u00bb \u00e0 Washington par un musulman ou un mormon.\u00a0\u00bb<\/p><\/blockquote>\n\n\n\n<p>Jamais des mots plus vrais n&rsquo;ont \u00e9t\u00e9 prononc\u00e9s. Il suffit de regarder certains des politiciens et fonctionnaires \u00ab\u00a0catholiques\u00a0\u00bb les plus en vue aux \u00c9tats-Unis &#8211; le pr\u00e9sident Joe Biden, la pr\u00e9sidente de la Chambre des Repr\u00e9sentants Nancy Pelosi, le S\u00e9nateur Dick Durbin, la juge de la Cour supr\u00eame Sonia Sotomayor, la Gouverneure de New York Kathy Hochul, pour n&rsquo;en citer que quelques-uns &#8211; pour se rendre compte de la v\u00e9racit\u00e9 de la d\u00e9claration de Kreeft. L&rsquo;\u00c9glise catholique a clairement \u00e9chou\u00e9 dans sa mission de cat\u00e9chiser correctement ces personnes ; en effet, toutes ces personnes ont des positions <em>diam\u00e9tralement oppos\u00e9es<\/em> aux doctrines majeures et bien connues de l&rsquo;\u00c9glise. Ils soutiennent tous une culture de la mort, que ce soit dans l&rsquo;ut\u00e9rus ou en fin de vie, le mariage des homosexuels, la croyance qu&rsquo;un homme biologique peut devenir une femme et vice versa, et la croyance que Dieu a cr\u00e9\u00e9 plus de deux genres, entre autres choses.<\/p>\n\n\n\n<p>Kreeft compare les convictions de ces fonctionnaires \u00ab\u00a0catholiques\u00a0\u00bb \u00e0 celles d&rsquo;un musulman moyen : \u00ab\u00a0Vous auriez du mal \u00e0 trouver un seul musulman dans le monde qui soit pro-avortement. Ou anti-famille. Ou pro-r\u00e9volution sexuelle\u00a0\u00bb.<\/p>\n\n\n\n<p>Il poursuit en montrant comment le pape Jean-Paul II, lors de la Conf\u00e9rence Internationale des Nations Unies sur la population et le d\u00e9veloppement qui s&rsquo;est tenue au Caire en 1994, a r\u00e9ussi \u00e0 emp\u00eacher que le soutien \u00e0 l&rsquo;avortement soit une condition pr\u00e9alable pour qu&rsquo;un pays puisse recevoir l&rsquo;aide de l&rsquo;ONU <em>en travaillant avec les pays musulmans contre l&rsquo;Occident chr\u00e9tien\/catholique<\/em>. Kreeft \u00e9crit :<\/p>\n\n\n\n<blockquote class=\"wp-block-quote is-layout-flow wp-block-quote-is-layout-flow\"><p>\u00ab\u00a0Le pape Jean-Paul II a men\u00e9 et gagn\u00e9 une plus grande bataille en travaillant avec les musulmans que celle que les chr\u00e9tiens ont gagn\u00e9e contre eux lors de la bataille de L\u00e9pante, un demi-mill\u00e9naire plus t\u00f4t. Il l&rsquo;a fait lors de la conf\u00e9rence des Nations Unies au Caire dans les ann\u00e9es 1990 en alliant l&rsquo;\u00c9glise aux musulmans pour bloquer un r\u00e8glement parrain\u00e9 par les \u00c9tats-Unis qui aurait exig\u00e9 de chaque nation qu&rsquo;elle l\u00e9galise l&rsquo;avortement afin de b\u00e9n\u00e9ficier de tout avantage ou aide de l&rsquo;ONU. Le r\u00e8glement aurait \u00e9t\u00e9 adopt\u00e9 sans cela.\u00a0\u00bb<\/p><\/blockquote>\n\n\n\n<p>Afin de gagner la guerre culturelle, ou du moins d&rsquo;enrayer son avanc\u00e9e agressive, Peter Kreeft semble offrir aux catholiques plusieurs choix. Tout d&rsquo;abord, ils pourraient exiger de l&rsquo;\u00c9glise catholique qu&rsquo;elle fasse un meilleur travail de cat\u00e9chisation de ses membres, de sorte que lorsqu&rsquo;un \u00ab\u00a0catholique\u00a0\u00bb se pr\u00e9sente aux \u00e9lections, les gens sachent qu&rsquo;il soutient en fait les positions de l&rsquo;\u00c9glise. Deuxi\u00e8mement, ils pourraient exiger que les politiciens qui ne croient pas vraiment ce que l&rsquo;\u00c9glise enseigne ne puissent pas dire qu&rsquo;ils sont catholiques. Troisi\u00e8mement, ils pourraient retirer leur soutien aux politiciens \u00ab\u00a0catholiques\u00a0\u00bb et \u00e9lire \u00e0 la place des musulmans (ou des mormons) qui soutiendraient des positions sociales conformes \u00e0 l&rsquo;enseignement catholique. Quatri\u00e8mement, ils pourraient faire deux ou plusieurs des \u00e9l\u00e9ments ci-dessus. Esp\u00e9rons que les catholiques choisiront rapidement la quatri\u00e8me option avant que nos fonctionnaires \u00ab\u00a0catholiques\u00a0\u00bb ne causent davantage de dommages \u00e0 notre culture jud\u00e9o-chr\u00e9tienne.<\/p>\n","protected":false},"excerpt":{"rendered":"<p>Alors que la bataille de L\u00e9pante \u00e9tait une d\u00e9fense de la chr\u00e9tient\u00e9, Peter Kreeft affirme que la guerre culturelle actuelle est \u00ab\u00a0une plus grande bataille\u00a0\u00bb qui peut \u00eatre gagn\u00e9e par les chr\u00e9tiens qui rejettent les \u00ab\u00a0catholiques\u00a0\u00bb et soutiennent les musulmans et les mormons.<\/p>\n","protected":false},"author":651,"featured_media":77424,"comment_status":"open","ping_status":"open","sticky":false,"template":"","format":"standard","meta":{"give_campaign_id":0,"om_disable_all_campaigns":false,"_monsterinsights_skip_tracking":false,"_monsterinsights_sitenote_active":false,"_monsterinsights_sitenote_note":"","_monsterinsights_sitenote_category":0,"mc4wp_mailchimp_campaign":[],"jnews-multi-image_gallery":[],"jnews_single_post":{"subtitle":"Alors que la bataille de L\u00e9pante \u00e9tait une d\u00e9fense de la chr\u00e9tient\u00e9, Peter Kreeft affirme que la guerre culturelle actuelle est \"une plus grande bataille\" qui peut \u00eatre gagn\u00e9e par les chr\u00e9tiens qui rejettent les \"catholiques\" et soutiennent les musulmans et les mormons.","format":"standard","video":"","gallery":"","source_name":"","source_url":"","via_name":"","via_url":"","override":[{"template":"1","single_blog_custom":"","parallax":"1","fullscreen":"1","layout":"right-sidebar","sidebar":"default-sidebar","second_sidebar":"default-sidebar","sticky_sidebar":"1","share_position":"top","share_float_style":"share-monocrhome","show_share_counter":"1","show_view_counter":"1","show_featured":"1","show_post_meta":"1","show_post_author":"1","show_post_author_image":"1","show_post_date":"1","post_date_format":"default","post_date_format_custom":"Y\/m\/d","show_post_category":"1","post_reading_time_wpm":"300","zoom_button_out_step":"2","zoom_button_in_step":"3","show_post_tag":"1","show_prev_next_post":"1","show_popup_post":"1","number_popup_post":"1"}],"image_override":[{"single_post_thumbnail_size":"crop-500","single_post_gallery_size":"crop-500"}],"trending_post_position":"meta","trending_post_label":"Trending","sponsored_post_label":"Sponsored by","sponsored_post_name":"","sponsored_post_url":"","sponsored_post_logo":"","sponsored_post_desc":""},"jnews_primary_category":{"id":"800"},"jnews_social_meta":{"fb_title":"","fb_description":"","fb_image":"","twitter_title":"","twitter_description":"","twitter_image":""},"jnews_override_counter":{"view_counter_number":"0","share_counter_number":"0","like_counter_number":"0","dislike_counter_number":"0"},"footnotes":""},"categories":[809,800],"tags":[10382,16532,16535,7342,16534,16531,16530,7511,16529,16533],"class_list":["post-125026","post","type-post","status-publish","format-standard","has-post-thumbnail","hentry","category-foreground-fr","category-politique","tag-catholic-church-fr-2","tag-dick-durbin-fr","tag-jean-paul-ii-fr","tag-joe-biden-fr","tag-kathy-hochul-fr","tag-mormons-fr","tag-musulmans","tag-nancy-pelosi-fr","tag-peter-kreeft-fr","tag-sonya-sotomayor-fr"],"yoast_head":"<!-- This site is optimized with the Yoast SEO Premium plugin v25.9 (Yoast SEO v27.3) - https:\/\/yoast.com\/product\/yoast-seo-premium-wordpress\/ -->\n<title>Le professeur Kreeft et les politiciens &quot;catholiques - IFN<\/title>\n<meta name=\"description\" content=\"Alors que la bataille de L\u00e9pante \u00e9tait une d\u00e9fense de la chr\u00e9tient\u00e9, Peter Kreeft affirme que la guerre culturelle actuelle est &quot;une plus grande bataille&quot; qui peut \u00eatre gagn\u00e9e par les chr\u00e9tiens qui rejettent les &quot;catholiques&quot; et soutiennent les musulmans et les mormons.\" \/>\n<meta name=\"robots\" content=\"index, follow, max-snippet:-1, max-image-preview:large, max-video-preview:-1\" \/>\n<link rel=\"canonical\" href=\"https:\/\/ifamnews.com\/fr\/le-professeur-kreeft-et-les-politiciens-catholiques\" \/>\n<meta property=\"og:locale\" content=\"fr_FR\" \/>\n<meta property=\"og:type\" content=\"article\" \/>\n<meta property=\"og:title\" content=\"Le professeur Kreeft et les politiciens &quot;catholiques\" \/>\n<meta property=\"og:description\" content=\"Alors que la bataille de L\u00e9pante \u00e9tait une d\u00e9fense de la chr\u00e9tient\u00e9, Peter Kreeft affirme que la guerre culturelle actuelle est &quot;une plus grande bataille&quot; qui peut \u00eatre gagn\u00e9e par les chr\u00e9tiens qui rejettent les &quot;catholiques&quot; et soutiennent les musulmans et les mormons.\" \/>\n<meta property=\"og:url\" content=\"https:\/\/ifamnews.com\/fr\/le-professeur-kreeft-et-les-politiciens-catholiques\" \/>\n<meta property=\"og:site_name\" content=\"IFN\" \/>\n<meta property=\"article:publisher\" content=\"https:\/\/www.facebook.com\/iFamNews\" \/>\n<meta property=\"article:published_time\" content=\"2022-02-16T05:03:15+00:00\" \/>\n<meta property=\"article:modified_time\" content=\"2022-02-16T05:03:17+00:00\" \/>\n<meta property=\"og:image\" content=\"https:\/\/ifamnews.com\/wp-content\/uploads\/2021\/06\/Screen-Shot-2021-06-11-at-1.13.18-PM.jpg\" \/>\n\t<meta property=\"og:image:width\" content=\"1200\" \/>\n\t<meta property=\"og:image:height\" content=\"675\" \/>\n\t<meta property=\"og:image:type\" content=\"image\/jpeg\" \/>\n<meta name=\"author\" content=\"Cato\" \/>\n<meta name=\"twitter:card\" content=\"summary_large_image\" \/>\n<meta name=\"twitter:creator\" content=\"@iFamNewsEN\" \/>\n<meta name=\"twitter:site\" content=\"@iFamNewsEN\" \/>\n<meta name=\"twitter:label1\" content=\"\u00c9crit par\" \/>\n\t<meta name=\"twitter:data1\" content=\"Cato\" \/>\n\t<meta name=\"twitter:label2\" content=\"Dur\u00e9e de lecture estim\u00e9e\" \/>\n\t<meta name=\"twitter:data2\" content=\"3 minutes\" \/>\n<!-- \/ Yoast SEO Premium plugin. -->","yoast_head_json":{"title":"Le professeur Kreeft et les politiciens \"catholiques - IFN","description":"Alors que la bataille de L\u00e9pante \u00e9tait une d\u00e9fense de la chr\u00e9tient\u00e9, Peter Kreeft affirme que la guerre culturelle actuelle est \"une plus grande bataille\" qui peut \u00eatre gagn\u00e9e par les chr\u00e9tiens qui rejettent les \"catholiques\" et soutiennent les musulmans et les mormons.","robots":{"index":"index","follow":"follow","max-snippet":"max-snippet:-1","max-image-preview":"max-image-preview:large","max-video-preview":"max-video-preview:-1"},"canonical":"https:\/\/ifamnews.com\/fr\/le-professeur-kreeft-et-les-politiciens-catholiques","og_locale":"fr_FR","og_type":"article","og_title":"Le professeur Kreeft et les politiciens \"catholiques","og_description":"Alors que la bataille de L\u00e9pante \u00e9tait une d\u00e9fense de la chr\u00e9tient\u00e9, Peter Kreeft affirme que la guerre culturelle actuelle est \"une plus grande bataille\" qui peut \u00eatre gagn\u00e9e par les chr\u00e9tiens qui rejettent les \"catholiques\" et soutiennent les musulmans et les mormons.","og_url":"https:\/\/ifamnews.com\/fr\/le-professeur-kreeft-et-les-politiciens-catholiques","og_site_name":"IFN","article_publisher":"https:\/\/www.facebook.com\/iFamNews","article_published_time":"2022-02-16T05:03:15+00:00","article_modified_time":"2022-02-16T05:03:17+00:00","og_image":[{"width":1200,"height":675,"url":"https:\/\/ifamnews.com\/wp-content\/uploads\/2021\/06\/Screen-Shot-2021-06-11-at-1.13.18-PM.jpg","type":"image\/jpeg"}],"author":"Cato","twitter_card":"summary_large_image","twitter_creator":"@iFamNewsEN","twitter_site":"@iFamNewsEN","twitter_misc":{"\u00c9crit par":"Cato","Dur\u00e9e de lecture estim\u00e9e":"3 minutes"},"schema":{"@context":"https:\/\/schema.org","@graph":[{"@type":"NewsArticle","@id":"https:\/\/ifamnews.com\/fr\/le-professeur-kreeft-et-les-politiciens-catholiques#article","isPartOf":{"@id":"https:\/\/ifamnews.com\/fr\/le-professeur-kreeft-et-les-politiciens-catholiques"},"author":{"name":"Cato","@id":"https:\/\/ifamnews.com\/en\/#\/schema\/person\/d0e56511b7b7caedd2922a59482440ba"},"headline":"Le professeur Kreeft et les politiciens \u00ab\u00a0catholiques","datePublished":"2022-02-16T05:03:15+00:00","dateModified":"2022-02-16T05:03:17+00:00","mainEntityOfPage":{"@id":"https:\/\/ifamnews.com\/fr\/le-professeur-kreeft-et-les-politiciens-catholiques"},"wordCount":714,"commentCount":0,"publisher":{"@id":"https:\/\/ifamnews.com\/en\/#organization"},"image":{"@id":"https:\/\/ifamnews.com\/fr\/le-professeur-kreeft-et-les-politiciens-catholiques#primaryimage"},"thumbnailUrl":"https:\/\/ifamnews.com\/wp-content\/uploads\/2021\/06\/Screen-Shot-2021-06-11-at-1.13.18-PM.jpg","keywords":["Catholic Church","Dick Durbin","Jean Paul II","Joe Biden","Kathy Hochul","Mormons","Musulmans","Nancy Pelosi","Peter Kreeft","Sonya Sotomayor"],"articleSection":["Foreground","Politique"],"inLanguage":"fr-FR","potentialAction":[{"@type":"CommentAction","name":"Comment","target":["https:\/\/ifamnews.com\/fr\/le-professeur-kreeft-et-les-politiciens-catholiques#respond"]}]},{"@type":"WebPage","@id":"https:\/\/ifamnews.com\/fr\/le-professeur-kreeft-et-les-politiciens-catholiques","url":"https:\/\/ifamnews.com\/fr\/le-professeur-kreeft-et-les-politiciens-catholiques","name":"Le professeur Kreeft et les politiciens \"catholiques - IFN","isPartOf":{"@id":"https:\/\/ifamnews.com\/en\/#website"},"primaryImageOfPage":{"@id":"https:\/\/ifamnews.com\/fr\/le-professeur-kreeft-et-les-politiciens-catholiques#primaryimage"},"image":{"@id":"https:\/\/ifamnews.com\/fr\/le-professeur-kreeft-et-les-politiciens-catholiques#primaryimage"},"thumbnailUrl":"https:\/\/ifamnews.com\/wp-content\/uploads\/2021\/06\/Screen-Shot-2021-06-11-at-1.13.18-PM.jpg","datePublished":"2022-02-16T05:03:15+00:00","dateModified":"2022-02-16T05:03:17+00:00","description":"Alors que la bataille de L\u00e9pante \u00e9tait une d\u00e9fense de la chr\u00e9tient\u00e9, Peter Kreeft affirme que la guerre culturelle actuelle est \"une plus grande bataille\" qui peut \u00eatre gagn\u00e9e par les chr\u00e9tiens qui rejettent les \"catholiques\" et soutiennent les musulmans et les mormons.","breadcrumb":{"@id":"https:\/\/ifamnews.com\/fr\/le-professeur-kreeft-et-les-politiciens-catholiques#breadcrumb"},"inLanguage":"fr-FR","potentialAction":[{"@type":"ReadAction","target":["https:\/\/ifamnews.com\/fr\/le-professeur-kreeft-et-les-politiciens-catholiques"]}]},{"@type":"ImageObject","inLanguage":"fr-FR","@id":"https:\/\/ifamnews.com\/fr\/le-professeur-kreeft-et-les-politiciens-catholiques#primaryimage","url":"https:\/\/ifamnews.com\/wp-content\/uploads\/2021\/06\/Screen-Shot-2021-06-11-at-1.13.18-PM.jpg","contentUrl":"https:\/\/ifamnews.com\/wp-content\/uploads\/2021\/06\/Screen-Shot-2021-06-11-at-1.13.18-PM.jpg","width":1200,"height":675},{"@type":"BreadcrumbList","@id":"https:\/\/ifamnews.com\/fr\/le-professeur-kreeft-et-les-politiciens-catholiques#breadcrumb","itemListElement":[{"@type":"ListItem","position":1,"name":"Home","item":"https:\/\/ifamnews.com\/de"},{"@type":"ListItem","position":2,"name":"Politics","item":"https:\/\/ifamnews.com\/en\/category\/politics"},{"@type":"ListItem","position":3,"name":"Le professeur Kreeft et les politiciens &#8220;catholiques"}]},{"@type":"WebSite","@id":"https:\/\/ifamnews.com\/en\/#website","url":"https:\/\/ifamnews.com\/en\/","name":"IFN","description":"International Family News Network","publisher":{"@id":"https:\/\/ifamnews.com\/en\/#organization"},"potentialAction":[{"@type":"SearchAction","target":{"@type":"EntryPoint","urlTemplate":"https:\/\/ifamnews.com\/en\/?s={search_term_string}"},"query-input":{"@type":"PropertyValueSpecification","valueRequired":true,"valueName":"search_term_string"}}],"inLanguage":"fr-FR"},{"@type":"Organization","@id":"https:\/\/ifamnews.com\/en\/#organization","name":"iFamNews","url":"https:\/\/ifamnews.com\/en\/","logo":{"@type":"ImageObject","inLanguage":"fr-FR","@id":"https:\/\/ifamnews.com\/en\/#\/schema\/logo\/image\/","url":"https:\/\/ifamnews.com\/wp-content\/uploads\/2020\/01\/Share-logo.png","contentUrl":"https:\/\/ifamnews.com\/wp-content\/uploads\/2020\/01\/Share-logo.png","width":200,"height":200,"caption":"iFamNews"},"image":{"@id":"https:\/\/ifamnews.com\/en\/#\/schema\/logo\/image\/"},"sameAs":["https:\/\/www.facebook.com\/iFamNews","https:\/\/x.com\/iFamNewsEN"]},{"@type":"Person","@id":"https:\/\/ifamnews.com\/en\/#\/schema\/person\/d0e56511b7b7caedd2922a59482440ba","name":"Cato","image":{"@type":"ImageObject","inLanguage":"fr-FR","@id":"https:\/\/secure.gravatar.com\/avatar\/69b258be912b2a9b1ef3917af1a950d6279239e325672d64c73a2c0dfe012d11?s=96&d=mm&r=g","url":"https:\/\/secure.gravatar.com\/avatar\/69b258be912b2a9b1ef3917af1a950d6279239e325672d64c73a2c0dfe012d11?s=96&d=mm&r=g","contentUrl":"https:\/\/secure.gravatar.com\/avatar\/69b258be912b2a9b1ef3917af1a950d6279239e325672d64c73a2c0dfe012d11?s=96&d=mm&r=g","caption":"Cato"},"description":"Cato is a staunch defender of Western Civilization and the Judeo-Christian worldview. He will end all of his articles: \"And the radical LGBT agenda must be defeated\" as this is the pre-eminent battle of our day.","url":"https:\/\/ifamnews.com\/fr\/author\/rsiedlecki"}]}},"amp_enabled":true,"_links":{"self":[{"href":"https:\/\/ifamnews.com\/fr\/wp-json\/wp\/v2\/posts\/125026","targetHints":{"allow":["GET"]}}],"collection":[{"href":"https:\/\/ifamnews.com\/fr\/wp-json\/wp\/v2\/posts"}],"about":[{"href":"https:\/\/ifamnews.com\/fr\/wp-json\/wp\/v2\/types\/post"}],"author":[{"embeddable":true,"href":"https:\/\/ifamnews.com\/fr\/wp-json\/wp\/v2\/users\/651"}],"replies":[{"embeddable":true,"href":"https:\/\/ifamnews.com\/fr\/wp-json\/wp\/v2\/comments?post=125026"}],"version-history":[{"count":4,"href":"https:\/\/ifamnews.com\/fr\/wp-json\/wp\/v2\/posts\/125026\/revisions"}],"predecessor-version":[{"id":125131,"href":"https:\/\/ifamnews.com\/fr\/wp-json\/wp\/v2\/posts\/125026\/revisions\/125131"}],"wp:featuredmedia":[{"embeddable":true,"href":"https:\/\/ifamnews.com\/fr\/wp-json\/wp\/v2\/media\/77424"}],"wp:attachment":[{"href":"https:\/\/ifamnews.com\/fr\/wp-json\/wp\/v2\/media?parent=125026"}],"wp:term":[{"taxonomy":"category","embeddable":true,"href":"https:\/\/ifamnews.com\/fr\/wp-json\/wp\/v2\/categories?post=125026"},{"taxonomy":"post_tag","embeddable":true,"href":"https:\/\/ifamnews.com\/fr\/wp-json\/wp\/v2\/tags?post=125026"}],"curies":[{"name":"wp","href":"https:\/\/api.w.org\/{rel}","templated":true}]}}