{"id":124525,"date":"2022-02-15T00:05:59","date_gmt":"2022-02-15T05:05:59","guid":{"rendered":"https:\/\/ifamnews.com\/?p=124525"},"modified":"2022-02-15T00:06:01","modified_gmt":"2022-02-15T05:06:01","slug":"guatemala-un-monument-pour-la-vie-dans-le-palais-du-gouvernement","status":"publish","type":"post","link":"https:\/\/ifamnews.com\/fr\/guatemala-un-monument-pour-la-vie-dans-le-palais-du-gouvernement","title":{"rendered":"Guatemala, un monument pour la vie dans le palais du gouvernement"},"content":{"rendered":"\n<p>Le 9 mars, dans le <a href=\"https:\/\/evangelicalfocus.com\/tag\/guatemala\" target=\"_blank\" rel=\"noreferrer noopener\">Palais National<\/a> du Guatemala, le b\u00e2timent historique utilis\u00e9<strong> <\/strong>pour les activit\u00e9s organis\u00e9es par le gouvernement, une c\u00e9r\u00e9monie sp\u00e9ciale aura lieu : le pays sera officiellement reconnu comme <a href=\"https:\/\/ifamnews.com\/en\/guatemala-ibero-american-capital-for-life\" target=\"_blank\" rel=\"noreferrer noopener\">\u00a0\u00bb Capitale pour la vie de la p\u00e9ninsule Ibero-am\u00e9ricaine \u00ab\u00a0<\/a>. L&rsquo;\u00e9v\u00e9nement se d\u00e9roulera en pr\u00e9sence du pr\u00e9sident du Guatemala, Alejandro Giamattei, de membres de son gouvernement et de responsables d&rsquo;autres \u00c9tats d&rsquo;Am\u00e9rique latine sp\u00e9cialement invit\u00e9s pour l&rsquo;occasion.<\/p>\n\n\n\n<h3 class=\"wp-block-heading\" id=\"h-co-t-nul\"><strong>Co\u00fbt nul<\/strong><\/h3>\n\n\n\n<p>Ce jour-l\u00e0, un monument de dix pieds de haut et de deux pieds de large sera plac\u00e9 dans le nouveau \u00ab\u00a0Patio de la vie\u00a0\u00bb au centre du Palais. La conception du monument n&rsquo;a pas encore \u00e9t\u00e9 rendue publique, mais selon le <a href=\"https:\/\/evangelicalfocus.com\/tag\/IberoAmerican_Congress_for_Life__and_the_Family\" target=\"_blank\" rel=\"noreferrer noopener\">Congr\u00e8s ib\u00e9ro-am\u00e9ricain pour la vie et la famille<\/a>, l&rsquo;organisation qui a d\u00e9cern\u00e9 le titre au Guatemala, il sera en bronze et p\u00e8sera plus d&rsquo;une demi-tonne. Le monument a \u00e9t\u00e9 produit au Mexique et ne co\u00fbtera rien au gouvernement, car il a \u00e9t\u00e9 financ\u00e9 par des donateurs priv\u00e9s.<\/p>\n\n\n\n<h3 class=\"wp-block-heading\" id=\"h-journ-e-pour-la-vie\"><strong>Journ\u00e9e pour la vie<\/strong><\/h3>\n\n\n\n<p>Par d\u00e9cret pr\u00e9sidentiel, l&rsquo;inauguration co\u00efncidera avec l&rsquo;instauration de la \u00ab\u00a0Journ\u00e9e Nationale de la Vie\u00a0\u00bb dans ce pays d&rsquo;Am\u00e9rique centrale, qui sera donc c\u00e9l\u00e9br\u00e9e chaque 9 mars. \u00ab\u00a0C&rsquo;est un exemple courageux et j&rsquo;esp\u00e8re que les pays du continent suivront cet exemple et instaureront \u00e9galement une journ\u00e9e nationale pour c\u00e9l\u00e9brer la vie\u00a0\u00bb, a d\u00e9clar\u00e9 Aar\u00f3n Lara, pr\u00e9sident du Congr\u00e8s ib\u00e9ro-am\u00e9ricain pour la vie et la famille.<\/p>\n","protected":false},"excerpt":{"rendered":"<p>Le 9 mars, une statue pro-vie sera install\u00e9e dans le palais du gouvernement du Guatemala : cette date deviendra la Journ\u00e9e Nationale de la Vie.<\/p>\n","protected":false},"author":46,"featured_media":122907,"comment_status":"open","ping_status":"open","sticky":false,"template":"","format":"standard","meta":{"give_campaign_id":0,"om_disable_all_campaigns":false,"_monsterinsights_skip_tracking":false,"_monsterinsights_sitenote_active":false,"_monsterinsights_sitenote_note":"","_monsterinsights_sitenote_category":0,"mc4wp_mailchimp_campaign":[],"jnews-multi-image_gallery":[],"jnews_single_post":{"subtitle":"Le 9 mars, une statue pro-vie sera install\u00e9e dans le palais du gouvernement du Guatemala : cette date deviendra la Journ\u00e9e Nationale de la Vie.","format":"standard","video":"","gallery":"","source_name":"","source_url":"","via_name":"","via_url":"","override":[{"template":"1","single_blog_custom":"","parallax":"1","fullscreen":"1","layout":"right-sidebar","sidebar":"default-sidebar","second_sidebar":"default-sidebar","sticky_sidebar":"1","share_position":"top","share_float_style":"share-monocrhome","show_share_counter":"1","show_view_counter":"1","show_featured":"1","show_post_meta":"1","show_post_author":"1","show_post_author_image":"1","show_post_date":"1","post_date_format":"default","post_date_format_custom":"Y\/m\/d","show_post_category":"1","post_reading_time_wpm":"300","zoom_button_out_step":"2","zoom_button_in_step":"3","show_post_tag":"1","show_prev_next_post":"1","show_popup_post":"1","number_popup_post":"1"}],"image_override":[{"single_post_thumbnail_size":"crop-500","single_post_gallery_size":"crop-500"}],"trending_post_position":"meta","trending_post_label":"Trending","sponsored_post_label":"Sponsored by","sponsored_post_name":"","sponsored_post_url":"","sponsored_post_logo":"","sponsored_post_desc":""},"jnews_primary_category":{"id":"819"},"jnews_social_meta":{"fb_title":"","fb_description":"","fb_image":"","twitter_title":"","twitter_description":"","twitter_image":""},"jnews_override_counter":{"view_counter_number":"0","share_counter_number":"0","like_counter_number":"0","dislike_counter_number":"0"},"footnotes":""},"categories":[809,819],"tags":[886,16477,16521,16522],"class_list":["post-124525","post","type-post","status-publish","format-standard","has-post-thumbnail","hentry","category-foreground-fr","category-vie","tag-avortement","tag-guatemala-fr","tag-journee-nationale-de-la-vie","tag-palais"],"yoast_head":"<!-- This site is optimized with the Yoast SEO Premium plugin v25.9 (Yoast SEO v27.3) - https:\/\/yoast.com\/product\/yoast-seo-premium-wordpress\/ -->\n<title>Guatemala, un monument pour la vie dans le palais du gouvernement - IFN<\/title>\n<meta name=\"description\" content=\"Le 9 mars, une statue pro-vie sera install\u00e9e dans le palais du gouvernement du Guatemala : cette date deviendra la Journ\u00e9e Nationale de la Vie.\" \/>\n<meta name=\"robots\" content=\"index, follow, max-snippet:-1, max-image-preview:large, max-video-preview:-1\" \/>\n<link rel=\"canonical\" href=\"https:\/\/ifamnews.com\/fr\/guatemala-un-monument-pour-la-vie-dans-le-palais-du-gouvernement\" \/>\n<meta property=\"og:locale\" content=\"fr_FR\" \/>\n<meta property=\"og:type\" content=\"article\" \/>\n<meta property=\"og:title\" content=\"Guatemala, un monument pour la vie dans le palais du gouvernement\" \/>\n<meta property=\"og:description\" content=\"Le 9 mars, une statue pro-vie sera install\u00e9e dans le palais du gouvernement du Guatemala : cette date deviendra la Journ\u00e9e Nationale de la Vie.\" \/>\n<meta property=\"og:url\" content=\"https:\/\/ifamnews.com\/fr\/guatemala-un-monument-pour-la-vie-dans-le-palais-du-gouvernement\" \/>\n<meta property=\"og:site_name\" content=\"IFN\" \/>\n<meta property=\"article:publisher\" content=\"https:\/\/www.facebook.com\/iFamNews\" \/>\n<meta property=\"article:author\" content=\"https:\/\/www.facebook.com\/iFamNews\/\" \/>\n<meta property=\"article:published_time\" content=\"2022-02-15T05:05:59+00:00\" \/>\n<meta property=\"article:modified_time\" content=\"2022-02-15T05:06:01+00:00\" \/>\n<meta property=\"og:image\" content=\"https:\/\/ifamnews.com\/wp-content\/uploads\/2022\/02\/Image-from-MaxPixel.jpg\" \/>\n\t<meta property=\"og:image:width\" content=\"1200\" \/>\n\t<meta property=\"og:image:height\" content=\"675\" \/>\n\t<meta property=\"og:image:type\" content=\"image\/jpeg\" \/>\n<meta name=\"author\" content=\"iFamNews Italia\" \/>\n<meta name=\"twitter:card\" content=\"summary_large_image\" \/>\n<meta name=\"twitter:creator\" content=\"@https:\/\/twitter.com\/iFamNewsIT\" \/>\n<meta name=\"twitter:site\" content=\"@iFamNewsEN\" \/>\n<meta name=\"twitter:label1\" content=\"\u00c9crit par\" \/>\n\t<meta name=\"twitter:data1\" content=\"IFN Italie\" \/>\n\t<meta name=\"twitter:label2\" content=\"Dur\u00e9e de lecture estim\u00e9e\" \/>\n\t<meta name=\"twitter:data2\" content=\"1 minute\" \/>\n<!-- \/ Yoast SEO Premium plugin. -->","yoast_head_json":{"title":"Guatemala, un monument pour la vie dans le palais du gouvernement - IFN","description":"Le 9 mars, une statue pro-vie sera install\u00e9e dans le palais du gouvernement du Guatemala : cette date deviendra la Journ\u00e9e Nationale de la Vie.","robots":{"index":"index","follow":"follow","max-snippet":"max-snippet:-1","max-image-preview":"max-image-preview:large","max-video-preview":"max-video-preview:-1"},"canonical":"https:\/\/ifamnews.com\/fr\/guatemala-un-monument-pour-la-vie-dans-le-palais-du-gouvernement","og_locale":"fr_FR","og_type":"article","og_title":"Guatemala, un monument pour la vie dans le palais du gouvernement","og_description":"Le 9 mars, une statue pro-vie sera install\u00e9e dans le palais du gouvernement du Guatemala : cette date deviendra la Journ\u00e9e Nationale de la Vie.","og_url":"https:\/\/ifamnews.com\/fr\/guatemala-un-monument-pour-la-vie-dans-le-palais-du-gouvernement","og_site_name":"IFN","article_publisher":"https:\/\/www.facebook.com\/iFamNews","article_author":"https:\/\/www.facebook.com\/iFamNews\/","article_published_time":"2022-02-15T05:05:59+00:00","article_modified_time":"2022-02-15T05:06:01+00:00","og_image":[{"width":1200,"height":675,"url":"https:\/\/ifamnews.com\/wp-content\/uploads\/2022\/02\/Image-from-MaxPixel.jpg","type":"image\/jpeg"}],"author":"iFamNews Italia","twitter_card":"summary_large_image","twitter_creator":"@https:\/\/twitter.com\/iFamNewsIT","twitter_site":"@iFamNewsEN","twitter_misc":{"\u00c9crit par":"IFN Italie","Dur\u00e9e de lecture estim\u00e9e":"1 minute"},"schema":{"@context":"https:\/\/schema.org","@graph":[{"@type":"NewsArticle","@id":"https:\/\/ifamnews.com\/fr\/guatemala-un-monument-pour-la-vie-dans-le-palais-du-gouvernement#article","isPartOf":{"@id":"https:\/\/ifamnews.com\/fr\/guatemala-un-monument-pour-la-vie-dans-le-palais-du-gouvernement"},"author":{"name":"iFamNews Italia","@id":"https:\/\/ifamnews.com\/en\/#\/schema\/person\/fafda7d79212f3690f4af10238556aac"},"headline":"Guatemala, un monument pour la vie dans le palais du gouvernement","datePublished":"2022-02-15T05:05:59+00:00","dateModified":"2022-02-15T05:06:01+00:00","mainEntityOfPage":{"@id":"https:\/\/ifamnews.com\/fr\/guatemala-un-monument-pour-la-vie-dans-le-palais-du-gouvernement"},"wordCount":287,"commentCount":0,"publisher":{"@id":"https:\/\/ifamnews.com\/en\/#organization"},"image":{"@id":"https:\/\/ifamnews.com\/fr\/guatemala-un-monument-pour-la-vie-dans-le-palais-du-gouvernement#primaryimage"},"thumbnailUrl":"https:\/\/ifamnews.com\/wp-content\/uploads\/2022\/02\/Image-from-MaxPixel.jpg","keywords":["avortement","Guatemala","Journ\u00e9e Nationale de la Vie","Palais"],"articleSection":["Foreground","Vie"],"inLanguage":"fr-FR","potentialAction":[{"@type":"CommentAction","name":"Comment","target":["https:\/\/ifamnews.com\/fr\/guatemala-un-monument-pour-la-vie-dans-le-palais-du-gouvernement#respond"]}]},{"@type":"WebPage","@id":"https:\/\/ifamnews.com\/fr\/guatemala-un-monument-pour-la-vie-dans-le-palais-du-gouvernement","url":"https:\/\/ifamnews.com\/fr\/guatemala-un-monument-pour-la-vie-dans-le-palais-du-gouvernement","name":"Guatemala, un monument pour la vie dans le palais du gouvernement - IFN","isPartOf":{"@id":"https:\/\/ifamnews.com\/en\/#website"},"primaryImageOfPage":{"@id":"https:\/\/ifamnews.com\/fr\/guatemala-un-monument-pour-la-vie-dans-le-palais-du-gouvernement#primaryimage"},"image":{"@id":"https:\/\/ifamnews.com\/fr\/guatemala-un-monument-pour-la-vie-dans-le-palais-du-gouvernement#primaryimage"},"thumbnailUrl":"https:\/\/ifamnews.com\/wp-content\/uploads\/2022\/02\/Image-from-MaxPixel.jpg","datePublished":"2022-02-15T05:05:59+00:00","dateModified":"2022-02-15T05:06:01+00:00","description":"Le 9 mars, une statue pro-vie sera install\u00e9e dans le palais du gouvernement du Guatemala : cette date deviendra la Journ\u00e9e Nationale de la Vie.","breadcrumb":{"@id":"https:\/\/ifamnews.com\/fr\/guatemala-un-monument-pour-la-vie-dans-le-palais-du-gouvernement#breadcrumb"},"inLanguage":"fr-FR","potentialAction":[{"@type":"ReadAction","target":["https:\/\/ifamnews.com\/fr\/guatemala-un-monument-pour-la-vie-dans-le-palais-du-gouvernement"]}]},{"@type":"ImageObject","inLanguage":"fr-FR","@id":"https:\/\/ifamnews.com\/fr\/guatemala-un-monument-pour-la-vie-dans-le-palais-du-gouvernement#primaryimage","url":"https:\/\/ifamnews.com\/wp-content\/uploads\/2022\/02\/Image-from-MaxPixel.jpg","contentUrl":"https:\/\/ifamnews.com\/wp-content\/uploads\/2022\/02\/Image-from-MaxPixel.jpg","width":1200,"height":675,"caption":"Image de MaxPixel"},{"@type":"BreadcrumbList","@id":"https:\/\/ifamnews.com\/fr\/guatemala-un-monument-pour-la-vie-dans-le-palais-du-gouvernement#breadcrumb","itemListElement":[{"@type":"ListItem","position":1,"name":"Home","item":"https:\/\/ifamnews.com\/de"},{"@type":"ListItem","position":2,"name":"Life","item":"https:\/\/ifamnews.com\/en\/category\/life"},{"@type":"ListItem","position":3,"name":"Guatemala, un monument pour la vie dans le palais du gouvernement"}]},{"@type":"WebSite","@id":"https:\/\/ifamnews.com\/en\/#website","url":"https:\/\/ifamnews.com\/en\/","name":"IFN","description":"International Family News Network","publisher":{"@id":"https:\/\/ifamnews.com\/en\/#organization"},"potentialAction":[{"@type":"SearchAction","target":{"@type":"EntryPoint","urlTemplate":"https:\/\/ifamnews.com\/en\/?s={search_term_string}"},"query-input":{"@type":"PropertyValueSpecification","valueRequired":true,"valueName":"search_term_string"}}],"inLanguage":"fr-FR"},{"@type":"Organization","@id":"https:\/\/ifamnews.com\/en\/#organization","name":"iFamNews","url":"https:\/\/ifamnews.com\/en\/","logo":{"@type":"ImageObject","inLanguage":"fr-FR","@id":"https:\/\/ifamnews.com\/en\/#\/schema\/logo\/image\/","url":"https:\/\/ifamnews.com\/wp-content\/uploads\/2020\/01\/Share-logo.png","contentUrl":"https:\/\/ifamnews.com\/wp-content\/uploads\/2020\/01\/Share-logo.png","width":200,"height":200,"caption":"iFamNews"},"image":{"@id":"https:\/\/ifamnews.com\/en\/#\/schema\/logo\/image\/"},"sameAs":["https:\/\/www.facebook.com\/iFamNews","https:\/\/x.com\/iFamNewsEN"]},{"@type":"Person","@id":"https:\/\/ifamnews.com\/en\/#\/schema\/person\/fafda7d79212f3690f4af10238556aac","name":"iFamNews Italia","image":{"@type":"ImageObject","inLanguage":"fr-FR","@id":"https:\/\/secure.gravatar.com\/avatar\/2e50539bc89809bc22a0b2bb9dc3d7f67ffd1e564e5461707f0153146f8c99b5?s=96&d=mm&r=g","url":"https:\/\/secure.gravatar.com\/avatar\/2e50539bc89809bc22a0b2bb9dc3d7f67ffd1e564e5461707f0153146f8c99b5?s=96&d=mm&r=g","contentUrl":"https:\/\/secure.gravatar.com\/avatar\/2e50539bc89809bc22a0b2bb9dc3d7f67ffd1e564e5461707f0153146f8c99b5?s=96&d=mm&r=g","caption":"iFamNews Italia"},"description":"Articles published by the Italian iFamNews editorial team.","sameAs":["https:\/\/ifamnews.com\/it","https:\/\/www.facebook.com\/iFamNews\/","https:\/\/x.com\/https:\/\/twitter.com\/iFamNewsIT","https:\/\/www.youtube.com\/channel\/UCMVyIt4z9BANW3d09kwfUpw"],"url":"https:\/\/ifamnews.com\/fr\/author\/redazioneit"}]}},"amp_enabled":true,"_links":{"self":[{"href":"https:\/\/ifamnews.com\/fr\/wp-json\/wp\/v2\/posts\/124525","targetHints":{"allow":["GET"]}}],"collection":[{"href":"https:\/\/ifamnews.com\/fr\/wp-json\/wp\/v2\/posts"}],"about":[{"href":"https:\/\/ifamnews.com\/fr\/wp-json\/wp\/v2\/types\/post"}],"author":[{"embeddable":true,"href":"https:\/\/ifamnews.com\/fr\/wp-json\/wp\/v2\/users\/46"}],"replies":[{"embeddable":true,"href":"https:\/\/ifamnews.com\/fr\/wp-json\/wp\/v2\/comments?post=124525"}],"version-history":[{"count":4,"href":"https:\/\/ifamnews.com\/fr\/wp-json\/wp\/v2\/posts\/124525\/revisions"}],"predecessor-version":[{"id":124816,"href":"https:\/\/ifamnews.com\/fr\/wp-json\/wp\/v2\/posts\/124525\/revisions\/124816"}],"wp:featuredmedia":[{"embeddable":true,"href":"https:\/\/ifamnews.com\/fr\/wp-json\/wp\/v2\/media\/122907"}],"wp:attachment":[{"href":"https:\/\/ifamnews.com\/fr\/wp-json\/wp\/v2\/media?parent=124525"}],"wp:term":[{"taxonomy":"category","embeddable":true,"href":"https:\/\/ifamnews.com\/fr\/wp-json\/wp\/v2\/categories?post=124525"},{"taxonomy":"post_tag","embeddable":true,"href":"https:\/\/ifamnews.com\/fr\/wp-json\/wp\/v2\/tags?post=124525"}],"curies":[{"name":"wp","href":"https:\/\/api.w.org\/{rel}","templated":true}]}}