{"id":11556,"date":"2020-03-17T10:42:41","date_gmt":"2020-03-17T15:42:41","guid":{"rendered":"https:\/\/ifamnews.com\/?p=11556"},"modified":"2020-03-17T10:42:45","modified_gmt":"2020-03-17T15:42:45","slug":"non-la-famille-nucleaire-nest-pas-une-erreur","status":"publish","type":"post","link":"https:\/\/ifamnews.com\/fr\/non-la-famille-nucleaire-nest-pas-une-erreur","title":{"rendered":"Non, la famille nucl\u00e9aire n&rsquo;est pas une \u00ab\u00a0erreur\u00a0\u00bb!"},"content":{"rendered":"\n<p><br>L&rsquo;\u00e9crivain et chroniqueur du <em>New York Times<\/em> David Brooks a fait des vagues avec un article paru dans le num\u00e9ro de mars 2020 de <em>The Atlantic<\/em>, o\u00f9 il a soutenu que <a href=\"https:\/\/theatlantic.com\/magazine\/archive\/2020\/03\/the-nuclear-family-was-a-mistake\/605536\/\">\u00ab\u00a0la famille nucl\u00e9aire \u00e9tait une erreur\u00a0\u00bb<\/a>.<\/p>\n\n\n\n<p><br>L&rsquo;argument de Brooks est le suivant: au cours des si\u00e8cles pr\u00e9c\u00e9dents, l&rsquo;humanit\u00e9 ne vivait pas dans des familles nucl\u00e9aires r\u00e9unissant seulement parents et enfants, mais dans de vastes r\u00e9seaux familiaux \u00e9tendus. Ces parents, soutient-il, n&rsquo;\u00e9taient pas n\u00e9cessairement li\u00e9s par le sang &#8211; certains \u00e9taient les gens avec qui vous chassiez et d&rsquo;autres les gens avec lesquels vous aviez immigr\u00e9. Avance rapide de plusieurs milliers d&rsquo;ann\u00e9es. \u00ab\u00a0Au cours des premiers temps de l&rsquo;histoire am\u00e9ricaine, poursuit Brooks, la plupart des gens vivaient dans ce qui, selon les normes d&rsquo;aujourd&rsquo;hui, \u00e9tait de grands m\u00e9nages tentaculaires.\u00a0\u00bb La r\u00e9volution industrielle a chang\u00e9 tout cela, lorsque des hommes et des femmes ont fui la ferme et leurs familles pour poursuivre leur vie dans des grandes villes. Lorsque ces hommes et ces femmes ont form\u00e9 des familles, ce n&rsquo;\u00e9tait plus les grands r\u00e9seaux familiaux tentaculaires d&rsquo;autrefois. Il s&rsquo;agissait plut\u00f4t de familles nucl\u00e9aires &#8211; deux parents, avec des enfants.<\/p>\n\n\n\n<p>Mais la famille nucl\u00e9aire, soutient Brooks, est \u00ab\u00a0intrins\u00e8quement fragile\u00a0\u00bb. Cela a fonctionn\u00e9 bri\u00e8vement, au cours d&rsquo;une erreur historique allant environ de 1950 \u00e0 1965, mais s&rsquo;est effondr\u00e9 depuis. Alors que les familles \u00e9largies \u00ab\u00a0ont deux grands atouts\u00a0\u00bb. \u00ab\u00a0Le premier, poursuit Brooks, est la r\u00e9silience. Une famille \u00e9largie est une ou plusieurs familles d&rsquo;un r\u00e9seau de soutien.\u00a0\u00bb Lorsqu&rsquo;une relation s&rsquo;effondre &#8211; quelqu&rsquo;un part, ou divorce, ou une relation est tendue -, il y a des grands-parents, des cousins, des oncles, etc. pour intervenir et prendre soin de tous les enfants. Il y a des gens pour combler les lacunes. Brooks poursuit: \u00ab\u00a0La deuxi\u00e8me grande force des familles \u00e9largies est leur force de socialisation.\u00a0\u00bb Les enfants ont de nombreux adultes pour surveiller leur \u00e9ducation et leur instruction morale.<\/p>\n\n\n\n<p>Mais ces familles ont disparu et la famille nucl\u00e9aire est en crise. Que devons-nous faire? La solution de Brooks r\u00e9side dans \u00ab\u00a0les familles forg\u00e9es\u00a0\u00bb. \u00ab\u00a0En r\u00e9action au chaos familial, \u00e9crit-il, de nombreux \u00e9l\u00e9ments sugg\u00e8rent que la priorit\u00e9 accord\u00e9e \u00e0 la famille commence \u00e0 revenir. Les Am\u00e9ricains exp\u00e9rimentent de nouvelles formes de parent\u00e9 et de famille \u00e9largie en qu\u00eate de stabilit\u00e9.\u00a0\u00bb Une partie de ce \u00ab\u00a0retour\u00a0\u00bb, croit-il, est vraiment un retour aux habitudes ant\u00e9rieures, car plus d&rsquo;Am\u00e9ricains vivent maintenant dans des foyers multig\u00e9n\u00e9rationnels qu&rsquo;auparavant &#8211; beaucoup d&rsquo;entre eux sont des enfants adultes retournant vivre avec leurs parents ou des parents vieillissants emm\u00e9nageant avec des enfants. Mais une partie de ce mouvement est un peu diff\u00e9rente. Brooks \u00e9crit: \u00ab\u00a0Ces derni\u00e8res ann\u00e9es ont vu la mont\u00e9e de nouveaux modes de vie qui am\u00e8nent des parents non biologiques dans des relations familiales ou de type familial [<em>sic<\/em>].\u00a0\u00bb Il parle des r\u00e9seaux de m\u00e8res c\u00e9libataires qui partagent des espaces et des fonctions de garde d&rsquo;enfants, des communaut\u00e9s de co-logement pour les jeunes parents ou d&rsquo;autres unit\u00e9s de co-logement o\u00f9 les r\u00e9sidents partagent des repas et des devoirs communs mais ont des espaces priv\u00e9s. \u00ab\u00a0Pendant des d\u00e9cennies, nous avons mang\u00e9 \u00e0 des tables de plus en plus petites, avec de moins en moins de parents, conclut Brooks. Il est temps de trouver des moyens de ramener les grandes tables.\u00a0\u00bb<\/p>\n\n\n\n<p>Ce long essai a suscit\u00e9 une controverse et l&rsquo;Institut des \u00e9tudes familiales a publi\u00e9 six r\u00e9ponses distinctes. Beaucoup de ces r\u00e9ponses partagent des th\u00e8mes communs.<\/p>\n\n\n\n<p><a href=\"https:\/\/ifstudies.org\/blog\/what-do-we-know-about-extended-families-in-america-a-response-to-david-brooks\">Wendy Wang and W. Bradford Wilcox<\/a> soulignent que oui, plus d&rsquo;Am\u00e9ricains vivent maintenant dans des foyers multig\u00e9n\u00e9rationnels, mais les donn\u00e9es montrent que \u00ab\u00a0les adultes qui vivent avec leurs parents sont moins heureux que les autres\u00a0\u00bb. Et des recherches similaires montrent que les parents sont plus heureux lorsque leurs enfants adultes quittent la maison. Scott Stanely se demande \u00ab\u00a0combien d&rsquo;Am\u00e9ricains \u00e2g\u00e9s veulent avoir moins d&rsquo;autonomie et vivre avec leurs proches?\u00a0\u00bb Beaucoup, poursuit-il, \u00ab\u00a0s&rsquo;accrochent \u00e0 leur autonomie et se battront pour la conserver jusqu&rsquo;\u00e0 ce que la r\u00e9alit\u00e9 les force \u00e0 faire autrement\u00a0\u00bb.<\/p>\n\n\n\n<p><a href=\"https:\/\/ifstudies.org\/blog\/david-brooks-is-urging-us-to-go-forward-not-backward\">Andrew Cherlin<\/a> et <a href=\"https:\/\/ifstudies.org\/blog\/yes-david-brooks-the-nuclear-family-is-the-worst-family-form-except-for-all-others\">Kay Hymowitz<\/a> \u00e9voquent tous deux des recherches qui vont \u00e0 l&rsquo;encontre du r\u00e9cit historique de David Brooks. \u00ab\u00a0Les universitaires sont d\u00e9sormais \u00e0 peu pr\u00e8s d\u2019accord, \u00e9crit Hymowitz, pour dire que le foyer familial nucl\u00e9aire est la\u00a0\u00bbforme dominante\u00a0\u00bb en Europe occidentale et aux \u00c9tats-Unis depuis l\u2019aube de l\u2019\u00e8re industrielle.\u00a0\u00bb Il y a quelque chose d&rsquo;inn\u00e9 chez les hommes et les femmes qui les conduit \u00e0 former des liens de paire, qu&rsquo;elle appelle \u00ab\u00a0l&rsquo;envie humaine inextinguible de cr\u00e9er des liens de paire\u00a0\u00bb. En outre, elle poursuit: \u00ab\u00a0Dans les donn\u00e9es publi\u00e9es dans un article de 1994, [Steven] Ruggles a estim\u00e9 qu&rsquo;en 1880, plus des deux tiers des couples blancs, la grande majorit\u00e9 avec des enfants, vivaient dans des m\u00e9nages ind\u00e9pendants. L&rsquo;anomalie \u00e9tait la famille \u00e9largie, pas la famille nucl\u00e9aire.\u00a0\u00bb Cherlin est d&rsquo;accord: \u00ab\u00a0Dans le pass\u00e9, les familles blanches \u00e9taient rarement centr\u00e9es sur de grands groupes familiaux.\u00a0\u00bb Et il pense que les \u00ab\u00a0familles forg\u00e9es\u00a0\u00bb de Brooks ont leurs propres probl\u00e8mes de fragilit\u00e9: \u00ab\u00a0Ces liens de parent\u00e9 sont plus faciles \u00e0 rompre car ils sont volontaires; ni des normes ni des lois strictes ne font obstacle \u00e0 leur suppression.\u00a0\u00bb<\/p>\n\n\n\n<p><a href=\"https:\/\/ifstudies.org\/blog\/david-brooks-is-correct-both-the-quality-and-quantity-of-our-relationships-matter\">Richard Reeves<\/a> convient avec Brooks que \u00ab\u00a0la qualit\u00e9 et la quantit\u00e9 de nos relations sont importantes\u00a0\u00bb, et poursuit: \u00ab\u00a0L&rsquo;id\u00e9e d&rsquo;une famille \u00ab\u00a0choisie\u00a0\u00bb est conforme au d\u00e9veloppement du lib\u00e9ralisme moderne, dans lequel les relations sont contingentes plut\u00f4t que contraintes.\u00a0\u00bb Et <a href=\"https:\/\/ifstudies.org\/blog\/david-brooks-is-right-the-nuclear-family-was-destined-to-die-\">Rod Dreher<\/a> cite le d\u00e9clin de l&rsquo;engagement religieux pour l&rsquo;\u00e9chec de la famille. \u00ab\u00a0On ne peut qu\u2019esp\u00e9rer le succ\u00e8s des [familles forg\u00e9es], mais sans engagement religieux, cela semble douteux.\u00a0\u00bb<\/p>\n\n\n\n<p>Alors, o\u00f9 en sommes-nous apr\u00e8s tout cela? Les auteurs conviennent tous que la famille nucl\u00e9aire est en d\u00e9clin, ce qui pose des probl\u00e8mes, surtout pour les enfants. Ils conviennent tous que le d\u00e9sir sans entrave d&rsquo;autonomie et de libert\u00e9 personnelles a rendu les familles plus fragiles et aussi la vie des enfants plus difficile.<\/p>\n\n\n\n<p>Mais de nombreux experts de l&rsquo;Institut d&rsquo;\u00e9tudes sur la famille soutiennent qu&rsquo;en qualifiant la famille nucl\u00e9aire d'\u00a0\u00bberreur\u00a0\u00bb, Brooks se trompe gravement.<\/p>\n","protected":false},"excerpt":{"rendered":"<p>La famille nucl\u00e9aire est historiquement r\u00e9cente. Est-elle, pour autant, une erreur?<\/p>\n","protected":false},"author":29,"featured_media":10987,"comment_status":"open","ping_status":"open","sticky":false,"template":"","format":"standard","meta":{"give_campaign_id":0,"om_disable_all_campaigns":false,"_monsterinsights_skip_tracking":false,"_monsterinsights_sitenote_active":false,"_monsterinsights_sitenote_note":"","_monsterinsights_sitenote_category":0,"mc4wp_mailchimp_campaign":[],"jnews-multi-image_gallery":[],"jnews_single_post":{"subtitle":"La famille nucl\u00e9aire est historiquement r\u00e9cente. Est-elle, pour autant, une erreur?","format":"standard","video":"","gallery":"","source_name":"","source_url":"","via_name":"","via_url":"","override":[{"single_blog_custom":"","sidebar":"","second_sidebar":"","share_position":"","share_float_style":"","post_date_format":"","post_date_format_custom":"","post_reading_time_wpm":"","zoom_button_out_step":"1","zoom_button_in_step":"1","number_popup_post":"1"}],"image_override":[{"single_post_thumbnail_size":"","single_post_gallery_size":""}],"trending_post_position":"","trending_post_label":""},"jnews_primary_category":{"id":""},"jnews_social_meta":{"fb_title":"","fb_description":"","fb_image":"","twitter_title":"","twitter_description":"","twitter_image":""},"jnews_override_counter":{"view_counter_number":"0","share_counter_number":"0","like_counter_number":"0","dislike_counter_number":"0"},"footnotes":""},"categories":[798,809],"tags":[2237],"class_list":["post-11556","post","type-post","status-publish","format-standard","has-post-thumbnail","hentry","category-famille","category-foreground-fr","tag-nucleaire"],"yoast_head":"<!-- This site is optimized with the Yoast SEO Premium plugin v25.9 (Yoast SEO v27.3) - https:\/\/yoast.com\/product\/yoast-seo-premium-wordpress\/ -->\n<title>Non, la famille nucl\u00e9aire n&#039;est pas une &quot;erreur&quot;! - IFN<\/title>\n<meta name=\"robots\" content=\"index, follow, max-snippet:-1, max-image-preview:large, max-video-preview:-1\" \/>\n<link rel=\"canonical\" href=\"https:\/\/ifamnews.com\/fr\/non-la-famille-nucleaire-nest-pas-une-erreur\" \/>\n<meta property=\"og:locale\" content=\"fr_FR\" \/>\n<meta property=\"og:type\" content=\"article\" \/>\n<meta property=\"og:title\" content=\"Non, la famille nucl\u00e9aire n&#039;est pas une &quot;erreur&quot;!\" \/>\n<meta property=\"og:description\" content=\"La famille nucl\u00e9aire est historiquement r\u00e9cente. Est-elle, pour autant, une erreur?\" \/>\n<meta property=\"og:url\" content=\"https:\/\/ifamnews.com\/fr\/non-la-famille-nucleaire-nest-pas-une-erreur\" \/>\n<meta property=\"og:site_name\" content=\"IFN\" \/>\n<meta property=\"article:publisher\" content=\"https:\/\/www.facebook.com\/iFamNews\" \/>\n<meta property=\"article:published_time\" content=\"2020-03-17T15:42:41+00:00\" \/>\n<meta property=\"article:modified_time\" content=\"2020-03-17T15:42:45+00:00\" \/>\n<meta property=\"og:image\" content=\"https:\/\/ifamnews.com\/wp-content\/uploads\/2020\/03\/familybreakdown-1.jpeg\" \/>\n\t<meta property=\"og:image:width\" content=\"1200\" \/>\n\t<meta property=\"og:image:height\" content=\"675\" \/>\n\t<meta property=\"og:image:type\" content=\"image\/jpeg\" \/>\n<meta name=\"author\" content=\"Nicole King\" \/>\n<meta name=\"twitter:card\" content=\"summary_large_image\" \/>\n<meta name=\"twitter:creator\" content=\"@iFamNewsEN\" \/>\n<meta name=\"twitter:site\" content=\"@iFamNewsEN\" \/>\n<meta name=\"twitter:label1\" content=\"\u00c9crit par\" \/>\n\t<meta name=\"twitter:data1\" content=\"Nicole King\" \/>\n\t<meta name=\"twitter:label2\" content=\"Dur\u00e9e de lecture estim\u00e9e\" \/>\n\t<meta name=\"twitter:data2\" content=\"5 minutes\" \/>\n<!-- \/ Yoast SEO Premium plugin. -->","yoast_head_json":{"title":"Non, la famille nucl\u00e9aire n'est pas une \"erreur\"! - IFN","robots":{"index":"index","follow":"follow","max-snippet":"max-snippet:-1","max-image-preview":"max-image-preview:large","max-video-preview":"max-video-preview:-1"},"canonical":"https:\/\/ifamnews.com\/fr\/non-la-famille-nucleaire-nest-pas-une-erreur","og_locale":"fr_FR","og_type":"article","og_title":"Non, la famille nucl\u00e9aire n'est pas une \"erreur\"!","og_description":"La famille nucl\u00e9aire est historiquement r\u00e9cente. Est-elle, pour autant, une erreur?","og_url":"https:\/\/ifamnews.com\/fr\/non-la-famille-nucleaire-nest-pas-une-erreur","og_site_name":"IFN","article_publisher":"https:\/\/www.facebook.com\/iFamNews","article_published_time":"2020-03-17T15:42:41+00:00","article_modified_time":"2020-03-17T15:42:45+00:00","og_image":[{"width":1200,"height":675,"url":"https:\/\/ifamnews.com\/wp-content\/uploads\/2020\/03\/familybreakdown-1.jpeg","type":"image\/jpeg"}],"author":"Nicole King","twitter_card":"summary_large_image","twitter_creator":"@iFamNewsEN","twitter_site":"@iFamNewsEN","twitter_misc":{"\u00c9crit par":"Nicole King","Dur\u00e9e de lecture estim\u00e9e":"5 minutes"},"schema":{"@context":"https:\/\/schema.org","@graph":[{"@type":"NewsArticle","@id":"https:\/\/ifamnews.com\/fr\/non-la-famille-nucleaire-nest-pas-une-erreur#article","isPartOf":{"@id":"https:\/\/ifamnews.com\/fr\/non-la-famille-nucleaire-nest-pas-une-erreur"},"author":{"name":"Nicole King","@id":"https:\/\/ifamnews.com\/en\/#\/schema\/person\/35d200d06cf0beaffb53d0d1a6a8c870"},"headline":"Non, la famille nucl\u00e9aire n&rsquo;est pas une \u00ab\u00a0erreur\u00a0\u00bb!","datePublished":"2020-03-17T15:42:41+00:00","dateModified":"2020-03-17T15:42:45+00:00","mainEntityOfPage":{"@id":"https:\/\/ifamnews.com\/fr\/non-la-famille-nucleaire-nest-pas-une-erreur"},"wordCount":1114,"commentCount":0,"publisher":{"@id":"https:\/\/ifamnews.com\/en\/#organization"},"image":{"@id":"https:\/\/ifamnews.com\/fr\/non-la-famille-nucleaire-nest-pas-une-erreur#primaryimage"},"thumbnailUrl":"https:\/\/ifamnews.com\/wp-content\/uploads\/2020\/03\/familybreakdown-1.jpeg","keywords":["nucl\u00e9aire"],"articleSection":["Famille","Foreground"],"inLanguage":"fr-FR","potentialAction":[{"@type":"CommentAction","name":"Comment","target":["https:\/\/ifamnews.com\/fr\/non-la-famille-nucleaire-nest-pas-une-erreur#respond"]}]},{"@type":"WebPage","@id":"https:\/\/ifamnews.com\/fr\/non-la-famille-nucleaire-nest-pas-une-erreur","url":"https:\/\/ifamnews.com\/fr\/non-la-famille-nucleaire-nest-pas-une-erreur","name":"Non, la famille nucl\u00e9aire n'est pas une \"erreur\"! - IFN","isPartOf":{"@id":"https:\/\/ifamnews.com\/en\/#website"},"primaryImageOfPage":{"@id":"https:\/\/ifamnews.com\/fr\/non-la-famille-nucleaire-nest-pas-une-erreur#primaryimage"},"image":{"@id":"https:\/\/ifamnews.com\/fr\/non-la-famille-nucleaire-nest-pas-une-erreur#primaryimage"},"thumbnailUrl":"https:\/\/ifamnews.com\/wp-content\/uploads\/2020\/03\/familybreakdown-1.jpeg","datePublished":"2020-03-17T15:42:41+00:00","dateModified":"2020-03-17T15:42:45+00:00","breadcrumb":{"@id":"https:\/\/ifamnews.com\/fr\/non-la-famille-nucleaire-nest-pas-une-erreur#breadcrumb"},"inLanguage":"fr-FR","potentialAction":[{"@type":"ReadAction","target":["https:\/\/ifamnews.com\/fr\/non-la-famille-nucleaire-nest-pas-une-erreur"]}]},{"@type":"ImageObject","inLanguage":"fr-FR","@id":"https:\/\/ifamnews.com\/fr\/non-la-famille-nucleaire-nest-pas-une-erreur#primaryimage","url":"https:\/\/ifamnews.com\/wp-content\/uploads\/2020\/03\/familybreakdown-1.jpeg","contentUrl":"https:\/\/ifamnews.com\/wp-content\/uploads\/2020\/03\/familybreakdown-1.jpeg","width":1200,"height":675},{"@type":"BreadcrumbList","@id":"https:\/\/ifamnews.com\/fr\/non-la-famille-nucleaire-nest-pas-une-erreur#breadcrumb","itemListElement":[{"@type":"ListItem","position":1,"name":"Home","item":"https:\/\/ifamnews.com\/de"},{"@type":"ListItem","position":2,"name":"Foreground","item":"https:\/\/ifamnews.com\/fr\/categorie\/foreground-fr"},{"@type":"ListItem","position":3,"name":"Non, la famille nucl\u00e9aire n&#8217;est pas une &#8220;erreur&#8221;!"}]},{"@type":"WebSite","@id":"https:\/\/ifamnews.com\/en\/#website","url":"https:\/\/ifamnews.com\/en\/","name":"IFN","description":"International Family News Network","publisher":{"@id":"https:\/\/ifamnews.com\/en\/#organization"},"potentialAction":[{"@type":"SearchAction","target":{"@type":"EntryPoint","urlTemplate":"https:\/\/ifamnews.com\/en\/?s={search_term_string}"},"query-input":{"@type":"PropertyValueSpecification","valueRequired":true,"valueName":"search_term_string"}}],"inLanguage":"fr-FR"},{"@type":"Organization","@id":"https:\/\/ifamnews.com\/en\/#organization","name":"iFamNews","url":"https:\/\/ifamnews.com\/en\/","logo":{"@type":"ImageObject","inLanguage":"fr-FR","@id":"https:\/\/ifamnews.com\/en\/#\/schema\/logo\/image\/","url":"https:\/\/ifamnews.com\/wp-content\/uploads\/2020\/01\/Share-logo.png","contentUrl":"https:\/\/ifamnews.com\/wp-content\/uploads\/2020\/01\/Share-logo.png","width":200,"height":200,"caption":"iFamNews"},"image":{"@id":"https:\/\/ifamnews.com\/en\/#\/schema\/logo\/image\/"},"sameAs":["https:\/\/www.facebook.com\/iFamNews","https:\/\/x.com\/iFamNewsEN"]},{"@type":"Person","@id":"https:\/\/ifamnews.com\/en\/#\/schema\/person\/35d200d06cf0beaffb53d0d1a6a8c870","name":"Nicole King","image":{"@type":"ImageObject","inLanguage":"fr-FR","@id":"https:\/\/secure.gravatar.com\/avatar\/903f35ca5903fb058276f9e28fec6ab17dd5c1ae49e670dfa47483ff62c86444?s=96&d=mm&r=g","url":"https:\/\/secure.gravatar.com\/avatar\/903f35ca5903fb058276f9e28fec6ab17dd5c1ae49e670dfa47483ff62c86444?s=96&d=mm&r=g","contentUrl":"https:\/\/secure.gravatar.com\/avatar\/903f35ca5903fb058276f9e28fec6ab17dd5c1ae49e670dfa47483ff62c86444?s=96&d=mm&r=g","caption":"Nicole King"},"description":"Nicole M. King is the Managing Editor of IOF's journal, The Natural Family: An International Journal of Research and Policy, the United States\u2019 leading journal of family-policy research. In that capacity, she writes, edits and corresponds with editors and contributors to ensure that each issue provides the most relevant and accurate research and policy analysis available. Nicole holds a B.A. in English as well as M.A.s in English and Political Theory. She has contributed to The Front Porch Republic and Chronicles: A Magazine of American Culture, among others. She is also a contributing editor to SALVO Magazine and a blogger at salvomag.com.","url":"https:\/\/ifamnews.com\/fr\/author\/nkingifamnews-com"}]}},"amp_enabled":true,"_links":{"self":[{"href":"https:\/\/ifamnews.com\/fr\/wp-json\/wp\/v2\/posts\/11556","targetHints":{"allow":["GET"]}}],"collection":[{"href":"https:\/\/ifamnews.com\/fr\/wp-json\/wp\/v2\/posts"}],"about":[{"href":"https:\/\/ifamnews.com\/fr\/wp-json\/wp\/v2\/types\/post"}],"author":[{"embeddable":true,"href":"https:\/\/ifamnews.com\/fr\/wp-json\/wp\/v2\/users\/29"}],"replies":[{"embeddable":true,"href":"https:\/\/ifamnews.com\/fr\/wp-json\/wp\/v2\/comments?post=11556"}],"version-history":[{"count":3,"href":"https:\/\/ifamnews.com\/fr\/wp-json\/wp\/v2\/posts\/11556\/revisions"}],"predecessor-version":[{"id":11577,"href":"https:\/\/ifamnews.com\/fr\/wp-json\/wp\/v2\/posts\/11556\/revisions\/11577"}],"wp:featuredmedia":[{"embeddable":true,"href":"https:\/\/ifamnews.com\/fr\/wp-json\/wp\/v2\/media\/10987"}],"wp:attachment":[{"href":"https:\/\/ifamnews.com\/fr\/wp-json\/wp\/v2\/media?parent=11556"}],"wp:term":[{"taxonomy":"category","embeddable":true,"href":"https:\/\/ifamnews.com\/fr\/wp-json\/wp\/v2\/categories?post=11556"},{"taxonomy":"post_tag","embeddable":true,"href":"https:\/\/ifamnews.com\/fr\/wp-json\/wp\/v2\/tags?post=11556"}],"curies":[{"name":"wp","href":"https:\/\/api.w.org\/{rel}","templated":true}]}}