{"id":111935,"date":"2021-12-29T01:32:32","date_gmt":"2021-12-29T06:32:32","guid":{"rendered":"https:\/\/ifamnews.com\/?p=111935"},"modified":"2021-12-29T01:39:37","modified_gmt":"2021-12-29T06:39:37","slug":"chili-vers-la-consolidation-d-un-virage-radical","status":"publish","type":"post","link":"https:\/\/ifamnews.com\/fr\/chili-vers-la-consolidation-d-un-virage-radical","title":{"rendered":"Chili : vers la consolidation d&rsquo;un virage radical"},"content":{"rendered":"\n<p>L&rsquo;\u00e9lection de Gabriel Boric \u00e0 la pr\u00e9sidence de la R\u00e9publique lors de la derni\u00e8re \u00e9lection est le couronnement d&rsquo;un tournant remarquable dans la trajectoire du Chili au cours des derni\u00e8res d\u00e9cennies, un tournant qui a commenc\u00e9 avec le deuxi\u00e8me gouvernement de Michelle Bachelet (2014-2018). Et bien qu&rsquo;il ne soit pas encore achev\u00e9, tout indique que le processus sera couronn\u00e9 si la nouvelle Constitution est approuv\u00e9e par un vote populaire, ce qui devrait se produire d&rsquo;ici la fin de l&rsquo;ann\u00e9e 2022, car compte tenu des circonstances actuelles, il est tr\u00e8s probable que ce sera le cas.<\/p>\n\n\n\n<p>C&rsquo;est pourquoi la candidature de Jos\u00e9 Antonio Kast \u00e9tait si importante, car m\u00eame si elle ne garantissait pas la d\u00e9sapprobation future de la Charte Fondamentale en cours d&rsquo;\u00e9laboration, elle fournissait au moins quelques outils politiques pour tenter d&rsquo;y parvenir. Aujourd&rsquo;hui, au contraire, le rapport de force est tellement d\u00e9s\u00e9quilibr\u00e9, avec une pr\u00e9dominance presque absolue de la gauche, qu&rsquo;il est presque certain que nous aurons une nouvelle Constitution.<\/p>\n\n\n\n<p>Pour les m\u00eames raisons, il \u00e9tait tr\u00e8s pr\u00e9visible que si Kast avait gagn\u00e9, le pays aurait \u00e9t\u00e9 plong\u00e9 dans un dangereux climat d&rsquo;instabilit\u00e9 et de violence, motiv\u00e9 par la gauche (extr\u00eame et \u00ab\u00a0mod\u00e9r\u00e9e\u00a0\u00bb), qui a utilis\u00e9 sans complexe la violence comme une arme politique pour parvenir \u00e0 ses fins, soit en l&rsquo;incitant directement, soit en la soutenant par son silence. Tout cela, depuis le soi-disant \u00ab\u00a0sursaut social\u00a0\u00bb du 18 octobre 2019, qui a fini par obtenir ce qu&rsquo;il voulait : \u00e9laborer une nouvelle Constitution.<\/p>\n\n\n\n<p>Toutefois, cela n&rsquo;enl\u00e8ve rien \u00e0 l&rsquo;importance de la r\u00e9ussite de Kast d&rsquo;avoir au moins tent\u00e9 d&#8217;emp\u00eacher la consolidation du virage susmentionn\u00e9. C&rsquo;est pourquoi ceux qui poussent un soupir de soulagement apr\u00e8s la victoire de Boric, parce qu&rsquo;au moins pour l&rsquo;instant nous ne subirons pas ce climat de d\u00e9sordre et de destruction, ne se rendent pas compte que le calme apparent que nous aurons dans les prochains mois permettra l&rsquo;incubation d&rsquo;une situation bien pire dans un avenir tr\u00e8s proche.<\/p>\n\n\n\n<p>Avant d&rsquo;\u00e9voquer certains aspects de ce revirement, il convient de noter que des soup\u00e7ons p\u00e8sent \u00e9galement sur la derni\u00e8re s\u00e9quence \u00e9lectorale. En effet, au premier tour Kast a obtenu quelques centaines de milliers de voix de plus que Boric, ce qui laissait penser \u00e0 une victoire au second tour, comme cela a \u00e9t\u00e9 la norme, sans exception, depuis le retour \u00e0 la d\u00e9mocratie en 1990. Mais curieusement, lors de ce second tour, le nombre de votants a \u00e9t\u00e9 beaucoup plus \u00e9lev\u00e9 qu&rsquo;au premier tour (o\u00f9 le contraire avait souvent \u00e9t\u00e9 le cas), avec un exc\u00e9dent de plus d&rsquo;un million de voix cette fois-ci. En fait, il a m\u00eame surpass\u00e9 le vote, pourtant plus important, sur la proposition d&rsquo;une nouvelle Constitution. Cela est d&rsquo;autant plus \u00e9trange que l&rsquo;apathie traditionnelle de pr\u00e8s de la moiti\u00e9 de la population \u00e9ligible au vote a connu ici un revirement consid\u00e9rable. Cette \u00e9lection pr\u00e9sidentielle \u00e9tait-elle si importante aux yeux des apathiques au point d&rsquo;\u00eatre plus importante que la d\u00e9cision de publier une nouvelle Constitution ?<\/p>\n\n\n\n<p>Maintenant, il est clair que la gauche chilienne avait besoin de prendre le contr\u00f4le du pays dans la phase finale des travaux men\u00e9s par la Convention charg\u00e9e de dicter une nouvelle Constitution. Et il en est ainsi, car il faut \u00e0 tout prix que cette proposition soit gagnante. Cela sugg\u00e8re qu&rsquo;au cours de l&rsquo;ann\u00e9e 2022, la strat\u00e9gie du gouvernement Boric sera de divertir son \u00e9lectorat autant que possible, afin de continuer \u00e0 entretenir l&rsquo;illusion &#8211; promise ad nauseam pendant la campagne &#8211; qu&rsquo;une nouvelle \u00e8re de justice, de plus grande \u00e9galit\u00e9 et de v\u00e9ritable prosp\u00e9rit\u00e9 va maintenant commencer. Il est donc essentiel de maintenir cette illusion, afin que l&rsquo;\u00e9lectorat, tromp\u00e9 par celle-ci, croie que cette situation sera perp\u00e9tu\u00e9e avec une nouvelle Charte Fondamentale et lui donne son approbation.<\/p>\n\n\n\n<p>Apr\u00e8s cette \u00e9ventuelle approbation, la situation est incertaine mais tr\u00e8s pessimiste. Il y aura certainement une tentative de suivre les traces de ce qui a \u00e9t\u00e9 fait au Venezuela, mais \u00e9videmment, tant que l&rsquo;on ne sait pas quel sera le texte constitutionnel propos\u00e9, il n&rsquo;est pas possible de faire trop de pr\u00e9dictions \u00e0 cet \u00e9gard. Toutefois, la pression internationale, notamment par le biais des \u00ab\u00a0Droits de l&rsquo;Homme\u00a0\u00bb, fera en sorte que les voies emprunt\u00e9es au Chili ne diff\u00e8rent pas trop de celles adopt\u00e9es ailleurs.<\/p>\n\n\n\n<p>En tout \u00e9tat de cause, cette \u00e9volution va bien au-del\u00e0 de l&rsquo;aspect purement \u00e9conomique, qui est g\u00e9n\u00e9ralement la premi\u00e8re pr\u00e9occupation des gens. Elle implique un changement politique et juridique complet, qui vise \u00e0 nous conduire \u00e0 un nouveau totalitarisme culturel touchant tous les aspects de notre vie. Cependant, c&rsquo;est peut-\u00eatre le pr\u00e9judice \u00e9conomique important annonc\u00e9 qui pourrait r\u00e9veiller la population chilienne, habitu\u00e9e qu&rsquo;elle est \u00e0 un niveau \u00e9conomique et de consommation remarquable.<\/p>\n\n\n\n<p>Tout cela signifie que, \u00e0 notre grand regret, la strat\u00e9gie du Forum de S\u00e3o Paulo conna\u00eet un succ\u00e8s notable sur notre continent, les \u00e9v\u00e9nements en Argentine et au P\u00e9rou en sont de bons exemples. Et pour la m\u00eame raison, il y a une vision plut\u00f4t pessimiste de ce qui pourrait se passer en Colombie ou au Br\u00e9sil, o\u00f9 les prochaines \u00e9lections pourraient avoir une issue similaire \u00e0 celles des deux premiers pays ou du Chili. Dans l&rsquo;ensemble, il faut reconna\u00eetre que, \u00e0 l&rsquo;exception du Br\u00e9sil, les gouvernements dits \u00ab\u00a0de droite\u00a0\u00bb qui ont exist\u00e9 ces derni\u00e8res ann\u00e9es ont largement poursuivi le programme de leurs ennemis suppos\u00e9s, non seulement en ne promouvant pas de politiques visant \u00e0 l&rsquo;inverser, mais m\u00eame en le faisant avancer.<\/p>\n\n\n\n<p>C&rsquo;est ce qui explique en grande partie pourquoi Kast a obtenu autant de soutien au premier tour, malgr\u00e9 son appartenance \u00e0 \u00ab\u00a0l&rsquo;extr\u00eame droite\u00a0\u00bb, comme le pr\u00e9tendaient ses adversaires, gr\u00e2ce au vote d&rsquo;un \u00e9lectorat fatigu\u00e9 de se faire rouler par une droite l\u00e2che qui avait capitul\u00e9 devant ses ennemis suppos\u00e9s. Il semble qu&rsquo;\u00e0 quelques exceptions pr\u00e8s, tous, \u00ab\u00a0bons\u00a0\u00bb et \u00ab\u00a0mauvais\u00a0\u00bb, travaillent dans la m\u00eame direction.<\/p>\n","protected":false},"excerpt":{"rendered":"<p>Ceux qui poussent un soupir de soulagement apr\u00e8s la victoire de Boric, parce qu&rsquo;au moins pour l&rsquo;instant le Chili ne subira pas le climat de d\u00e9sordre et de destruction, ne se rendent pas compte que le calme apparent permettra l&rsquo;incubation d&rsquo;une situation bien pire dans un avenir tr\u00e8s proche.<\/p>\n","protected":false},"author":908,"featured_media":111768,"comment_status":"open","ping_status":"open","sticky":false,"template":"","format":"standard","meta":{"give_campaign_id":0,"om_disable_all_campaigns":false,"_monsterinsights_skip_tracking":false,"_monsterinsights_sitenote_active":false,"_monsterinsights_sitenote_note":"","_monsterinsights_sitenote_category":0,"mc4wp_mailchimp_campaign":[],"jnews-multi-image_gallery":[],"jnews_single_post":{"subtitle":"Ceux qui poussent un soupir de soulagement apr\u00e8s la victoire de Boric, parce qu'au moins pour l'instant le Chili ne subira pas le climat de d\u00e9sordre et de destruction, ne se rendent pas compte que le calme apparent permettra l'incubation d'une situation bien pire dans un avenir tr\u00e8s proche.","format":"standard","video":"","gallery":"","source_name":"","source_url":"","via_name":"","via_url":"","override":[{"template":"1","single_blog_custom":"","parallax":"1","fullscreen":"1","layout":"right-sidebar","sidebar":"default-sidebar","second_sidebar":"default-sidebar","sticky_sidebar":"1","share_position":"top","share_float_style":"share-monocrhome","show_share_counter":"1","show_view_counter":"1","show_featured":"1","show_post_meta":"1","show_post_author":"1","show_post_author_image":"1","show_post_date":"1","post_date_format":"default","post_date_format_custom":"Y\/m\/d","show_post_category":"1","post_reading_time_wpm":"300","zoom_button_out_step":"2","zoom_button_in_step":"3","show_post_tag":"1","show_prev_next_post":"1","show_popup_post":"1","number_popup_post":"1"}],"image_override":[{"single_post_thumbnail_size":"crop-500","single_post_gallery_size":"crop-500"}],"trending_post_position":"meta","trending_post_label":"Trending","sponsored_post_label":"Sponsored by","sponsored_post_name":"","sponsored_post_url":"","sponsored_post_logo":"","sponsored_post_desc":""},"jnews_primary_category":{"id":"800"},"jnews_social_meta":{"fb_title":"","fb_description":"","fb_image":"","twitter_title":"","twitter_description":"","twitter_image":""},"jnews_override_counter":{"view_counter_number":"0","share_counter_number":"0","like_counter_number":"0","dislike_counter_number":"0"},"footnotes":""},"categories":[809,800],"tags":[14045,14042,9403,14043,14044,14046],"class_list":["post-111935","post","type-post","status-publish","format-standard","has-post-thumbnail","hentry","category-foreground-fr","category-politique","tag-bachelet","tag-chili","tag-constitution-2","tag-election-presidentielle","tag-gabriel-boric","tag-kast"],"yoast_head":"<!-- This site is optimized with the Yoast SEO Premium plugin v25.9 (Yoast SEO v27.3) - https:\/\/yoast.com\/product\/yoast-seo-premium-wordpress\/ -->\n<title>Chili : vers la consolidation d&#039;un virage radical - IFN<\/title>\n<meta name=\"description\" content=\"Ceux qui poussent un soupir de soulagement apr\u00e8s la victoire de Boric, parce qu&#039;au moins pour l&#039;instant le Chili ne subira pas le climat de d\u00e9sordre et de destruction, ne se rendent pas compte que le calme apparent permettra l&#039;incubation d&#039;une situation bien pire dans un avenir tr\u00e8s proche.\" \/>\n<meta name=\"robots\" content=\"index, follow, max-snippet:-1, max-image-preview:large, max-video-preview:-1\" \/>\n<link rel=\"canonical\" href=\"https:\/\/ifamnews.com\/fr\/chili-vers-la-consolidation-d-un-virage-radical\" \/>\n<meta property=\"og:locale\" content=\"fr_FR\" \/>\n<meta property=\"og:type\" content=\"article\" \/>\n<meta property=\"og:title\" content=\"Chili : vers la consolidation d&#039;un virage radical\" \/>\n<meta property=\"og:description\" content=\"Ceux qui poussent un soupir de soulagement apr\u00e8s la victoire de Boric, parce qu&#039;au moins pour l&#039;instant le Chili ne subira pas le climat de d\u00e9sordre et de destruction, ne se rendent pas compte que le calme apparent permettra l&#039;incubation d&#039;une situation bien pire dans un avenir tr\u00e8s proche.\" \/>\n<meta property=\"og:url\" content=\"https:\/\/ifamnews.com\/fr\/chili-vers-la-consolidation-d-un-virage-radical\" \/>\n<meta property=\"og:site_name\" content=\"IFN\" \/>\n<meta property=\"article:publisher\" content=\"https:\/\/www.facebook.com\/iFamNews\" \/>\n<meta property=\"article:published_time\" content=\"2021-12-29T06:32:32+00:00\" \/>\n<meta property=\"article:modified_time\" content=\"2021-12-29T06:39:37+00:00\" \/>\n<meta property=\"og:image\" content=\"https:\/\/ifamnews.com\/wp-content\/uploads\/2021\/12\/70cab3bf-c4ca-405d-94c6-f76f1b90a980_twitter-aspect-ratio_default_0.png\" \/>\n\t<meta property=\"og:image:width\" content=\"1200\" \/>\n\t<meta property=\"og:image:height\" content=\"675\" \/>\n\t<meta property=\"og:image:type\" content=\"image\/png\" \/>\n<meta name=\"author\" content=\"Max Silva Abbott\" \/>\n<meta name=\"twitter:card\" content=\"summary_large_image\" \/>\n<meta name=\"twitter:creator\" content=\"@iFamNewsEN\" \/>\n<meta name=\"twitter:site\" content=\"@iFamNewsEN\" \/>\n<meta name=\"twitter:label1\" content=\"\u00c9crit par\" \/>\n\t<meta name=\"twitter:data1\" content=\"Max Silva Abbott\" \/>\n\t<meta name=\"twitter:label2\" content=\"Dur\u00e9e de lecture estim\u00e9e\" \/>\n\t<meta name=\"twitter:data2\" content=\"5 minutes\" \/>\n<!-- \/ Yoast SEO Premium plugin. -->","yoast_head_json":{"title":"Chili : vers la consolidation d'un virage radical - IFN","description":"Ceux qui poussent un soupir de soulagement apr\u00e8s la victoire de Boric, parce qu'au moins pour l'instant le Chili ne subira pas le climat de d\u00e9sordre et de destruction, ne se rendent pas compte que le calme apparent permettra l'incubation d'une situation bien pire dans un avenir tr\u00e8s proche.","robots":{"index":"index","follow":"follow","max-snippet":"max-snippet:-1","max-image-preview":"max-image-preview:large","max-video-preview":"max-video-preview:-1"},"canonical":"https:\/\/ifamnews.com\/fr\/chili-vers-la-consolidation-d-un-virage-radical","og_locale":"fr_FR","og_type":"article","og_title":"Chili : vers la consolidation d'un virage radical","og_description":"Ceux qui poussent un soupir de soulagement apr\u00e8s la victoire de Boric, parce qu'au moins pour l'instant le Chili ne subira pas le climat de d\u00e9sordre et de destruction, ne se rendent pas compte que le calme apparent permettra l'incubation d'une situation bien pire dans un avenir tr\u00e8s proche.","og_url":"https:\/\/ifamnews.com\/fr\/chili-vers-la-consolidation-d-un-virage-radical","og_site_name":"IFN","article_publisher":"https:\/\/www.facebook.com\/iFamNews","article_published_time":"2021-12-29T06:32:32+00:00","article_modified_time":"2021-12-29T06:39:37+00:00","og_image":[{"width":1200,"height":675,"url":"https:\/\/ifamnews.com\/wp-content\/uploads\/2021\/12\/70cab3bf-c4ca-405d-94c6-f76f1b90a980_twitter-aspect-ratio_default_0.png","type":"image\/png"}],"author":"Max Silva Abbott","twitter_card":"summary_large_image","twitter_creator":"@iFamNewsEN","twitter_site":"@iFamNewsEN","twitter_misc":{"\u00c9crit par":"Max Silva Abbott","Dur\u00e9e de lecture estim\u00e9e":"5 minutes"},"schema":{"@context":"https:\/\/schema.org","@graph":[{"@type":"NewsArticle","@id":"https:\/\/ifamnews.com\/fr\/chili-vers-la-consolidation-d-un-virage-radical#article","isPartOf":{"@id":"https:\/\/ifamnews.com\/fr\/chili-vers-la-consolidation-d-un-virage-radical"},"author":{"name":"Max Silva Abbott","@id":"https:\/\/ifamnews.com\/en\/#\/schema\/person\/ef4b25ed0ad1c0cf915a4ebb6f51910d"},"headline":"Chili : vers la consolidation d&rsquo;un virage radical","datePublished":"2021-12-29T06:32:32+00:00","dateModified":"2021-12-29T06:39:37+00:00","mainEntityOfPage":{"@id":"https:\/\/ifamnews.com\/fr\/chili-vers-la-consolidation-d-un-virage-radical"},"wordCount":1077,"commentCount":0,"publisher":{"@id":"https:\/\/ifamnews.com\/en\/#organization"},"image":{"@id":"https:\/\/ifamnews.com\/fr\/chili-vers-la-consolidation-d-un-virage-radical#primaryimage"},"thumbnailUrl":"https:\/\/ifamnews.com\/wp-content\/uploads\/2021\/12\/70cab3bf-c4ca-405d-94c6-f76f1b90a980_twitter-aspect-ratio_default_0.png","keywords":["Bachelet","Chili","constitution","\u00e9lection pr\u00e9sidentielle","Gabriel Boric","kast"],"articleSection":["Foreground","Politique"],"inLanguage":"fr-FR","potentialAction":[{"@type":"CommentAction","name":"Comment","target":["https:\/\/ifamnews.com\/fr\/chili-vers-la-consolidation-d-un-virage-radical#respond"]}]},{"@type":"WebPage","@id":"https:\/\/ifamnews.com\/fr\/chili-vers-la-consolidation-d-un-virage-radical","url":"https:\/\/ifamnews.com\/fr\/chili-vers-la-consolidation-d-un-virage-radical","name":"Chili : vers la consolidation d'un virage radical - IFN","isPartOf":{"@id":"https:\/\/ifamnews.com\/en\/#website"},"primaryImageOfPage":{"@id":"https:\/\/ifamnews.com\/fr\/chili-vers-la-consolidation-d-un-virage-radical#primaryimage"},"image":{"@id":"https:\/\/ifamnews.com\/fr\/chili-vers-la-consolidation-d-un-virage-radical#primaryimage"},"thumbnailUrl":"https:\/\/ifamnews.com\/wp-content\/uploads\/2021\/12\/70cab3bf-c4ca-405d-94c6-f76f1b90a980_twitter-aspect-ratio_default_0.png","datePublished":"2021-12-29T06:32:32+00:00","dateModified":"2021-12-29T06:39:37+00:00","description":"Ceux qui poussent un soupir de soulagement apr\u00e8s la victoire de Boric, parce qu'au moins pour l'instant le Chili ne subira pas le climat de d\u00e9sordre et de destruction, ne se rendent pas compte que le calme apparent permettra l'incubation d'une situation bien pire dans un avenir tr\u00e8s proche.","breadcrumb":{"@id":"https:\/\/ifamnews.com\/fr\/chili-vers-la-consolidation-d-un-virage-radical#breadcrumb"},"inLanguage":"fr-FR","potentialAction":[{"@type":"ReadAction","target":["https:\/\/ifamnews.com\/fr\/chili-vers-la-consolidation-d-un-virage-radical"]}]},{"@type":"ImageObject","inLanguage":"fr-FR","@id":"https:\/\/ifamnews.com\/fr\/chili-vers-la-consolidation-d-un-virage-radical#primaryimage","url":"https:\/\/ifamnews.com\/wp-content\/uploads\/2021\/12\/70cab3bf-c4ca-405d-94c6-f76f1b90a980_twitter-aspect-ratio_default_0.png","contentUrl":"https:\/\/ifamnews.com\/wp-content\/uploads\/2021\/12\/70cab3bf-c4ca-405d-94c6-f76f1b90a980_twitter-aspect-ratio_default_0.png","width":1200,"height":675},{"@type":"BreadcrumbList","@id":"https:\/\/ifamnews.com\/fr\/chili-vers-la-consolidation-d-un-virage-radical#breadcrumb","itemListElement":[{"@type":"ListItem","position":1,"name":"Home","item":"https:\/\/ifamnews.com\/de"},{"@type":"ListItem","position":2,"name":"Politique","item":"https:\/\/ifamnews.com\/fr\/categorie\/politique"},{"@type":"ListItem","position":3,"name":"Chili : vers la consolidation d&#8217;un virage radical"}]},{"@type":"WebSite","@id":"https:\/\/ifamnews.com\/en\/#website","url":"https:\/\/ifamnews.com\/en\/","name":"IFN","description":"International Family News Network","publisher":{"@id":"https:\/\/ifamnews.com\/en\/#organization"},"potentialAction":[{"@type":"SearchAction","target":{"@type":"EntryPoint","urlTemplate":"https:\/\/ifamnews.com\/en\/?s={search_term_string}"},"query-input":{"@type":"PropertyValueSpecification","valueRequired":true,"valueName":"search_term_string"}}],"inLanguage":"fr-FR"},{"@type":"Organization","@id":"https:\/\/ifamnews.com\/en\/#organization","name":"iFamNews","url":"https:\/\/ifamnews.com\/en\/","logo":{"@type":"ImageObject","inLanguage":"fr-FR","@id":"https:\/\/ifamnews.com\/en\/#\/schema\/logo\/image\/","url":"https:\/\/ifamnews.com\/wp-content\/uploads\/2020\/01\/Share-logo.png","contentUrl":"https:\/\/ifamnews.com\/wp-content\/uploads\/2020\/01\/Share-logo.png","width":200,"height":200,"caption":"iFamNews"},"image":{"@id":"https:\/\/ifamnews.com\/en\/#\/schema\/logo\/image\/"},"sameAs":["https:\/\/www.facebook.com\/iFamNews","https:\/\/x.com\/iFamNewsEN"]},{"@type":"Person","@id":"https:\/\/ifamnews.com\/en\/#\/schema\/person\/ef4b25ed0ad1c0cf915a4ebb6f51910d","name":"Max Silva Abbott","image":{"@type":"ImageObject","inLanguage":"fr-FR","@id":"https:\/\/secure.gravatar.com\/avatar\/27238baa46b2d04b2b3298dccedcafa11bf293f0f080b073436be499abfe96b5?s=96&d=mm&r=g","url":"https:\/\/secure.gravatar.com\/avatar\/27238baa46b2d04b2b3298dccedcafa11bf293f0f080b073436be499abfe96b5?s=96&d=mm&r=g","contentUrl":"https:\/\/secure.gravatar.com\/avatar\/27238baa46b2d04b2b3298dccedcafa11bf293f0f080b073436be499abfe96b5?s=96&d=mm&r=g","caption":"Max Silva Abbott"},"description":"Max Silva Abbott is a lawyer from the Universidad de Chile. D. in Law from the University of Navarra, Spain. Associate Professor of Philosophical Foundations of Law, Philosophy of Law and Introduction to Law at Universidad San Sebasti\u00e1n (Concepci\u00f3n, Chile). Author of 4 books and more than 80 articles of his specialty in collective books and specialized Chilean and foreign magazines, lecturer in more than 80 national and international congresses and seminars. Weekly columnist of the newspaper El Sur, Concepci\u00f3n since 1999, with more than 700 articles and editorials to date. His main lines of research are contemporary legal positivism, bioethics, family and currently, the Inter-American Human Rights System.","url":"https:\/\/ifamnews.com\/fr\/author\/max-silva-abbott"}]}},"amp_enabled":true,"_links":{"self":[{"href":"https:\/\/ifamnews.com\/fr\/wp-json\/wp\/v2\/posts\/111935","targetHints":{"allow":["GET"]}}],"collection":[{"href":"https:\/\/ifamnews.com\/fr\/wp-json\/wp\/v2\/posts"}],"about":[{"href":"https:\/\/ifamnews.com\/fr\/wp-json\/wp\/v2\/types\/post"}],"author":[{"embeddable":true,"href":"https:\/\/ifamnews.com\/fr\/wp-json\/wp\/v2\/users\/908"}],"replies":[{"embeddable":true,"href":"https:\/\/ifamnews.com\/fr\/wp-json\/wp\/v2\/comments?post=111935"}],"version-history":[{"count":5,"href":"https:\/\/ifamnews.com\/fr\/wp-json\/wp\/v2\/posts\/111935\/revisions"}],"predecessor-version":[{"id":111942,"href":"https:\/\/ifamnews.com\/fr\/wp-json\/wp\/v2\/posts\/111935\/revisions\/111942"}],"wp:featuredmedia":[{"embeddable":true,"href":"https:\/\/ifamnews.com\/fr\/wp-json\/wp\/v2\/media\/111768"}],"wp:attachment":[{"href":"https:\/\/ifamnews.com\/fr\/wp-json\/wp\/v2\/media?parent=111935"}],"wp:term":[{"taxonomy":"category","embeddable":true,"href":"https:\/\/ifamnews.com\/fr\/wp-json\/wp\/v2\/categories?post=111935"},{"taxonomy":"post_tag","embeddable":true,"href":"https:\/\/ifamnews.com\/fr\/wp-json\/wp\/v2\/tags?post=111935"}],"curies":[{"name":"wp","href":"https:\/\/api.w.org\/{rel}","templated":true}]}}