{"id":100579,"date":"2021-10-17T02:44:10","date_gmt":"2021-10-17T06:44:10","guid":{"rendered":"https:\/\/ifamnews.com\/?p=100579"},"modified":"2021-10-17T02:44:12","modified_gmt":"2021-10-17T06:44:12","slug":"-tre-contre-l-avortement-ne-signifie-pas-tre-pro-vie","status":"publish","type":"post","link":"https:\/\/ifamnews.com\/fr\/-tre-contre-l-avortement-ne-signifie-pas-tre-pro-vie","title":{"rendered":"\u00catre contre l&rsquo;avortement ne signifie pas \u00eatre pro-vie!"},"content":{"rendered":"\n<p>Chers lecteurs, une confession personnelle. Je me r\u00e9jouis de pouvoir lire la r\u00e9alit\u00e9 comme le fait le pr\u00e9sident du Southern Baptist Theological Seminary de Louisville (Kentucky), Albert Mohler Jr, non pas pour me vanter, mais parce que cela signifie que la r\u00e9alit\u00e9 est complexe et que nous devons souvent \u00eatre bien \u00e9quip\u00e9s pour nous d\u00e9fendre contre ses pi\u00e8ges.<\/p>\n\n\n\n<p>Face \u00e0 la r\u00e9cente d\u00e9cision le 27 septembre, du r\u00e9gime communiste n\u00e9o-post-nationaliste chinois de lancer un ensemble de mesures visant \u00e0 am\u00e9liorer la \u00ab\u00a0sant\u00e9 reproductive des femmes\u00a0\u00bb, y compris une r\u00e9duction des avortements \u00e0 \u00ab\u00a0des fins non m\u00e9dicales\u00a0\u00bb, Mohler se r\u00e9jouit, comme moi, de la r\u00e9duction du nombre de vies \u00e9court\u00e9es, mais il rel\u00e8ve un point critique crucial : <a href=\"https:\/\/albertmohler.com\/2021\/10\/04\/briefing-10-4-21\" target=\"{wpml_trans_unit_8_0_1_-1_1}\" rel=\"{wpml_trans_unit_8_0_1_-1_2} noopener\">La d\u00e9cision de P\u00e9kin est d\u00e9sormais anti-avortement, mais elle n&rsquo;est pas universellement pro-vie<\/a>.<\/p>\n\n\n\n<p>\u00ab\u00a0Le parti communiste chinois, dit le pasteur, veut plus d&rsquo;enfants, veut plus de contr\u00f4le, et se pr\u00e9pare \u00e0 exercer son pouvoir totalitaire comme pr\u00e9vu, alors maintenant il r\u00e9prime l&rsquo;avortement.\u00a0\u00bb Mais \u00ab\u00a0on notera que cela ne d\u00e9coule pas du respect du caract\u00e8re sacr\u00e9 et de la dignit\u00e9 de la vie humaine. Cela ne fait pas partie, en fait, de la vision marxiste des choses. Elle est plut\u00f4t due au fait que l&rsquo;on souhaite que davantage d&rsquo;enfants deviennent de petits soldats et de petits ouvriers pour l&rsquo;industrie\u00a0\u00bb.<\/p>\n\n\n\n<p>La diff\u00e9rence entre l&rsquo;anti-avortement et la d\u00e9fense du caract\u00e8re sacr\u00e9 universel de la vie est extraordinairement importante sur le plan th\u00e9orique, et comme toutes les th\u00e9ories, a un effet imm\u00e9diat et essentiel, directement cons\u00e9quent sur le plan moral. Et la politique, vous le savez, c&rsquo;est la morale sociale. Le totalitarisme chinois utilise la vie et la mort des gens pour exercer son pouvoir sans scrupules et donc syst\u00e9matiquement contre l&rsquo;homme.<\/p>\n\n\n\n<p>Il joue au dieu, un <a href=\"https:\/\/ifamnews.com\/it\/cina-demograficamente-gnostica\" target=\"_blank\" rel=\"noreferrer noopener\">dieu antipathiquement gnostique<\/a>, et le fait sans aucune honte. Il tue ou sauve, mais il ne respecte pas l&rsquo;intangibilit\u00e9 de l&rsquo;\u00eatre humain.<\/p>\n","protected":false},"excerpt":{"rendered":"<p>Le pasteur Albert Mohler met judicieusement le doigt sur le cas chinois, volont\u00e9 de puissance d&rsquo;un totalitarisme gnostique<\/p>\n","protected":false},"author":7,"featured_media":99281,"comment_status":"open","ping_status":"open","sticky":false,"template":"","format":"standard","meta":{"give_campaign_id":0,"om_disable_all_campaigns":false,"_monsterinsights_skip_tracking":false,"_monsterinsights_sitenote_active":false,"_monsterinsights_sitenote_note":"","_monsterinsights_sitenote_category":0,"mc4wp_mailchimp_campaign":[],"jnews-multi-image_gallery":[],"jnews_single_post":{"subtitle":"Le pasteur Albert Mohler met judicieusement le doigt sur le cas chinois, volont\u00e9 de puissance d'un totalitarisme gnostique","format":"standard","video":"","gallery":"","source_name":"","source_url":"","via_name":"","via_url":"","override":[{"template":"1","single_blog_custom":"","parallax":"1","fullscreen":"1","layout":"right-sidebar","sidebar":"default-sidebar","second_sidebar":"default-sidebar","sticky_sidebar":"1","share_position":"top","share_float_style":"share-monocrhome","show_share_counter":"1","show_view_counter":"1","show_featured":"1","show_post_meta":"1","show_post_author":"1","show_post_author_image":"1","show_post_date":"1","post_date_format":"default","post_date_format_custom":"Y\/m\/d","show_post_category":"1","post_reading_time_wpm":"300","zoom_button_out_step":"2","zoom_button_in_step":"3","show_post_tag":"1","show_prev_next_post":"1","show_popup_post":"1","number_popup_post":"1"}],"image_override":[{"single_post_thumbnail_size":"crop-500","single_post_gallery_size":"crop-500"}],"trending_post_position":"meta","trending_post_label":"Trending","sponsored_post_label":"Sponsored by","sponsored_post_name":"","sponsored_post_url":"","sponsored_post_logo":"","sponsored_post_desc":""},"jnews_primary_category":{"id":"796"},"jnews_social_meta":[],"jnews_override_counter":[],"footnotes":""},"categories":[809,796],"tags":[11046,12947],"class_list":["post-100579","post","type-post","status-publish","format-standard","has-post-thumbnail","hentry","category-foreground-fr","category-opinion-fr","tag-chine-fr","tag-pekin"],"yoast_head":"<!-- This site is optimized with the Yoast SEO Premium plugin v25.9 (Yoast SEO v27.3) - https:\/\/yoast.com\/product\/yoast-seo-premium-wordpress\/ -->\n<title>\u00catre contre l&#039;avortement ne signifie pas \u00eatre pro-vie! - &quot;iFamNews&quot;.<\/title>\n<meta name=\"description\" content=\"Le pasteur Albert Mohler met judicieusement le doigt sur le cas chinois, volont\u00e9 de puissance d&#039;un totalitarisme gnostique\" \/>\n<meta name=\"robots\" content=\"index, follow, max-snippet:-1, max-image-preview:large, max-video-preview:-1\" \/>\n<link rel=\"canonical\" href=\"https:\/\/ifamnews.com\/fr\/-tre-contre-l-avortement-ne-signifie-pas-tre-pro-vie\" \/>\n<meta property=\"og:locale\" content=\"fr_FR\" \/>\n<meta property=\"og:type\" content=\"article\" \/>\n<meta property=\"og:title\" content=\"\u00catre contre l&#039;avortement ne signifie pas \u00eatre pro-vie!\" \/>\n<meta property=\"og:description\" content=\"Le pasteur Albert Mohler met judicieusement le doigt sur le cas chinois, volont\u00e9 de puissance d&#039;un totalitarisme gnostique\" \/>\n<meta property=\"og:url\" content=\"https:\/\/ifamnews.com\/fr\/-tre-contre-l-avortement-ne-signifie-pas-tre-pro-vie\" \/>\n<meta property=\"og:site_name\" content=\"IFN\" \/>\n<meta property=\"article:publisher\" content=\"https:\/\/www.facebook.com\/iFamNews\" \/>\n<meta property=\"article:author\" content=\"https:\/\/facebook.com\/MarcoRespinti\" \/>\n<meta property=\"article:published_time\" content=\"2021-10-17T06:44:10+00:00\" \/>\n<meta property=\"article:modified_time\" content=\"2021-10-17T06:44:12+00:00\" \/>\n<meta property=\"og:image\" content=\"https:\/\/ifamnews.com\/wp-content\/uploads\/2021\/10\/abortion-hand-hands-protective-hand-1.jpg\" \/>\n\t<meta property=\"og:image:width\" content=\"1200\" \/>\n\t<meta property=\"og:image:height\" content=\"675\" \/>\n\t<meta property=\"og:image:type\" content=\"image\/jpeg\" \/>\n<meta name=\"author\" content=\"Marco Respinti\" \/>\n<meta name=\"twitter:card\" content=\"summary_large_image\" \/>\n<meta name=\"twitter:creator\" content=\"@https:\/\/twitter.com\/MarcoRespinti\" \/>\n<meta name=\"twitter:site\" content=\"@iFamNewsEN\" \/>\n<meta name=\"twitter:label1\" content=\"\u00c9crit par\" \/>\n\t<meta name=\"twitter:data1\" content=\"Marco Respinti\" \/>\n\t<meta name=\"twitter:label2\" content=\"Dur\u00e9e de lecture estim\u00e9e\" \/>\n\t<meta name=\"twitter:data2\" content=\"2 minutes\" \/>\n<!-- \/ Yoast SEO Premium plugin. -->","yoast_head_json":{"title":"\u00catre contre l'avortement ne signifie pas \u00eatre pro-vie! - \"iFamNews\".","description":"Le pasteur Albert Mohler met judicieusement le doigt sur le cas chinois, volont\u00e9 de puissance d'un totalitarisme gnostique","robots":{"index":"index","follow":"follow","max-snippet":"max-snippet:-1","max-image-preview":"max-image-preview:large","max-video-preview":"max-video-preview:-1"},"canonical":"https:\/\/ifamnews.com\/fr\/-tre-contre-l-avortement-ne-signifie-pas-tre-pro-vie","og_locale":"fr_FR","og_type":"article","og_title":"\u00catre contre l'avortement ne signifie pas \u00eatre pro-vie!","og_description":"Le pasteur Albert Mohler met judicieusement le doigt sur le cas chinois, volont\u00e9 de puissance d'un totalitarisme gnostique","og_url":"https:\/\/ifamnews.com\/fr\/-tre-contre-l-avortement-ne-signifie-pas-tre-pro-vie","og_site_name":"IFN","article_publisher":"https:\/\/www.facebook.com\/iFamNews","article_author":"https:\/\/facebook.com\/MarcoRespinti","article_published_time":"2021-10-17T06:44:10+00:00","article_modified_time":"2021-10-17T06:44:12+00:00","og_image":[{"width":1200,"height":675,"url":"https:\/\/ifamnews.com\/wp-content\/uploads\/2021\/10\/abortion-hand-hands-protective-hand-1.jpg","type":"image\/jpeg"}],"author":"Marco Respinti","twitter_card":"summary_large_image","twitter_creator":"@https:\/\/twitter.com\/MarcoRespinti","twitter_site":"@iFamNewsEN","twitter_misc":{"\u00c9crit par":"Marco Respinti","Dur\u00e9e de lecture estim\u00e9e":"2 minutes"},"schema":{"@context":"https:\/\/schema.org","@graph":[{"@type":"NewsArticle","@id":"https:\/\/ifamnews.com\/fr\/-tre-contre-l-avortement-ne-signifie-pas-tre-pro-vie#article","isPartOf":{"@id":"https:\/\/ifamnews.com\/fr\/-tre-contre-l-avortement-ne-signifie-pas-tre-pro-vie"},"author":{"name":"Marco Respinti","@id":"https:\/\/ifamnews.com\/en\/#\/schema\/person\/f0579ab02623e80d44006c1a5d949ea9"},"headline":"\u00catre contre l&rsquo;avortement ne signifie pas \u00eatre pro-vie!","datePublished":"2021-10-17T06:44:10+00:00","dateModified":"2021-10-17T06:44:12+00:00","mainEntityOfPage":{"@id":"https:\/\/ifamnews.com\/fr\/-tre-contre-l-avortement-ne-signifie-pas-tre-pro-vie"},"wordCount":362,"commentCount":0,"publisher":{"@id":"https:\/\/ifamnews.com\/en\/#organization"},"image":{"@id":"https:\/\/ifamnews.com\/fr\/-tre-contre-l-avortement-ne-signifie-pas-tre-pro-vie#primaryimage"},"thumbnailUrl":"https:\/\/ifamnews.com\/wp-content\/uploads\/2021\/10\/abortion-hand-hands-protective-hand-1.jpg","keywords":["Chine","P\u00e9kin"],"articleSection":["Foreground","Opinion"],"inLanguage":"fr-FR","potentialAction":[{"@type":"CommentAction","name":"Comment","target":["https:\/\/ifamnews.com\/fr\/-tre-contre-l-avortement-ne-signifie-pas-tre-pro-vie#respond"]}]},{"@type":"WebPage","@id":"https:\/\/ifamnews.com\/fr\/-tre-contre-l-avortement-ne-signifie-pas-tre-pro-vie","url":"https:\/\/ifamnews.com\/fr\/-tre-contre-l-avortement-ne-signifie-pas-tre-pro-vie","name":"\u00catre contre l'avortement ne signifie pas \u00eatre pro-vie! - \"iFamNews\".","isPartOf":{"@id":"https:\/\/ifamnews.com\/en\/#website"},"primaryImageOfPage":{"@id":"https:\/\/ifamnews.com\/fr\/-tre-contre-l-avortement-ne-signifie-pas-tre-pro-vie#primaryimage"},"image":{"@id":"https:\/\/ifamnews.com\/fr\/-tre-contre-l-avortement-ne-signifie-pas-tre-pro-vie#primaryimage"},"thumbnailUrl":"https:\/\/ifamnews.com\/wp-content\/uploads\/2021\/10\/abortion-hand-hands-protective-hand-1.jpg","datePublished":"2021-10-17T06:44:10+00:00","dateModified":"2021-10-17T06:44:12+00:00","description":"Le pasteur Albert Mohler met judicieusement le doigt sur le cas chinois, volont\u00e9 de puissance d'un totalitarisme gnostique","breadcrumb":{"@id":"https:\/\/ifamnews.com\/fr\/-tre-contre-l-avortement-ne-signifie-pas-tre-pro-vie#breadcrumb"},"inLanguage":"fr-FR","potentialAction":[{"@type":"ReadAction","target":["https:\/\/ifamnews.com\/fr\/-tre-contre-l-avortement-ne-signifie-pas-tre-pro-vie"]}]},{"@type":"ImageObject","inLanguage":"fr-FR","@id":"https:\/\/ifamnews.com\/fr\/-tre-contre-l-avortement-ne-signifie-pas-tre-pro-vie#primaryimage","url":"https:\/\/ifamnews.com\/wp-content\/uploads\/2021\/10\/abortion-hand-hands-protective-hand-1.jpg","contentUrl":"https:\/\/ifamnews.com\/wp-content\/uploads\/2021\/10\/abortion-hand-hands-protective-hand-1.jpg","width":1200,"height":675,"caption":"Image de Pxfuel"},{"@type":"BreadcrumbList","@id":"https:\/\/ifamnews.com\/fr\/-tre-contre-l-avortement-ne-signifie-pas-tre-pro-vie#breadcrumb","itemListElement":[{"@type":"ListItem","position":1,"name":"Home","item":"https:\/\/ifamnews.com\/de"},{"@type":"ListItem","position":2,"name":"Life","item":"https:\/\/ifamnews.com\/en\/category\/life"},{"@type":"ListItem","position":3,"name":"\u00catre contre l&#8217;avortement ne signifie pas \u00eatre pro-vie!"}]},{"@type":"WebSite","@id":"https:\/\/ifamnews.com\/en\/#website","url":"https:\/\/ifamnews.com\/en\/","name":"IFN","description":"International Family News Network","publisher":{"@id":"https:\/\/ifamnews.com\/en\/#organization"},"potentialAction":[{"@type":"SearchAction","target":{"@type":"EntryPoint","urlTemplate":"https:\/\/ifamnews.com\/en\/?s={search_term_string}"},"query-input":{"@type":"PropertyValueSpecification","valueRequired":true,"valueName":"search_term_string"}}],"inLanguage":"fr-FR"},{"@type":"Organization","@id":"https:\/\/ifamnews.com\/en\/#organization","name":"iFamNews","url":"https:\/\/ifamnews.com\/en\/","logo":{"@type":"ImageObject","inLanguage":"fr-FR","@id":"https:\/\/ifamnews.com\/en\/#\/schema\/logo\/image\/","url":"https:\/\/ifamnews.com\/wp-content\/uploads\/2020\/01\/Share-logo.png","contentUrl":"https:\/\/ifamnews.com\/wp-content\/uploads\/2020\/01\/Share-logo.png","width":200,"height":200,"caption":"iFamNews"},"image":{"@id":"https:\/\/ifamnews.com\/en\/#\/schema\/logo\/image\/"},"sameAs":["https:\/\/www.facebook.com\/iFamNews","https:\/\/x.com\/iFamNewsEN"]},{"@type":"Person","@id":"https:\/\/ifamnews.com\/en\/#\/schema\/person\/f0579ab02623e80d44006c1a5d949ea9","name":"Marco Respinti","image":{"@type":"ImageObject","inLanguage":"fr-FR","@id":"https:\/\/secure.gravatar.com\/avatar\/4ab04a5127131015e13010f222e38621144dc33a5df5d977b35ceeab15ee958f?s=96&d=mm&r=g","url":"https:\/\/secure.gravatar.com\/avatar\/4ab04a5127131015e13010f222e38621144dc33a5df5d977b35ceeab15ee958f?s=96&d=mm&r=g","contentUrl":"https:\/\/secure.gravatar.com\/avatar\/4ab04a5127131015e13010f222e38621144dc33a5df5d977b35ceeab15ee958f?s=96&d=mm&r=g","caption":"Marco Respinti"},"description":"Marco Respinti was the Editor-in-Chief of International Family News until the end of 2022. He is an Italian professional journalist, member of the International Federation of Journalists (IFJ), essayist, translator, and lecturer. He has contributed and contributes to several journals and magazines both in print and online, both in Italy and abroad. Author of books, he has translated and\/or edited works by, among others, Edmund Burke, Charles Dickens, T.S. Eliot, Russell Kirk, J.R.R. Tolkien, R\u00e9gine Pernoud and Gustave Thibon. A Senior fellow at the\u00a0Russell Kirk Center for Cultural Renewal (Mecosta, Michigan) he is also a founding member as well as Board member of the Center for European Renewal (The Hague, The Netherlands). A member of the Editorial Board of The European Conservative magazine, as well as a member of the Advisory Council of the European Federation for Freedom of Belief, he serves as Director-in-Charge of the academic publication The Journal of CESNUR and the online Bitter Winter: A Magazine on Religious Liberty and Human Rights.","sameAs":["https:\/\/facebook.com\/MarcoRespinti","https:\/\/it.linkedin.com\/in\/marcorespinti","https:\/\/pinterest.it\/MarcoRespinti\/_created\/","https:\/\/x.com\/https:\/\/twitter.com\/MarcoRespinti","https:\/\/youtube.com\/channel\/UC1FbsvyQNTQ-snpsmRC12Og?view_as=subscriber"],"url":"https:\/\/ifamnews.com\/fr\/author\/mrespinti"}]}},"amp_enabled":true,"_links":{"self":[{"href":"https:\/\/ifamnews.com\/fr\/wp-json\/wp\/v2\/posts\/100579","targetHints":{"allow":["GET"]}}],"collection":[{"href":"https:\/\/ifamnews.com\/fr\/wp-json\/wp\/v2\/posts"}],"about":[{"href":"https:\/\/ifamnews.com\/fr\/wp-json\/wp\/v2\/types\/post"}],"author":[{"embeddable":true,"href":"https:\/\/ifamnews.com\/fr\/wp-json\/wp\/v2\/users\/7"}],"replies":[{"embeddable":true,"href":"https:\/\/ifamnews.com\/fr\/wp-json\/wp\/v2\/comments?post=100579"}],"version-history":[{"count":2,"href":"https:\/\/ifamnews.com\/fr\/wp-json\/wp\/v2\/posts\/100579\/revisions"}],"predecessor-version":[{"id":100582,"href":"https:\/\/ifamnews.com\/fr\/wp-json\/wp\/v2\/posts\/100579\/revisions\/100582"}],"wp:featuredmedia":[{"embeddable":true,"href":"https:\/\/ifamnews.com\/fr\/wp-json\/wp\/v2\/media\/99281"}],"wp:attachment":[{"href":"https:\/\/ifamnews.com\/fr\/wp-json\/wp\/v2\/media?parent=100579"}],"wp:term":[{"taxonomy":"category","embeddable":true,"href":"https:\/\/ifamnews.com\/fr\/wp-json\/wp\/v2\/categories?post=100579"},{"taxonomy":"post_tag","embeddable":true,"href":"https:\/\/ifamnews.com\/fr\/wp-json\/wp\/v2\/tags?post=100579"}],"curies":[{"name":"wp","href":"https:\/\/api.w.org\/{rel}","templated":true}]}}