{"id":97783,"date":"2021-10-17T01:00:00","date_gmt":"2021-10-17T05:00:00","guid":{"rendered":"https:\/\/ifamnews.com\/?p=97783"},"modified":"2021-10-19T05:28:48","modified_gmt":"2021-10-19T09:28:48","slug":"redes-sociales-una-ventana-al-mundo","status":"publish","type":"post","link":"https:\/\/ifamnews.com\/es\/redes-sociales-una-ventana-al-mundo","title":{"rendered":"Redes Sociales: una ventana al mundo"},"content":{"rendered":"<p class=\"last-updated\">Last updated on octubre 19th, 2021 at 05:28 am<\/p>\n<p>Pues no voy a decir que las cosas no est\u00e9n complicadas. No es la primera vez que hablo de los ataques sistem\u00e1ticos y organizados a la familia, el ataque directo y agresivo a los que defendemos la vida, la creaci\u00f3n de neo-derechos etc.<\/p>\n\n\n\n<p>Y tampoco voy a negar que a veces me ahogo y siento miedo. Pero el miedo no es malo, no es de cobardes sentirlo, se siente y se domina avanzando. Ante un ataque, paso al frente, ante un miedo, firmeza.<\/p>\n\n\n\n<p>Pero lo m\u00e1s importante es construir. El mal avanza,si, pero creo que no podemos dedicar todas nuestras fuerzas a combatirlo porque acabaremos agotados y correremos el riesgo de perder la esperanza y la ilusi\u00f3n. &nbsp;Yo propongo construir, informar, difundir, crear, formar a nuestros j\u00f3venes.<\/p>\n\n\n\n<p>Todos podemos hacerlo. Todos podemos compartir e informar, podemos ser activos en redes sociales, podemos escribir art\u00edculos, podemos iniciar conversaciones, podemos crear opini\u00f3n y apoyar a los que son m\u00e1s activos o tienen mayores y mejores medios y alcance.<\/p>\n\n\n\n<p>Hay mucha gente que s\u00f3lo ve el mal y cada vez se hunden m\u00e1s. Por eso t\u00fa y yo podemos y debemos hacer m\u00e1s. Hay muchas ventanas y muchas maneras.<\/p>\n\n\n\n<p>A lo mejor no tienes redes sociales porque te parece un submundo artificial, y puede que lo sea, pero los j\u00f3venes se asoman al mundo por ah\u00ed. Y necesitamos que vean la verdad, el bien. Es necesario que vean familias unidas, que les recomendemos buenos libros, que oigan hablar de oraci\u00f3n y de sencillez. Las redes sociales ser\u00e1n para ti lo que t\u00fa seas para las redes sociales. No lo descartes. y si ya est\u00e1n en ello, util\u00edzalo para el bien. &nbsp;El potencial es enorme y las posibilidades infinitas. Pero eso s\u00ed, si lo vas a usar para tu propio ego, para atacar, criticar o difamar, si no te sirven como herramienta para el bien, d\u00e9jalas: \u201csi tu ojo derecho te hace pecar, arr\u00e1ncatelo\u201d. Revisa peri\u00f3dicamente tu uso de las redes sociales, piensa antes de publicar si sirve o si es bueno, y mide el tiempo que le dedicas.<\/p>\n","protected":false},"excerpt":{"rendered":"<p>Hay mucha gente que s\u00f3lo ve el mal y cada vez se hunden m\u00e1s. Por eso t\u00fa y yo podemos y debemos hacer m\u00e1s. Hay muchas ventanas y muchas maneras.<\/p>\n","protected":false},"author":632,"featured_media":97784,"comment_status":"open","ping_status":"open","sticky":false,"template":"","format":"standard","meta":{"give_campaign_id":0,"om_disable_all_campaigns":false,"_monsterinsights_skip_tracking":false,"_monsterinsights_sitenote_active":false,"_monsterinsights_sitenote_note":"","_monsterinsights_sitenote_category":0,"mc4wp_mailchimp_campaign":[],"jnews-multi-image_gallery":[],"jnews_single_post":{"subtitle":"Hay mucha gente que s\u00f3lo ve el mal y cada vez se hunden m\u00e1s. Por eso t\u00fa y yo podemos y debemos hacer m\u00e1s. Hay muchas ventanas y muchas maneras.","format":"standard","video":"","gallery":"","source_name":"","source_url":"","via_name":"","via_url":"","override":[{"template":"1","single_blog_custom":"","parallax":"1","fullscreen":"1","layout":"right-sidebar","sidebar":"default-sidebar","second_sidebar":"default-sidebar","sticky_sidebar":"1","share_position":"top","share_float_style":"share-monocrhome","show_share_counter":"1","show_view_counter":"1","show_featured":"1","show_post_meta":"1","show_post_author":"1","show_post_author_image":"1","show_post_date":"1","post_date_format":"default","post_date_format_custom":"Y\/m\/d","show_post_category":"1","post_reading_time_wpm":"300","zoom_button_out_step":"2","zoom_button_in_step":"3","show_post_tag":"1","show_prev_next_post":"1","show_popup_post":"1","number_popup_post":"1"}],"image_override":[{"single_post_thumbnail_size":"crop-500","single_post_gallery_size":"crop-500"}],"trending_post_position":"meta","trending_post_label":"Trending","sponsored_post_label":"Sponsored by","sponsored_post_name":"","sponsored_post_url":"","sponsored_post_logo":"","sponsored_post_desc":""},"jnews_primary_category":{"id":""},"jnews_social_meta":[],"jnews_override_counter":[],"footnotes":""},"categories":[810,777,815],"tags":[],"class_list":["post-97783","post","type-post","status-publish","format-standard","has-post-thumbnail","hentry","category-foreground-es","category-opinion-es","category-breaking-news-es"],"yoast_head":"<!-- This site is optimized with the Yoast SEO Premium plugin v25.9 (Yoast SEO v27.3) - https:\/\/yoast.com\/product\/yoast-seo-premium-wordpress\/ -->\n<title>Redes Sociales: una ventana al mundo - IFN<\/title>\n<meta name=\"description\" content=\"Hay mucha gente que s\u00f3lo ve el mal y cada vez se hunden m\u00e1s. Por eso t\u00fa y yo podemos y debemos hacer m\u00e1s. Hay muchas ventanas y maneras.\" \/>\n<meta name=\"robots\" content=\"index, follow, max-snippet:-1, max-image-preview:large, max-video-preview:-1\" \/>\n<link rel=\"canonical\" href=\"https:\/\/ifamnews.com\/es\/redes-sociales-una-ventana-al-mundo\" \/>\n<meta property=\"og:locale\" content=\"es_ES\" \/>\n<meta property=\"og:type\" content=\"article\" \/>\n<meta property=\"og:title\" content=\"Redes Sociales: una ventana al mundo\" \/>\n<meta property=\"og:description\" content=\"Hay mucha gente que s\u00f3lo ve el mal y cada vez se hunden m\u00e1s. Por eso t\u00fa y yo podemos y debemos hacer m\u00e1s. Hay muchas ventanas y maneras.\" \/>\n<meta property=\"og:url\" content=\"https:\/\/ifamnews.com\/es\/redes-sociales-una-ventana-al-mundo\" \/>\n<meta property=\"og:site_name\" content=\"IFN\" \/>\n<meta property=\"article:publisher\" content=\"https:\/\/www.facebook.com\/iFamNews\" \/>\n<meta property=\"article:published_time\" content=\"2021-10-17T05:00:00+00:00\" \/>\n<meta property=\"article:modified_time\" content=\"2021-10-19T09:28:48+00:00\" \/>\n<meta property=\"og:image\" content=\"https:\/\/ifamnews.com\/wp-content\/uploads\/2021\/10\/Social-Media.png\" \/>\n\t<meta property=\"og:image:width\" content=\"1200\" \/>\n\t<meta property=\"og:image:height\" content=\"675\" \/>\n\t<meta property=\"og:image:type\" content=\"image\/png\" \/>\n<meta name=\"author\" content=\"Leonor Tamayo\" \/>\n<meta name=\"twitter:card\" content=\"summary_large_image\" \/>\n<meta name=\"twitter:creator\" content=\"@https:\/\/twitter.com\/tamayoleonor\" \/>\n<meta name=\"twitter:site\" content=\"@iFamNewsEN\" \/>\n<meta name=\"twitter:label1\" content=\"Escrito por\" \/>\n\t<meta name=\"twitter:data1\" content=\"Leonor Tamayo\" \/>\n\t<meta name=\"twitter:label2\" content=\"Tiempo de lectura\" \/>\n\t<meta name=\"twitter:data2\" content=\"2 minutos\" \/>\n<!-- \/ Yoast SEO Premium plugin. -->","yoast_head_json":{"title":"Redes Sociales: una ventana al mundo - IFN","description":"Hay mucha gente que s\u00f3lo ve el mal y cada vez se hunden m\u00e1s. Por eso t\u00fa y yo podemos y debemos hacer m\u00e1s. Hay muchas ventanas y maneras.","robots":{"index":"index","follow":"follow","max-snippet":"max-snippet:-1","max-image-preview":"max-image-preview:large","max-video-preview":"max-video-preview:-1"},"canonical":"https:\/\/ifamnews.com\/es\/redes-sociales-una-ventana-al-mundo","og_locale":"es_ES","og_type":"article","og_title":"Redes Sociales: una ventana al mundo","og_description":"Hay mucha gente que s\u00f3lo ve el mal y cada vez se hunden m\u00e1s. Por eso t\u00fa y yo podemos y debemos hacer m\u00e1s. Hay muchas ventanas y maneras.","og_url":"https:\/\/ifamnews.com\/es\/redes-sociales-una-ventana-al-mundo","og_site_name":"IFN","article_publisher":"https:\/\/www.facebook.com\/iFamNews","article_published_time":"2021-10-17T05:00:00+00:00","article_modified_time":"2021-10-19T09:28:48+00:00","og_image":[{"width":1200,"height":675,"url":"https:\/\/ifamnews.com\/wp-content\/uploads\/2021\/10\/Social-Media.png","type":"image\/png"}],"author":"Leonor Tamayo","twitter_card":"summary_large_image","twitter_creator":"@https:\/\/twitter.com\/tamayoleonor","twitter_site":"@iFamNewsEN","twitter_misc":{"Escrito por":"Leonor Tamayo","Tiempo de lectura":"2 minutos"},"schema":{"@context":"https:\/\/schema.org","@graph":[{"@type":"NewsArticle","@id":"https:\/\/ifamnews.com\/es\/redes-sociales-una-ventana-al-mundo#article","isPartOf":{"@id":"https:\/\/ifamnews.com\/es\/redes-sociales-una-ventana-al-mundo"},"author":{"name":"Leonor Tamayo","@id":"https:\/\/ifamnews.com\/en\/#\/schema\/person\/761074811b1cee9147fc1aa1c5847ca9"},"headline":"Redes Sociales: una ventana al mundo","datePublished":"2021-10-17T05:00:00+00:00","dateModified":"2021-10-19T09:28:48+00:00","mainEntityOfPage":{"@id":"https:\/\/ifamnews.com\/es\/redes-sociales-una-ventana-al-mundo"},"wordCount":374,"commentCount":0,"publisher":{"@id":"https:\/\/ifamnews.com\/en\/#organization"},"image":{"@id":"https:\/\/ifamnews.com\/es\/redes-sociales-una-ventana-al-mundo#primaryimage"},"thumbnailUrl":"https:\/\/ifamnews.com\/wp-content\/uploads\/2021\/10\/Social-Media.png","articleSection":["Foreground","Opini\u00f3n","\u00daLTIMAS NOTICIAS"],"inLanguage":"es","potentialAction":[{"@type":"CommentAction","name":"Comment","target":["https:\/\/ifamnews.com\/es\/redes-sociales-una-ventana-al-mundo#respond"]}]},{"@type":"WebPage","@id":"https:\/\/ifamnews.com\/es\/redes-sociales-una-ventana-al-mundo","url":"https:\/\/ifamnews.com\/es\/redes-sociales-una-ventana-al-mundo","name":"Redes Sociales: una ventana al mundo - IFN","isPartOf":{"@id":"https:\/\/ifamnews.com\/en\/#website"},"primaryImageOfPage":{"@id":"https:\/\/ifamnews.com\/es\/redes-sociales-una-ventana-al-mundo#primaryimage"},"image":{"@id":"https:\/\/ifamnews.com\/es\/redes-sociales-una-ventana-al-mundo#primaryimage"},"thumbnailUrl":"https:\/\/ifamnews.com\/wp-content\/uploads\/2021\/10\/Social-Media.png","datePublished":"2021-10-17T05:00:00+00:00","dateModified":"2021-10-19T09:28:48+00:00","description":"Hay mucha gente que s\u00f3lo ve el mal y cada vez se hunden m\u00e1s. Por eso t\u00fa y yo podemos y debemos hacer m\u00e1s. Hay muchas ventanas y maneras.","breadcrumb":{"@id":"https:\/\/ifamnews.com\/es\/redes-sociales-una-ventana-al-mundo#breadcrumb"},"inLanguage":"es","potentialAction":[{"@type":"ReadAction","target":["https:\/\/ifamnews.com\/es\/redes-sociales-una-ventana-al-mundo"]}]},{"@type":"ImageObject","inLanguage":"es","@id":"https:\/\/ifamnews.com\/es\/redes-sociales-una-ventana-al-mundo#primaryimage","url":"https:\/\/ifamnews.com\/wp-content\/uploads\/2021\/10\/Social-Media.png","contentUrl":"https:\/\/ifamnews.com\/wp-content\/uploads\/2021\/10\/Social-Media.png","width":1200,"height":675},{"@type":"BreadcrumbList","@id":"https:\/\/ifamnews.com\/es\/redes-sociales-una-ventana-al-mundo#breadcrumb","itemListElement":[{"@type":"ListItem","position":1,"name":"Home","item":"https:\/\/ifamnews.com\/de"},{"@type":"ListItem","position":2,"name":"Opini\u00f3n","item":"https:\/\/ifamnews.com\/es\/categoria\/opinion-es"},{"@type":"ListItem","position":3,"name":"Redes Sociales: una ventana al mundo"}]},{"@type":"WebSite","@id":"https:\/\/ifamnews.com\/en\/#website","url":"https:\/\/ifamnews.com\/en\/","name":"IFN","description":"International Family News Network","publisher":{"@id":"https:\/\/ifamnews.com\/en\/#organization"},"potentialAction":[{"@type":"SearchAction","target":{"@type":"EntryPoint","urlTemplate":"https:\/\/ifamnews.com\/en\/?s={search_term_string}"},"query-input":{"@type":"PropertyValueSpecification","valueRequired":true,"valueName":"search_term_string"}}],"inLanguage":"es"},{"@type":"Organization","@id":"https:\/\/ifamnews.com\/en\/#organization","name":"iFamNews","url":"https:\/\/ifamnews.com\/en\/","logo":{"@type":"ImageObject","inLanguage":"es","@id":"https:\/\/ifamnews.com\/en\/#\/schema\/logo\/image\/","url":"https:\/\/ifamnews.com\/wp-content\/uploads\/2020\/01\/Share-logo.png","contentUrl":"https:\/\/ifamnews.com\/wp-content\/uploads\/2020\/01\/Share-logo.png","width":200,"height":200,"caption":"iFamNews"},"image":{"@id":"https:\/\/ifamnews.com\/en\/#\/schema\/logo\/image\/"},"sameAs":["https:\/\/www.facebook.com\/iFamNews","https:\/\/x.com\/iFamNewsEN"]},{"@type":"Person","@id":"https:\/\/ifamnews.com\/en\/#\/schema\/person\/761074811b1cee9147fc1aa1c5847ca9","name":"Leonor Tamayo","image":{"@type":"ImageObject","inLanguage":"es","@id":"https:\/\/secure.gravatar.com\/avatar\/dfe906e01a8e234582c6c3df0eb0c52383c675f0e693c75e468adea76e138751?s=96&d=mm&r=g","url":"https:\/\/secure.gravatar.com\/avatar\/dfe906e01a8e234582c6c3df0eb0c52383c675f0e693c75e468adea76e138751?s=96&d=mm&r=g","contentUrl":"https:\/\/secure.gravatar.com\/avatar\/dfe906e01a8e234582c6c3df0eb0c52383c675f0e693c75e468adea76e138751?s=96&d=mm&r=g","caption":"Leonor Tamayo"},"description":"Leonor Tamayo is married to an extraordinary man, with whom she has 10 children and a life full of joy, disorder and noise. She is an enthusiastic and grateful Catholic. She is determined to put her 2 loaves of bread and 5 fishes for God to multiply, if He wants. The free time she can scrape, she dedicates to coordinate and keep running the gears of the Global Women of the World Platform that she founded a few years ago.","sameAs":["https:\/\/womenworldplatform.com\/","https:\/\/instagram.com\/mihistoriayoncemas\/","https:\/\/x.com\/https:\/\/twitter.com\/tamayoleonor","azulueta"],"url":"https:\/\/ifamnews.com\/es\/author\/leonor-tamayo"}]}},"amp_enabled":true,"_links":{"self":[{"href":"https:\/\/ifamnews.com\/es\/wp-json\/wp\/v2\/posts\/97783","targetHints":{"allow":["GET"]}}],"collection":[{"href":"https:\/\/ifamnews.com\/es\/wp-json\/wp\/v2\/posts"}],"about":[{"href":"https:\/\/ifamnews.com\/es\/wp-json\/wp\/v2\/types\/post"}],"author":[{"embeddable":true,"href":"https:\/\/ifamnews.com\/es\/wp-json\/wp\/v2\/users\/632"}],"replies":[{"embeddable":true,"href":"https:\/\/ifamnews.com\/es\/wp-json\/wp\/v2\/comments?post=97783"}],"version-history":[{"count":1,"href":"https:\/\/ifamnews.com\/es\/wp-json\/wp\/v2\/posts\/97783\/revisions"}],"predecessor-version":[{"id":97792,"href":"https:\/\/ifamnews.com\/es\/wp-json\/wp\/v2\/posts\/97783\/revisions\/97792"}],"wp:featuredmedia":[{"embeddable":true,"href":"https:\/\/ifamnews.com\/es\/wp-json\/wp\/v2\/media\/97784"}],"wp:attachment":[{"href":"https:\/\/ifamnews.com\/es\/wp-json\/wp\/v2\/media?parent=97783"}],"wp:term":[{"taxonomy":"category","embeddable":true,"href":"https:\/\/ifamnews.com\/es\/wp-json\/wp\/v2\/categories?post=97783"},{"taxonomy":"post_tag","embeddable":true,"href":"https:\/\/ifamnews.com\/es\/wp-json\/wp\/v2\/tags?post=97783"}],"curies":[{"name":"wp","href":"https:\/\/api.w.org\/{rel}","templated":true}]}}