{"id":93555,"date":"2021-09-12T01:00:00","date_gmt":"2021-09-12T05:00:00","guid":{"rendered":"https:\/\/ifamnews.com\/?p=93555"},"modified":"2021-09-09T03:53:26","modified_gmt":"2021-09-09T07:53:26","slug":"el-matrimonio-el-sacramento-m-s-nulo-del-siglo-xxi","status":"publish","type":"post","link":"https:\/\/ifamnews.com\/es\/el-matrimonio-el-sacramento-m-s-nulo-del-siglo-xxi","title":{"rendered":"El matrimonio: el sacramento m\u00e1s nulo del siglo XXI"},"content":{"rendered":"\n<p>Hace un par de meses estuve en una boda, donde el sacerdote, amigo de la pareja, comentaba en su homil\u00eda que el matrimonio era el sacramento que menos le gustaba impartir \u00bfpor qu\u00e9? por la mentira en que se ha convertido. Y aunque en este caso estaba emocionado -y se notaba- al conocer de primera mano a los novios, su relaci\u00f3n, sus principios y su idoneidad para la gran aventura que se les ven\u00eda encima, no dejaba de repetir, que esto no era m\u00e1s que una excepci\u00f3n, una peque\u00f1a isla de esperanza en un mar de decepciones en el que las formas se han impuesto al trasfondo. Luces, c\u00e1mara y acci\u00f3n, todo un show en el que miles de euros se despilfarran, no para festejar el sacramento -que \u00faltimamente est\u00e1 alcanzado uno alarmantes niveles de nulidad- sino para dar mejor espect\u00e1culo que la boda anterior. Parece que\u00a0<strong>hay que suplir el fondo con las formas -con muchas formas-<\/strong>\u00a0y por eso se invierte m\u00e1s tiempo en preparar el photocall que el cursillo prematrimonial \u00bfa d\u00f3nde vamos a parar?<\/p>\n\n\n\n<p class=\"has-text-align-center\"><img decoding=\"async\" width=\"541\" height=\"319\" src=\"https:\/\/mail.google.com\/mail\/u\/4?ui=2&amp;ik=0b32dd88f3&amp;attid=0.1&amp;permmsgid=msg-f:1707695403851628682&amp;th=17b2f3ec0b24c08a&amp;view=fimg&amp;sz=s0-l75-ft&amp;attbid=ANGjdJ-HpLglyleDD-eKt7rNCh0-CPpaqksagQKmSqZo8gc7ikueSSSwDmsuppo_MaGyjtt-Q2gQePqUL48cTtLvrrIZA5qHc2IcX2M_acAcFFJgJ0qQinhRFqRahgw&amp;disp=emb&amp;realattid=ii_ks5tjncp0\" alt=\"image.png\"><\/p>\n\n\n\n<p>Hablaba de matrimonios -can\u00f3nicos, evidentemente- que hab\u00edan convivido antes (y obvio que las relaciones prematrimoniales estaban a la orden del d\u00eda), que estaban cerrados a la vida o al menos convencidos de un control de la natalidad artificial, que no ten\u00edan especial inter\u00e9s en facilitar una formaci\u00f3n religiosa a sus peque\u00f1os, ni tampoco en vivir un matrimonio en la virtud. Algunos incluso en los que ya se ven\u00edan arrastrando infidelidades y otros tanto que lo hac\u00edan porque ya no sab\u00edan \u00abc\u00f3mo prolongar el noviazgo\u00bb.\u00a0<strong>Si no\u00a0fallaba el motivo, fallaban las condiciones o incluso la capacidad de las personas. A veces \u00a1hasta los testigos!<\/strong>\u00a0que se les hace mentir al \u00abinterrogatorio\u00bb previo del sacerdote, cuando no se tiene la certeza de que \u00e9ste har\u00e1 la vista gorda \u00abpor ser colega\u00bb. Aquella homil\u00eda fue dura, dur\u00edsima, pero sincera como pocas. Comprender la situaci\u00f3n que rodea al espectro cat\u00f3lico del siglo XXI es fundamental para aprender a valorar los matrimonios de verdad que, como \u00e9ste, hab\u00edan vivido un\u00a0<strong>noviazgo \u00edntegro, basado en la sencillez del Evangelio y la magnanimidad que se espera de quien dicen\u00a0<em>s\u00ed\u00a0<\/em>al matrimonio<\/strong>, al de verdad, al que es para toda la vida y con todas sus consecuencias.<\/p>\n\n\n\n<p>En el c\u00f3ctel, comentandolo con otros invitados, unos dec\u00edan que hab\u00eda que renovarse, que eran otros tiempos y la Iglesia deber\u00eda comprender la situaci\u00f3n actual (como si el Evangelio necesitase el mismo n\u00famero de actualizaciones que nuestros smartphones). Mi respuesta no dej\u00f3 a aquel corrillo indiferente, pues dije que\u00a0<em>jugar al baloncesto era optativo y nadie les obligaba a hacerlo, pero que si pretend\u00edan cambiar las normas porque les ven\u00eda mejor encajar los puntos con los pies y en una porter\u00eda, pod\u00edan acudir al f\u00fatbol. Deporte igualmente leg\u00edtimo para quienes prefieren no ejercitar apenas los brazos.<\/em>\u00a0Las risas estuvieron garantizadas, pero el mensaje lleg\u00f3, que era lo importante. \u00bfPara qu\u00e9 quieres un matrimonio can\u00f3nico si no piensas vivirlo como tal? \u00bfQu\u00e9 buscas? \u00bfQu\u00e9 esperas? \u00bfAparentar? Es triste que nuestras decisiones est\u00e9n tan marcadas por la opini\u00f3n de los dem\u00e1s y tan poco por nuestros propios principios.\u00a0<strong>Deja de vivir al son de quienes te rodean y empieza a tomar tus propias decisiones.<\/strong>\u00a0S\u00e9 consecuente, vive en coherencia con lo que dices defender. El d\u00eda de ma\u00f1ana no habr\u00e1 nadie a quien puedas culpar de tus errores, si es que alg\u00fan d\u00eda\u00a0llegas a darte de cuenta de cuales fueron.<\/p>\n","protected":false},"excerpt":{"rendered":"<p>Parece que hay que suplir el fondo con las formas -con muchas formas- y por eso se invierte m\u00e1s tiempo en preparar el photocall que el cursillo prematrimonial \u00bfa d\u00f3nde vamos a parar?<\/p>\n","protected":false},"author":630,"featured_media":93556,"comment_status":"open","ping_status":"open","sticky":false,"template":"","format":"standard","meta":{"give_campaign_id":0,"om_disable_all_campaigns":false,"_monsterinsights_skip_tracking":false,"_monsterinsights_sitenote_active":false,"_monsterinsights_sitenote_note":"","_monsterinsights_sitenote_category":0,"mc4wp_mailchimp_campaign":[],"jnews-multi-image_gallery":[],"jnews_single_post":{"subtitle":"Parece que hay que suplir el fondo con las formas -con muchas formas- y por eso se invierte m\u00e1s tiempo en preparar el photocall que el cursillo prematrimonial \u00bfa d\u00f3nde vamos a parar?","format":"standard","video":"","gallery":"","source_name":"","source_url":"","via_name":"","via_url":"","override":[{"single_blog_custom":"","sidebar":"","second_sidebar":"","share_position":"","share_float_style":"","post_date_format":"","post_date_format_custom":"","post_reading_time_wpm":"","zoom_button_out_step":"1","zoom_button_in_step":"1","number_popup_post":"1"}],"image_override":[{"single_post_thumbnail_size":"","single_post_gallery_size":""}],"trending_post_position":"","trending_post_label":"","sponsored_post_label":"","sponsored_post_name":"","sponsored_post_url":"","sponsored_post_logo":"","sponsored_post_desc":""},"jnews_primary_category":{"id":""},"jnews_social_meta":[],"jnews_override_counter":[],"footnotes":""},"categories":[775,810,815],"tags":[],"class_list":["post-93555","post","type-post","status-publish","format-standard","has-post-thumbnail","hentry","category-familia","category-foreground-es","category-breaking-news-es"],"yoast_head":"<!-- This site is optimized with the Yoast SEO Premium plugin v25.9 (Yoast SEO v27.3) - https:\/\/yoast.com\/product\/yoast-seo-premium-wordpress\/ -->\n<title>El matrimonio: el sacramento m\u00e1s nulo del siglo XXI - IFN<\/title>\n<meta name=\"description\" content=\"Hoy en d\u00eda se invierte m\u00e1s tiempo en preparar el photocall que el cursillo prematrimonial \u00bfa d\u00f3nde vamos a parar?\" \/>\n<meta name=\"robots\" content=\"index, follow, max-snippet:-1, max-image-preview:large, max-video-preview:-1\" \/>\n<link rel=\"canonical\" href=\"https:\/\/ifamnews.com\/es\/el-matrimonio-el-sacramento-m-s-nulo-del-siglo-xxi\" \/>\n<meta property=\"og:locale\" content=\"es_ES\" \/>\n<meta property=\"og:type\" content=\"article\" \/>\n<meta property=\"og:title\" content=\"El matrimonio: el sacramento m\u00e1s nulo del siglo XXI\" \/>\n<meta property=\"og:description\" content=\"Hoy en d\u00eda se invierte m\u00e1s tiempo en preparar el photocall que el cursillo prematrimonial \u00bfa d\u00f3nde vamos a parar?\" \/>\n<meta property=\"og:url\" content=\"https:\/\/ifamnews.com\/es\/el-matrimonio-el-sacramento-m-s-nulo-del-siglo-xxi\" \/>\n<meta property=\"og:site_name\" content=\"IFN\" \/>\n<meta property=\"article:publisher\" content=\"https:\/\/www.facebook.com\/iFamNews\" \/>\n<meta property=\"article:published_time\" content=\"2021-09-12T05:00:00+00:00\" \/>\n<meta property=\"og:image\" content=\"https:\/\/ifamnews.com\/wp-content\/uploads\/2021\/09\/pexels-rocsana-nicoleta-gurza-948185.png\" \/>\n\t<meta property=\"og:image:width\" content=\"1200\" \/>\n\t<meta property=\"og:image:height\" content=\"675\" \/>\n\t<meta property=\"og:image:type\" content=\"image\/png\" \/>\n<meta name=\"author\" content=\"Alejandra Soto Moreno\" \/>\n<meta name=\"twitter:card\" content=\"summary_large_image\" \/>\n<meta name=\"twitter:creator\" content=\"@iFamNewsEN\" \/>\n<meta name=\"twitter:site\" content=\"@iFamNewsEN\" \/>\n<meta name=\"twitter:label1\" content=\"Escrito por\" \/>\n\t<meta name=\"twitter:data1\" content=\"Alejandra Soto Moreno\" \/>\n\t<meta name=\"twitter:label2\" content=\"Tiempo de lectura\" \/>\n\t<meta name=\"twitter:data2\" content=\"3 minutos\" \/>\n<!-- \/ Yoast SEO Premium plugin. -->","yoast_head_json":{"title":"El matrimonio: el sacramento m\u00e1s nulo del siglo XXI - IFN","description":"Hoy en d\u00eda se invierte m\u00e1s tiempo en preparar el photocall que el cursillo prematrimonial \u00bfa d\u00f3nde vamos a parar?","robots":{"index":"index","follow":"follow","max-snippet":"max-snippet:-1","max-image-preview":"max-image-preview:large","max-video-preview":"max-video-preview:-1"},"canonical":"https:\/\/ifamnews.com\/es\/el-matrimonio-el-sacramento-m-s-nulo-del-siglo-xxi","og_locale":"es_ES","og_type":"article","og_title":"El matrimonio: el sacramento m\u00e1s nulo del siglo XXI","og_description":"Hoy en d\u00eda se invierte m\u00e1s tiempo en preparar el photocall que el cursillo prematrimonial \u00bfa d\u00f3nde vamos a parar?","og_url":"https:\/\/ifamnews.com\/es\/el-matrimonio-el-sacramento-m-s-nulo-del-siglo-xxi","og_site_name":"IFN","article_publisher":"https:\/\/www.facebook.com\/iFamNews","article_published_time":"2021-09-12T05:00:00+00:00","og_image":[{"width":1200,"height":675,"url":"https:\/\/ifamnews.com\/wp-content\/uploads\/2021\/09\/pexels-rocsana-nicoleta-gurza-948185.png","type":"image\/png"}],"author":"Alejandra Soto Moreno","twitter_card":"summary_large_image","twitter_creator":"@iFamNewsEN","twitter_site":"@iFamNewsEN","twitter_misc":{"Escrito por":"Alejandra Soto Moreno","Tiempo de lectura":"3 minutos"},"schema":{"@context":"https:\/\/schema.org","@graph":[{"@type":"NewsArticle","@id":"https:\/\/ifamnews.com\/es\/el-matrimonio-el-sacramento-m-s-nulo-del-siglo-xxi#article","isPartOf":{"@id":"https:\/\/ifamnews.com\/es\/el-matrimonio-el-sacramento-m-s-nulo-del-siglo-xxi"},"author":{"name":"Alejandra Soto Moreno","@id":"https:\/\/ifamnews.com\/en\/#\/schema\/person\/73312a308be95147ebf80ca92d862f50"},"headline":"El matrimonio: el sacramento m\u00e1s nulo del siglo XXI","datePublished":"2021-09-12T05:00:00+00:00","mainEntityOfPage":{"@id":"https:\/\/ifamnews.com\/es\/el-matrimonio-el-sacramento-m-s-nulo-del-siglo-xxi"},"wordCount":635,"commentCount":0,"publisher":{"@id":"https:\/\/ifamnews.com\/en\/#organization"},"image":{"@id":"https:\/\/ifamnews.com\/es\/el-matrimonio-el-sacramento-m-s-nulo-del-siglo-xxi#primaryimage"},"thumbnailUrl":"https:\/\/ifamnews.com\/wp-content\/uploads\/2021\/09\/pexels-rocsana-nicoleta-gurza-948185.png","articleSection":["Familia","Foreground","\u00daLTIMAS NOTICIAS"],"inLanguage":"es","potentialAction":[{"@type":"CommentAction","name":"Comment","target":["https:\/\/ifamnews.com\/es\/el-matrimonio-el-sacramento-m-s-nulo-del-siglo-xxi#respond"]}]},{"@type":"WebPage","@id":"https:\/\/ifamnews.com\/es\/el-matrimonio-el-sacramento-m-s-nulo-del-siglo-xxi","url":"https:\/\/ifamnews.com\/es\/el-matrimonio-el-sacramento-m-s-nulo-del-siglo-xxi","name":"El matrimonio: el sacramento m\u00e1s nulo del siglo XXI - IFN","isPartOf":{"@id":"https:\/\/ifamnews.com\/en\/#website"},"primaryImageOfPage":{"@id":"https:\/\/ifamnews.com\/es\/el-matrimonio-el-sacramento-m-s-nulo-del-siglo-xxi#primaryimage"},"image":{"@id":"https:\/\/ifamnews.com\/es\/el-matrimonio-el-sacramento-m-s-nulo-del-siglo-xxi#primaryimage"},"thumbnailUrl":"https:\/\/ifamnews.com\/wp-content\/uploads\/2021\/09\/pexels-rocsana-nicoleta-gurza-948185.png","datePublished":"2021-09-12T05:00:00+00:00","description":"Hoy en d\u00eda se invierte m\u00e1s tiempo en preparar el photocall que el cursillo prematrimonial \u00bfa d\u00f3nde vamos a parar?","breadcrumb":{"@id":"https:\/\/ifamnews.com\/es\/el-matrimonio-el-sacramento-m-s-nulo-del-siglo-xxi#breadcrumb"},"inLanguage":"es","potentialAction":[{"@type":"ReadAction","target":["https:\/\/ifamnews.com\/es\/el-matrimonio-el-sacramento-m-s-nulo-del-siglo-xxi"]}]},{"@type":"ImageObject","inLanguage":"es","@id":"https:\/\/ifamnews.com\/es\/el-matrimonio-el-sacramento-m-s-nulo-del-siglo-xxi#primaryimage","url":"https:\/\/ifamnews.com\/wp-content\/uploads\/2021\/09\/pexels-rocsana-nicoleta-gurza-948185.png","contentUrl":"https:\/\/ifamnews.com\/wp-content\/uploads\/2021\/09\/pexels-rocsana-nicoleta-gurza-948185.png","width":1200,"height":675},{"@type":"BreadcrumbList","@id":"https:\/\/ifamnews.com\/es\/el-matrimonio-el-sacramento-m-s-nulo-del-siglo-xxi#breadcrumb","itemListElement":[{"@type":"ListItem","position":1,"name":"Home","item":"https:\/\/ifamnews.com\/de"},{"@type":"ListItem","position":2,"name":"\u041f\u043e\u0440\u043e\u0434\u0438\u0446\u0430","item":"https:\/\/ifamnews.com\/sr\/kategorija\/poroditsa"},{"@type":"ListItem","position":3,"name":"El matrimonio: el sacramento m\u00e1s nulo del siglo XXI"}]},{"@type":"WebSite","@id":"https:\/\/ifamnews.com\/en\/#website","url":"https:\/\/ifamnews.com\/en\/","name":"IFN","description":"International Family News Network","publisher":{"@id":"https:\/\/ifamnews.com\/en\/#organization"},"potentialAction":[{"@type":"SearchAction","target":{"@type":"EntryPoint","urlTemplate":"https:\/\/ifamnews.com\/en\/?s={search_term_string}"},"query-input":{"@type":"PropertyValueSpecification","valueRequired":true,"valueName":"search_term_string"}}],"inLanguage":"es"},{"@type":"Organization","@id":"https:\/\/ifamnews.com\/en\/#organization","name":"iFamNews","url":"https:\/\/ifamnews.com\/en\/","logo":{"@type":"ImageObject","inLanguage":"es","@id":"https:\/\/ifamnews.com\/en\/#\/schema\/logo\/image\/","url":"https:\/\/ifamnews.com\/wp-content\/uploads\/2020\/01\/Share-logo.png","contentUrl":"https:\/\/ifamnews.com\/wp-content\/uploads\/2020\/01\/Share-logo.png","width":200,"height":200,"caption":"iFamNews"},"image":{"@id":"https:\/\/ifamnews.com\/en\/#\/schema\/logo\/image\/"},"sameAs":["https:\/\/www.facebook.com\/iFamNews","https:\/\/x.com\/iFamNewsEN"]},{"@type":"Person","@id":"https:\/\/ifamnews.com\/en\/#\/schema\/person\/73312a308be95147ebf80ca92d862f50","name":"Alejandra Soto Moreno","image":{"@type":"ImageObject","inLanguage":"es","@id":"https:\/\/secure.gravatar.com\/avatar\/8ffd4a3013d6d1d54752bf3a6951cee7232334ab7745ca66056f660b82817441?s=96&d=mm&r=g","url":"https:\/\/secure.gravatar.com\/avatar\/8ffd4a3013d6d1d54752bf3a6951cee7232334ab7745ca66056f660b82817441?s=96&d=mm&r=g","contentUrl":"https:\/\/secure.gravatar.com\/avatar\/8ffd4a3013d6d1d54752bf3a6951cee7232334ab7745ca66056f660b82817441?s=96&d=mm&r=g","caption":"Alejandra Soto Moreno"},"description":"Alejandra Soto Moreno is a lawyer. Spanish, Andalusian and based in Madrid, she studied a double degree in Law and Management and Public Administration at the University of Seville, concluding her Master's Degree in Law in Valladolid. With work experience in the legal and banking sectors, she is currently a consultant. Passionate about history and education, she has been leading initiatives in defense of life, the formation of leaders and the promotion of Hispanic culture. She is a restless and constant woman. She is a certified \"Trainer of Trainers\", with the clear intention of never stopping training and always being able to offer the best of herself.","url":"https:\/\/ifamnews.com\/es\/author\/alejandra-soto"}]}},"amp_enabled":true,"_links":{"self":[{"href":"https:\/\/ifamnews.com\/es\/wp-json\/wp\/v2\/posts\/93555","targetHints":{"allow":["GET"]}}],"collection":[{"href":"https:\/\/ifamnews.com\/es\/wp-json\/wp\/v2\/posts"}],"about":[{"href":"https:\/\/ifamnews.com\/es\/wp-json\/wp\/v2\/types\/post"}],"author":[{"embeddable":true,"href":"https:\/\/ifamnews.com\/es\/wp-json\/wp\/v2\/users\/630"}],"replies":[{"embeddable":true,"href":"https:\/\/ifamnews.com\/es\/wp-json\/wp\/v2\/comments?post=93555"}],"version-history":[{"count":1,"href":"https:\/\/ifamnews.com\/es\/wp-json\/wp\/v2\/posts\/93555\/revisions"}],"predecessor-version":[{"id":93564,"href":"https:\/\/ifamnews.com\/es\/wp-json\/wp\/v2\/posts\/93555\/revisions\/93564"}],"wp:featuredmedia":[{"embeddable":true,"href":"https:\/\/ifamnews.com\/es\/wp-json\/wp\/v2\/media\/93556"}],"wp:attachment":[{"href":"https:\/\/ifamnews.com\/es\/wp-json\/wp\/v2\/media?parent=93555"}],"wp:term":[{"taxonomy":"category","embeddable":true,"href":"https:\/\/ifamnews.com\/es\/wp-json\/wp\/v2\/categories?post=93555"},{"taxonomy":"post_tag","embeddable":true,"href":"https:\/\/ifamnews.com\/es\/wp-json\/wp\/v2\/tags?post=93555"}],"curies":[{"name":"wp","href":"https:\/\/api.w.org\/{rel}","templated":true}]}}