{"id":92788,"date":"2021-09-08T01:00:00","date_gmt":"2021-09-08T05:00:00","guid":{"rendered":"https:\/\/ifamnews.com\/?p=92788"},"modified":"2021-09-05T07:11:22","modified_gmt":"2021-09-05T11:11:22","slug":"libertad-religiosa-por-qu-es-necesario-un-enviado-especial","status":"publish","type":"post","link":"https:\/\/ifamnews.com\/es\/libertad-religiosa-por-qu-es-necesario-un-enviado-especial","title":{"rendered":"Libertad religiosa: por qu\u00e9 es necesario un Enviado Especial"},"content":{"rendered":"\n<p>El regreso de los talibanes al poder en Afganist\u00e1n ha vuelto a poner el foco en la cuesti\u00f3n de la violaci\u00f3n de los derechos individuales. La dif\u00edcil situaci\u00f3n de las mujeres afganas, en particular, ha provocado <a href=\"https:\/\/www.ansa.it\/canale_lifestyle\/notizie\/societa_diritti\/2021\/08\/21\/wall-of-dolls-e-jo-squillo-vestiti-bianco-per-donne-afghane_fad66ab3-0191-4d2d-9647-e7df88635327.html\" target=\"_blank\" rel=\"noopener\">la movilizaci\u00f3n internacional<\/a>. Pero la ofensiva yihadista en el pa\u00eds asi\u00e1tico supone obviamente tambi\u00e9n una amenaza para los cristianos y otras minor\u00edas religiosas. Por ello, la fundaci\u00f3n pontificia <a href=\"https:\/\/acs-italia.org\/\" target=\"_blank\" rel=\"noopener\">Ayuda a la Iglesia Necesitada<\/a> (AIN) considera que este tema debe estar en las agendas de los gobiernos. En concreto, la Fundaci\u00f3n Pontificia ha dirigido un nuevo llamamiento urgente al Gobierno italiano <a href=\"https:\/\/www.romasette.it\/acs-il-governo-istituisca-la-carica-di-inviato-speciale-per-la-liberta-religiosa\/\" target=\"_blank\" rel=\"noopener\">-ya hab\u00eda enviado uno el pasado mes de mayo<\/a> &#8211; para solicitar la creaci\u00f3n del puesto de Enviado Especial para la Libertad Religiosa.<\/p>\n\n\n\n<h3 class=\"wp-block-heading\" id=\"h-el-doble-motivo-del-recurso\"><strong>El doble motivo del recurso<\/strong><\/h3>\n\n\n\n<p>ACS reitera la doble raz\u00f3n del reiterado llamamiento: tal posici\u00f3n permitir\u00eda a Italia \u00abasumir un papel identificable e incisivo a nivel internacional\u00bb y confirmar\u00eda \u00abque el derecho a profesar libremente la fe religiosa, reconocido por el Tribunal Europeo de Derechos Humanos, es un derecho fundamental\u00bb. <a href=\"https:\/\/www.senato.it\/1025?sezione=120&amp;articolo_numero_articolo=19#:~:text=Tutti%20hanno%20diritto%20di%20professare,8%2C%2020%5D.\" target=\"_blank\" rel=\"noopener\">Por el Art. 19 de la <em>Constituci\u00f3n<\/em> italiana<\/a> no se limita a las fronteras nacionales sino que, por el contrario, debe promoverse en todos los foros internacionales, nacionales y locales, como un derecho inviolable de cada individuo\u00bb.<\/p>\n\n\n\n<h3 class=\"wp-block-heading\" id=\"h-el-enviado-europeo\"><strong>El enviado europeo<\/strong><\/h3>\n\n\n\n<p>Lo que hoy falta en Roma ya est\u00e1 en Bruselas. El anterior llamamiento de la AEC se produjo justo despu\u00e9s de que la <a href=\"https:\/\/agenceurope.eu\/en\/bulletin\/article\/12713\/21\" target=\"_blank\" rel=\"noopener\">Comisi\u00f3n Europea<\/a> nombrara al eurodiputado chipriota Chr\u012bstos Stylianid\u012bs como su Enviado Especial para la Promoci\u00f3n de la Libertad de Religi\u00f3n y Creencias. Una cita muy esperada. Y sin embargo, si no hubiera sido por la en\u00e9rgica movilizaci\u00f3n a la que contribuyeron la <a href=\"https:\/\/profam.org\/\" target=\"_blank\" rel=\"noopener\">Organizaci\u00f3n Internacional para<\/a> la Familia y \u00abiFamNews\u00bb con <a href=\"https:\/\/ifamnews.com\/it\/una-petizione-a-ursula-von-der-leyen-per-jan-figel\" target=\"_blank\" rel=\"noopener\">una recogida de firmas<\/a>, la oficina de este Enviado en Bruselas probablemente habr\u00eda permanecido cerrada.<\/p>\n\n\n\n<h3 class=\"wp-block-heading\" id=\"h-el-precedente-de-j-n-fige\"><strong>El precedente de J\u00e1n Fige\u013e<\/strong><\/h3>\n\n\n\n<p>Habr\u00eda sido incomprensible eliminar una figura as\u00ed despu\u00e9s del excelente trabajo realizado por <a href=\"https:\/\/ifamnews.com\/it\/liberta-religiosa-leredita-del-rappresentante-speciale-jan-figel\" target=\"_blank\" rel=\"noopener\">J\u00e1n Fige\u013e<\/a>. El diputado y ministro esloveno, nombrado en mayo de 2016, en tres a\u00f1os de actividad ha puesto el foco en la libertad religiosa amenazada: por la fuerza, por el terrorismo, pero tambi\u00e9n por un ate\u00edsmo ideologizado cada vez m\u00e1s agresivo, sobre todo en Occidente. Para hacerse una idea de la contribuci\u00f3n concreta que Figel&#8217; ha hecho a la causa, basta con saber que tambi\u00e9n gracias a su trabajo silencioso se logr\u00f3 la liberaci\u00f3n de Asia Bibi en Pakist\u00e1n.<\/p>\n\n\n\n<h3 class=\"wp-block-heading\" id=\"h-alfabetizaci-n-religiosa\"><strong>Alfabetizaci\u00f3n religiosa<\/strong><\/h3>\n\n\n\n<p>Ahora, cuatro meses despu\u00e9s de su nombramiento, Stylianid\u012bs tiene la tarea de recoger el testigo de Figel&#8217;. Un testimonio que se resume en las palabras que el antiguo Enviado dirigi\u00f3 a la Comisi\u00f3n Europea en una ocasi\u00f3n: \u00ab\u00a1Necesitamos personas inteligentes m\u00e1s que aparatos telef\u00f3nicos inteligentes! Esto significa que en un mundo globalizado y rico en diversidad debemos adquirir tambi\u00e9n <a href=\"https:\/\/agensir.it\/quotidiano\/2018\/11\/12\/liberta-religiosa-figel-inviato-ue-imparare-anche-lalfabetizzazione-religiosa-accanto-a-quella-digitale\/\" target=\"_blank\" rel=\"noopener\">la alfabetizaci\u00f3n religiosa<\/a>, adem\u00e1s de la digital. Cuando defendemos y ayudamos a las comunidades perseguidas, tambi\u00e9n abordamos las ra\u00edces de la crisis de los refugiados\u00bb.<\/p>\n\n\n\n<h3 class=\"wp-block-heading\" id=\"h-las-ra-ces-de-las-crisis\"><strong>Las ra\u00edces de las crisis<\/strong><\/h3>\n\n\n\n<p>Palabras muy actuales. Mientras Europa se enfrenta ya a una crisis embrionaria de refugiados procedentes de Afganist\u00e1n, resulta a\u00fan m\u00e1s importante reconocer y abordar las ra\u00edces incluso religiosas de estas di\u00e1sporas. La figura del Enviado Especial para la Libertad Religiosa, en el seno de la Uni\u00f3n Europea, pero tambi\u00e9n del gobierno italiano, representa un compromiso en este sentido.<\/p>\n","protected":false},"excerpt":{"rendered":"<p>Ayuda a la Iglesia Necesitada vuelve a lanzar el llamamiento. El ejemplo en Europa por J\u00e1n Fige\u013e<\/p>\n","protected":false},"author":15,"featured_media":91749,"comment_status":"open","ping_status":"open","sticky":false,"template":"","format":"standard","meta":{"give_campaign_id":0,"om_disable_all_campaigns":false,"_monsterinsights_skip_tracking":false,"_monsterinsights_sitenote_active":false,"_monsterinsights_sitenote_note":"","_monsterinsights_sitenote_category":0,"mc4wp_mailchimp_campaign":[],"jnews-multi-image_gallery":[],"jnews_single_post":{"subtitle":"Ayuda a la Iglesia Necesitada vuelve a lanzar el llamamiento. El ejemplo en Europa de J\u00e1n Fige\u013e","format":"standard","video":"","gallery":"","source_name":"","source_url":"","via_name":"","via_url":"","override":[{"single_blog_custom":"","sidebar":"","second_sidebar":"","share_position":"","share_float_style":"","post_date_format":"","post_date_format_custom":"","post_reading_time_wpm":"","zoom_button_out_step":"1","zoom_button_in_step":"1","number_popup_post":"1"}],"image_override":[{"single_post_thumbnail_size":"","single_post_gallery_size":""}],"trending_post_position":"","trending_post_label":"","sponsored_post_label":"","sponsored_post_name":"","sponsored_post_url":"","sponsored_post_logo":"","sponsored_post_desc":""},"jnews_primary_category":{"id":""},"jnews_social_meta":[],"jnews_override_counter":[],"footnotes":""},"categories":[765,810,815],"tags":[8625,8640,8626],"class_list":["post-92788","post","type-post","status-publish","format-standard","has-post-thumbnail","hentry","category-cultura-es","category-foreground-es","category-breaking-news-es","tag-foreground-es","tag-highlight-es","tag-libertad-religiosa-es"],"yoast_head":"<!-- This site is optimized with the Yoast SEO Premium plugin v25.9 (Yoast SEO v27.3) - https:\/\/yoast.com\/product\/yoast-seo-premium-wordpress\/ -->\n<title>Libertad religiosa: por qu\u00e9 es necesario un Enviado Especial - &quot;iFamNews&quot;<\/title>\n<meta name=\"description\" content=\"Ayuda a la Iglesia Necesitada hace un llamamiento al gobierno italiano para que nombre un enviado para la libertad religiosa. El ejemplo europeo de J\u00e1n Fige\u013e\" \/>\n<meta name=\"robots\" content=\"index, follow, max-snippet:-1, max-image-preview:large, max-video-preview:-1\" \/>\n<link rel=\"canonical\" href=\"https:\/\/ifamnews.com\/es\/libertad-religiosa-por-qu-es-necesario-un-enviado-especial\" \/>\n<meta property=\"og:locale\" content=\"es_ES\" \/>\n<meta property=\"og:type\" content=\"article\" \/>\n<meta property=\"og:title\" content=\"Libertad religiosa: por qu\u00e9 es necesario un Enviado Especial\" \/>\n<meta property=\"og:description\" content=\"Ayuda a la Iglesia Necesitada hace un llamamiento al gobierno italiano para que nombre un enviado para la libertad religiosa. El ejemplo europeo de J\u00e1n Fige\u013e\" \/>\n<meta property=\"og:url\" content=\"https:\/\/ifamnews.com\/es\/libertad-religiosa-por-qu-es-necesario-un-enviado-especial\" \/>\n<meta property=\"og:site_name\" content=\"IFN\" \/>\n<meta property=\"article:publisher\" content=\"https:\/\/www.facebook.com\/iFamNews\" \/>\n<meta property=\"article:published_time\" content=\"2021-09-08T05:00:00+00:00\" \/>\n<meta property=\"og:image\" content=\"https:\/\/ifamnews.com\/wp-content\/uploads\/2021\/08\/Image-from-Flickr-1-3.jpg\" \/>\n\t<meta property=\"og:image:width\" content=\"1200\" \/>\n\t<meta property=\"og:image:height\" content=\"675\" \/>\n\t<meta property=\"og:image:type\" content=\"image\/jpeg\" \/>\n<meta name=\"author\" content=\"Federico Cenci\" \/>\n<meta name=\"twitter:card\" content=\"summary_large_image\" \/>\n<meta name=\"twitter:creator\" content=\"@https:\/\/twitter.com\/fedecenci\" \/>\n<meta name=\"twitter:site\" content=\"@iFamNewsEN\" \/>\n<meta name=\"twitter:label1\" content=\"Escrito por\" \/>\n\t<meta name=\"twitter:data1\" content=\"Federico Cenci\" \/>\n\t<meta name=\"twitter:label2\" content=\"Tiempo de lectura\" \/>\n\t<meta name=\"twitter:data2\" content=\"3 minutos\" \/>\n<!-- \/ Yoast SEO Premium plugin. -->","yoast_head_json":{"title":"Libertad religiosa: por qu\u00e9 es necesario un Enviado Especial - \"iFamNews\"","description":"Ayuda a la Iglesia Necesitada hace un llamamiento al gobierno italiano para que nombre un enviado para la libertad religiosa. El ejemplo europeo de J\u00e1n Fige\u013e","robots":{"index":"index","follow":"follow","max-snippet":"max-snippet:-1","max-image-preview":"max-image-preview:large","max-video-preview":"max-video-preview:-1"},"canonical":"https:\/\/ifamnews.com\/es\/libertad-religiosa-por-qu-es-necesario-un-enviado-especial","og_locale":"es_ES","og_type":"article","og_title":"Libertad religiosa: por qu\u00e9 es necesario un Enviado Especial","og_description":"Ayuda a la Iglesia Necesitada hace un llamamiento al gobierno italiano para que nombre un enviado para la libertad religiosa. El ejemplo europeo de J\u00e1n Fige\u013e","og_url":"https:\/\/ifamnews.com\/es\/libertad-religiosa-por-qu-es-necesario-un-enviado-especial","og_site_name":"IFN","article_publisher":"https:\/\/www.facebook.com\/iFamNews","article_published_time":"2021-09-08T05:00:00+00:00","og_image":[{"width":1200,"height":675,"url":"https:\/\/ifamnews.com\/wp-content\/uploads\/2021\/08\/Image-from-Flickr-1-3.jpg","type":"image\/jpeg"}],"author":"Federico Cenci","twitter_card":"summary_large_image","twitter_creator":"@https:\/\/twitter.com\/fedecenci","twitter_site":"@iFamNewsEN","twitter_misc":{"Escrito por":"Federico Cenci","Tiempo de lectura":"3 minutos"},"schema":{"@context":"https:\/\/schema.org","@graph":[{"@type":"NewsArticle","@id":"https:\/\/ifamnews.com\/es\/libertad-religiosa-por-qu-es-necesario-un-enviado-especial#article","isPartOf":{"@id":"https:\/\/ifamnews.com\/es\/libertad-religiosa-por-qu-es-necesario-un-enviado-especial"},"author":{"name":"Federico Cenci","@id":"https:\/\/ifamnews.com\/en\/#\/schema\/person\/555378c4ec9e01d40ab9f2b5cee0c318"},"headline":"Libertad religiosa: por qu\u00e9 es necesario un Enviado Especial","datePublished":"2021-09-08T05:00:00+00:00","mainEntityOfPage":{"@id":"https:\/\/ifamnews.com\/es\/libertad-religiosa-por-qu-es-necesario-un-enviado-especial"},"wordCount":612,"commentCount":0,"publisher":{"@id":"https:\/\/ifamnews.com\/en\/#organization"},"image":{"@id":"https:\/\/ifamnews.com\/es\/libertad-religiosa-por-qu-es-necesario-un-enviado-especial#primaryimage"},"thumbnailUrl":"https:\/\/ifamnews.com\/wp-content\/uploads\/2021\/08\/Image-from-Flickr-1-3.jpg","keywords":["Foreground","Highlight","libertad religiosa"],"articleSection":["Cultura","Foreground","\u00daLTIMAS NOTICIAS"],"inLanguage":"es","potentialAction":[{"@type":"CommentAction","name":"Comment","target":["https:\/\/ifamnews.com\/es\/libertad-religiosa-por-qu-es-necesario-un-enviado-especial#respond"]}]},{"@type":"WebPage","@id":"https:\/\/ifamnews.com\/es\/libertad-religiosa-por-qu-es-necesario-un-enviado-especial","url":"https:\/\/ifamnews.com\/es\/libertad-religiosa-por-qu-es-necesario-un-enviado-especial","name":"Libertad religiosa: por qu\u00e9 es necesario un Enviado Especial - \"iFamNews\"","isPartOf":{"@id":"https:\/\/ifamnews.com\/en\/#website"},"primaryImageOfPage":{"@id":"https:\/\/ifamnews.com\/es\/libertad-religiosa-por-qu-es-necesario-un-enviado-especial#primaryimage"},"image":{"@id":"https:\/\/ifamnews.com\/es\/libertad-religiosa-por-qu-es-necesario-un-enviado-especial#primaryimage"},"thumbnailUrl":"https:\/\/ifamnews.com\/wp-content\/uploads\/2021\/08\/Image-from-Flickr-1-3.jpg","datePublished":"2021-09-08T05:00:00+00:00","description":"Ayuda a la Iglesia Necesitada hace un llamamiento al gobierno italiano para que nombre un enviado para la libertad religiosa. El ejemplo europeo de J\u00e1n Fige\u013e","breadcrumb":{"@id":"https:\/\/ifamnews.com\/es\/libertad-religiosa-por-qu-es-necesario-un-enviado-especial#breadcrumb"},"inLanguage":"es","potentialAction":[{"@type":"ReadAction","target":["https:\/\/ifamnews.com\/es\/libertad-religiosa-por-qu-es-necesario-un-enviado-especial"]}]},{"@type":"ImageObject","inLanguage":"es","@id":"https:\/\/ifamnews.com\/es\/libertad-religiosa-por-qu-es-necesario-un-enviado-especial#primaryimage","url":"https:\/\/ifamnews.com\/wp-content\/uploads\/2021\/08\/Image-from-Flickr-1-3.jpg","contentUrl":"https:\/\/ifamnews.com\/wp-content\/uploads\/2021\/08\/Image-from-Flickr-1-3.jpg","width":1200,"height":675,"caption":"Imagen de Flickr"},{"@type":"BreadcrumbList","@id":"https:\/\/ifamnews.com\/es\/libertad-religiosa-por-qu-es-necesario-un-enviado-especial#breadcrumb","itemListElement":[{"@type":"ListItem","position":1,"name":"Home","item":"https:\/\/ifamnews.com\/de"},{"@type":"ListItem","position":2,"name":"Cultura","item":"https:\/\/ifamnews.com\/it\/categoria\/cultura"},{"@type":"ListItem","position":3,"name":"Libertad religiosa: por qu\u00e9 es necesario un Enviado Especial"}]},{"@type":"WebSite","@id":"https:\/\/ifamnews.com\/en\/#website","url":"https:\/\/ifamnews.com\/en\/","name":"IFN","description":"International Family News Network","publisher":{"@id":"https:\/\/ifamnews.com\/en\/#organization"},"potentialAction":[{"@type":"SearchAction","target":{"@type":"EntryPoint","urlTemplate":"https:\/\/ifamnews.com\/en\/?s={search_term_string}"},"query-input":{"@type":"PropertyValueSpecification","valueRequired":true,"valueName":"search_term_string"}}],"inLanguage":"es"},{"@type":"Organization","@id":"https:\/\/ifamnews.com\/en\/#organization","name":"iFamNews","url":"https:\/\/ifamnews.com\/en\/","logo":{"@type":"ImageObject","inLanguage":"es","@id":"https:\/\/ifamnews.com\/en\/#\/schema\/logo\/image\/","url":"https:\/\/ifamnews.com\/wp-content\/uploads\/2020\/01\/Share-logo.png","contentUrl":"https:\/\/ifamnews.com\/wp-content\/uploads\/2020\/01\/Share-logo.png","width":200,"height":200,"caption":"iFamNews"},"image":{"@id":"https:\/\/ifamnews.com\/en\/#\/schema\/logo\/image\/"},"sameAs":["https:\/\/www.facebook.com\/iFamNews","https:\/\/x.com\/iFamNewsEN"]},{"@type":"Person","@id":"https:\/\/ifamnews.com\/en\/#\/schema\/person\/555378c4ec9e01d40ab9f2b5cee0c318","name":"Federico Cenci","image":{"@type":"ImageObject","inLanguage":"es","@id":"https:\/\/secure.gravatar.com\/avatar\/535f77b8447d05f39d4ca941654f7a7b7d712f3d72f0b4b185747785f5a8e745?s=96&d=mm&r=g","url":"https:\/\/secure.gravatar.com\/avatar\/535f77b8447d05f39d4ca941654f7a7b7d712f3d72f0b4b185747785f5a8e745?s=96&d=mm&r=g","contentUrl":"https:\/\/secure.gravatar.com\/avatar\/535f77b8447d05f39d4ca941654f7a7b7d712f3d72f0b4b185747785f5a8e745?s=96&d=mm&r=g","caption":"Federico Cenci"},"description":"Federico Cenci worked from 2013 to 2017 at the Catholic Zenit press agency dealing with social and religious issues, bioethics, family policies, as well as domestic and international politics. He then continued his business with In Terris, and currently with various newspapers and periodicals. In 2020 he wrote the novel \"East Berlin 2.0 - Notes between dystopia and reality\"","sameAs":["https:\/\/x.com\/https:\/\/twitter.com\/fedecenci"],"url":"https:\/\/ifamnews.com\/es\/author\/fcenci"}]}},"amp_enabled":true,"_links":{"self":[{"href":"https:\/\/ifamnews.com\/es\/wp-json\/wp\/v2\/posts\/92788","targetHints":{"allow":["GET"]}}],"collection":[{"href":"https:\/\/ifamnews.com\/es\/wp-json\/wp\/v2\/posts"}],"about":[{"href":"https:\/\/ifamnews.com\/es\/wp-json\/wp\/v2\/types\/post"}],"author":[{"embeddable":true,"href":"https:\/\/ifamnews.com\/es\/wp-json\/wp\/v2\/users\/15"}],"replies":[{"embeddable":true,"href":"https:\/\/ifamnews.com\/es\/wp-json\/wp\/v2\/comments?post=92788"}],"version-history":[{"count":4,"href":"https:\/\/ifamnews.com\/es\/wp-json\/wp\/v2\/posts\/92788\/revisions"}],"predecessor-version":[{"id":92795,"href":"https:\/\/ifamnews.com\/es\/wp-json\/wp\/v2\/posts\/92788\/revisions\/92795"}],"wp:featuredmedia":[{"embeddable":true,"href":"https:\/\/ifamnews.com\/es\/wp-json\/wp\/v2\/media\/91749"}],"wp:attachment":[{"href":"https:\/\/ifamnews.com\/es\/wp-json\/wp\/v2\/media?parent=92788"}],"wp:term":[{"taxonomy":"category","embeddable":true,"href":"https:\/\/ifamnews.com\/es\/wp-json\/wp\/v2\/categories?post=92788"},{"taxonomy":"post_tag","embeddable":true,"href":"https:\/\/ifamnews.com\/es\/wp-json\/wp\/v2\/tags?post=92788"}],"curies":[{"name":"wp","href":"https:\/\/api.w.org\/{rel}","templated":true}]}}