{"id":92776,"date":"2021-09-21T01:00:00","date_gmt":"2021-09-21T05:00:00","guid":{"rendered":"https:\/\/ifamnews.com\/?p=92776"},"modified":"2021-09-22T16:29:42","modified_gmt":"2021-09-22T20:29:42","slug":"la-familia-en-los-medios-de-comunicaci-n-no-existe-la-familia-tradicional-ni-la-moderna-entrevista-y-ii-","status":"publish","type":"post","link":"https:\/\/ifamnews.com\/es\/la-familia-en-los-medios-de-comunicaci-n-no-existe-la-familia-tradicional-ni-la-moderna-entrevista-y-ii-","title":{"rendered":"La familia en los medios de comunicaci\u00f3n: \u00abNo existe la familia tradicional. Ni la moderna\u00bb &#8211; ENTREVISTA (y ii)"},"content":{"rendered":"<p class=\"last-updated\">Last updated on septiembre 22nd, 2021 at 04:29 pm<\/p>\n<p>Primera parte: <a href=\"https:\/\/ifamnews.com\/es?p=92766\" target=\"_blank\" rel=\"noreferrer noopener\">https:\/\/ifamnews.com\/es?p=92766<\/a><\/p>\n\n\n\n<p>En esta segunda y \u00faltima parte de la conversaci\u00f3n de Jordi Picazo con el Dr. Norberto Gonz\u00e1lez Gaitano, explica el investigador c\u00f3mo el concepto de familia est\u00e1 presente transversalmente en todas las culturas. Explica tambi\u00e9n c\u00f3mo el arte es uno de los escenarios en el que se expresa este pensamiento que subyace en la misma esencia de ser del hombre y de la mujer. Sin embargo, <a>hemos hecho una pobre defensa de la familia en ocasiones, cayendo en el uso de terminolog\u00eda simple, siendo al entender de este investigador, el t\u00e9rmino \u00abfamilia tradicional\u00bb totalmente inadecuado. <\/a>La ideolog\u00eda llamada \u00abde g\u00e9nero, o <em>gender<\/em>\u00bb se aprovecha de estas reglas de juego arbitrarias.<\/p>\n\n\n\n<p><strong>\u00abNO EXISTE LA FAMILIA TRADICIONAL\u00bb<\/strong><\/p>\n\n\n\n<p><strong><span class=\"has-inline-color has-vivid-cyan-blue-color\">JORDI PICAZO -IFN \u2013<\/span> Se me ocurre que con la introducci\u00f3n de la frase \u00abtipos de familia\u00bb \u2014correcta por otro lado metaf\u00f3ricamente en muchas ocasiones como me comentaba\u2014, se intentar\u00eda \u00abdemostrar\u00bb la falsedad de un concepto \u00abun\u00edvoco\u00bb de familia, equipar\u00e1ndolo falsamente con el concepto de \u00abfamilia tradicional\u00bb. Entiendo la familia como la uni\u00f3n de un hombre y una mujer basada en el amor complementario sexuado abierto a la vida, y su prole si ha podido engendrarla, que son c\u00e9lula base de la sociedad, a proteger.<\/strong><\/p>\n\n\n\n<p><strong>\u00bfPiensa Usted que al etiquetar esa uni\u00f3n estable de hombre y mujer y sus hijos con el sello de \u00abtradicional\u00bb al compararla con \u00abotros tipos\u00bb de familia, se busca quitarle la importancia y rol social eliminando tambi\u00e9n los valores que transmite, y desestabilizarla? As\u00ed, a los cristianos se les acusa habitualmente de pensar que \u00absolo\u00bb hay un tipo de familia. Me atrevo a decir que no ser\u00eda v\u00e1lido el apodo \u00abtradicional\u00bb para la familia constituida por los esposos hombre y mujer y los hijos, en este contexto.<\/strong><\/p>\n\n\n\n<p><span class=\"has-inline-color has-vivid-green-cyan-color\"><strong>NORBERTO GONZ\u00c1LEZ<\/strong> <strong>GAITANO <\/strong>\u2013<\/span> \u00ab<em>Es fatal, pues <strong>no existe la familia tradicional<\/strong> frente a la familia moderna. <strong>La familia es una<\/strong>, que se realiza hist\u00f3ricamente en forma m\u00e1s o menos perfectiva o m\u00e1s o menos defectiva. En el pasado hab\u00eda familias tradicionales que eran inequ\u00edvocamente desastrosas. Y es importante analizar y entender c\u00f3mo intervienen los medios de comunicaci\u00f3n en la configuraci\u00f3n de estas ideas Dice <\/em><a href=\"https:\/\/en.wikipedia.org\/wiki\/Ashley_Montagu\"><em>Ashley Montagu<\/em><\/a><em> que \u201cla sociedad se configura tambi\u00e9n a partir de la imagen que ella tiene de s\u00ed misma, y cambia seg\u00fan la imagen que contribuye a configurar\u201d. Entonces este es un poder de los Medios de comunicaci\u00f3n: que pueden modificar, cambiar, la sociedad para bien o para mal\u00bb<\/em>.<\/p>\n\n\n\n<p><strong>UNA GRAM\u00c1TICA UNIVERSAL DE LA FAMILIA<\/strong><\/p>\n\n\n\n<p><strong><span class=\"has-inline-color has-vivid-cyan-blue-color\">JP. IFN \u2013 <\/span>Por el fen\u00f3meno del cruce de culturas y la consecuente interculturalidad y multiculturalismo \u2014que convierten las grandes metr\u00f3polis en comunidades \u00abcosmopolitas\u00bb\u2014 me pregunto si existe una \u00abgram\u00e1tica universal\u00bb de la familia, trazos comunes que podamos identificar, com\u00fan denominador sea en Barcelona, Singapur, Kampala, Seattle o Minsk, o entre los abor\u00edgenes australianos. \u00bfO por el contrario es la familia simplemente un constructo social arbitrario y objeto de definici\u00f3n del partido pol\u00edtico o consejo de ancianos que rija la comunidad en un momento dado?<\/strong><\/p>\n\n\n\n<p><span class=\"has-inline-color has-vivid-green-cyan-color\"><strong>NORBERTO Go<\/strong> \u2013<\/span>\u00ab<em>S\u00ed que hay una gram\u00e1tica universal de la familia. Y a m\u00ed me parece que es particularmente visible en las grandes obras de la literatura y el cine. Particularmente me encanta el cine chino, y especialmente del cineasta <a href=\"https:\/\/es.wikipedia.org\/wiki\/Zhang_Yimou\">Zhang Yimou<\/a> por ejemplo en \u201c<strong>Sorgo Rojo<\/strong>\u201d, <strong>\u201c\u00a1Vivir!<\/strong>\u201d, \u201c<strong>Hero<\/strong>\u201d, \u201c<strong>El amor en el espino blanco<\/strong>\u201d. Por otra parte, es el gran cineasta chino de la revoluci\u00f3n cultural, censurado muchas veces. Bien, \u00e9l tiene una vida personal digamos que movida, dif\u00edcil, compleja. Pero en sus pel\u00edculas, cuando habla de la familia, toca profundamente el tema, y por ello llega a todas las culturas. Por eso tambi\u00e9n ha sido bien recibido en Occidente. Ciertamente la sensibilidad de \u201c<strong>Regreso a casa<\/strong>\u201d es todo un canto a la <strong>pietas<\/strong>. Entonces, hay notas comunes que percibes perfectamente entre culturas (<\/em><a href=\"http:\/\/www.sensacine.com\/actores\/actor-5543\/filmografia\/\"><em>ver aqu\u00ed filmograf\u00eda<\/em><\/a><em> de <strong>Zhang Yimou<\/strong>)<\/em>.<\/p>\n\n\n\n<p><em>\u00bbPercibes, dec\u00eda, estas constantes universales, <strong>est\u00e1 gram\u00e1tica de la piedad<\/strong>, del <strong>amor<\/strong> como <strong>donaci\u00f3n<\/strong>, etc\u00e9tera, no obstante las dificultades; ciertamente con dificultades, pues hablamos del amor no como una utop\u00eda, sino como un ideal, s\u00ed, pero que es realizable y realizado, que exige una cooperaci\u00f3n y la respuesta libre de las personas.<\/em><\/p>\n\n\n\n<p><em>\u00bbPor desgracia, vemos c\u00f3mo en Occidente tenemos mucha m\u00e1s dificultad para representar esto hoy d\u00eda. Porque la presi\u00f3n de esos lugares comunes culturales que han debilitado la imagen ideal de la familia es tan fuerte, que no somos capaces de hacer un discurso tan bello como estos filmes. Lo cual no quiere decir que no est\u00e9 presente esa imagen de la familia, ciertamente est\u00e1 presente tambi\u00e9n en Occidente. Incluso en una filmograf\u00eda de vanguardia, como \u201c<strong>El \u00e1rbol de la vida<\/strong>\u201d, pel\u00edcula norteamericana del mismo director de \u201c<strong>La delgada l\u00ednea roja<\/strong>\u201d.<\/em><\/p>\n\n\n\n<p><strong>HOMBRE MALO Y ABUSADOR<\/strong><\/p>\n\n\n\n<p>\u00bb<a href=\"https:\/\/www.almudi.org\/peliculas\/el-arbol-de-la-vida\"><em>El \u00e1rbol de la vida<\/em><\/a><em> transmite el mensaje profundo de que la cultura moderna ha perdido <strong>el sentido de la paternidad<\/strong>, y adem\u00e1s aporta a mi juicio una tesis muy bonita: que no podemos recuperar el sentido de la paternidad en la cultura sino recuperamos el origen mismo de la paternidad, idea que es presentada como denuncia. Y es fuert\u00edsimo <strong>esto que dice, que el origen de la paternidad es Dios Padre<\/strong> (ver <\/em><a href=\"https:\/\/www.youtube.com\/watch?v=4CGqXO5kWm8\"><em>tr\u00e1iler YouTube<\/em><\/a><em>). La pel\u00edcula empieza con una largu\u00edsima secuencia sobre la Creaci\u00f3n.<\/em><\/p>\n\n\n\n<p><em>\u00bbEst\u00e9ticamente, \u201c<strong>El \u00e1rbol de la vida<\/strong>\u201d ha sido muy aplaudida por la cr\u00edtica \u201c<strong>hollywoodiana<\/strong>\u201d, la \u00e9lite \u201c<strong>hollywoodiana<\/strong>\u201d, quiz\u00e1 porque no entendieron el mensaje profundo de la pel\u00edcula. El padre es el malo en la cultura moderna, el abusador; es el macho violento, etc\u00e9tera.<\/em><\/p>\n\n\n\n<p><strong>LA DIMENSI\u00d3N PROF\u00c9TICA DEL ARTE<\/strong><\/p>\n\n\n\n<p><em>\u00bbEl arte se adelanta siempre a su tiempo. Ahora estoy pensando en una autora como <strong>Susana Tamaro<\/strong>. Y es que no cabe duda de que Susana Tamaro en su libro \u201c<strong>Donde te lleve el coraz\u00f3n<\/strong>\u201d y en el resto de su obra literaria, es consciente de dirigirse a una cultura nihilista, y, por tanto, piensa, \u201cmi literatura es aparentemente nihilista, pero hay Redenci\u00f3n\u201d. Entonces, esto es lo que quiero decir: tanto en un contexto como en otro se est\u00e1 hablando de la familia, se est\u00e1 hablando de la paternidad, y en algunos casos present\u00e1ndola como valor positivo, bello y hermoso, valor que todav\u00eda est\u00e1 por realizar socialmente. En otros casos, como una aspiraci\u00f3n de algo que hemos perdido o que nos falta. En definitiva, es un horizonte de llegada. Este fen\u00f3meno es global, yo creo que s\u00ed. No puede ser de otra manera, por ello la gram\u00e1tica de la familia es universal, como conclusi\u00f3n a su pregunta.<\/em><\/p>\n\n\n\n<p><em>\u00bbEstoy pensando ahora mismo en otros dos filmes que han tenido \u00e9xito, ciertamente no un \u00e9xito \u201chollywoodiano\u201d como en el caso de \u201c<strong>El \u00c1rbol de la vida<\/strong>\u201d pero s\u00ed de cr\u00edtica y de p\u00fablico. Es \u201c<\/em><a href=\"https:\/\/www.almudi.org\/peliculas\/el-hijo-del-otro\"><em>El hijo del otro<\/em><\/a>\u201d<em> (2014), un filme franc\u00e9s que plantea el problema de <strong>la identidad en la familia en relaci\u00f3n con el origen \u00e9tnico<\/strong>: el problema que se plantea en la familia cuando los padres descubren que los ni\u00f1os han sido cambiados en una incubadora, y ellos tienen en realidad un ni\u00f1o palestino, mientras que el hijo de la familia palestina es en realidad su hijo. Es interesant\u00edsimo el encuentro entre las familias (ver <\/em><a href=\"https:\/\/www.youtube.com\/watch?v=ATaSE5tBIyA\"><em>tr\u00e1iler YouTube<\/em><\/a><em>).<\/em><\/p>\n\n\n\n<p><em>\u00bbEsto es un lugar com\u00fan, que hemos tratado en nuestra publicaci\u00f3n \u201cFamilia y medios de comunicaci\u00f3n\u201d, y del que el Dr. <strong>Antonio. Malo<\/strong> \u2014catedr\u00e1tico de Antropolog\u00eda filos\u00f3fica de la Universidad de la Santa Cruz en Roma\u2014, se ha ocupado abundantemente. M\u00e1s en concreto desde el \u00e1ngulo de la \u201cantropolog\u00eda de la relaci\u00f3n\u201d, en su reciente <\/em><a href=\"https:\/\/www.amazon.es\/Otros-Instituto-Ciencias-para-Familia\/dp\/8432146609\/ref=sr_1_1?s=books&amp;ie=UTF8&amp;qid=1528839183&amp;sr=1-1&amp;keywords=antonio+malo\"><em>libro<\/em><\/a><em>. Precisamente \u00e9l ha hecho una estupenda cr\u00edtica cinematogr\u00e1fica sobre esos dos filmes que le he comentado, publicada en nuestro portal. O esa pel\u00edcula japonesa \u201c<a href=\"https:\/\/www.abc.es\/cultura\/cine\/20130519\/abci-cannes-201305182223.html\">Like Father, Like Son<\/a>\u201d, que plantea el contexto de la cultura japonesa con dos matrimonios a los que en realidad los m\u00e9dicos les han intercambiado inconscientemente los hijos (<a href=\"https:\/\/www.youtube.com\/watch?v=cQweNeKXAKM\">ver aqu\u00ed tr\u00e1iler<\/a> subtitulado en espa\u00f1ol en YouTube). Entonces, ah\u00ed lo que se explora no son las relaciones de clan, de tribu, \u00e9tnicas, sino internas de la familia: lo que supone en la relaci\u00f3n marido y mujer, padre e hijo en este caso. Esto te hace ver una vez m\u00e1s que la \u201cgram\u00e1tica\u201d de la familia es universal. Se trata de dos universos culturales totalmente distintos, conflictivos en este caso. Y la lectura de fondo es la misma.<\/em><\/p>\n\n\n\n<p><em>\u00bbA\u00fan otro filme en el que estoy pensando ahora es <\/em><a href=\"https:\/\/www.almudi.org\/peliculas\/el-velo-pintado\"><em>El velo pintado<\/em><\/a><em>. Esta pel\u00edcula es una adaptaci\u00f3n fant\u00e1stica de la famosa novela hom\u00f3nima de <strong>W. Somerset Maugham<\/strong> donde el tema central es el perd\u00f3n (ver <u><a href=\"https:\/\/www.youtube.com\/watch?v=Y4VAy2M1E1w\">tr\u00e1iler YouTube<\/a><\/u>). Una frase de la cr\u00edtica, en la car\u00e1tula del v\u00eddeo comercial, dice: \u201ca veces la distancia m\u00e1s larga es la que existe entre dos personas\u201d. Es la historia de un adulterio, la historia tambi\u00e9n de un descubrimiento del amor a trav\u00e9s del perd\u00f3n. Es una novela fant\u00e1stica. De ah\u00ed su \u00e9xito intemporal\u00bb.<\/em><\/p>\n\n\n\n<p><strong><span class=\"has-inline-color has-vivid-cyan-blue-color\">JP.IFN \u2013<\/span> Se me ocurre que este juego de manipulaci\u00f3n ling\u00fc\u00edstica que me ha analizado en esta conversaci\u00f3n podr\u00eda asimilarse a tomar una c\u00e9lula, extirpar el n\u00facleo y ponerle otro n\u00facleo: tomas un concepto y lo manipulas. El pensamiento discurre a trav\u00e9s de lenguaje, las palabras, y cambiando los conceptos expresados por las palabras cambia la percepci\u00f3n de la realidad.<\/strong><\/p>\n\n\n\n<p><span class=\"has-inline-color has-vivid-green-cyan-color\"><strong>NORBERTO Go<\/strong> \u2013 <\/span>\u00ab<em>Y no es que pensemos con palabras, sin embargo el lenguaje no solo es el vestido del pensamiento, es su forma. Es muy interesante a este respecto el ensayo de <strong>George Orwell<\/strong> \u201cLa pol\u00edtica y la lengua inglesa\u00bb sobre la manipulaci\u00f3n del lenguaje como instrumento de arma pol\u00edtica, escrito justo en el contexto de la Guerra Mundial<\/em>\u00bb.<\/p>\n","protected":false},"excerpt":{"rendered":"<p>Gonz\u00e1lez Gaitano: \u00abHemos hecho una pobre defensa de la familia, cayendo en ocasiones en el uso de terminolog\u00eda simple, siendo el t\u00e9rmino \u201cfamilia tradicional\u201d totalmente inadecuado\u00bb.<\/p>\n","protected":false},"author":624,"featured_media":92777,"comment_status":"open","ping_status":"open","sticky":false,"template":"","format":"standard","meta":{"give_campaign_id":0,"om_disable_all_campaigns":false,"_monsterinsights_skip_tracking":false,"_monsterinsights_sitenote_active":false,"_monsterinsights_sitenote_note":"","_monsterinsights_sitenote_category":0,"mc4wp_mailchimp_campaign":[],"jnews-multi-image_gallery":[],"jnews_single_post":{"subtitle":"Gonz\u00e1lez Gaitano: \u00abHemos hecho una pobre defensa de la familia, cayendo en ocasiones en el uso de terminolog\u00eda simple, siendo el t\u00e9rmino \u201cfamilia tradicional\u201d totalmente inadecuado\u00bb.","format":"standard","video":"","gallery":"","source_name":"","source_url":"","via_name":"","via_url":"","override":[{"template":"1","single_blog_custom":"","parallax":"1","fullscreen":"1","layout":"right-sidebar","sidebar":"","second_sidebar":"","sticky_sidebar":"1","share_position":"","share_float_style":"","show_share_counter":"1","show_view_counter":"1","show_featured":"1","show_post_meta":"1","show_post_author":"1","show_post_author_image":"1","show_post_date":"1","post_date_format":"","post_date_format_custom":"","show_post_category":"1","post_reading_time_wpm":"","zoom_button_out_step":"1","zoom_button_in_step":"1","show_post_tag":"1","show_prev_next_post":"1","show_popup_post":"1","number_popup_post":"1"}],"image_override":[{"single_post_thumbnail_size":"","single_post_gallery_size":""}],"trending_post_position":"","trending_post_label":"","sponsored_post_label":"","sponsored_post_name":"","sponsored_post_url":"","sponsored_post_logo":"","sponsored_post_desc":""},"jnews_primary_category":{"id":""},"jnews_social_meta":[],"jnews_override_counter":[],"footnotes":""},"categories":[775,810,815],"tags":[],"class_list":["post-92776","post","type-post","status-publish","format-standard","has-post-thumbnail","hentry","category-familia","category-foreground-es","category-breaking-news-es"],"yoast_head":"<!-- This site is optimized with the Yoast SEO Premium plugin v25.9 (Yoast SEO v27.3) - https:\/\/yoast.com\/product\/yoast-seo-premium-wordpress\/ -->\n<title>La familia en los medios de comunicaci\u00f3n: \u00abNo existe la familia tradicional. Ni la moderna\u00bb - ENTREVISTA (y ii) - IFN<\/title>\n<meta name=\"description\" content=\"\u00abUna pobre defensa de la familia, cayendo en ocasiones en el uso de terminolog\u00eda simple, siendo el t\u00e9rmino \u201cfamilia tradicional\u201d inadecuado\u00bb.\" \/>\n<meta name=\"robots\" content=\"index, follow, max-snippet:-1, max-image-preview:large, max-video-preview:-1\" \/>\n<link rel=\"canonical\" href=\"https:\/\/ifamnews.com\/es\/la-familia-en-los-medios-de-comunicaci-n-no-existe-la-familia-tradicional-ni-la-moderna-entrevista-y-ii-\" \/>\n<meta property=\"og:locale\" content=\"es_ES\" \/>\n<meta property=\"og:type\" content=\"article\" \/>\n<meta property=\"og:title\" content=\"La familia en los medios de comunicaci\u00f3n: \u00abNo existe la familia tradicional. Ni la moderna\u00bb - ENTREVISTA (y ii)\" \/>\n<meta property=\"og:description\" content=\"\u00abUna pobre defensa de la familia, cayendo en ocasiones en el uso de terminolog\u00eda simple, siendo el t\u00e9rmino \u201cfamilia tradicional\u201d inadecuado\u00bb.\" \/>\n<meta property=\"og:url\" content=\"https:\/\/ifamnews.com\/es\/la-familia-en-los-medios-de-comunicaci-n-no-existe-la-familia-tradicional-ni-la-moderna-entrevista-y-ii-\" \/>\n<meta property=\"og:site_name\" content=\"IFN\" \/>\n<meta property=\"article:publisher\" content=\"https:\/\/www.facebook.com\/iFamNews\" \/>\n<meta property=\"article:published_time\" content=\"2021-09-21T05:00:00+00:00\" \/>\n<meta property=\"article:modified_time\" content=\"2021-09-22T20:29:42+00:00\" \/>\n<meta property=\"og:image\" content=\"https:\/\/ifamnews.com\/wp-content\/uploads\/2021\/09\/NORBERTO-GONZALEZ-GAITANO-2.png\" \/>\n\t<meta property=\"og:image:width\" content=\"1200\" \/>\n\t<meta property=\"og:image:height\" content=\"675\" \/>\n\t<meta property=\"og:image:type\" content=\"image\/png\" \/>\n<meta name=\"author\" content=\"Jordi Picazo\" \/>\n<meta name=\"twitter:card\" content=\"summary_large_image\" \/>\n<meta name=\"twitter:creator\" content=\"@iFamNewsEN\" \/>\n<meta name=\"twitter:site\" content=\"@iFamNewsEN\" \/>\n<meta name=\"twitter:label1\" content=\"Escrito por\" \/>\n\t<meta name=\"twitter:data1\" content=\"Jordi Picazo\" \/>\n\t<meta name=\"twitter:label2\" content=\"Tiempo de lectura\" \/>\n\t<meta name=\"twitter:data2\" content=\"7 minutos\" \/>\n<!-- \/ Yoast SEO Premium plugin. -->","yoast_head_json":{"title":"La familia en los medios de comunicaci\u00f3n: \u00abNo existe la familia tradicional. Ni la moderna\u00bb - ENTREVISTA (y ii) - IFN","description":"\u00abUna pobre defensa de la familia, cayendo en ocasiones en el uso de terminolog\u00eda simple, siendo el t\u00e9rmino \u201cfamilia tradicional\u201d inadecuado\u00bb.","robots":{"index":"index","follow":"follow","max-snippet":"max-snippet:-1","max-image-preview":"max-image-preview:large","max-video-preview":"max-video-preview:-1"},"canonical":"https:\/\/ifamnews.com\/es\/la-familia-en-los-medios-de-comunicaci-n-no-existe-la-familia-tradicional-ni-la-moderna-entrevista-y-ii-","og_locale":"es_ES","og_type":"article","og_title":"La familia en los medios de comunicaci\u00f3n: \u00abNo existe la familia tradicional. Ni la moderna\u00bb - ENTREVISTA (y ii)","og_description":"\u00abUna pobre defensa de la familia, cayendo en ocasiones en el uso de terminolog\u00eda simple, siendo el t\u00e9rmino \u201cfamilia tradicional\u201d inadecuado\u00bb.","og_url":"https:\/\/ifamnews.com\/es\/la-familia-en-los-medios-de-comunicaci-n-no-existe-la-familia-tradicional-ni-la-moderna-entrevista-y-ii-","og_site_name":"IFN","article_publisher":"https:\/\/www.facebook.com\/iFamNews","article_published_time":"2021-09-21T05:00:00+00:00","article_modified_time":"2021-09-22T20:29:42+00:00","og_image":[{"width":1200,"height":675,"url":"https:\/\/ifamnews.com\/wp-content\/uploads\/2021\/09\/NORBERTO-GONZALEZ-GAITANO-2.png","type":"image\/png"}],"author":"Jordi Picazo","twitter_card":"summary_large_image","twitter_creator":"@iFamNewsEN","twitter_site":"@iFamNewsEN","twitter_misc":{"Escrito por":"Jordi Picazo","Tiempo de lectura":"7 minutos"},"schema":{"@context":"https:\/\/schema.org","@graph":[{"@type":"NewsArticle","@id":"https:\/\/ifamnews.com\/es\/la-familia-en-los-medios-de-comunicaci-n-no-existe-la-familia-tradicional-ni-la-moderna-entrevista-y-ii-#article","isPartOf":{"@id":"https:\/\/ifamnews.com\/es\/la-familia-en-los-medios-de-comunicaci-n-no-existe-la-familia-tradicional-ni-la-moderna-entrevista-y-ii-"},"author":{"name":"Jordi Picazo","@id":"https:\/\/ifamnews.com\/en\/#\/schema\/person\/184bb4bf889aafda4f1b7bb5c55062ce"},"headline":"La familia en los medios de comunicaci\u00f3n: \u00abNo existe la familia tradicional. Ni la moderna\u00bb &#8211; ENTREVISTA (y ii)","datePublished":"2021-09-21T05:00:00+00:00","dateModified":"2021-09-22T20:29:42+00:00","mainEntityOfPage":{"@id":"https:\/\/ifamnews.com\/es\/la-familia-en-los-medios-de-comunicaci-n-no-existe-la-familia-tradicional-ni-la-moderna-entrevista-y-ii-"},"wordCount":1730,"commentCount":0,"publisher":{"@id":"https:\/\/ifamnews.com\/en\/#organization"},"image":{"@id":"https:\/\/ifamnews.com\/es\/la-familia-en-los-medios-de-comunicaci-n-no-existe-la-familia-tradicional-ni-la-moderna-entrevista-y-ii-#primaryimage"},"thumbnailUrl":"https:\/\/ifamnews.com\/wp-content\/uploads\/2021\/09\/NORBERTO-GONZALEZ-GAITANO-2.png","articleSection":["Familia","Foreground","\u00daLTIMAS NOTICIAS"],"inLanguage":"es","potentialAction":[{"@type":"CommentAction","name":"Comment","target":["https:\/\/ifamnews.com\/es\/la-familia-en-los-medios-de-comunicaci-n-no-existe-la-familia-tradicional-ni-la-moderna-entrevista-y-ii-#respond"]}]},{"@type":"WebPage","@id":"https:\/\/ifamnews.com\/es\/la-familia-en-los-medios-de-comunicaci-n-no-existe-la-familia-tradicional-ni-la-moderna-entrevista-y-ii-","url":"https:\/\/ifamnews.com\/es\/la-familia-en-los-medios-de-comunicaci-n-no-existe-la-familia-tradicional-ni-la-moderna-entrevista-y-ii-","name":"La familia en los medios de comunicaci\u00f3n: \u00abNo existe la familia tradicional. Ni la moderna\u00bb - ENTREVISTA (y ii) - IFN","isPartOf":{"@id":"https:\/\/ifamnews.com\/en\/#website"},"primaryImageOfPage":{"@id":"https:\/\/ifamnews.com\/es\/la-familia-en-los-medios-de-comunicaci-n-no-existe-la-familia-tradicional-ni-la-moderna-entrevista-y-ii-#primaryimage"},"image":{"@id":"https:\/\/ifamnews.com\/es\/la-familia-en-los-medios-de-comunicaci-n-no-existe-la-familia-tradicional-ni-la-moderna-entrevista-y-ii-#primaryimage"},"thumbnailUrl":"https:\/\/ifamnews.com\/wp-content\/uploads\/2021\/09\/NORBERTO-GONZALEZ-GAITANO-2.png","datePublished":"2021-09-21T05:00:00+00:00","dateModified":"2021-09-22T20:29:42+00:00","description":"\u00abUna pobre defensa de la familia, cayendo en ocasiones en el uso de terminolog\u00eda simple, siendo el t\u00e9rmino \u201cfamilia tradicional\u201d inadecuado\u00bb.","breadcrumb":{"@id":"https:\/\/ifamnews.com\/es\/la-familia-en-los-medios-de-comunicaci-n-no-existe-la-familia-tradicional-ni-la-moderna-entrevista-y-ii-#breadcrumb"},"inLanguage":"es","potentialAction":[{"@type":"ReadAction","target":["https:\/\/ifamnews.com\/es\/la-familia-en-los-medios-de-comunicaci-n-no-existe-la-familia-tradicional-ni-la-moderna-entrevista-y-ii-"]}]},{"@type":"ImageObject","inLanguage":"es","@id":"https:\/\/ifamnews.com\/es\/la-familia-en-los-medios-de-comunicaci-n-no-existe-la-familia-tradicional-ni-la-moderna-entrevista-y-ii-#primaryimage","url":"https:\/\/ifamnews.com\/wp-content\/uploads\/2021\/09\/NORBERTO-GONZALEZ-GAITANO-2.png","contentUrl":"https:\/\/ifamnews.com\/wp-content\/uploads\/2021\/09\/NORBERTO-GONZALEZ-GAITANO-2.png","width":1200,"height":675},{"@type":"BreadcrumbList","@id":"https:\/\/ifamnews.com\/es\/la-familia-en-los-medios-de-comunicaci-n-no-existe-la-familia-tradicional-ni-la-moderna-entrevista-y-ii-#breadcrumb","itemListElement":[{"@type":"ListItem","position":1,"name":"Home","item":"https:\/\/ifamnews.com\/de"},{"@type":"ListItem","position":2,"name":"Foreground","item":"https:\/\/ifamnews.com\/es\/categoria\/foreground-es"},{"@type":"ListItem","position":3,"name":"La familia en los medios de comunicaci\u00f3n: \u00abNo existe la familia tradicional. Ni la moderna\u00bb &#8211; ENTREVISTA (y ii)"}]},{"@type":"WebSite","@id":"https:\/\/ifamnews.com\/en\/#website","url":"https:\/\/ifamnews.com\/en\/","name":"IFN","description":"International Family News Network","publisher":{"@id":"https:\/\/ifamnews.com\/en\/#organization"},"potentialAction":[{"@type":"SearchAction","target":{"@type":"EntryPoint","urlTemplate":"https:\/\/ifamnews.com\/en\/?s={search_term_string}"},"query-input":{"@type":"PropertyValueSpecification","valueRequired":true,"valueName":"search_term_string"}}],"inLanguage":"es"},{"@type":"Organization","@id":"https:\/\/ifamnews.com\/en\/#organization","name":"iFamNews","url":"https:\/\/ifamnews.com\/en\/","logo":{"@type":"ImageObject","inLanguage":"es","@id":"https:\/\/ifamnews.com\/en\/#\/schema\/logo\/image\/","url":"https:\/\/ifamnews.com\/wp-content\/uploads\/2020\/01\/Share-logo.png","contentUrl":"https:\/\/ifamnews.com\/wp-content\/uploads\/2020\/01\/Share-logo.png","width":200,"height":200,"caption":"iFamNews"},"image":{"@id":"https:\/\/ifamnews.com\/en\/#\/schema\/logo\/image\/"},"sameAs":["https:\/\/www.facebook.com\/iFamNews","https:\/\/x.com\/iFamNewsEN"]},{"@type":"Person","@id":"https:\/\/ifamnews.com\/en\/#\/schema\/person\/184bb4bf889aafda4f1b7bb5c55062ce","name":"Jordi Picazo","image":{"@type":"ImageObject","inLanguage":"es","@id":"https:\/\/secure.gravatar.com\/avatar\/3cb23dfac643f3809994691f3080b5f408e791206e75c0776302768f688dfb05?s=96&d=mm&r=g","url":"https:\/\/secure.gravatar.com\/avatar\/3cb23dfac643f3809994691f3080b5f408e791206e75c0776302768f688dfb05?s=96&d=mm&r=g","contentUrl":"https:\/\/secure.gravatar.com\/avatar\/3cb23dfac643f3809994691f3080b5f408e791206e75c0776302768f688dfb05?s=96&d=mm&r=g","caption":"Jordi Picazo"},"description":"Jordi Picazo is a Spanish-born journalist. He holds a BA (Hons) and MA in English Philology from the University of Barcelona (1986) and holds the Qualified Teacher Status in the United Kingdom. He has worked as a teacher of Spanish and English in Spain and the United Kingdom. He has also studied the subjects of the Ecclesiastical Baccalaureate of Philosophy. He did doctoral studies in Social Psychology of Language at the University of London (1990-95) and taught at Harrow School. He is a Member of the Chartered Institute of Journalists of the United Kingdom and of the Il.lustre Col.legi de Periodistes de Catalunya, Spain; also a member of the RNA (Religion News Association) in the USA, among others. Jordi also holds an MA in Corporate Communication, Protocol management, and Event planning at the UOC University in Spain (2024). Author of 9 books, he has collaborated with several online news outlets. Proud father of two.","sameAs":["https:\/\/jordipicazo.com","https:\/\/linkedin.com\/in\/jordipicazosalomo\/","azulueta"],"honorificSuffix":"BA (Hons), MA, PGCE, MCIJ","gender":"Male","url":"https:\/\/ifamnews.com\/es\/author\/jordi-picazo"}]}},"amp_enabled":true,"_links":{"self":[{"href":"https:\/\/ifamnews.com\/es\/wp-json\/wp\/v2\/posts\/92776","targetHints":{"allow":["GET"]}}],"collection":[{"href":"https:\/\/ifamnews.com\/es\/wp-json\/wp\/v2\/posts"}],"about":[{"href":"https:\/\/ifamnews.com\/es\/wp-json\/wp\/v2\/types\/post"}],"author":[{"embeddable":true,"href":"https:\/\/ifamnews.com\/es\/wp-json\/wp\/v2\/users\/624"}],"replies":[{"embeddable":true,"href":"https:\/\/ifamnews.com\/es\/wp-json\/wp\/v2\/comments?post=92776"}],"version-history":[{"count":3,"href":"https:\/\/ifamnews.com\/es\/wp-json\/wp\/v2\/posts\/92776\/revisions"}],"predecessor-version":[{"id":96018,"href":"https:\/\/ifamnews.com\/es\/wp-json\/wp\/v2\/posts\/92776\/revisions\/96018"}],"wp:featuredmedia":[{"embeddable":true,"href":"https:\/\/ifamnews.com\/es\/wp-json\/wp\/v2\/media\/92777"}],"wp:attachment":[{"href":"https:\/\/ifamnews.com\/es\/wp-json\/wp\/v2\/media?parent=92776"}],"wp:term":[{"taxonomy":"category","embeddable":true,"href":"https:\/\/ifamnews.com\/es\/wp-json\/wp\/v2\/categories?post=92776"},{"taxonomy":"post_tag","embeddable":true,"href":"https:\/\/ifamnews.com\/es\/wp-json\/wp\/v2\/tags?post=92776"}],"curies":[{"name":"wp","href":"https:\/\/api.w.org\/{rel}","templated":true}]}}