{"id":92738,"date":"2021-09-13T01:00:00","date_gmt":"2021-09-13T05:00:00","guid":{"rendered":"https:\/\/ifamnews.com\/?p=92738"},"modified":"2021-09-05T06:10:45","modified_gmt":"2021-09-05T10:10:45","slug":"amlo-viola-la-constituci-n-y-la-independencia-judicial","status":"publish","type":"post","link":"https:\/\/ifamnews.com\/es\/amlo-viola-la-constituci-n-y-la-independencia-judicial","title":{"rendered":"AMLO intent\u00f3 violar la Constituci\u00f3n y la independencia judicial"},"content":{"rendered":"\n<p>Su primera decisi\u00f3n tras el 6J: prorrogar el mandato del presidente de la Corte dos a\u00f1os. Pero conseguimos pararlo. \u00a1GANAMOS!<\/p>\n\n\n\n<p>La primera decisi\u00f3n de L\u00f3pez Obrador tras las elecciones del 6 de junio fue emitir un decreto por el que extiende el mandato del presidente de la Suprema Corte de Justicia de la Naci\u00f3n, Arturo Zald\u00edvar, durante dos a\u00f1os, \u2018casualmente\u2019 hasta el final previsto para su mandato.<\/p>\n\n\n\n<p><strong>Que el presidente del Ejecutivo pretenda disponer de un presidente del Judicial \u2018a modo\u2019 no es matar a Montesquieu, sino profanar su cad\u00e1ver. <\/strong>As\u00ed que -como es l\u00f3gico- la decisi\u00f3n ha provocado un terremoto judicial y tambi\u00e9n pol\u00edtico. Muchos observan una deriva totalitaria extraordinariamente preocupante.<\/p>\n\n\n\n<p>La decisi\u00f3n de L\u00f3pez Obrador era -adem\u00e1s- abiertamente inconstitucional. La Constituci\u00f3n mexicana se\u00f1ala claramente lo siguiente en su art. 97:<\/p>\n\n\n\n<p><strong><em>\u201cCada cuatro a\u00f1os, el Pleno elegir\u00e1 de entre sus miembros al Presidente de la Suprema Corte de Justicia de la Naci\u00f3n, el cual no podr\u00e1 ser reelecto para el per\u00edodo inmediato posterior\u201d.&nbsp;<\/em><\/strong><\/p>\n\n\n\n<p>\u00bfC\u00f3mo es posible entonces que AMLO haya pretendido dar semejante patada a la Carta Magna? Porque se bas\u00f3 en una reforma de la ley del poder judicial que en transitorio decimotercero establece lo siguiente:<\/p>\n\n\n\n<p><em>\u201cCon el fin de implementar la reforma constitucional al Poder Judicial de la Federaci\u00f3n publicada en el Diario Oficial de la Federaci\u00f3n de 11 de marzo de 2021 y las leyes reglamentarias a las que se refiere el presente Decreto, la persona que a su entrada en vigor <\/em><strong><em>ocupe la Presidencia de la Suprema Corte de Justicia de la Naci\u00f3n y del Consejo de la Judicatura Federal durar\u00e1 en ese encargo hasta el 30 de noviembre de 2024\u201d.<\/em><\/strong><\/p>\n\n\n\n<p>Se trataba de una a\u00f1agaza jur\u00eddico-pol\u00edtica presentada por el Partido Verde Ecologista, sat\u00e9lite de Morena, hace pocos meses, en preparaci\u00f3n de esta decisi\u00f3n.<\/p>\n\n\n\n<p>Pero esta a\u00f1agaza cont\u00f3 con el <strong>rechazo abierto de la judicatura por su abierta inconstitucionalidad.<\/strong><\/p>\n\n\n\n<p>Adem\u00e1s, la a\u00f1agaza no dice que la extensi\u00f3n de mandato se haga por decreto presidencial, que ya es rizar el rizo.<\/p>\n\n\n\n<p>As\u00ed que el mismo afectado, Zald\u00edvar, un poco avergonzado decidi\u00f3 extender una <strong>consulta<\/strong> a sus compa\u00f1eros. No es que tuviera dudas jur\u00eddicas, es que quer\u00eda socializar la responsabilidad del apa\u00f1o. Porque jur\u00eddicamente es claro que es inconstitucional. Y pol\u00edticamente es transparente que el presidente pretend\u00eda una Justicia \u2018a modo\u2019.<\/p>\n\n\n\n<p>La situaci\u00f3n no fue f\u00e1cil. Porque <strong>los ministros de la Corte ten\u00edan que elegir entre aceptar la injerencia y deshonrar a la Corte o enfrentarse en un choque institucional de consecuencias desconocidas.<\/strong> <\/p>\n\n\n\n<p>Se moviliz\u00f3 a la ciudadan\u00eda para recordar a los ministros de la Corte que la Constituci\u00f3n proh\u00edbe expresamente la extensi\u00f3n de mandato y mostrarles el apoyo en su defensa de la independencia del poder judicial. <\/p>\n\n\n\n<p>Gan\u00f3 la ciudadan\u00eda y la libertad. Perdi\u00f3 AMLO.<\/p>\n","protected":false},"excerpt":{"rendered":"<p>L\u00f3pez Obrador ha decidido violar la Constituci\u00f3n al extender el mandato del presidente de la Corte dos a\u00f1os. Viola as\u00ed tambi\u00e9n la independencia judicial.<\/p>\n","protected":false},"author":566,"featured_media":92745,"comment_status":"open","ping_status":"open","sticky":false,"template":"","format":"standard","meta":{"give_campaign_id":0,"om_disable_all_campaigns":false,"_monsterinsights_skip_tracking":false,"_monsterinsights_sitenote_active":false,"_monsterinsights_sitenote_note":"","_monsterinsights_sitenote_category":0,"mc4wp_mailchimp_campaign":[],"jnews-multi-image_gallery":[],"jnews_single_post":{"subtitle":"L\u00f3pez Obrador ha decidido violar la Constituci\u00f3n al extender el mandato del presidente de la Corte dos a\u00f1os. Viola as\u00ed tambi\u00e9n la independencia judicial.","format":"standard","video":"","gallery":"","source_name":"","source_url":"","via_name":"","via_url":"","override":[{"single_blog_custom":"","sidebar":"","second_sidebar":"","share_position":"","share_float_style":"","post_date_format":"","post_date_format_custom":"","post_reading_time_wpm":"","zoom_button_out_step":"1","zoom_button_in_step":"1","number_popup_post":"1"}],"image_override":[{"single_post_thumbnail_size":"","single_post_gallery_size":""}],"trending_post_position":"","trending_post_label":"","sponsored_post_label":"","sponsored_post_name":"","sponsored_post_url":"","sponsored_post_logo":"","sponsored_post_desc":""},"jnews_primary_category":{"id":""},"jnews_social_meta":[],"jnews_override_counter":[],"footnotes":""},"categories":[810,773,815],"tags":[6545,6825],"class_list":["post-92738","post","type-post","status-publish","format-standard","has-post-thumbnail","hentry","category-foreground-es","category-politica","category-breaking-news-es","tag-luislosada","tag-mexico-2"],"yoast_head":"<!-- This site is optimized with the Yoast SEO Premium plugin v25.9 (Yoast SEO v27.3) - https:\/\/yoast.com\/product\/yoast-seo-premium-wordpress\/ -->\n<title>AMLO intent\u00f3 violar la Constituci\u00f3n y la independencia judicial - IFN<\/title>\n<meta name=\"description\" content=\"L\u00f3pez Obrador ha decidido violar la Constituci\u00f3n al extender el mandato del presidente de la Corte dos a\u00f1os.\" \/>\n<meta name=\"robots\" content=\"index, follow, max-snippet:-1, max-image-preview:large, max-video-preview:-1\" \/>\n<link rel=\"canonical\" href=\"https:\/\/ifamnews.com\/es\/amlo-viola-la-constituci-n-y-la-independencia-judicial\" \/>\n<meta property=\"og:locale\" content=\"es_ES\" \/>\n<meta property=\"og:type\" content=\"article\" \/>\n<meta property=\"og:title\" content=\"AMLO intent\u00f3 violar la Constituci\u00f3n y la independencia judicial\" \/>\n<meta property=\"og:description\" content=\"L\u00f3pez Obrador ha decidido violar la Constituci\u00f3n al extender el mandato del presidente de la Corte dos a\u00f1os.\" \/>\n<meta property=\"og:url\" content=\"https:\/\/ifamnews.com\/es\/amlo-viola-la-constituci-n-y-la-independencia-judicial\" \/>\n<meta property=\"og:site_name\" content=\"IFN\" \/>\n<meta property=\"article:publisher\" content=\"https:\/\/www.facebook.com\/iFamNews\" \/>\n<meta property=\"article:author\" content=\"https:\/\/facebook.com\/luis.losadapescador\" \/>\n<meta property=\"article:published_time\" content=\"2021-09-13T05:00:00+00:00\" \/>\n<meta property=\"og:image\" content=\"https:\/\/ifamnews.com\/wp-content\/uploads\/2021\/09\/AMLO.png\" \/>\n\t<meta property=\"og:image:width\" content=\"1200\" \/>\n\t<meta property=\"og:image:height\" content=\"675\" \/>\n\t<meta property=\"og:image:type\" content=\"image\/png\" \/>\n<meta name=\"author\" content=\"Luis Losada\" \/>\n<meta name=\"twitter:card\" content=\"summary_large_image\" \/>\n<meta name=\"twitter:creator\" content=\"@https:\/\/twitter.com\/losadapescador\" \/>\n<meta name=\"twitter:site\" content=\"@iFamNewsEN\" \/>\n<meta name=\"twitter:label1\" content=\"Escrito por\" \/>\n\t<meta name=\"twitter:data1\" content=\"Luis Losada\" \/>\n\t<meta name=\"twitter:label2\" content=\"Tiempo de lectura\" \/>\n\t<meta name=\"twitter:data2\" content=\"3 minutos\" \/>\n<!-- \/ Yoast SEO Premium plugin. -->","yoast_head_json":{"title":"AMLO intent\u00f3 violar la Constituci\u00f3n y la independencia judicial - IFN","description":"L\u00f3pez Obrador ha decidido violar la Constituci\u00f3n al extender el mandato del presidente de la Corte dos a\u00f1os.","robots":{"index":"index","follow":"follow","max-snippet":"max-snippet:-1","max-image-preview":"max-image-preview:large","max-video-preview":"max-video-preview:-1"},"canonical":"https:\/\/ifamnews.com\/es\/amlo-viola-la-constituci-n-y-la-independencia-judicial","og_locale":"es_ES","og_type":"article","og_title":"AMLO intent\u00f3 violar la Constituci\u00f3n y la independencia judicial","og_description":"L\u00f3pez Obrador ha decidido violar la Constituci\u00f3n al extender el mandato del presidente de la Corte dos a\u00f1os.","og_url":"https:\/\/ifamnews.com\/es\/amlo-viola-la-constituci-n-y-la-independencia-judicial","og_site_name":"IFN","article_publisher":"https:\/\/www.facebook.com\/iFamNews","article_author":"https:\/\/facebook.com\/luis.losadapescador","article_published_time":"2021-09-13T05:00:00+00:00","og_image":[{"width":1200,"height":675,"url":"https:\/\/ifamnews.com\/wp-content\/uploads\/2021\/09\/AMLO.png","type":"image\/png"}],"author":"Luis Losada","twitter_card":"summary_large_image","twitter_creator":"@https:\/\/twitter.com\/losadapescador","twitter_site":"@iFamNewsEN","twitter_misc":{"Escrito por":"Luis Losada","Tiempo de lectura":"3 minutos"},"schema":{"@context":"https:\/\/schema.org","@graph":[{"@type":"NewsArticle","@id":"https:\/\/ifamnews.com\/es\/amlo-viola-la-constituci-n-y-la-independencia-judicial#article","isPartOf":{"@id":"https:\/\/ifamnews.com\/es\/amlo-viola-la-constituci-n-y-la-independencia-judicial"},"author":{"name":"Luis Losada","@id":"https:\/\/ifamnews.com\/en\/#\/schema\/person\/3c74d6bba4ee5d844f5b59791fe04f30"},"headline":"AMLO intent\u00f3 violar la Constituci\u00f3n y la independencia judicial","datePublished":"2021-09-13T05:00:00+00:00","mainEntityOfPage":{"@id":"https:\/\/ifamnews.com\/es\/amlo-viola-la-constituci-n-y-la-independencia-judicial"},"wordCount":514,"commentCount":0,"publisher":{"@id":"https:\/\/ifamnews.com\/en\/#organization"},"image":{"@id":"https:\/\/ifamnews.com\/es\/amlo-viola-la-constituci-n-y-la-independencia-judicial#primaryimage"},"thumbnailUrl":"https:\/\/ifamnews.com\/wp-content\/uploads\/2021\/09\/AMLO.png","keywords":["luislosada","mexico"],"articleSection":["Foreground","Pol\u00edtica","\u00daLTIMAS NOTICIAS"],"inLanguage":"es","potentialAction":[{"@type":"CommentAction","name":"Comment","target":["https:\/\/ifamnews.com\/es\/amlo-viola-la-constituci-n-y-la-independencia-judicial#respond"]}]},{"@type":"WebPage","@id":"https:\/\/ifamnews.com\/es\/amlo-viola-la-constituci-n-y-la-independencia-judicial","url":"https:\/\/ifamnews.com\/es\/amlo-viola-la-constituci-n-y-la-independencia-judicial","name":"AMLO intent\u00f3 violar la Constituci\u00f3n y la independencia judicial - IFN","isPartOf":{"@id":"https:\/\/ifamnews.com\/en\/#website"},"primaryImageOfPage":{"@id":"https:\/\/ifamnews.com\/es\/amlo-viola-la-constituci-n-y-la-independencia-judicial#primaryimage"},"image":{"@id":"https:\/\/ifamnews.com\/es\/amlo-viola-la-constituci-n-y-la-independencia-judicial#primaryimage"},"thumbnailUrl":"https:\/\/ifamnews.com\/wp-content\/uploads\/2021\/09\/AMLO.png","datePublished":"2021-09-13T05:00:00+00:00","description":"L\u00f3pez Obrador ha decidido violar la Constituci\u00f3n al extender el mandato del presidente de la Corte dos a\u00f1os.","breadcrumb":{"@id":"https:\/\/ifamnews.com\/es\/amlo-viola-la-constituci-n-y-la-independencia-judicial#breadcrumb"},"inLanguage":"es","potentialAction":[{"@type":"ReadAction","target":["https:\/\/ifamnews.com\/es\/amlo-viola-la-constituci-n-y-la-independencia-judicial"]}]},{"@type":"ImageObject","inLanguage":"es","@id":"https:\/\/ifamnews.com\/es\/amlo-viola-la-constituci-n-y-la-independencia-judicial#primaryimage","url":"https:\/\/ifamnews.com\/wp-content\/uploads\/2021\/09\/AMLO.png","contentUrl":"https:\/\/ifamnews.com\/wp-content\/uploads\/2021\/09\/AMLO.png","width":1200,"height":675},{"@type":"BreadcrumbList","@id":"https:\/\/ifamnews.com\/es\/amlo-viola-la-constituci-n-y-la-independencia-judicial#breadcrumb","itemListElement":[{"@type":"ListItem","position":1,"name":"Home","item":"https:\/\/ifamnews.com\/de"},{"@type":"ListItem","position":2,"name":"Politics","item":"https:\/\/ifamnews.com\/en\/category\/politics"},{"@type":"ListItem","position":3,"name":"AMLO intent\u00f3 violar la Constituci\u00f3n y la independencia judicial"}]},{"@type":"WebSite","@id":"https:\/\/ifamnews.com\/en\/#website","url":"https:\/\/ifamnews.com\/en\/","name":"IFN","description":"International Family News Network","publisher":{"@id":"https:\/\/ifamnews.com\/en\/#organization"},"potentialAction":[{"@type":"SearchAction","target":{"@type":"EntryPoint","urlTemplate":"https:\/\/ifamnews.com\/en\/?s={search_term_string}"},"query-input":{"@type":"PropertyValueSpecification","valueRequired":true,"valueName":"search_term_string"}}],"inLanguage":"es"},{"@type":"Organization","@id":"https:\/\/ifamnews.com\/en\/#organization","name":"iFamNews","url":"https:\/\/ifamnews.com\/en\/","logo":{"@type":"ImageObject","inLanguage":"es","@id":"https:\/\/ifamnews.com\/en\/#\/schema\/logo\/image\/","url":"https:\/\/ifamnews.com\/wp-content\/uploads\/2020\/01\/Share-logo.png","contentUrl":"https:\/\/ifamnews.com\/wp-content\/uploads\/2020\/01\/Share-logo.png","width":200,"height":200,"caption":"iFamNews"},"image":{"@id":"https:\/\/ifamnews.com\/en\/#\/schema\/logo\/image\/"},"sameAs":["https:\/\/www.facebook.com\/iFamNews","https:\/\/x.com\/iFamNewsEN"]},{"@type":"Person","@id":"https:\/\/ifamnews.com\/en\/#\/schema\/person\/3c74d6bba4ee5d844f5b59791fe04f30","name":"Luis Losada","image":{"@type":"ImageObject","inLanguage":"es","@id":"https:\/\/secure.gravatar.com\/avatar\/90fa6f4b948f9f6913b35f877ead6d7f3a307f2e51136a592b41e27537480d69?s=96&d=mm&r=g","url":"https:\/\/secure.gravatar.com\/avatar\/90fa6f4b948f9f6913b35f877ead6d7f3a307f2e51136a592b41e27537480d69?s=96&d=mm&r=g","contentUrl":"https:\/\/secure.gravatar.com\/avatar\/90fa6f4b948f9f6913b35f877ead6d7f3a307f2e51136a592b41e27537480d69?s=96&d=mm&r=g","caption":"Luis Losada"},"description":"Luis Losada Pescador,\u00a0economist and journalist. After 20 years\u00a0in media he is managing consultancy in comunication\u00a0of business and entreprises. He is also campaigns editor of CitizenGO in Latam.","sameAs":["https:\/\/facebook.com\/luis.losadapescador","https:\/\/x.com\/https:\/\/twitter.com\/losadapescador"],"url":"https:\/\/ifamnews.com\/es\/author\/luis-losada"}]}},"amp_enabled":true,"_links":{"self":[{"href":"https:\/\/ifamnews.com\/es\/wp-json\/wp\/v2\/posts\/92738","targetHints":{"allow":["GET"]}}],"collection":[{"href":"https:\/\/ifamnews.com\/es\/wp-json\/wp\/v2\/posts"}],"about":[{"href":"https:\/\/ifamnews.com\/es\/wp-json\/wp\/v2\/types\/post"}],"author":[{"embeddable":true,"href":"https:\/\/ifamnews.com\/es\/wp-json\/wp\/v2\/users\/566"}],"replies":[{"embeddable":true,"href":"https:\/\/ifamnews.com\/es\/wp-json\/wp\/v2\/comments?post=92738"}],"version-history":[{"count":2,"href":"https:\/\/ifamnews.com\/es\/wp-json\/wp\/v2\/posts\/92738\/revisions"}],"predecessor-version":[{"id":92794,"href":"https:\/\/ifamnews.com\/es\/wp-json\/wp\/v2\/posts\/92738\/revisions\/92794"}],"wp:featuredmedia":[{"embeddable":true,"href":"https:\/\/ifamnews.com\/es\/wp-json\/wp\/v2\/media\/92745"}],"wp:attachment":[{"href":"https:\/\/ifamnews.com\/es\/wp-json\/wp\/v2\/media?parent=92738"}],"wp:term":[{"taxonomy":"category","embeddable":true,"href":"https:\/\/ifamnews.com\/es\/wp-json\/wp\/v2\/categories?post=92738"},{"taxonomy":"post_tag","embeddable":true,"href":"https:\/\/ifamnews.com\/es\/wp-json\/wp\/v2\/tags?post=92738"}],"curies":[{"name":"wp","href":"https:\/\/api.w.org\/{rel}","templated":true}]}}