{"id":92103,"date":"2021-09-02T04:47:41","date_gmt":"2021-09-02T08:47:41","guid":{"rendered":"https:\/\/ifamnews.com\/?p=92103"},"modified":"2021-09-08T09:29:21","modified_gmt":"2021-09-08T13:29:21","slug":"-europa-s-t-misma-","status":"publish","type":"post","link":"https:\/\/ifamnews.com\/es\/-europa-s-t-misma-","title":{"rendered":"\u201cEuropa, s\u00e9 t\u00fa misma\u201d"},"content":{"rendered":"<p class=\"last-updated\">Last updated on septiembre 8th, 2021 at 09:29 am<\/p>\n<p>Me he le\u00eddo estos \u00faltimos d\u00edas un libro que deber\u00eda ser de lectura obligatoria en todos los colegios europeos, o al menos, para todos nosotros.<\/p>\n\n\n\n<p>Los cinco padres de Europa. La aventura de la unidad europea , de Antoni Coll (ed. Milenio)<\/p>\n\n\n\n<p>Seg\u00fan me lo le\u00eda les dec\u00eda a mis hijos que, con ese librito tama\u00f1o cuartilla y de apenas 150 p\u00e1ginas, ya no necesitas estudiarte nada sobre el nacimiento de la Uni\u00f3n Europea y quiz\u00e1 tampoco de c\u00f3mo era Europa a principios del siglo XX.<\/p>\n\n\n\n<p>En ese pu\u00f1ado de p\u00e1ginas, escritas con habilidad y coraz\u00f3n, que logra meterte en el ambiente y emocionarte con las vidas apasionantes y los grandes ideales de Adenauer, Spaak, Schuman, de Gasperi y Monet, aprendes por qu\u00e9 s. Juan Pablo II insist\u00eda en decirle a Europa \u201cs\u00e9 tu misma, recupera tus ra\u00edces\u201d.<\/p>\n\n\n\n<p>El nacimiento de la Uni\u00f3n Europea fue una aventura y un ejemplo de pol\u00edtica bien entendida, una aventura llevada a cabo por 5 hombres de los que puede decirse que eran POL\u00cdTICOS, as\u00ed, con may\u00fasculas en todas las letras. 5 hombres valientes, capaces, que hab\u00edan sufrido y hab\u00edan luchado, 5 cabezas y corazones privilegiados.<\/p>\n\n\n\n<p>Y, sin embargo, las ideolog\u00edas y los intereses han desviado el rumbo de un continente que, cada vez, se despoja m\u00e1s de sus ra\u00edces, renuncia a ellas y&nbsp; casi, nos cuesta reconocer en este triste continente a esa vieja Europa capaz de tantas haza\u00f1as y heroicidades.<\/p>\n\n\n\n<p>Como bien explica el Cardenal Sarah en su libro \u201cse hace tarde y anochece\u201d (otra joya que deber\u00eda ser lectura obligatoria para todos) Europa est\u00e1 abocada a la autodestrucci\u00f3n, est\u00e1 desapareciendo porque ha renunciado a sur ra\u00edces cristianas, se averg\u00fcenza de ellas y quiere borrarlas. Europa, occidente en general, caer\u00e1 como lo hizo el imperio romano y puede que incluso nosotros lleguemos a verlo. La ca\u00edda parece ya imparable pero confiemos en que se frene y, sobre todo, que no sea irreversible.<\/p>\n\n\n\n<p>Pero el futuro pr\u00f3ximo no es muy alentador. Tenemos a la vuelta de la esquina la votaci\u00f3n en el Parlamento europeo de un informe -el informe Matic- que definir\u00eda el aborto como un derecho fundamental, con todo lo que ello implica, y est\u00e1n poniendo todos lo medios para que no haya debate ni oposici\u00f3n. Y mientras, la Agenda 2030 empuj\u00e1ndonos hacia el abismo.<\/p>\n\n\n\n<p>Europa llev\u00f3 la Cristiandad a todo el mundo, amenaza ahora con llevar la destrucci\u00f3n.<\/p>\n\n\n\n<p>Pero no nos rindamos, todo lo que podamos hacer, por peque\u00f1o que sea, hag\u00e1moslo. Recordemos las palabras de la enc\u00edclica \u201cChrisitefideles laici\u201d dirigida a nosotros, los laicos, \u2018a nadie le es l\u00edcito permanecer ocioso\u2019. Lev\u00e1ntate, rema mar adentro, conf\u00eda, pero rema.<\/p>\n","protected":false},"excerpt":{"rendered":"<p>Las ideolog\u00edas y los intereses han desviado el rumbo de un continente que, cada vez, se despoja m\u00e1s de sus ra\u00edces, renuncia a ellas y  casi, nos cuesta reconocerla.<\/p>\n","protected":false},"author":632,"featured_media":93369,"comment_status":"open","ping_status":"open","sticky":false,"template":"","format":"standard","meta":{"give_campaign_id":0,"om_disable_all_campaigns":false,"_monsterinsights_skip_tracking":false,"_monsterinsights_sitenote_active":false,"_monsterinsights_sitenote_note":"","_monsterinsights_sitenote_category":0,"mc4wp_mailchimp_campaign":[],"jnews-multi-image_gallery":[],"jnews_single_post":{"subtitle":"Las ideolog\u00edas y los intereses han desviado el rumbo de un continente que, cada vez, se despoja m\u00e1s de sus ra\u00edces, renuncia a ellas y  casi, nos cuesta reconocerla.","format":"standard","video":"","gallery":"","source_name":"","source_url":"","via_name":"","via_url":"","override":[{"single_blog_custom":"","sidebar":"","second_sidebar":"","share_position":"","share_float_style":"","post_date_format":"","post_date_format_custom":"","post_reading_time_wpm":"","zoom_button_out_step":"1","zoom_button_in_step":"1","number_popup_post":"1"}],"image_override":[{"single_post_thumbnail_size":"","single_post_gallery_size":""}],"trending_post_position":"","trending_post_label":"","sponsored_post_label":"","sponsored_post_name":"","sponsored_post_url":"","sponsored_post_logo":"","sponsored_post_desc":""},"jnews_primary_category":{"id":""},"jnews_social_meta":[],"jnews_override_counter":[],"footnotes":""},"categories":[765,810,815],"tags":[],"class_list":["post-92103","post","type-post","status-publish","format-standard","has-post-thumbnail","hentry","category-cultura-es","category-foreground-es","category-breaking-news-es"],"yoast_head":"<!-- This site is optimized with the Yoast SEO Premium plugin v25.9 (Yoast SEO v27.3) - https:\/\/yoast.com\/product\/yoast-seo-premium-wordpress\/ -->\n<title>\u201cEuropa, s\u00e9 t\u00fa misma\u201d - IFN<\/title>\n<meta name=\"description\" content=\"Las ideolog\u00edas han desviado el rumbo de un continente que, cada vez, se despoja de sus ra\u00edces, y casi, nos cuesta reconocerla.\" \/>\n<meta name=\"robots\" content=\"index, follow, max-snippet:-1, max-image-preview:large, max-video-preview:-1\" \/>\n<link rel=\"canonical\" href=\"https:\/\/ifamnews.com\/es\/-europa-s-t-misma-\" \/>\n<meta property=\"og:locale\" content=\"es_ES\" \/>\n<meta property=\"og:type\" content=\"article\" \/>\n<meta property=\"og:title\" content=\"\u201cEuropa, s\u00e9 t\u00fa misma\u201d\" \/>\n<meta property=\"og:description\" content=\"Las ideolog\u00edas han desviado el rumbo de un continente que, cada vez, se despoja de sus ra\u00edces, y casi, nos cuesta reconocerla.\" \/>\n<meta property=\"og:url\" content=\"https:\/\/ifamnews.com\/es\/-europa-s-t-misma-\" \/>\n<meta property=\"og:site_name\" content=\"IFN\" \/>\n<meta property=\"article:publisher\" content=\"https:\/\/www.facebook.com\/iFamNews\" \/>\n<meta property=\"article:published_time\" content=\"2021-09-02T08:47:41+00:00\" \/>\n<meta property=\"article:modified_time\" content=\"2021-09-08T13:29:21+00:00\" \/>\n<meta property=\"og:image\" content=\"https:\/\/ifamnews.com\/wp-content\/uploads\/2021\/09\/pexels-freestocksorg-113885.png\" \/>\n\t<meta property=\"og:image:width\" content=\"1200\" \/>\n\t<meta property=\"og:image:height\" content=\"675\" \/>\n\t<meta property=\"og:image:type\" content=\"image\/png\" \/>\n<meta name=\"author\" content=\"Leonor Tamayo\" \/>\n<meta name=\"twitter:card\" content=\"summary_large_image\" \/>\n<meta name=\"twitter:creator\" content=\"@https:\/\/twitter.com\/tamayoleonor\" \/>\n<meta name=\"twitter:site\" content=\"@iFamNewsEN\" \/>\n<meta name=\"twitter:label1\" content=\"Escrito por\" \/>\n\t<meta name=\"twitter:data1\" content=\"Leonor Tamayo\" \/>\n\t<meta name=\"twitter:label2\" content=\"Tiempo de lectura\" \/>\n\t<meta name=\"twitter:data2\" content=\"2 minutos\" \/>\n<!-- \/ Yoast SEO Premium plugin. -->","yoast_head_json":{"title":"\u201cEuropa, s\u00e9 t\u00fa misma\u201d - IFN","description":"Las ideolog\u00edas han desviado el rumbo de un continente que, cada vez, se despoja de sus ra\u00edces, y casi, nos cuesta reconocerla.","robots":{"index":"index","follow":"follow","max-snippet":"max-snippet:-1","max-image-preview":"max-image-preview:large","max-video-preview":"max-video-preview:-1"},"canonical":"https:\/\/ifamnews.com\/es\/-europa-s-t-misma-","og_locale":"es_ES","og_type":"article","og_title":"\u201cEuropa, s\u00e9 t\u00fa misma\u201d","og_description":"Las ideolog\u00edas han desviado el rumbo de un continente que, cada vez, se despoja de sus ra\u00edces, y casi, nos cuesta reconocerla.","og_url":"https:\/\/ifamnews.com\/es\/-europa-s-t-misma-","og_site_name":"IFN","article_publisher":"https:\/\/www.facebook.com\/iFamNews","article_published_time":"2021-09-02T08:47:41+00:00","article_modified_time":"2021-09-08T13:29:21+00:00","og_image":[{"width":1200,"height":675,"url":"https:\/\/ifamnews.com\/wp-content\/uploads\/2021\/09\/pexels-freestocksorg-113885.png","type":"image\/png"}],"author":"Leonor Tamayo","twitter_card":"summary_large_image","twitter_creator":"@https:\/\/twitter.com\/tamayoleonor","twitter_site":"@iFamNewsEN","twitter_misc":{"Escrito por":"Leonor Tamayo","Tiempo de lectura":"2 minutos"},"schema":{"@context":"https:\/\/schema.org","@graph":[{"@type":"NewsArticle","@id":"https:\/\/ifamnews.com\/es\/-europa-s-t-misma-#article","isPartOf":{"@id":"https:\/\/ifamnews.com\/es\/-europa-s-t-misma-"},"author":{"name":"Leonor Tamayo","@id":"https:\/\/ifamnews.com\/en\/#\/schema\/person\/761074811b1cee9147fc1aa1c5847ca9"},"headline":"\u201cEuropa, s\u00e9 t\u00fa misma\u201d","datePublished":"2021-09-02T08:47:41+00:00","dateModified":"2021-09-08T13:29:21+00:00","mainEntityOfPage":{"@id":"https:\/\/ifamnews.com\/es\/-europa-s-t-misma-"},"wordCount":480,"commentCount":0,"publisher":{"@id":"https:\/\/ifamnews.com\/en\/#organization"},"image":{"@id":"https:\/\/ifamnews.com\/es\/-europa-s-t-misma-#primaryimage"},"thumbnailUrl":"https:\/\/ifamnews.com\/wp-content\/uploads\/2021\/09\/pexels-freestocksorg-113885.png","articleSection":["Cultura","Foreground","\u00daLTIMAS NOTICIAS"],"inLanguage":"es","potentialAction":[{"@type":"CommentAction","name":"Comment","target":["https:\/\/ifamnews.com\/es\/-europa-s-t-misma-#respond"]}]},{"@type":"WebPage","@id":"https:\/\/ifamnews.com\/es\/-europa-s-t-misma-","url":"https:\/\/ifamnews.com\/es\/-europa-s-t-misma-","name":"\u201cEuropa, s\u00e9 t\u00fa misma\u201d - IFN","isPartOf":{"@id":"https:\/\/ifamnews.com\/en\/#website"},"primaryImageOfPage":{"@id":"https:\/\/ifamnews.com\/es\/-europa-s-t-misma-#primaryimage"},"image":{"@id":"https:\/\/ifamnews.com\/es\/-europa-s-t-misma-#primaryimage"},"thumbnailUrl":"https:\/\/ifamnews.com\/wp-content\/uploads\/2021\/09\/pexels-freestocksorg-113885.png","datePublished":"2021-09-02T08:47:41+00:00","dateModified":"2021-09-08T13:29:21+00:00","description":"Las ideolog\u00edas han desviado el rumbo de un continente que, cada vez, se despoja de sus ra\u00edces, y casi, nos cuesta reconocerla.","breadcrumb":{"@id":"https:\/\/ifamnews.com\/es\/-europa-s-t-misma-#breadcrumb"},"inLanguage":"es","potentialAction":[{"@type":"ReadAction","target":["https:\/\/ifamnews.com\/es\/-europa-s-t-misma-"]}]},{"@type":"ImageObject","inLanguage":"es","@id":"https:\/\/ifamnews.com\/es\/-europa-s-t-misma-#primaryimage","url":"https:\/\/ifamnews.com\/wp-content\/uploads\/2021\/09\/pexels-freestocksorg-113885.png","contentUrl":"https:\/\/ifamnews.com\/wp-content\/uploads\/2021\/09\/pexels-freestocksorg-113885.png","width":1200,"height":675},{"@type":"BreadcrumbList","@id":"https:\/\/ifamnews.com\/es\/-europa-s-t-misma-#breadcrumb","itemListElement":[{"@type":"ListItem","position":1,"name":"Home","item":"https:\/\/ifamnews.com\/de"},{"@type":"ListItem","position":2,"name":"\u041a\u0443\u043b\u0442\u0443\u0440\u0430","item":"https:\/\/ifamnews.com\/sr\/kategorija\/kultura-sr"},{"@type":"ListItem","position":3,"name":"\u201cEuropa, s\u00e9 t\u00fa misma\u201d"}]},{"@type":"WebSite","@id":"https:\/\/ifamnews.com\/en\/#website","url":"https:\/\/ifamnews.com\/en\/","name":"IFN","description":"International Family News Network","publisher":{"@id":"https:\/\/ifamnews.com\/en\/#organization"},"potentialAction":[{"@type":"SearchAction","target":{"@type":"EntryPoint","urlTemplate":"https:\/\/ifamnews.com\/en\/?s={search_term_string}"},"query-input":{"@type":"PropertyValueSpecification","valueRequired":true,"valueName":"search_term_string"}}],"inLanguage":"es"},{"@type":"Organization","@id":"https:\/\/ifamnews.com\/en\/#organization","name":"iFamNews","url":"https:\/\/ifamnews.com\/en\/","logo":{"@type":"ImageObject","inLanguage":"es","@id":"https:\/\/ifamnews.com\/en\/#\/schema\/logo\/image\/","url":"https:\/\/ifamnews.com\/wp-content\/uploads\/2020\/01\/Share-logo.png","contentUrl":"https:\/\/ifamnews.com\/wp-content\/uploads\/2020\/01\/Share-logo.png","width":200,"height":200,"caption":"iFamNews"},"image":{"@id":"https:\/\/ifamnews.com\/en\/#\/schema\/logo\/image\/"},"sameAs":["https:\/\/www.facebook.com\/iFamNews","https:\/\/x.com\/iFamNewsEN"]},{"@type":"Person","@id":"https:\/\/ifamnews.com\/en\/#\/schema\/person\/761074811b1cee9147fc1aa1c5847ca9","name":"Leonor Tamayo","image":{"@type":"ImageObject","inLanguage":"es","@id":"https:\/\/secure.gravatar.com\/avatar\/dfe906e01a8e234582c6c3df0eb0c52383c675f0e693c75e468adea76e138751?s=96&d=mm&r=g","url":"https:\/\/secure.gravatar.com\/avatar\/dfe906e01a8e234582c6c3df0eb0c52383c675f0e693c75e468adea76e138751?s=96&d=mm&r=g","contentUrl":"https:\/\/secure.gravatar.com\/avatar\/dfe906e01a8e234582c6c3df0eb0c52383c675f0e693c75e468adea76e138751?s=96&d=mm&r=g","caption":"Leonor Tamayo"},"description":"Leonor Tamayo is married to an extraordinary man, with whom she has 10 children and a life full of joy, disorder and noise. She is an enthusiastic and grateful Catholic. She is determined to put her 2 loaves of bread and 5 fishes for God to multiply, if He wants. The free time she can scrape, she dedicates to coordinate and keep running the gears of the Global Women of the World Platform that she founded a few years ago.","sameAs":["https:\/\/womenworldplatform.com\/","https:\/\/instagram.com\/mihistoriayoncemas\/","https:\/\/x.com\/https:\/\/twitter.com\/tamayoleonor","azulueta"],"url":"https:\/\/ifamnews.com\/es\/author\/leonor-tamayo"}]}},"amp_enabled":true,"_links":{"self":[{"href":"https:\/\/ifamnews.com\/es\/wp-json\/wp\/v2\/posts\/92103","targetHints":{"allow":["GET"]}}],"collection":[{"href":"https:\/\/ifamnews.com\/es\/wp-json\/wp\/v2\/posts"}],"about":[{"href":"https:\/\/ifamnews.com\/es\/wp-json\/wp\/v2\/types\/post"}],"author":[{"embeddable":true,"href":"https:\/\/ifamnews.com\/es\/wp-json\/wp\/v2\/users\/632"}],"replies":[{"embeddable":true,"href":"https:\/\/ifamnews.com\/es\/wp-json\/wp\/v2\/comments?post=92103"}],"version-history":[{"count":2,"href":"https:\/\/ifamnews.com\/es\/wp-json\/wp\/v2\/posts\/92103\/revisions"}],"predecessor-version":[{"id":92120,"href":"https:\/\/ifamnews.com\/es\/wp-json\/wp\/v2\/posts\/92103\/revisions\/92120"}],"wp:featuredmedia":[{"embeddable":true,"href":"https:\/\/ifamnews.com\/es\/wp-json\/wp\/v2\/media\/93369"}],"wp:attachment":[{"href":"https:\/\/ifamnews.com\/es\/wp-json\/wp\/v2\/media?parent=92103"}],"wp:term":[{"taxonomy":"category","embeddable":true,"href":"https:\/\/ifamnews.com\/es\/wp-json\/wp\/v2\/categories?post=92103"},{"taxonomy":"post_tag","embeddable":true,"href":"https:\/\/ifamnews.com\/es\/wp-json\/wp\/v2\/tags?post=92103"}],"curies":[{"name":"wp","href":"https:\/\/api.w.org\/{rel}","templated":true}]}}