{"id":90598,"date":"2021-08-27T01:00:00","date_gmt":"2021-08-27T05:00:00","guid":{"rendered":"https:\/\/ifamnews.com\/?p=90598"},"modified":"2021-08-24T08:34:37","modified_gmt":"2021-08-24T12:34:37","slug":"exclusiva-levan-vasadze-las-extra-as-circunstancias-de-mi-enfermedad-segunda-parte","status":"publish","type":"post","link":"https:\/\/ifamnews.com\/es\/exclusiva-levan-vasadze-las-extra-as-circunstancias-de-mi-enfermedad-segunda-parte","title":{"rendered":"EXCLUSIVA: Levan Vasadze: Las extra\u00f1as circunstancias de mi enfermedad, segunda parte"},"content":{"rendered":"\n<p><em>[<strong>Nota del editor:<\/strong> Aqu\u00ed presentamos la continuaci\u00f3n y conclusi\u00f3n de una declaraci\u00f3n exclusiva proporcionada por Levan Vasadze a iFamNews. <a href=\"https:\/\/ifamnews.com\/es\/exclusiva-levan-vasadze-las-extra-as-circunstancias-de-mi-enfermedad-primera-parte\">La primera parte se puede leer pinchando aqu\u00ed<\/a>. En la primera parte, el autor explicaba el inicio de sus s\u00edntomas y el diagn\u00f3stico de una enfermedad rara y peligrosa, la amiloidosis AL. Levan es un viejo amigo y colaborador de la Organizaci\u00f3n Internacional para la Familia (OIF) y fue presidente del X Congreso Mundial de Familias celebrado en Tiflis en 2016. Es uno de los l\u00edderes pro-familia m\u00e1s conocidos en el C\u00e1ucaso. Brian Brown, presidente de IOF, estuvo recientemente con Levan en Georgia para el lanzamiento del nuevo movimiento social ERI de Levan. Por aquel entonces, Vasadze empez\u00f3 a sentirse mal con extra\u00f1os s\u00edntomas. Como uno de los cr\u00edticos m\u00e1s conocidos del liberalismo, Levan tiene muchos enemigos, lo que da lugar a muchas preguntas sobre su enfermedad. \u00bfSe ha producido esta enfermedad de forma natural? \u00bfO fue envenenado? ]<\/em><\/p>\n\n\n\n<hr class=\"wp-block-separator has-text-color has-background has-vivid-cyan-blue-background-color has-vivid-cyan-blue-color is-style-dots\"\/>\n\n\n\n<p>A pesar del duro golpe psicol\u00f3gico -imag\u00ednense mis sentimientos, lo que significa para un padre de ocho hijos, un hombre perfectamente sano, escuchar tal diagn\u00f3stico-, desde el d\u00eda de mi llegada a Estambul mi estado f\u00edsico mejor\u00f3 notablemente y sigui\u00f3 haci\u00e9ndolo en Mosc\u00fa.<\/p>\n\n\n\n<p>Todo comenz\u00f3 con el hecho de que la primera noche tras mi llegada a Estambul dorm\u00ed perfectamente. La tos, que me ahogaba desde hac\u00eda tres meses, desapareci\u00f3 por completo. La hinchaz\u00f3n de mis piernas tambi\u00e9n desapareci\u00f3 totalmente, mientras que hasta ese momento no hab\u00eda podido ni siquiera ponerme los zapatos. <\/p>\n\n\n\n<p>A pesar de estas mejoras, lamentablemente se confirm\u00f3 el terrible diagn\u00f3stico. As\u00ed que, parad\u00f3jicamente, durante los dos \u00faltimos meses, aun cuando he sufrido un estr\u00e9s psicol\u00f3gico bastante severo y no he o\u00eddo m\u00e1s que advertencias funestas sobre las perspectivas de mi salud y estado general, los sentimientos y s\u00edntomas que hab\u00eda descrito anteriormente han seguido mejorando de forma constante.<\/p>\n\n\n\n<p>Lo m\u00e1s extra\u00f1o no es que mi tos haya desaparecido por completo, ni que mi respiraci\u00f3n durante el sue\u00f1o se haya normalizado, ni que la hinchaz\u00f3n de mis extremidades haya desaparecido, sino que lo m\u00e1s extra\u00f1o es que la fracci\u00f3n de eyecci\u00f3n de mi coraz\u00f3n (es decir, la secreci\u00f3n de ox\u00edgeno) tambi\u00e9n ha mejorado significativamente en Mosc\u00fa, en comparaci\u00f3n con lo que hab\u00eda experimentado en Estambul. Realmente no creo que todo haya ocurrido \u00fanicamente por causa del \u00fanico medicamento diur\u00e9tico que me recetaron. De hecho, seg\u00fan la opini\u00f3n general de absolutamente todos los especialistas que he consultado, es totalmente imposible explicar estos efectos por ese \u00fanico medicamento, que estuve tomando todo el tiempo.<\/p>\n\n\n\n<p>En un principio, este hecho suscit\u00f3 la esperanza entre mi consejo de m\u00e9dicos de que tal vez ya hab\u00eda pasado el pico de alguna <em>otra<\/em> enfermedad. La primera sospecha recay\u00f3 en la miocarditis (inflamaci\u00f3n del m\u00fasculo card\u00edaco). Tal vez mi coraz\u00f3n hab\u00eda superado una miocarditis debido a fuertes indicadores f\u00edsicos; la deformaci\u00f3n de la pared interna podr\u00eda explicarse entonces por el llamado fen\u00f3meno del \u00abcoraz\u00f3n del deportista\u00bb, es decir, un coraz\u00f3n acostumbrado a grandes esfuerzos f\u00edsicos. A veces la miocarditis puede tomar ese curso. <\/p>\n\n\n\n<p>Me hicieron la prueba de los anticuerpos indicativos de miocarditis pero, por desgracia, esta teor\u00eda no se confirm\u00f3. En cambio, los an\u00e1lisis confirmaron el peor diagn\u00f3stico de amiloidosis. As\u00ed pues, la autorregulaci\u00f3n de mi fracci\u00f3n de gasto card\u00edaco(<em>es decir<\/em>, la liberaci\u00f3n de ox\u00edgeno), junto con la desaparici\u00f3n de mi tos, la desaparici\u00f3n de la hinchaz\u00f3n de mis extremidades y el cese de los trastornos del sue\u00f1o, siguen sin tener explicaci\u00f3n a la luz de mi grave enfermedad.<\/p>\n\n\n\n<figure class=\"wp-block-gallery columns-3 is-cropped wp-block-gallery-1 is-layout-flex wp-block-gallery-is-layout-flex\"><ul class=\"blocks-gallery-grid\"><li class=\"blocks-gallery-item\"><figure><img decoding=\"async\" width=\"1024\" height=\"721\" src=\"https:\/\/ifamnews.com\/wp-content\/uploads\/2021\/08\/WhatsApp-Image-2021-08-18-at-12.18.41-PM-1024x721.jpeg\" alt=\"\" data-id=\"90011\" data-full-url=\"https:\/\/ifamnews.com\/wp-content\/uploads\/2021\/08\/WhatsApp-Image-2021-08-18-at-12.18.41-PM.jpeg\" data-link=\"https:\/\/ifamnews.com\/en?attachment_id=90011\" class=\"wp-image-90011\" srcset=\"https:\/\/ifamnews.com\/wp-content\/uploads\/2021\/08\/WhatsApp-Image-2021-08-18-at-12.18.41-PM-1024x721.jpeg 1024w, https:\/\/ifamnews.com\/wp-content\/uploads\/2021\/08\/WhatsApp-Image-2021-08-18-at-12.18.41-PM-768x541.jpeg 768w, https:\/\/ifamnews.com\/wp-content\/uploads\/2021\/08\/WhatsApp-Image-2021-08-18-at-12.18.41-PM-750x528.jpeg 750w, https:\/\/ifamnews.com\/wp-content\/uploads\/2021\/08\/WhatsApp-Image-2021-08-18-at-12.18.41-PM.jpeg 1079w\" sizes=\"(max-width: 1024px) 100vw, 1024px\" \/><\/figure><\/li><li class=\"blocks-gallery-item\"><figure><img decoding=\"async\" width=\"900\" height=\"621\" src=\"https:\/\/ifamnews.com\/wp-content\/uploads\/2021\/08\/WhatsApp-Image-2021-08-18-at-12.22.51-PM-1.jpeg\" alt=\"\" data-id=\"90027\" data-full-url=\"https:\/\/ifamnews.com\/wp-content\/uploads\/2021\/08\/WhatsApp-Image-2021-08-18-at-12.22.51-PM-1.jpeg\" data-link=\"https:\/\/ifamnews.com\/en?attachment_id=90027\" class=\"wp-image-90034\" srcset=\"https:\/\/ifamnews.com\/wp-content\/uploads\/2021\/08\/WhatsApp-Image-2021-08-18-at-12.22.51-PM-1.jpeg 900w, https:\/\/ifamnews.com\/wp-content\/uploads\/2021\/08\/WhatsApp-Image-2021-08-18-at-12.22.51-PM-1-768x530.jpeg 768w, https:\/\/ifamnews.com\/wp-content\/uploads\/2021\/08\/WhatsApp-Image-2021-08-18-at-12.22.51-PM-1-750x518.jpeg 750w\" sizes=\"(max-width: 900px) 100vw, 900px\" \/><\/figure><\/li><li class=\"blocks-gallery-item\"><figure><img decoding=\"async\" width=\"1024\" height=\"682\" src=\"https:\/\/ifamnews.com\/wp-content\/uploads\/2021\/08\/WhatsApp-Image-2021-08-18-at-12.18.45-PM-1-1024x682.jpeg\" alt=\"\" data-id=\"90019\" data-full-url=\"https:\/\/ifamnews.com\/wp-content\/uploads\/2021\/08\/WhatsApp-Image-2021-08-18-at-12.18.45-PM-1.jpeg\" data-link=\"https:\/\/ifamnews.com\/en?attachment_id=90019\" class=\"wp-image-90019\" srcset=\"https:\/\/ifamnews.com\/wp-content\/uploads\/2021\/08\/WhatsApp-Image-2021-08-18-at-12.18.45-PM-1-1024x682.jpeg 1024w, https:\/\/ifamnews.com\/wp-content\/uploads\/2021\/08\/WhatsApp-Image-2021-08-18-at-12.18.45-PM-1-768x512.jpeg 768w, https:\/\/ifamnews.com\/wp-content\/uploads\/2021\/08\/WhatsApp-Image-2021-08-18-at-12.18.45-PM-1-750x500.jpeg 750w, https:\/\/ifamnews.com\/wp-content\/uploads\/2021\/08\/WhatsApp-Image-2021-08-18-at-12.18.45-PM-1-1140x760.jpeg 1140w, https:\/\/ifamnews.com\/wp-content\/uploads\/2021\/08\/WhatsApp-Image-2021-08-18-at-12.18.45-PM-1.jpeg 1280w\" sizes=\"(max-width: 1024px) 100vw, 1024px\" \/><\/figure><\/li><\/ul><\/figure>\n\n\n\n<p>Pero este no es el \u00fanico misterio. Desde el principio me di cuenta de que, tal vez, lo que me ocurri\u00f3 no fue accidental; y por eso, estando todav\u00eda en Estambul, ped\u00ed un an\u00e1lisis toxicol\u00f3gico en profundidad. Me di cuenta de que si se trataba de un ataque de alta tecnolog\u00eda, deb\u00eda tratarse de algo mucho m\u00e1s complejo de lo que pod\u00eda determinarse mediante un an\u00e1lisis de las funciones hep\u00e1ticas o un desequilibrio del nivel de bilirrubina. Pero en Turqu\u00eda me dijeron que este tipo de examen requer\u00eda una decisi\u00f3n judicial, as\u00ed que lo dej\u00e9 pasar. <\/p>\n\n\n\n<p>Cabe destacar que mi m\u00e9dico en Turqu\u00eda, a pesar de su alto nivel de cualificaci\u00f3n, parec\u00eda en cierto modo reacio a seguir adelante con el caso. Tal vez, tras escuchar de mi boca la teor\u00eda del envenenamiento, busc\u00f3 mi nombre en Google, vio mis protestas contra la construcci\u00f3n de la central hidroel\u00e9ctrica de Namakhvani (de acuerdo con las condiciones actuales del contrato de la central), que nuestros medios de comunicaci\u00f3n liberales hab\u00edan calificado de anti turcas, y decidi\u00f3 implicarse conmigo s\u00f3lo en lo absolutamente necesario y evitar as\u00ed mayores problemas. \u00bfC\u00f3mo podr\u00eda yo llegar a saberlo? \u00bfRealmente querr\u00eda alguien que un paciente sufriera un paro card\u00edaco simplemente por haberse opuesto a la construcci\u00f3n de una central el\u00e9ctrica? En cualquier caso, me gustar\u00eda expresar mi gratitud a mi m\u00e9dico en Turqu\u00eda, que, tras un solo examen, lleg\u00f3 al diagn\u00f3stico m\u00e1s preciso, aunque parco, y con ello me indic\u00f3 la direcci\u00f3n correcta para someterme a todos los ex\u00e1menes m\u00e9dicos posteriores. Sin embargo, es de destacar que pueda recordar claramente su insistencia en que no dispon\u00edan de centros de tratamiento para esta rara enfermedad en Turqu\u00eda y que yo deb\u00eda considerar la posibilidad de viajar a otros pa\u00edses para recibir tratamiento.<\/p>\n\n\n\n<p>No abandon\u00e9 la idea de un an\u00e1lisis toxicol\u00f3gico. Al llegar al Centro Bakulev de Mosc\u00fa tuve una charla con uno de mis compatriotas, que es jefe de un importante servicio toxicol\u00f3gico local y una gran autoridad a nivel mundial. Me explic\u00f3 vivamente c\u00f3mo el descubrimiento de \u00abtales cosas\u00bb es realmente muy dif\u00edcil. Dijo: \u00abImagina que te atropella un coche y el conductor se da a la fuga, y ahora est\u00e1s mirando las fracturas tratando de entender c\u00f3mo sucedi\u00f3 esto o aquello\u00bb. Explic\u00f3 que en el caso de un ataque de este tipo, los rastros del agente qu\u00edmico en el cuerpo desaparecen muy r\u00e1pidamente. En teor\u00eda alg\u00fan rastro podr\u00eda llegar a permanecer en el cabello durante un par de meses, pero s\u00f3lo si se han utilizado algunas sales de metales pesados; de todas formas, esto no es ninguna garant\u00eda. Me di cuenta de que dif\u00edcilmente podr\u00eda seguir esta l\u00ednea de investigaci\u00f3n. En primer lugar, ya estaba muy mal f\u00edsicamente y, en segundo lugar, \u00bfqui\u00e9n en Georgia iba a creer un an\u00e1lisis toxicol\u00f3gico realizado en Mosc\u00fa? As\u00ed que abandon\u00e9 la idea. Adem\u00e1s, me esperaban varias decisiones m\u00e1s dif\u00edciles todav\u00eda.<\/p>\n\n\n\n<p>\u00bfQu\u00e9 m\u00e9todo de tratamiento debo elegir? \u00bfA qui\u00e9n debo atender y c\u00f3mo? \u00bfDebo esperar a que me vacunen contra la COVID-19 antes de empezar el tratamiento, como me hab\u00edan recomendado, lo que supondr\u00eda a su vez perder otras tres semanas mientras espero la vacuna? \u00bfO era demasiado arriesgado, ya que la enfermedad podr\u00eda extenderse a otros \u00f3rganos en ese tiempo? Pero, por otra parte, me hab\u00edan advertido de que, en mi condici\u00f3n de sistema inmunitario debilitado y funci\u00f3n cardiovascular comprometida, probablemente no sobrevivir\u00eda a una infecci\u00f3n de la vacuna contra el COVID-19. Una y otra vez, estas y otras decisiones pesaban ahora sobre m\u00ed, adem\u00e1s del mes y medio tan impactante que ya hab\u00eda sufrido. Estos fueron los d\u00edas m\u00e1s duros. <\/p>\n\n\n\n<p>Cuando me di cuenta de que no pod\u00eda hacer frente a todo esto, rec\u00e9 y le ped\u00ed al Se\u00f1or que me guiara en lo que deb\u00eda hacer y c\u00f3mo deb\u00eda hacerlo. Y as\u00ed sucedi\u00f3. Por la gracia de Dios y con la ayuda de mis amigos, pude llegar a tomar todas las decisiones necesarias, y por eso estoy aqu\u00ed en estos momentos, en medio de la segunda semana de mi tratamiento. Conf\u00edo en el Se\u00f1or y re\u00fano todo mi \u00e1nimo para la batalla contra esta enfermedad. No me rendir\u00e9 ni claudicar\u00e9, y luchar\u00e9 con todas mis fuerzas. Mi tratamiento de quimioterapia es un camino dif\u00edcil, pero es un camino que debo tomar. Vuestras oraciones, mis queridos compatriotas georgianos y amigos de todo el mundo, me animan y me ayudan a ganar fuerza espiritual. Me dan la energ\u00eda para seguir adelante. Leo comentarios vuestros del tipo \u00ab\u00a1todo ir\u00e1 bien, estoy completamente seguro!\u00bb con una sonrisa y un esp\u00edritu alegre. \u00a1Es tan caracter\u00edstico de nuestra querida cultura!<\/p>\n\n\n\n<figure class=\"wp-block-gallery columns-3 is-cropped wp-block-gallery-2 is-layout-flex wp-block-gallery-is-layout-flex\"><ul class=\"blocks-gallery-grid\"><li class=\"blocks-gallery-item\"><figure><img decoding=\"async\" width=\"1024\" height=\"1024\" src=\"https:\/\/ifamnews.com\/wp-content\/uploads\/2021\/08\/WhatsApp-Image-2021-08-18-at-12.18.40-PM-4-1024x1024.jpeg\" alt=\"\" data-id=\"90043\" data-full-url=\"https:\/\/ifamnews.com\/wp-content\/uploads\/2021\/08\/WhatsApp-Image-2021-08-18-at-12.18.40-PM-4.jpeg\" data-link=\"https:\/\/ifamnews.com\/en?attachment_id=90043\" class=\"wp-image-90043\" srcset=\"https:\/\/ifamnews.com\/wp-content\/uploads\/2021\/08\/WhatsApp-Image-2021-08-18-at-12.18.40-PM-4-1024x1024.jpeg 1024w, https:\/\/ifamnews.com\/wp-content\/uploads\/2021\/08\/WhatsApp-Image-2021-08-18-at-12.18.40-PM-4-300x300.jpeg 300w, https:\/\/ifamnews.com\/wp-content\/uploads\/2021\/08\/WhatsApp-Image-2021-08-18-at-12.18.40-PM-4-150x150.jpeg 150w, https:\/\/ifamnews.com\/wp-content\/uploads\/2021\/08\/WhatsApp-Image-2021-08-18-at-12.18.40-PM-4-768x768.jpeg 768w, https:\/\/ifamnews.com\/wp-content\/uploads\/2021\/08\/WhatsApp-Image-2021-08-18-at-12.18.40-PM-4-75x75.jpeg 75w, https:\/\/ifamnews.com\/wp-content\/uploads\/2021\/08\/WhatsApp-Image-2021-08-18-at-12.18.40-PM-4-350x350.jpeg 350w, https:\/\/ifamnews.com\/wp-content\/uploads\/2021\/08\/WhatsApp-Image-2021-08-18-at-12.18.40-PM-4-750x750.jpeg 750w, https:\/\/ifamnews.com\/wp-content\/uploads\/2021\/08\/WhatsApp-Image-2021-08-18-at-12.18.40-PM-4.jpeg 1080w\" sizes=\"(max-width: 1024px) 100vw, 1024px\" \/><\/figure><\/li><li class=\"blocks-gallery-item\"><figure><img decoding=\"async\" width=\"610\" height=\"1024\" src=\"https:\/\/ifamnews.com\/wp-content\/uploads\/2021\/08\/WhatsApp-Image-2021-08-18-at-12.22.54-PM-3-610x1024.jpeg\" alt=\"\" data-id=\"90051\" data-full-url=\"https:\/\/ifamnews.com\/wp-content\/uploads\/2021\/08\/WhatsApp-Image-2021-08-18-at-12.22.54-PM-3.jpeg\" data-link=\"https:\/\/ifamnews.com\/en?attachment_id=90051\" class=\"wp-image-90051\" srcset=\"https:\/\/ifamnews.com\/wp-content\/uploads\/2021\/08\/WhatsApp-Image-2021-08-18-at-12.22.54-PM-3-610x1024.jpeg 610w, https:\/\/ifamnews.com\/wp-content\/uploads\/2021\/08\/WhatsApp-Image-2021-08-18-at-12.22.54-PM-3-750x1260.jpeg 750w, https:\/\/ifamnews.com\/wp-content\/uploads\/2021\/08\/WhatsApp-Image-2021-08-18-at-12.22.54-PM-3.jpeg 762w\" sizes=\"(max-width: 610px) 100vw, 610px\" \/><\/figure><\/li><li class=\"blocks-gallery-item\"><figure><img decoding=\"async\" width=\"810\" height=\"873\" src=\"https:\/\/ifamnews.com\/wp-content\/uploads\/2021\/08\/WhatsApp-Image-2021-08-18-at-12.18.40-PM-2.jpeg\" alt=\"\" data-id=\"90059\" data-full-url=\"https:\/\/ifamnews.com\/wp-content\/uploads\/2021\/08\/WhatsApp-Image-2021-08-18-at-12.18.40-PM-2.jpeg\" data-link=\"https:\/\/ifamnews.com\/en?attachment_id=90059\" class=\"wp-image-90066\" srcset=\"https:\/\/ifamnews.com\/wp-content\/uploads\/2021\/08\/WhatsApp-Image-2021-08-18-at-12.18.40-PM-2.jpeg 810w, https:\/\/ifamnews.com\/wp-content\/uploads\/2021\/08\/WhatsApp-Image-2021-08-18-at-12.18.40-PM-2-768x828.jpeg 768w, https:\/\/ifamnews.com\/wp-content\/uploads\/2021\/08\/WhatsApp-Image-2021-08-18-at-12.18.40-PM-2-750x808.jpeg 750w\" sizes=\"(max-width: 810px) 100vw, 810px\" \/><\/figure><\/li><\/ul><\/figure>\n\n\n\n<p>Una cosa puedo decir con seguridad: si me hubiera quedado en Tiflis o, como hab\u00eda planeado, hubiera regresado de Estambul antes del 5 de julio, existe la posibilidad de que todas las inexplicables mejoras en mi salud descritas anteriormente no se hubieran producido. No puedo evitar pensar que, con el giro de los acontecimientos que tuvieron lugar el 5 de julio, si me hubiera encontrado en Georgia es casi seguro que me habr\u00edan achacado todos los sucesos ocurridos all\u00ed (en lugar de la justa ira y emoci\u00f3n de nuestro pueblo), independientemente de lo que hubiera hecho, y probablemente me habr\u00edan detenido. [<em>El autor se refiere a los brotes de violencia entre manifestantes y contra manifestantes LGBT durante los actos del \u00abOrgullo\u00bb de ese d\u00eda.-Editor<\/em>]<em> <\/em>Mi insuficiencia card\u00edaca habr\u00eda empeorado, y qui\u00e9n sabe cu\u00e1l habr\u00eda sido el resultado. Es obvio que nadie habr\u00eda visto la luz venenosa de la microflora de la amiloidosis en la pared interna de mi coraz\u00f3n en un hospital de la prisi\u00f3n. Y entonces mi mujer Nino podr\u00eda haber gritado todo lo que hubiera querido sobre la buena salud de su marido hasta ese momentoc&#8230;<\/p>\n\n\n\n<p>He pensado mucho en si compartir estos detalles p\u00fablicamente o no. <\/p>\n\n\n\n<p>Si esto ha sido un atentado contra mi vida, entonces para quien haya intentado matarme, que yo comparta estos detalles no deja de serle una ayuda, ya que aprender\u00e1n en qu\u00e9 han fallado esta vez. Si, por el contrario, mi enfermedad es un mero accidente, me resulta embarazoso molestar a la gente hablando de mis personales calvarios. <\/p>\n\n\n\n<figure class=\"wp-block-gallery columns-3 is-cropped wp-block-gallery-3 is-layout-flex wp-block-gallery-is-layout-flex\"><ul class=\"blocks-gallery-grid\"><li class=\"blocks-gallery-item\"><figure><img decoding=\"async\" width=\"768\" height=\"1024\" src=\"https:\/\/ifamnews.com\/wp-content\/uploads\/2021\/08\/WhatsApp-Image-2021-08-18-at-12.18.40-PM-1-1.jpeg\" alt=\"\" data-id=\"90103\" data-full-url=\"https:\/\/ifamnews.com\/wp-content\/uploads\/2021\/08\/WhatsApp-Image-2021-08-18-at-12.18.40-PM-1-1.jpeg\" data-link=\"https:\/\/ifamnews.com\/en?attachment_id=90103\" class=\"wp-image-90110\" srcset=\"https:\/\/ifamnews.com\/wp-content\/uploads\/2021\/08\/WhatsApp-Image-2021-08-18-at-12.18.40-PM-1-1.jpeg 768w, https:\/\/ifamnews.com\/wp-content\/uploads\/2021\/08\/WhatsApp-Image-2021-08-18-at-12.18.40-PM-1-1-750x1000.jpeg 750w\" sizes=\"(max-width: 768px) 100vw, 768px\" \/><\/figure><\/li><li class=\"blocks-gallery-item\"><figure><img decoding=\"async\" width=\"699\" height=\"1024\" src=\"https:\/\/ifamnews.com\/wp-content\/uploads\/2021\/08\/WhatsApp-Image-2021-08-18-at-12.18.42-PM-699x1024.jpeg\" alt=\"\" data-id=\"90121\" data-full-url=\"https:\/\/ifamnews.com\/wp-content\/uploads\/2021\/08\/WhatsApp-Image-2021-08-18-at-12.18.42-PM.jpeg\" data-link=\"https:\/\/ifamnews.com\/en?attachment_id=90121\" class=\"wp-image-90121\" srcset=\"https:\/\/ifamnews.com\/wp-content\/uploads\/2021\/08\/WhatsApp-Image-2021-08-18-at-12.18.42-PM-699x1024.jpeg 699w, https:\/\/ifamnews.com\/wp-content\/uploads\/2021\/08\/WhatsApp-Image-2021-08-18-at-12.18.42-PM-768x1125.jpeg 768w, https:\/\/ifamnews.com\/wp-content\/uploads\/2021\/08\/WhatsApp-Image-2021-08-18-at-12.18.42-PM-750x1098.jpeg 750w, https:\/\/ifamnews.com\/wp-content\/uploads\/2021\/08\/WhatsApp-Image-2021-08-18-at-12.18.42-PM.jpeg 874w\" sizes=\"(max-width: 699px) 100vw, 699px\" \/><\/figure><\/li><li class=\"blocks-gallery-item\"><figure><img decoding=\"async\" width=\"768\" height=\"1024\" src=\"https:\/\/ifamnews.com\/wp-content\/uploads\/2021\/08\/WhatsApp-Image-2021-08-18-at-12.22.54-PM-1-768x1024.jpeg\" alt=\"\" data-id=\"90129\" data-full-url=\"https:\/\/ifamnews.com\/wp-content\/uploads\/2021\/08\/WhatsApp-Image-2021-08-18-at-12.22.54-PM-1.jpeg\" data-link=\"https:\/\/ifamnews.com\/en?attachment_id=90129\" class=\"wp-image-90129\" srcset=\"https:\/\/ifamnews.com\/wp-content\/uploads\/2021\/08\/WhatsApp-Image-2021-08-18-at-12.22.54-PM-1-768x1024.jpeg 768w, https:\/\/ifamnews.com\/wp-content\/uploads\/2021\/08\/WhatsApp-Image-2021-08-18-at-12.22.54-PM-1-750x1000.jpeg 750w, https:\/\/ifamnews.com\/wp-content\/uploads\/2021\/08\/WhatsApp-Image-2021-08-18-at-12.22.54-PM-1.jpeg 960w\" sizes=\"(max-width: 768px) 100vw, 768px\" \/><\/figure><\/li><\/ul><\/figure>\n\n\n\n<p>Pero al final decid\u00ed que deb\u00eda hablar. En primer lugar, por motivos de seguridad si alguna vez se lleva a cabo una investigaci\u00f3n, y en segundo lugar, para reducir la espiral de chismes y corros de opini\u00f3n sobre todo el asunto. <\/p>\n\n\n\n<p>\u00bfEs posible que en nuestro malogrado pa\u00eds alguien haya provocado esta situaci\u00f3n deliberadamente? \u00bfQui\u00e9n llevar\u00eda a cabo una acci\u00f3n tan radical para intentar destruir mi incipiente movimiento pol\u00edtico? \u00bfQui\u00e9n se beneficiar\u00eda de la continuidad de la dicotom\u00eda liberal de \u00abnatsebi\u00bb y \u00abkotsebi\u00bb (es decir, el Movimiento Nacional Unido y el \u00abSue\u00f1o Georgiano\u00bb), el perpetuo vaiv\u00e9n pol\u00edtico de un lado para otro mientras el pa\u00eds perece? \u00bfEs posible que yo y la gente como yo, que nos oponemos a la propaganda radical LGBT que est\u00e1 causando tanto da\u00f1o a nuestro pa\u00eds, seamos vistos como una amenaza por la izquierda, hasta el punto de llevarles a planear tal ataque de alta tecnolog\u00eda como este? Muy posiblemente. Si este es el caso, \u00bfsignifica que todav\u00eda hay una orden pendiente para liquidarme? Vuelvo a preguntar, \u00bfqui\u00e9n se beneficiar\u00eda? Si este intento hubiera funcionado, \u00bfc\u00f3mo podr\u00edan evolucionar las cosas de forma diferente para nuestro pa\u00eds? Nadie lo sabe. <\/p>\n\n\n\n<p>Al mismo tiempo, es posible, por supuesto, que haya contra\u00eddo esta rara enfermedad justo cuando entr\u00e9 en pol\u00edtica. Durante todos estos meses, consultando con los m\u00e9dicos, siempre que he podido me he hecho -aunque apenas estaba a la altura de entenderlo- la misma pregunta: \u00bfes posible provocar una enfermedad tan inesperada por medios artificiales? Los m\u00e9dicos a los que he podido consultar -en Estados Unidos, Rusia, Europa, Israel y Turqu\u00eda- no pueden confirmar ni desmentir esto, porque la respuesta a esta pregunta pertenece a un \u00e1mbito de competencia diferente. Pero las c\u00e9lulas plasm\u00e1ticas caracter\u00edsticas del mieloma, encontradas durante la perforaci\u00f3n del hueso de la pelvis, y los an\u00e1lisis adicionales de la m\u00e9dula \u00f3sea, de las part\u00edculas \u00f3seas y de la sangre, muestran claramente que al menos tengo s\u00edntomas de una enfermedad que puede ser causada definitivamente por la irradiaci\u00f3n y el envenenamiento por radiaci\u00f3n. <\/p>\n\n\n\n<p>A juzgar por lo poco que he averiguado -el tiempo que tengo para investigar a fondo es obviamente limitado-, ese envenenamiento suele producirse por la mezcla de sustancias isot\u00f3picas en el agua potable. Despu\u00e9s de beber este tipo de agua, el cuerpo se vuelve susceptible de envenenamiento por irradiaci\u00f3n. Esta irradiaci\u00f3n puede llevarse a cabo, por ejemplo, mediante lo que parece ser una simple c\u00e1mara de v\u00eddeo sobre un tr\u00edpode, o alguien con otro dispositivo igualmente disfrazado o camuflado. Aunque esta irradiaci\u00f3n puede afectar a otras personas cercanas, s\u00f3lo es temporal para quien no est\u00e9 predispuesto a efectos m\u00e1s graves por el pico isot\u00f3pico previo. Esto podr\u00eda explicar, por ejemplo, la tos de mis amigos en Kobuleti que posteriormente remiti\u00f3. Todo parece salido de una novela de esp\u00edas de capa y espada, y quiz\u00e1s todo ello sean meras fantas\u00edas, pero \u00bfno hay aqu\u00ed suficiente base para preguntarse qu\u00e9 pas\u00f3 realmente? Resumamos: <\/p>\n\n\n\n<ul class=\"wp-block-list\"><li>\u00bfC\u00f3mo es que de repente enferm\u00e9 de una rara enfermedad que se desarrolla a lo largo de muchos a\u00f1os, y en tan s\u00f3lo dos meses y precisamente los dos meses que coincidieron con mi entrada en pol\u00edtica? Despu\u00e9s de todo, en abril estaba absolutamente sano &#8230;<\/li><\/ul>\n\n\n\n<ul class=\"wp-block-list\"><li>\u00bfQu\u00e9 explica la repentina aparici\u00f3n y posterior desaparici\u00f3n s\u00fabita de una tos muy similar a la m\u00eda en mis amigos de Kobuleti? \u00bfQu\u00e9 explica la repentina desaparici\u00f3n de mi propia tos, de la hinchaz\u00f3n de mis miembros y de mi incapacidad para dormir, despu\u00e9s de haber dejado mi tierra natal, a pesar de que mi diagn\u00f3stico ha sido confirmado y todos los pron\u00f3sticos han sido sistem\u00e1ticamente nefastos? <\/li><\/ul>\n\n\n\n<ul class=\"wp-block-list\"><li>Y, lo que es m\u00e1s importante, \u00bfqu\u00e9 caus\u00f3 la mejora de mi estado card\u00edaco sin ninguna otra medicaci\u00f3n a\u00f1adida que la que ya hab\u00eda estado tomando durante tanto tiempo?<\/li><\/ul>\n\n\n\n<p>Si, a la luz de todas estas circunstancias, nuestro Estado y el Servicio de Seguridad del Estado de Georgia guardan silencio, esto ser\u00e1 una prueba m\u00e1s de que puede haber ocurrido algo nefasto.<\/p>\n\n\n\n<p>Sin embargo, por ahora tengo que someterme a un tratamiento radical para una enfermedad muy peligrosa, y hacerlo con el coraz\u00f3n da\u00f1ado. Ya he perdido 11 kilos y hasta ahora no puedo caminar bien, y esto es s\u00f3lo el comienzo de mi tratamiento de quimioterapia. No se sabe qu\u00e9 es lo que nos espera. Tengo un largo camino por recorrer y, como dijo uno de nuestros padres, \u00aben este camino se refleja un cuento de hadas de una po\u00e9tica valent\u00eda\u00bb (Galaktion Tabidze, &#8216;La luna de Mtatsminda&#8217;).<\/p>\n\n\n\n<figure class=\"wp-block-gallery columns-3 is-cropped wp-block-gallery-4 is-layout-flex wp-block-gallery-is-layout-flex\"><ul class=\"blocks-gallery-grid\"><li class=\"blocks-gallery-item\"><figure><img decoding=\"async\" width=\"768\" height=\"1024\" src=\"https:\/\/ifamnews.com\/wp-content\/uploads\/2021\/08\/WhatsApp-Image-2021-08-18-at-12.18.41-PM-1.jpeg\" alt=\"\" data-id=\"90067\" data-full-url=\"https:\/\/ifamnews.com\/wp-content\/uploads\/2021\/08\/WhatsApp-Image-2021-08-18-at-12.18.41-PM-1.jpeg\" data-link=\"https:\/\/ifamnews.com\/en?attachment_id=90067\" class=\"wp-image-90074\" srcset=\"https:\/\/ifamnews.com\/wp-content\/uploads\/2021\/08\/WhatsApp-Image-2021-08-18-at-12.18.41-PM-1.jpeg 768w, https:\/\/ifamnews.com\/wp-content\/uploads\/2021\/08\/WhatsApp-Image-2021-08-18-at-12.18.41-PM-1-750x1000.jpeg 750w\" sizes=\"(max-width: 768px) 100vw, 768px\" \/><\/figure><\/li><li class=\"blocks-gallery-item\"><figure><img decoding=\"async\" width=\"941\" height=\"1024\" src=\"https:\/\/ifamnews.com\/wp-content\/uploads\/2021\/08\/WhatsApp-Image-2021-08-18-at-12.18.41-PM-2.jpeg\" alt=\"\" data-id=\"90075\" data-full-url=\"https:\/\/ifamnews.com\/wp-content\/uploads\/2021\/08\/WhatsApp-Image-2021-08-18-at-12.18.41-PM-2.jpeg\" data-link=\"https:\/\/ifamnews.com\/en?attachment_id=90075\" class=\"wp-image-90082\" srcset=\"https:\/\/ifamnews.com\/wp-content\/uploads\/2021\/08\/WhatsApp-Image-2021-08-18-at-12.18.41-PM-2.jpeg 941w, https:\/\/ifamnews.com\/wp-content\/uploads\/2021\/08\/WhatsApp-Image-2021-08-18-at-12.18.41-PM-2-768x836.jpeg 768w, https:\/\/ifamnews.com\/wp-content\/uploads\/2021\/08\/WhatsApp-Image-2021-08-18-at-12.18.41-PM-2-750x816.jpeg 750w\" sizes=\"(max-width: 941px) 100vw, 941px\" \/><\/figure><\/li><li class=\"blocks-gallery-item\"><figure><img decoding=\"async\" width=\"560\" height=\"560\" src=\"https:\/\/ifamnews.com\/wp-content\/uploads\/2021\/08\/WhatsApp-Image-2021-08-18-at-12.18.45-PM.jpeg\" alt=\"\" data-id=\"90095\" data-full-url=\"https:\/\/ifamnews.com\/wp-content\/uploads\/2021\/08\/WhatsApp-Image-2021-08-18-at-12.18.45-PM.jpeg\" data-link=\"https:\/\/ifamnews.com\/en?attachment_id=90095\" class=\"wp-image-90102\" srcset=\"https:\/\/ifamnews.com\/wp-content\/uploads\/2021\/08\/WhatsApp-Image-2021-08-18-at-12.18.45-PM.jpeg 560w, https:\/\/ifamnews.com\/wp-content\/uploads\/2021\/08\/WhatsApp-Image-2021-08-18-at-12.18.45-PM-300x300.jpeg 300w, https:\/\/ifamnews.com\/wp-content\/uploads\/2021\/08\/WhatsApp-Image-2021-08-18-at-12.18.45-PM-150x150.jpeg 150w, https:\/\/ifamnews.com\/wp-content\/uploads\/2021\/08\/WhatsApp-Image-2021-08-18-at-12.18.45-PM-75x75.jpeg 75w, https:\/\/ifamnews.com\/wp-content\/uploads\/2021\/08\/WhatsApp-Image-2021-08-18-at-12.18.45-PM-350x350.jpeg 350w\" sizes=\"(max-width: 560px) 100vw, 560px\" \/><\/figure><\/li><\/ul><\/figure>\n\n\n\n<p>Siento un consuelo y una fuerza incre\u00edbles en mi coraz\u00f3n. He experimentado una felicidad indescriptible estos d\u00edas. Su Santidad me llam\u00f3 y me bendijo. Cualquiera que haya experimentado esto entender\u00e1 de lo que estoy hablando. (<em>El autor se refiere a Su Santidad y Beatitud Ilia II, Catholicos y Patriarca de toda Georgia- Editor.<\/em>)  <\/p>\n\n\n\n<p>En este mundo nada ocurre por casualidad: Escribo esta carta en el d\u00eda en que se recuerda al sanador principal, San Pantale\u00f3n. Que el Santo Gran M\u00e1rtir Pantale\u00f3n ayude a todos los enfermos y a los que llevan cargas, cansados y afligidos, en nuestra patria y en todo el mundo.<\/p>\n\n\n\n<p>Perd\u00f3name si te he contagiado mi preocupaci\u00f3n. A lo largo de estos d\u00edas continuaremos nuestro trabajo p\u00fablico con nuestros maravillosos amigos, espero compartir con ustedes muchas otras cosas interesantes y alentadoras. Estar\u00e9 en esta batalla hasta el final, ya que mi salud as\u00ed lo permite. Me niego a permanecer en este estado, a aceptar la enfermedad o a retirarme. No es as\u00ed como act\u00faa un guerrero en el fragor de una batalla para salvar nuestra cultura.<\/p>\n\n\n\n<p>Independientemente de la raz\u00f3n de mi condici\u00f3n, agradezco al Se\u00f1or desde el fondo de mi coraz\u00f3n su ayuda, y espero lo mejor. Los m\u00e9dicos me dan \u00e1nimos, y mi familia y mis amigos me apoyan con su cari\u00f1o. Hay una cosa que nuestros enemigos simplemente no entienden: que para nosotros, lo m\u00e1s importante es la Eternidad. \u00bfA qui\u00e9n debo temer entonces? <\/p>\n","protected":false},"excerpt":{"rendered":"<p>\u00abMe di cuenta desde el principio de que, tal vez, lo que me ocurri\u00f3 no fue accidental\u00bb.<\/p>\n","protected":false},"author":593,"featured_media":90010,"comment_status":"open","ping_status":"open","sticky":false,"template":"","format":"standard","meta":{"give_campaign_id":0,"om_disable_all_campaigns":false,"_monsterinsights_skip_tracking":false,"_monsterinsights_sitenote_active":false,"_monsterinsights_sitenote_note":"","_monsterinsights_sitenote_category":0,"mc4wp_mailchimp_campaign":[],"jnews-multi-image_gallery":[],"jnews_single_post":{"subtitle":"\"Me di cuenta desde el principio de que, tal vez, lo que me ocurri\u00f3 no fue accidental\".","format":"standard","video":"","gallery":"","source_name":"","source_url":"","via_name":"","via_url":"","override":[{"single_blog_custom":"","sidebar":"","second_sidebar":"","share_position":"","share_float_style":"","post_date_format":"","post_date_format_custom":"","post_reading_time_wpm":"","zoom_button_out_step":"1","zoom_button_in_step":"1","number_popup_post":"1"}],"image_override":[{"single_post_thumbnail_size":"","single_post_gallery_size":""}],"trending_post_position":"","trending_post_label":"","sponsored_post_label":"","sponsored_post_name":"","sponsored_post_url":"","sponsored_post_logo":"","sponsored_post_desc":""},"jnews_primary_category":{"id":""},"jnews_social_meta":[],"jnews_override_counter":[],"footnotes":""},"categories":[810,773,815],"tags":[12035,12034],"class_list":["post-90598","post","type-post","status-publish","format-standard","has-post-thumbnail","hentry","category-foreground-es","category-politica","category-breaking-news-es","tag-levan-vasadze-es","tag-republica-de-georgia"],"yoast_head":"<!-- This site is optimized with the Yoast SEO Premium plugin v25.9 (Yoast SEO v27.3) - https:\/\/yoast.com\/product\/yoast-seo-premium-wordpress\/ -->\n<title>EXCLUSIVA: Levan Vasadze: Las extra\u00f1as circunstancias de mi enfermedad, segunda parte - IFN<\/title>\n<meta name=\"description\" content=\"Presentamos la continuaci\u00f3n y conclusi\u00f3n de una declaraci\u00f3n exclusiva proporcionada por Levan Vasadze a iFamNews.\" \/>\n<meta name=\"robots\" content=\"index, follow, max-snippet:-1, max-image-preview:large, max-video-preview:-1\" \/>\n<link rel=\"canonical\" href=\"https:\/\/ifamnews.com\/es\/exclusiva-levan-vasadze-las-extra-as-circunstancias-de-mi-enfermedad-segunda-parte\" \/>\n<meta property=\"og:locale\" content=\"es_ES\" \/>\n<meta property=\"og:type\" content=\"article\" \/>\n<meta property=\"og:title\" content=\"EXCLUSIVA: Levan Vasadze: Las extra\u00f1as circunstancias de mi enfermedad, segunda parte\" \/>\n<meta property=\"og:description\" content=\"Presentamos la continuaci\u00f3n y conclusi\u00f3n de una declaraci\u00f3n exclusiva proporcionada por Levan Vasadze a iFamNews.\" \/>\n<meta property=\"og:url\" content=\"https:\/\/ifamnews.com\/es\/exclusiva-levan-vasadze-las-extra-as-circunstancias-de-mi-enfermedad-segunda-parte\" \/>\n<meta property=\"og:site_name\" content=\"IFN\" \/>\n<meta property=\"article:publisher\" content=\"https:\/\/www.facebook.com\/iFamNews\" \/>\n<meta property=\"article:author\" content=\"https:\/\/www.facebook.com\/iFamNews\/\" \/>\n<meta property=\"article:published_time\" content=\"2021-08-27T05:00:00+00:00\" \/>\n<meta property=\"og:image\" content=\"https:\/\/ifamnews.com\/wp-content\/uploads\/2021\/08\/WhatsApp-Image-2021-08-18-at-12.18.42-PM-3.jpeg\" \/>\n\t<meta property=\"og:image:width\" content=\"1200\" \/>\n\t<meta property=\"og:image:height\" content=\"675\" \/>\n\t<meta property=\"og:image:type\" content=\"image\/jpeg\" \/>\n<meta name=\"author\" content=\"IFN English\" \/>\n<meta name=\"twitter:card\" content=\"summary_large_image\" \/>\n<meta name=\"twitter:creator\" content=\"@https:\/\/twitter.com\/iFamNewsEN\" \/>\n<meta name=\"twitter:site\" content=\"@iFamNewsEN\" \/>\n<meta name=\"twitter:label1\" content=\"Escrito por\" \/>\n\t<meta name=\"twitter:data1\" content=\"iFamNews\" \/>\n\t<meta name=\"twitter:label2\" content=\"Tiempo de lectura\" \/>\n\t<meta name=\"twitter:data2\" content=\"14 minutos\" \/>\n<!-- \/ Yoast SEO Premium plugin. -->","yoast_head_json":{"title":"EXCLUSIVA: Levan Vasadze: Las extra\u00f1as circunstancias de mi enfermedad, segunda parte - IFN","description":"Presentamos la continuaci\u00f3n y conclusi\u00f3n de una declaraci\u00f3n exclusiva proporcionada por Levan Vasadze a iFamNews.","robots":{"index":"index","follow":"follow","max-snippet":"max-snippet:-1","max-image-preview":"max-image-preview:large","max-video-preview":"max-video-preview:-1"},"canonical":"https:\/\/ifamnews.com\/es\/exclusiva-levan-vasadze-las-extra-as-circunstancias-de-mi-enfermedad-segunda-parte","og_locale":"es_ES","og_type":"article","og_title":"EXCLUSIVA: Levan Vasadze: Las extra\u00f1as circunstancias de mi enfermedad, segunda parte","og_description":"Presentamos la continuaci\u00f3n y conclusi\u00f3n de una declaraci\u00f3n exclusiva proporcionada por Levan Vasadze a iFamNews.","og_url":"https:\/\/ifamnews.com\/es\/exclusiva-levan-vasadze-las-extra-as-circunstancias-de-mi-enfermedad-segunda-parte","og_site_name":"IFN","article_publisher":"https:\/\/www.facebook.com\/iFamNews","article_author":"https:\/\/www.facebook.com\/iFamNews\/","article_published_time":"2021-08-27T05:00:00+00:00","og_image":[{"width":1200,"height":675,"url":"https:\/\/ifamnews.com\/wp-content\/uploads\/2021\/08\/WhatsApp-Image-2021-08-18-at-12.18.42-PM-3.jpeg","type":"image\/jpeg"}],"author":"IFN English","twitter_card":"summary_large_image","twitter_creator":"@https:\/\/twitter.com\/iFamNewsEN","twitter_site":"@iFamNewsEN","twitter_misc":{"Escrito por":"iFamNews","Tiempo de lectura":"14 minutos"},"schema":{"@context":"https:\/\/schema.org","@graph":[{"@type":"NewsArticle","@id":"https:\/\/ifamnews.com\/es\/exclusiva-levan-vasadze-las-extra-as-circunstancias-de-mi-enfermedad-segunda-parte#article","isPartOf":{"@id":"https:\/\/ifamnews.com\/es\/exclusiva-levan-vasadze-las-extra-as-circunstancias-de-mi-enfermedad-segunda-parte"},"author":{"name":"IFN English","@id":"https:\/\/ifamnews.com\/en\/#\/schema\/person\/633bdb7ac2496c9b9304ce62d071cdfa"},"headline":"EXCLUSIVA: Levan Vasadze: Las extra\u00f1as circunstancias de mi enfermedad, segunda parte","datePublished":"2021-08-27T05:00:00+00:00","mainEntityOfPage":{"@id":"https:\/\/ifamnews.com\/es\/exclusiva-levan-vasadze-las-extra-as-circunstancias-de-mi-enfermedad-segunda-parte"},"wordCount":2891,"commentCount":0,"publisher":{"@id":"https:\/\/ifamnews.com\/en\/#organization"},"image":{"@id":"https:\/\/ifamnews.com\/es\/exclusiva-levan-vasadze-las-extra-as-circunstancias-de-mi-enfermedad-segunda-parte#primaryimage"},"thumbnailUrl":"https:\/\/ifamnews.com\/wp-content\/uploads\/2021\/08\/WhatsApp-Image-2021-08-18-at-12.18.42-PM-3.jpeg","keywords":["Levan Vasadze","Rep\u00fablica de Georgia"],"articleSection":["Foreground","Pol\u00edtica","\u00daLTIMAS NOTICIAS"],"inLanguage":"es","potentialAction":[{"@type":"CommentAction","name":"Comment","target":["https:\/\/ifamnews.com\/es\/exclusiva-levan-vasadze-las-extra-as-circunstancias-de-mi-enfermedad-segunda-parte#respond"]}]},{"@type":"WebPage","@id":"https:\/\/ifamnews.com\/es\/exclusiva-levan-vasadze-las-extra-as-circunstancias-de-mi-enfermedad-segunda-parte","url":"https:\/\/ifamnews.com\/es\/exclusiva-levan-vasadze-las-extra-as-circunstancias-de-mi-enfermedad-segunda-parte","name":"EXCLUSIVA: Levan Vasadze: Las extra\u00f1as circunstancias de mi enfermedad, segunda parte - IFN","isPartOf":{"@id":"https:\/\/ifamnews.com\/en\/#website"},"primaryImageOfPage":{"@id":"https:\/\/ifamnews.com\/es\/exclusiva-levan-vasadze-las-extra-as-circunstancias-de-mi-enfermedad-segunda-parte#primaryimage"},"image":{"@id":"https:\/\/ifamnews.com\/es\/exclusiva-levan-vasadze-las-extra-as-circunstancias-de-mi-enfermedad-segunda-parte#primaryimage"},"thumbnailUrl":"https:\/\/ifamnews.com\/wp-content\/uploads\/2021\/08\/WhatsApp-Image-2021-08-18-at-12.18.42-PM-3.jpeg","datePublished":"2021-08-27T05:00:00+00:00","description":"Presentamos la continuaci\u00f3n y conclusi\u00f3n de una declaraci\u00f3n exclusiva proporcionada por Levan Vasadze a iFamNews.","breadcrumb":{"@id":"https:\/\/ifamnews.com\/es\/exclusiva-levan-vasadze-las-extra-as-circunstancias-de-mi-enfermedad-segunda-parte#breadcrumb"},"inLanguage":"es","potentialAction":[{"@type":"ReadAction","target":["https:\/\/ifamnews.com\/es\/exclusiva-levan-vasadze-las-extra-as-circunstancias-de-mi-enfermedad-segunda-parte"]}]},{"@type":"ImageObject","inLanguage":"es","@id":"https:\/\/ifamnews.com\/es\/exclusiva-levan-vasadze-las-extra-as-circunstancias-de-mi-enfermedad-segunda-parte#primaryimage","url":"https:\/\/ifamnews.com\/wp-content\/uploads\/2021\/08\/WhatsApp-Image-2021-08-18-at-12.18.42-PM-3.jpeg","contentUrl":"https:\/\/ifamnews.com\/wp-content\/uploads\/2021\/08\/WhatsApp-Image-2021-08-18-at-12.18.42-PM-3.jpeg","width":1200,"height":675},{"@type":"BreadcrumbList","@id":"https:\/\/ifamnews.com\/es\/exclusiva-levan-vasadze-las-extra-as-circunstancias-de-mi-enfermedad-segunda-parte#breadcrumb","itemListElement":[{"@type":"ListItem","position":1,"name":"Home","item":"https:\/\/ifamnews.com\/de"},{"@type":"ListItem","position":2,"name":"Breaking News","item":"https:\/\/ifamnews.com\/en\/category\/breaking-news"},{"@type":"ListItem","position":3,"name":"EXCLUSIVA: Levan Vasadze: Las extra\u00f1as circunstancias de mi enfermedad, segunda parte"}]},{"@type":"WebSite","@id":"https:\/\/ifamnews.com\/en\/#website","url":"https:\/\/ifamnews.com\/en\/","name":"IFN","description":"International Family News Network","publisher":{"@id":"https:\/\/ifamnews.com\/en\/#organization"},"potentialAction":[{"@type":"SearchAction","target":{"@type":"EntryPoint","urlTemplate":"https:\/\/ifamnews.com\/en\/?s={search_term_string}"},"query-input":{"@type":"PropertyValueSpecification","valueRequired":true,"valueName":"search_term_string"}}],"inLanguage":"es"},{"@type":"Organization","@id":"https:\/\/ifamnews.com\/en\/#organization","name":"iFamNews","url":"https:\/\/ifamnews.com\/en\/","logo":{"@type":"ImageObject","inLanguage":"es","@id":"https:\/\/ifamnews.com\/en\/#\/schema\/logo\/image\/","url":"https:\/\/ifamnews.com\/wp-content\/uploads\/2020\/01\/Share-logo.png","contentUrl":"https:\/\/ifamnews.com\/wp-content\/uploads\/2020\/01\/Share-logo.png","width":200,"height":200,"caption":"iFamNews"},"image":{"@id":"https:\/\/ifamnews.com\/en\/#\/schema\/logo\/image\/"},"sameAs":["https:\/\/www.facebook.com\/iFamNews","https:\/\/x.com\/iFamNewsEN"]},{"@type":"Person","@id":"https:\/\/ifamnews.com\/en\/#\/schema\/person\/633bdb7ac2496c9b9304ce62d071cdfa","name":"IFN English","image":{"@type":"ImageObject","inLanguage":"es","@id":"https:\/\/secure.gravatar.com\/avatar\/6f16ce95b558ae6f6eb9ae2f68122482a2c61696af2a8fc343c2e10f981a959d?s=96&d=mm&r=g","url":"https:\/\/secure.gravatar.com\/avatar\/6f16ce95b558ae6f6eb9ae2f68122482a2c61696af2a8fc343c2e10f981a959d?s=96&d=mm&r=g","contentUrl":"https:\/\/secure.gravatar.com\/avatar\/6f16ce95b558ae6f6eb9ae2f68122482a2c61696af2a8fc343c2e10f981a959d?s=96&d=mm&r=g","caption":"IFN English"},"description":"Articles published by the English iFamNews editorial team.","sameAs":["https:\/\/ifamnews.com\/en","https:\/\/www.facebook.com\/iFamNews\/","https:\/\/x.com\/https:\/\/twitter.com\/iFamNewsEN","https:\/\/www.youtube.com\/channel\/UCMVyIt4z9BANW3d09kwfUpw"],"url":"https:\/\/ifamnews.com\/es\/author\/ifamnews-staff"}]}},"amp_enabled":true,"_links":{"self":[{"href":"https:\/\/ifamnews.com\/es\/wp-json\/wp\/v2\/posts\/90598","targetHints":{"allow":["GET"]}}],"collection":[{"href":"https:\/\/ifamnews.com\/es\/wp-json\/wp\/v2\/posts"}],"about":[{"href":"https:\/\/ifamnews.com\/es\/wp-json\/wp\/v2\/types\/post"}],"author":[{"embeddable":true,"href":"https:\/\/ifamnews.com\/es\/wp-json\/wp\/v2\/users\/593"}],"replies":[{"embeddable":true,"href":"https:\/\/ifamnews.com\/es\/wp-json\/wp\/v2\/comments?post=90598"}],"version-history":[{"count":5,"href":"https:\/\/ifamnews.com\/es\/wp-json\/wp\/v2\/posts\/90598\/revisions"}],"predecessor-version":[{"id":90603,"href":"https:\/\/ifamnews.com\/es\/wp-json\/wp\/v2\/posts\/90598\/revisions\/90603"}],"wp:featuredmedia":[{"embeddable":true,"href":"https:\/\/ifamnews.com\/es\/wp-json\/wp\/v2\/media\/90010"}],"wp:attachment":[{"href":"https:\/\/ifamnews.com\/es\/wp-json\/wp\/v2\/media?parent=90598"}],"wp:term":[{"taxonomy":"category","embeddable":true,"href":"https:\/\/ifamnews.com\/es\/wp-json\/wp\/v2\/categories?post=90598"},{"taxonomy":"post_tag","embeddable":true,"href":"https:\/\/ifamnews.com\/es\/wp-json\/wp\/v2\/tags?post=90598"}],"curies":[{"name":"wp","href":"https:\/\/api.w.org\/{rel}","templated":true}]}}