{"id":90362,"date":"2021-08-25T01:00:00","date_gmt":"2021-08-25T05:00:00","guid":{"rendered":"https:\/\/ifamnews.com\/?p=90362"},"modified":"2021-08-22T13:39:51","modified_gmt":"2021-08-22T17:39:51","slug":"-contraria-al-pasaporte-verde-covid-19-suspendo-la-proyecci-n-de-mis-pel-culas-federica-picchi-distribuidora-de-unplanned-","status":"publish","type":"post","link":"https:\/\/ifamnews.com\/es\/-contraria-al-pasaporte-verde-covid-19-suspendo-la-proyecci-n-de-mis-pel-culas-federica-picchi-distribuidora-de-unplanned-","title":{"rendered":"\u00abContraria al Pasaporte Verde COVID-19, suspendo la proyecci\u00f3n de mis pel\u00edculas\u00bb. Federica Picchi, distribuidora de \u00abUnplanned\u00bb"},"content":{"rendered":"\n<p>\u00abComo distribuidora de pel\u00edculas, con la introducci\u00f3n del Pasaporte Verde he decidido suspender todas las proyecciones p\u00fablicas porque no quiero contribuir, ni siquiera indirectamente, a un mecanismo de discriminaci\u00f3n de la poblaci\u00f3n\u00bb. Habla Federica Picchi, fundadora de <a href=\"https:\/\/www.dominusproduction.com\/\" target=\"_blank\" rel=\"noopener\">Dominus Production<\/a>, una empresa de producci\u00f3n y distribuci\u00f3n de pel\u00edculas que ha llevado a los cines italianos una conmovedora pel\u00edcula sobre el tema del aborto, <a href=\"https:\/\/ifamnews.com\/it\/-unplanned-in-italia\" target=\"_blank\" rel=\"noopener\"><em>No planificado<\/em><\/a>.<\/p>\n\n\n\n<p>\u00abEs una elecci\u00f3n que me est\u00e1 costando\u00bb, explic\u00f3 Picchi a iFamNews. \u00ab<em>Unplanned<\/em> excede las previsiones, y el lunes por la noche en Verona tuvieron que organizar dos proyecciones m\u00e1s adem\u00e1s de la ya programada, debido al gran n\u00famero de solicitudes\u00bb. Pero a partir de ma\u00f1ana, viernes 6 de agosto, cuando entre en vigor el requisito del Pase Verde para acceder a determinados lugares, incluidos los cines, Dominus Production suspender\u00e1 la distribuci\u00f3n. Su elecci\u00f3n es empresarialmente incomprensible. Sin embargo, una batalla por los valores no es una batalla si no implica sacrificios. \u00abCreo que en este momento cada uno de nosotros debe dar una se\u00f1al, aunque signifique hacer un sacrificio, porque el valor de la libertad es demasiado importante para ser derogado\u00bb, se\u00f1ala.<\/p>\n\n\n\n<p><strong>Muchos creen que el Pasaporte Verde es una medida necesaria para reducir la curva de infecci\u00f3n&#8230;<\/strong><\/p>\n\n\n\n<p><br>La salud es un bien primario y es justo que el Estado tome medidas para protegerla. Sin embargo, se plantea la cuesti\u00f3n de si el Pase Verde es una medida \u00fatil para este fin.<\/p>\n\n\n\n<p><strong>\u00bfSu respuesta es negativa?<\/strong><\/p>\n\n\n\n<p><br>Por supuesto. Perm\u00edtanme poner algunos ejemplos que demuestran las paradojas de esta legislaci\u00f3n: para entrar en una sala de cine, o incluso en un cine al aire libre, ser\u00e1 necesario presentar la tarjeta verde, que no se exigir\u00e1 para entrar en lugares cerrados como los juzgados. Adem\u00e1s, necesitar\u00e1 un certificado verde para sentarse en una mesa de un <em>bar<\/em>, pero no para comer directamente en el mostrador de la misma sala. Por no hablar de que los medios de transporte seguir\u00e1n abarrotados. El Pase Verde me parece m\u00e1s una opci\u00f3n pol\u00edtica que una opci\u00f3n sanitaria.<\/p>\n\n\n\n<p><strong>\u00bfY cu\u00e1l cree que es el objetivo pol\u00edtico?<\/strong><\/p>\n\n\n\n<p><br>Los sectores que se ver\u00e1n m\u00e1s afectados son los que inciden en la vida social, relacional y cultural: lo m\u00e1s querido por los j\u00f3venes. El objetivo es, por tanto, animar a los j\u00f3venes a vacunarse, pues de lo contrario quedar\u00e1n excluidos socialmente.<\/p>\n\n\n\n<p><strong>\u00bfEs una raz\u00f3n que Usted discute?<\/strong><\/p>\n\n\n\n<p><br>A la luz de un an\u00e1lisis coste-beneficio, tengo serias dudas sobre la vacunaci\u00f3n de los j\u00f3venes. Por lo tanto, creo que hay que respetar todas las opciones. Pero no quiero caer  en la dicotom\u00eda \u00abno vax\u00bb &#8211; \u00abs\u00ed vax\u00bb, no se trata de eso. Lo que no acepto es la utilizaci\u00f3n de cines, museos, <em>bares,<\/em> restaurantes y otros espacios para un fin que no tiene nada que ver con las actividades que desarrollamos. Es una pol\u00edtica que nos penaliza una vez m\u00e1s.<\/p>\n\n\n\n<p><strong>La industria cinematogr\u00e1fica ha sufrido en los \u00faltimos meses&#8230;<\/strong><\/p>\n\n\n\n<p><br>El nuestro ha sido uno de los sectores m\u00e1s masacrados por las pol\u00edticas anti-CoVid-19. Estuvimos cerrados durante un a\u00f1o y medio, no nos dejaron abrir ni siquiera despu\u00e9s de imponernos protocolos sanitarios muy estrictos. Y ahora incluso piden a los comerciantes que act\u00faen como controladores del Pasaporte Verde, como si fueran funcionarios p\u00fablicos. Sin embargo, m\u00e1s que los da\u00f1os econ\u00f3micos, me preocupan los efectos sociales.<\/p>\n\n\n\n<p><strong>Por favor, expl\u00edqueme m\u00e1s &#8230;<\/strong><\/p>\n\n\n\n<p><br>Si se acepta la idea de que el Estado puede discriminar a un sector de la poblaci\u00f3n sobre cualquier cosa que no sea con una base cient\u00edfica, los escenarios son siniestros. El Green Pass o un instrumento similar podr\u00eda sobrevivir a la fase de emergencia. No me parece deseable un futuro tan totalitario.<\/p>\n\n\n\n<p><strong>\u00bfEsta elecci\u00f3n la hace sentirse sola?<\/strong> <\/p>\n\n\n\n<p>En los \u00faltimos d\u00edas he le\u00eddo el bello <a href=\"https:\/\/www.museosansevero.it\/lettera-fabrizio-masucci\/\" target=\"_blank\" rel=\"noopener\">testimonio<\/a> de Fabrizio Masucci, que dimiti\u00f3 de la direcci\u00f3n del Museo de la Capilla Sansevero de N\u00e1poles, en abierto desacuerdo con la exigencia del Pasaporte Verde para acceder a los museos. Creo que no somos tan pocos. En cuanto anunci\u00e9 mi elecci\u00f3n, recib\u00ed una avalancha de mensajes de solidaridad. Por tanto el testimonio de los individuos sirve para remover las cosas: tal vez otros empresarios decidan seguir mi ejemplo.<\/p>\n","protected":false},"excerpt":{"rendered":"<p>Federica Picchi, fundadora de Dominus Production: \u00abEs un testimonio de libertad\u00bb.<\/p>\n","protected":false},"author":15,"featured_media":87522,"comment_status":"open","ping_status":"open","sticky":false,"template":"","format":"standard","meta":{"give_campaign_id":0,"om_disable_all_campaigns":false,"_monsterinsights_skip_tracking":false,"_monsterinsights_sitenote_active":false,"_monsterinsights_sitenote_note":"","_monsterinsights_sitenote_category":0,"mc4wp_mailchimp_campaign":[],"jnews-multi-image_gallery":[],"jnews_single_post":{"subtitle":"Federica Picchi, fundadora de Dominus Production: \"Es un testimonio de libertad\".","format":"standard","video":"","gallery":"","source_name":"","source_url":"","via_name":"","via_url":"","override":[{"single_blog_custom":"","sidebar":"","second_sidebar":"","share_position":"","share_float_style":"","post_date_format":"","post_date_format_custom":"","post_reading_time_wpm":"","zoom_button_out_step":"1","zoom_button_in_step":"1","number_popup_post":"1"}],"image_override":[{"single_post_thumbnail_size":"","single_post_gallery_size":""}],"trending_post_position":"","trending_post_label":"","sponsored_post_label":"","sponsored_post_name":"","sponsored_post_url":"","sponsored_post_logo":"","sponsored_post_desc":""},"jnews_primary_category":{"id":""},"jnews_social_meta":[],"jnews_override_counter":[],"footnotes":""},"categories":[765,810,815],"tags":[12049,8625,8640,12046,12048,5699],"class_list":["post-90362","post","type-post","status-publish","format-standard","has-post-thumbnail","hentry","category-cultura-es","category-foreground-es","category-breaking-news-es","tag-dominus-production-2","tag-foreground-es","tag-highlight-es","tag-no-planificado","tag-pasaporte-verde","tag-unplanned-7"],"yoast_head":"<!-- This site is optimized with the Yoast SEO Premium plugin v25.9 (Yoast SEO v27.3) - https:\/\/yoast.com\/product\/yoast-seo-premium-wordpress\/ -->\n<title>&quot;Contraria al Pasaporte Verde COVID-19, suspendo la proyecci\u00f3n de mis pel\u00edculas&quot;. Federica Picchi, distribuidora de &quot;Unplanned&quot; - &quot;iFamNews&quot;<\/title>\n<meta name=\"description\" content=\"Federica Picchi, fundadora de Dominus Production, opt\u00f3 por suspender la distribuci\u00f3n de sus pel\u00edculas para desafiar el Pasaporte Verde.\" \/>\n<meta name=\"robots\" content=\"index, follow, max-snippet:-1, max-image-preview:large, max-video-preview:-1\" \/>\n<link rel=\"canonical\" href=\"https:\/\/ifamnews.com\/es\/-contraria-al-pasaporte-verde-covid-19-suspendo-la-proyecci-n-de-mis-pel-culas-federica-picchi-distribuidora-de-unplanned-\" \/>\n<meta property=\"og:locale\" content=\"es_ES\" \/>\n<meta property=\"og:type\" content=\"article\" \/>\n<meta property=\"og:title\" content=\"&quot;Contraria al Pasaporte Verde COVID-19, suspendo la proyecci\u00f3n de mis pel\u00edculas&quot;. Federica Picchi, distribuidora de &quot;Unplanned&quot;\" \/>\n<meta property=\"og:description\" content=\"Federica Picchi, fundadora de Dominus Production, opt\u00f3 por suspender la distribuci\u00f3n de sus pel\u00edculas para desafiar el Pasaporte Verde.\" \/>\n<meta property=\"og:url\" content=\"https:\/\/ifamnews.com\/es\/-contraria-al-pasaporte-verde-covid-19-suspendo-la-proyecci-n-de-mis-pel-culas-federica-picchi-distribuidora-de-unplanned-\" \/>\n<meta property=\"og:site_name\" content=\"IFN\" \/>\n<meta property=\"article:publisher\" content=\"https:\/\/www.facebook.com\/iFamNews\" \/>\n<meta property=\"article:published_time\" content=\"2021-08-25T05:00:00+00:00\" \/>\n<meta property=\"og:image\" content=\"https:\/\/ifamnews.com\/wp-content\/uploads\/2021\/08\/Image-from-Pixabay.jpg\" \/>\n\t<meta property=\"og:image:width\" content=\"1200\" \/>\n\t<meta property=\"og:image:height\" content=\"675\" \/>\n\t<meta property=\"og:image:type\" content=\"image\/jpeg\" \/>\n<meta name=\"author\" content=\"Federico Cenci\" \/>\n<meta name=\"twitter:card\" content=\"summary_large_image\" \/>\n<meta name=\"twitter:creator\" content=\"@https:\/\/twitter.com\/fedecenci\" \/>\n<meta name=\"twitter:site\" content=\"@iFamNewsEN\" \/>\n<meta name=\"twitter:label1\" content=\"Escrito por\" \/>\n\t<meta name=\"twitter:data1\" content=\"Federico Cenci\" \/>\n\t<meta name=\"twitter:label2\" content=\"Tiempo de lectura\" \/>\n\t<meta name=\"twitter:data2\" content=\"4 minutos\" \/>\n<!-- \/ Yoast SEO Premium plugin. -->","yoast_head_json":{"title":"\"Contraria al Pasaporte Verde COVID-19, suspendo la proyecci\u00f3n de mis pel\u00edculas\". Federica Picchi, distribuidora de \"Unplanned\" - \"iFamNews\"","description":"Federica Picchi, fundadora de Dominus Production, opt\u00f3 por suspender la distribuci\u00f3n de sus pel\u00edculas para desafiar el Pasaporte Verde.","robots":{"index":"index","follow":"follow","max-snippet":"max-snippet:-1","max-image-preview":"max-image-preview:large","max-video-preview":"max-video-preview:-1"},"canonical":"https:\/\/ifamnews.com\/es\/-contraria-al-pasaporte-verde-covid-19-suspendo-la-proyecci-n-de-mis-pel-culas-federica-picchi-distribuidora-de-unplanned-","og_locale":"es_ES","og_type":"article","og_title":"\"Contraria al Pasaporte Verde COVID-19, suspendo la proyecci\u00f3n de mis pel\u00edculas\". Federica Picchi, distribuidora de \"Unplanned\"","og_description":"Federica Picchi, fundadora de Dominus Production, opt\u00f3 por suspender la distribuci\u00f3n de sus pel\u00edculas para desafiar el Pasaporte Verde.","og_url":"https:\/\/ifamnews.com\/es\/-contraria-al-pasaporte-verde-covid-19-suspendo-la-proyecci-n-de-mis-pel-culas-federica-picchi-distribuidora-de-unplanned-","og_site_name":"IFN","article_publisher":"https:\/\/www.facebook.com\/iFamNews","article_published_time":"2021-08-25T05:00:00+00:00","og_image":[{"width":1200,"height":675,"url":"https:\/\/ifamnews.com\/wp-content\/uploads\/2021\/08\/Image-from-Pixabay.jpg","type":"image\/jpeg"}],"author":"Federico Cenci","twitter_card":"summary_large_image","twitter_creator":"@https:\/\/twitter.com\/fedecenci","twitter_site":"@iFamNewsEN","twitter_misc":{"Escrito por":"Federico Cenci","Tiempo de lectura":"4 minutos"},"schema":{"@context":"https:\/\/schema.org","@graph":[{"@type":"NewsArticle","@id":"https:\/\/ifamnews.com\/es\/-contraria-al-pasaporte-verde-covid-19-suspendo-la-proyecci-n-de-mis-pel-culas-federica-picchi-distribuidora-de-unplanned-#article","isPartOf":{"@id":"https:\/\/ifamnews.com\/es\/-contraria-al-pasaporte-verde-covid-19-suspendo-la-proyecci-n-de-mis-pel-culas-federica-picchi-distribuidora-de-unplanned-"},"author":{"name":"Federico Cenci","@id":"https:\/\/ifamnews.com\/en\/#\/schema\/person\/555378c4ec9e01d40ab9f2b5cee0c318"},"headline":"\u00abContraria al Pasaporte Verde COVID-19, suspendo la proyecci\u00f3n de mis pel\u00edculas\u00bb. Federica Picchi, distribuidora de \u00abUnplanned\u00bb","datePublished":"2021-08-25T05:00:00+00:00","mainEntityOfPage":{"@id":"https:\/\/ifamnews.com\/es\/-contraria-al-pasaporte-verde-covid-19-suspendo-la-proyecci-n-de-mis-pel-culas-federica-picchi-distribuidora-de-unplanned-"},"wordCount":769,"commentCount":0,"publisher":{"@id":"https:\/\/ifamnews.com\/en\/#organization"},"image":{"@id":"https:\/\/ifamnews.com\/es\/-contraria-al-pasaporte-verde-covid-19-suspendo-la-proyecci-n-de-mis-pel-culas-federica-picchi-distribuidora-de-unplanned-#primaryimage"},"thumbnailUrl":"https:\/\/ifamnews.com\/wp-content\/uploads\/2021\/08\/Image-from-Pixabay.jpg","keywords":["Dominus Production","Foreground","Highlight","No planificado","Pasaporte verde","Unplanned"],"articleSection":["Cultura","Foreground","\u00daLTIMAS NOTICIAS"],"inLanguage":"es","potentialAction":[{"@type":"CommentAction","name":"Comment","target":["https:\/\/ifamnews.com\/es\/-contraria-al-pasaporte-verde-covid-19-suspendo-la-proyecci-n-de-mis-pel-culas-federica-picchi-distribuidora-de-unplanned-#respond"]}]},{"@type":"WebPage","@id":"https:\/\/ifamnews.com\/es\/-contraria-al-pasaporte-verde-covid-19-suspendo-la-proyecci-n-de-mis-pel-culas-federica-picchi-distribuidora-de-unplanned-","url":"https:\/\/ifamnews.com\/es\/-contraria-al-pasaporte-verde-covid-19-suspendo-la-proyecci-n-de-mis-pel-culas-federica-picchi-distribuidora-de-unplanned-","name":"\"Contraria al Pasaporte Verde COVID-19, suspendo la proyecci\u00f3n de mis pel\u00edculas\". Federica Picchi, distribuidora de \"Unplanned\" - \"iFamNews\"","isPartOf":{"@id":"https:\/\/ifamnews.com\/en\/#website"},"primaryImageOfPage":{"@id":"https:\/\/ifamnews.com\/es\/-contraria-al-pasaporte-verde-covid-19-suspendo-la-proyecci-n-de-mis-pel-culas-federica-picchi-distribuidora-de-unplanned-#primaryimage"},"image":{"@id":"https:\/\/ifamnews.com\/es\/-contraria-al-pasaporte-verde-covid-19-suspendo-la-proyecci-n-de-mis-pel-culas-federica-picchi-distribuidora-de-unplanned-#primaryimage"},"thumbnailUrl":"https:\/\/ifamnews.com\/wp-content\/uploads\/2021\/08\/Image-from-Pixabay.jpg","datePublished":"2021-08-25T05:00:00+00:00","description":"Federica Picchi, fundadora de Dominus Production, opt\u00f3 por suspender la distribuci\u00f3n de sus pel\u00edculas para desafiar el Pasaporte Verde.","breadcrumb":{"@id":"https:\/\/ifamnews.com\/es\/-contraria-al-pasaporte-verde-covid-19-suspendo-la-proyecci-n-de-mis-pel-culas-federica-picchi-distribuidora-de-unplanned-#breadcrumb"},"inLanguage":"es","potentialAction":[{"@type":"ReadAction","target":["https:\/\/ifamnews.com\/es\/-contraria-al-pasaporte-verde-covid-19-suspendo-la-proyecci-n-de-mis-pel-culas-federica-picchi-distribuidora-de-unplanned-"]}]},{"@type":"ImageObject","inLanguage":"es","@id":"https:\/\/ifamnews.com\/es\/-contraria-al-pasaporte-verde-covid-19-suspendo-la-proyecci-n-de-mis-pel-culas-federica-picchi-distribuidora-de-unplanned-#primaryimage","url":"https:\/\/ifamnews.com\/wp-content\/uploads\/2021\/08\/Image-from-Pixabay.jpg","contentUrl":"https:\/\/ifamnews.com\/wp-content\/uploads\/2021\/08\/Image-from-Pixabay.jpg","width":1200,"height":675,"caption":"Imagen de Pixabay"},{"@type":"BreadcrumbList","@id":"https:\/\/ifamnews.com\/es\/-contraria-al-pasaporte-verde-covid-19-suspendo-la-proyecci-n-de-mis-pel-culas-federica-picchi-distribuidora-de-unplanned-#breadcrumb","itemListElement":[{"@type":"ListItem","position":1,"name":"Home","item":"https:\/\/ifamnews.com\/de"},{"@type":"ListItem","position":2,"name":"Cultura","item":"https:\/\/ifamnews.com\/it\/categoria\/cultura"},{"@type":"ListItem","position":3,"name":"&#8220;Contraria al Pasaporte Verde COVID-19, suspendo la proyecci\u00f3n de mis pel\u00edculas&#8221;. Federica Picchi, distribuidora de &#8220;Unplanned&#8221;"}]},{"@type":"WebSite","@id":"https:\/\/ifamnews.com\/en\/#website","url":"https:\/\/ifamnews.com\/en\/","name":"IFN","description":"International Family News Network","publisher":{"@id":"https:\/\/ifamnews.com\/en\/#organization"},"potentialAction":[{"@type":"SearchAction","target":{"@type":"EntryPoint","urlTemplate":"https:\/\/ifamnews.com\/en\/?s={search_term_string}"},"query-input":{"@type":"PropertyValueSpecification","valueRequired":true,"valueName":"search_term_string"}}],"inLanguage":"es"},{"@type":"Organization","@id":"https:\/\/ifamnews.com\/en\/#organization","name":"iFamNews","url":"https:\/\/ifamnews.com\/en\/","logo":{"@type":"ImageObject","inLanguage":"es","@id":"https:\/\/ifamnews.com\/en\/#\/schema\/logo\/image\/","url":"https:\/\/ifamnews.com\/wp-content\/uploads\/2020\/01\/Share-logo.png","contentUrl":"https:\/\/ifamnews.com\/wp-content\/uploads\/2020\/01\/Share-logo.png","width":200,"height":200,"caption":"iFamNews"},"image":{"@id":"https:\/\/ifamnews.com\/en\/#\/schema\/logo\/image\/"},"sameAs":["https:\/\/www.facebook.com\/iFamNews","https:\/\/x.com\/iFamNewsEN"]},{"@type":"Person","@id":"https:\/\/ifamnews.com\/en\/#\/schema\/person\/555378c4ec9e01d40ab9f2b5cee0c318","name":"Federico Cenci","image":{"@type":"ImageObject","inLanguage":"es","@id":"https:\/\/secure.gravatar.com\/avatar\/535f77b8447d05f39d4ca941654f7a7b7d712f3d72f0b4b185747785f5a8e745?s=96&d=mm&r=g","url":"https:\/\/secure.gravatar.com\/avatar\/535f77b8447d05f39d4ca941654f7a7b7d712f3d72f0b4b185747785f5a8e745?s=96&d=mm&r=g","contentUrl":"https:\/\/secure.gravatar.com\/avatar\/535f77b8447d05f39d4ca941654f7a7b7d712f3d72f0b4b185747785f5a8e745?s=96&d=mm&r=g","caption":"Federico Cenci"},"description":"Federico Cenci worked from 2013 to 2017 at the Catholic Zenit press agency dealing with social and religious issues, bioethics, family policies, as well as domestic and international politics. He then continued his business with In Terris, and currently with various newspapers and periodicals. In 2020 he wrote the novel \"East Berlin 2.0 - Notes between dystopia and reality\"","sameAs":["https:\/\/x.com\/https:\/\/twitter.com\/fedecenci"],"url":"https:\/\/ifamnews.com\/es\/author\/fcenci"}]}},"amp_enabled":true,"_links":{"self":[{"href":"https:\/\/ifamnews.com\/es\/wp-json\/wp\/v2\/posts\/90362","targetHints":{"allow":["GET"]}}],"collection":[{"href":"https:\/\/ifamnews.com\/es\/wp-json\/wp\/v2\/posts"}],"about":[{"href":"https:\/\/ifamnews.com\/es\/wp-json\/wp\/v2\/types\/post"}],"author":[{"embeddable":true,"href":"https:\/\/ifamnews.com\/es\/wp-json\/wp\/v2\/users\/15"}],"replies":[{"embeddable":true,"href":"https:\/\/ifamnews.com\/es\/wp-json\/wp\/v2\/comments?post=90362"}],"version-history":[{"count":5,"href":"https:\/\/ifamnews.com\/es\/wp-json\/wp\/v2\/posts\/90362\/revisions"}],"predecessor-version":[{"id":90368,"href":"https:\/\/ifamnews.com\/es\/wp-json\/wp\/v2\/posts\/90362\/revisions\/90368"}],"wp:featuredmedia":[{"embeddable":true,"href":"https:\/\/ifamnews.com\/es\/wp-json\/wp\/v2\/media\/87522"}],"wp:attachment":[{"href":"https:\/\/ifamnews.com\/es\/wp-json\/wp\/v2\/media?parent=90362"}],"wp:term":[{"taxonomy":"category","embeddable":true,"href":"https:\/\/ifamnews.com\/es\/wp-json\/wp\/v2\/categories?post=90362"},{"taxonomy":"post_tag","embeddable":true,"href":"https:\/\/ifamnews.com\/es\/wp-json\/wp\/v2\/tags?post=90362"}],"curies":[{"name":"wp","href":"https:\/\/api.w.org\/{rel}","templated":true}]}}