{"id":87272,"date":"2021-08-03T01:00:00","date_gmt":"2021-08-03T05:00:00","guid":{"rendered":"https:\/\/ifamnews.com\/?p=87272"},"modified":"2021-08-02T07:31:00","modified_gmt":"2021-08-02T11:31:00","slug":"per-nuevo-presidente-confirma-tendencia-radical-comunista-al-nombrar-a-premier-y-canciller","status":"publish","type":"post","link":"https:\/\/ifamnews.com\/es\/per-nuevo-presidente-confirma-tendencia-radical-comunista-al-nombrar-a-premier-y-canciller","title":{"rendered":"Per\u00fa: Nuevo presidente confirma tendencia radical comunista al nombrar a Premier y Canciller"},"content":{"rendered":"\n<p>Despu\u00e9s de juramentar este 28 de julio, el presidente peruano Pedro Castillo ha dado un mensaje claro de no buscar un gobierno de consenso. Volvi\u00f3 a hablar de la necesidad de una Asamblea Constituyente como ocurri\u00f3 en Venezuela y en Chile, donde la representaci\u00f3n favorecer\u00eda ampliamente a la izquierda. La mano del Foro de Sao Paulo es absolutamente visible, hasta la vestimenta del presidente Castillo en su juramentaci\u00f3n era muy similar a la que usan Evo Morales y Nicol\u00e1s Maduro.&nbsp;<\/p>\n\n\n\n<p>A continuaci\u00f3n, daremos detalles de los perfiles de los dos ministros m\u00e1s representativos nombrados por el presidente Castillo que no dejar\u00e1n ninguna duda sobre la tendencia pol\u00edtica radical de este nuevo gobierno.<\/p>\n\n\n\n<p><strong>El Primer Ministro<\/strong> <strong>Guido Bellido Ugarte<\/strong> es un congresista electo de Per\u00fa Libre, mismo partido del presidente Castillo que es confesionalmente <a href=\"https:\/\/es.wikipedia.org\/wiki\/Per%C3%BA_Libre\">marxista leninista<\/a>. Bellido representa a la jurisdicci\u00f3n de Cuzco. Se hace llamar el Qorilazo, una suerte de vaquero andino. Es hombre de confianza de Vladimir Cerr\u00f3n, presidente del partido Per\u00fa Libre impedido de presentarse a un cargo p\u00fablico por una sentencia condenatoria en un caso de corrupci\u00f3n y tiene muchos otros casos que f\u00e1cilmente terminar\u00edan igual. Los temas prioritarios en la campa\u00f1a electoral de Guido Bellido han sido: la Asamblea Constituyente y la Ley de la Hoja de Coca. Bellido<strong> <\/strong>es asiduo invitado a radios bolivianas donde ha asegurado que Pedro Castillo seguir\u00e1 los pasos de Evo Morales. Es conocido por ser un activista anti minero, cuando la miner\u00eda es el sector que m\u00e1s impulsa la econom\u00eda del pa\u00eds.&nbsp;<\/p>\n\n\n\n<p>Guido Bellido reconoci\u00f3 ante una periodista que hace cuatro a\u00f1os rindi\u00f3 un homenaje en redes sociales a Edith Lagos, miembro del grupo terrorista <a href=\"https:\/\/es.wikipedia.org\/wiki\/Sendero_Luminoso\"><strong>Sendero Luminoso<\/strong><\/a><strong>.<\/strong><strong> Lagos tom\u00f3 parte de acciones terroristas desde su adolescencia. Dirigi\u00f3 matanzas contra comunidades campesinas, polic\u00edas y miembros de las FF.AA. en 1982. <\/strong>Condenada y encarcelada, escap\u00f3 junto a otros 70 miembros de Sendero y al poco tiempo fue abatida en un enfrentamiento con polic\u00edas antes de cumplir los 19 a\u00f1os. Fue sepultada con la bandera de Sendero Luminoso grupo terrorista sanguinario de la d\u00e9cada de los 80. Bellido tambi\u00e9n ha alabado en m\u00e1s de una ocasi\u00f3n a otra militante de Sendero Luminoso,<strong> Carlota Tello Cuti<\/strong> diciendo que <em>\u201ces una muestra ejemplar del rol de la mujer peruana en el proceso de la lucha armada\u201d<\/em>.&nbsp;<\/p>\n\n\n\n<p>El 22 de mayo del 2021, el Ministerio P\u00fablico abri\u00f3 una investigaci\u00f3n preliminar contra Guido Bellido por el presunto delito de apolog\u00eda al terrorismo. El fiscal Luis Valdivia Calder\u00f3n tom\u00f3 esta decisi\u00f3n por unas declaraciones dadas por Bellido. Estas fueron: \u201c<em>El pa\u00eds estaba en un desastre, hubo peruanos que equivocadamente tomaron un camino, \u00bfson peruanos o no? Por eso tienen sus derechos. <\/em><strong><em>\u00bfQu\u00e9 tienes contra los senderistas?<\/em><\/strong>\u201d, se\u00f1al\u00f3 el nuevo primer ministro del Per\u00fa el pasado 23 de abril al canal Inka Visi\u00f3n Noticias durante su campa\u00f1a para el cargo de congresista.<\/p>\n\n\n\n<p>El nuevo Canciller del Per\u00fa, <strong>H\u00e9ctor B\u00e9jar, tiene una amplia trayectoria en las m\u00e1s violentas guerrillas de tinte comunista.<\/strong><\/p>\n\n\n\n<p><strong>B\u00e9jar particip\u00f3 de las guerrillas revolucionarias<\/strong> <strong>de Cuba<\/strong> <strong>junto a Fidel Castro y Ernesto \u201cChe\u201d Guevara<\/strong>. En 1962, viaj\u00f3 a la isla y se incorpor\u00f3 a la revoluci\u00f3n a los 27 a\u00f1os.&nbsp;<\/p>\n\n\n\n<p>Al regresar al Per\u00fa, B\u00e9jar se uni\u00f3 al <a href=\"https:\/\/es.wikipedia.org\/wiki\/Movimiento_de_Izquierda_Revolucionaria_(Per%C3%BA)\">Movimiento de Izquierda revolucionaria (MIR)<\/a>, y luego fund\u00f3 el <a href=\"https:\/\/es.wikipedia.org\/wiki\/Ej%C3%A9rcito_de_Liberaci%C3%B3n_Nacional_(Per%C3%BA)#:~:text=El%20Ej%C3%A9rcito%20de%20Liberaci%C3%B3n%20Nacional,peruano%20en%20diciembre%20de%201965.\">Ej\u00e9rcito de Liberaci\u00f3n nacional (ELN)<\/a>, grupos militar de inspiraci\u00f3n Guevarista donde foment\u00f3 la insurrecci\u00f3n y el levantamiento armado. Con el nombre \u201cCalixto\u201d organiz\u00f3 <a href=\"http:\/\/www.leandrokatz.com\/Pages\/ChronoCoverSp.html\">la guerrilla \u201cJavier Heraud\u201den Bolivia en 1964<\/a>.<\/p>\n\n\n\n<p>En 1966 fue detenido por la autoridades y condenado por sedici\u00f3n. Escribi\u00f3 el libro: <a href=\"https:\/\/www.marxists.org\/espanol\/tematica\/guerrilla\/peru\/bejar\/1965.htm\">\u201c1965: Apuntes sobre una experiencia guerrillera.\u201d<\/a> Fue amnistiado por el presidente golpista militar de izquierda <a href=\"https:\/\/es.wikipedia.org\/wiki\/Juan_Velasco_Alvarado\">Velasco Alvarado<\/a>.<\/p>\n\n\n\n<p>En su libro <a href=\"https:\/\/revistaideele.com\/ideele\/content\/retorno-la-guerrilla\">\u201cRetorno a la guerrilla\u201d<\/a> en 2015, el nuevo Canciller del Per\u00fa narra c\u00f3mo en su lucha pidi\u00f3 la ayuda del m\u00e1s famoso y sanguinario terrorista del Per\u00fa, <a href=\"https:\/\/es.wikipedia.org\/wiki\/Abimael_Guzm%C3%A1n\">Abimael Guzm\u00e1n<\/a>, quien se la neg\u00f3.<\/p>\n\n\n\n<p>El resto de gabinete de ministros de Pedro Castillo comparten las mismas ideas aunque su \u201cprestigio rojo\u201d es menor. La ministra de la Mujer <strong>Anahi Durand<\/strong>, ex esposa del <em>terrorista y asaltante de banco chileno Alejandro Astorga Valdes <\/em>(actualmente preso en Chile) con quien tiene una hija, se declar\u00f3 en favor del aborto libre en un tweet del 30 de diciembre del 2020\u2026 Todo un programa\u2026&nbsp;&nbsp;<\/p>\n\n\n\n<p>El ministerio de econom\u00eda no fue entregado a un comunista, sino a un izquierdista menos radical. El ministro <strong>Pedro Francke<\/strong> es lo que se conoce como un \u201cizquierdista caviar\u201d, es decir aquellos que profesan el marxismo cultural pero usufruct\u00faan los resultados de la econom\u00eda de libre mercado. Francke jur\u00f3 en nombre de la \u201cigualdad de g\u00e9nero sin distinci\u00f3n de orientaci\u00f3n sexual\u201d.<\/p>\n\n\n\n<p>La moneda nacional, el Sol peruano, ya se derrumb\u00f3 en los mercados financieros a pesar de los intentos del Banco Central de Reserva para frenar la ca\u00edda. Ya lleva semanas quemando reservas de divisas en ese intento. Tan solo el 30 de Julio <a href=\"https:\/\/gestion.pe\/economia\/mercados\/tipo-de-cambio-dolar-escalo-al-nivel-historico-de-s-407-pese-a-que-el-bcr-vendio-us-293-millones-nndc-noticia\/\">vendi\u00f3 293 millones<\/a> de d\u00f3lares americanos pero no impidi\u00f3 que el d\u00f3lar supere la barrera hist\u00f3rica de los 4 soles. Este es un relato de una cat\u00e1strofe anunciada.<\/p>\n\n\n\n<p>\u00a0Falta ver si el Congreso de la Rep\u00fablica, donde el presidente carece de mayor\u00eda, dar\u00e1 la confianza a este gobierno o si vamos a un enfrentamiento esperado entre comunistas y defensores de la libertad.<\/p>\n\n\n\n<p><\/p>\n\n\n\n<p class=\"has-text-align-right\"><sub>Foto portada:https:\/\/www.apnoticias.pe\/<\/sub><\/p>\n","protected":false},"excerpt":{"rendered":"<p>A pesar de sus declaraciones durante la segunda vuelta de la campa\u00f1a electoral, Pedro Castillo presenta un gabinete de ministros tan rojo como la sangre para dirigir al Per\u00fa.<\/p>\n","protected":false},"author":576,"featured_media":87273,"comment_status":"open","ping_status":"open","sticky":false,"template":"","format":"standard","meta":{"give_campaign_id":0,"om_disable_all_campaigns":false,"_monsterinsights_skip_tracking":false,"_monsterinsights_sitenote_active":false,"_monsterinsights_sitenote_note":"","_monsterinsights_sitenote_category":0,"mc4wp_mailchimp_campaign":[],"jnews-multi-image_gallery":[],"jnews_single_post":{"subtitle":"A pesar de sus declaraciones durante la segunda vuelta de la campa\u00f1a electoral, Pedro Castillo presenta un gabinete de ministros tan rojo como la sangre para dirigir al Per\u00fa,","format":"standard","video":"","gallery":"","source_name":"","source_url":"","via_name":"","via_url":"","override":[{"single_blog_custom":"","sidebar":"","second_sidebar":"","share_position":"","share_float_style":"","post_date_format":"","post_date_format_custom":"","post_reading_time_wpm":"","zoom_button_out_step":"1","zoom_button_in_step":"1","number_popup_post":"1"}],"image_override":[{"single_post_thumbnail_size":"","single_post_gallery_size":""}],"trending_post_position":"","trending_post_label":"","sponsored_post_label":"","sponsored_post_name":"","sponsored_post_url":"","sponsored_post_logo":"","sponsored_post_desc":""},"jnews_primary_category":{"id":""},"jnews_social_meta":[],"jnews_override_counter":[],"footnotes":""},"categories":[810,773,815],"tags":[],"class_list":["post-87272","post","type-post","status-publish","format-standard","has-post-thumbnail","hentry","category-foreground-es","category-politica","category-breaking-news-es"],"yoast_head":"<!-- This site is optimized with the Yoast SEO Premium plugin v25.9 (Yoast SEO v27.3) - https:\/\/yoast.com\/product\/yoast-seo-premium-wordpress\/ -->\n<title>Per\u00fa: Nuevo presidente confirma tendencia radical comunista al nombrar a Premier y Canciller - IFN<\/title>\n<meta name=\"description\" content=\"A pesar de sus declaraciones, Pedro Castillo presenta un gabinete de ministros tan rojo como la sangre para dirigir al Per\u00fa.\" \/>\n<meta name=\"robots\" content=\"index, follow, max-snippet:-1, max-image-preview:large, max-video-preview:-1\" \/>\n<link rel=\"canonical\" href=\"https:\/\/ifamnews.com\/es\/per-nuevo-presidente-confirma-tendencia-radical-comunista-al-nombrar-a-premier-y-canciller\" \/>\n<meta property=\"og:locale\" content=\"es_ES\" \/>\n<meta property=\"og:type\" content=\"article\" \/>\n<meta property=\"og:title\" content=\"Per\u00fa: Nuevo presidente confirma tendencia radical comunista al nombrar a Premier y Canciller\" \/>\n<meta property=\"og:description\" content=\"A pesar de sus declaraciones, Pedro Castillo presenta un gabinete de ministros tan rojo como la sangre para dirigir al Per\u00fa.\" \/>\n<meta property=\"og:url\" content=\"https:\/\/ifamnews.com\/es\/per-nuevo-presidente-confirma-tendencia-radical-comunista-al-nombrar-a-premier-y-canciller\" \/>\n<meta property=\"og:site_name\" content=\"IFN\" \/>\n<meta property=\"article:publisher\" content=\"https:\/\/www.facebook.com\/iFamNews\" \/>\n<meta property=\"article:published_time\" content=\"2021-08-03T05:00:00+00:00\" \/>\n<meta property=\"og:image\" content=\"https:\/\/ifamnews.com\/wp-content\/uploads\/2021\/08\/607469b06f007c4c773b73c2.png\" \/>\n\t<meta property=\"og:image:width\" content=\"1200\" \/>\n\t<meta property=\"og:image:height\" content=\"675\" \/>\n\t<meta property=\"og:image:type\" content=\"image\/png\" \/>\n<meta name=\"author\" content=\"Cedric Lenners\" \/>\n<meta name=\"twitter:card\" content=\"summary_large_image\" \/>\n<meta name=\"twitter:creator\" content=\"@iFamNewsEN\" \/>\n<meta name=\"twitter:site\" content=\"@iFamNewsEN\" \/>\n<meta name=\"twitter:label1\" content=\"Escrito por\" \/>\n\t<meta name=\"twitter:data1\" content=\"Cedric Lenners\" \/>\n\t<meta name=\"twitter:label2\" content=\"Tiempo de lectura\" \/>\n\t<meta name=\"twitter:data2\" content=\"4 minutos\" \/>\n<!-- \/ Yoast SEO Premium plugin. -->","yoast_head_json":{"title":"Per\u00fa: Nuevo presidente confirma tendencia radical comunista al nombrar a Premier y Canciller - IFN","description":"A pesar de sus declaraciones, Pedro Castillo presenta un gabinete de ministros tan rojo como la sangre para dirigir al Per\u00fa.","robots":{"index":"index","follow":"follow","max-snippet":"max-snippet:-1","max-image-preview":"max-image-preview:large","max-video-preview":"max-video-preview:-1"},"canonical":"https:\/\/ifamnews.com\/es\/per-nuevo-presidente-confirma-tendencia-radical-comunista-al-nombrar-a-premier-y-canciller","og_locale":"es_ES","og_type":"article","og_title":"Per\u00fa: Nuevo presidente confirma tendencia radical comunista al nombrar a Premier y Canciller","og_description":"A pesar de sus declaraciones, Pedro Castillo presenta un gabinete de ministros tan rojo como la sangre para dirigir al Per\u00fa.","og_url":"https:\/\/ifamnews.com\/es\/per-nuevo-presidente-confirma-tendencia-radical-comunista-al-nombrar-a-premier-y-canciller","og_site_name":"IFN","article_publisher":"https:\/\/www.facebook.com\/iFamNews","article_published_time":"2021-08-03T05:00:00+00:00","og_image":[{"width":1200,"height":675,"url":"https:\/\/ifamnews.com\/wp-content\/uploads\/2021\/08\/607469b06f007c4c773b73c2.png","type":"image\/png"}],"author":"Cedric Lenners","twitter_card":"summary_large_image","twitter_creator":"@iFamNewsEN","twitter_site":"@iFamNewsEN","twitter_misc":{"Escrito por":"Cedric Lenners","Tiempo de lectura":"4 minutos"},"schema":{"@context":"https:\/\/schema.org","@graph":[{"@type":"NewsArticle","@id":"https:\/\/ifamnews.com\/es\/per-nuevo-presidente-confirma-tendencia-radical-comunista-al-nombrar-a-premier-y-canciller#article","isPartOf":{"@id":"https:\/\/ifamnews.com\/es\/per-nuevo-presidente-confirma-tendencia-radical-comunista-al-nombrar-a-premier-y-canciller"},"author":{"name":"Cedric Lenners","@id":"https:\/\/ifamnews.com\/en\/#\/schema\/person\/73366277df7b3482ebc184bb8f40def2"},"headline":"Per\u00fa: Nuevo presidente confirma tendencia radical comunista al nombrar a Premier y Canciller","datePublished":"2021-08-03T05:00:00+00:00","mainEntityOfPage":{"@id":"https:\/\/ifamnews.com\/es\/per-nuevo-presidente-confirma-tendencia-radical-comunista-al-nombrar-a-premier-y-canciller"},"wordCount":943,"commentCount":0,"publisher":{"@id":"https:\/\/ifamnews.com\/en\/#organization"},"image":{"@id":"https:\/\/ifamnews.com\/es\/per-nuevo-presidente-confirma-tendencia-radical-comunista-al-nombrar-a-premier-y-canciller#primaryimage"},"thumbnailUrl":"https:\/\/ifamnews.com\/wp-content\/uploads\/2021\/08\/607469b06f007c4c773b73c2.png","articleSection":["Foreground","Pol\u00edtica","\u00daLTIMAS NOTICIAS"],"inLanguage":"es","potentialAction":[{"@type":"CommentAction","name":"Comment","target":["https:\/\/ifamnews.com\/es\/per-nuevo-presidente-confirma-tendencia-radical-comunista-al-nombrar-a-premier-y-canciller#respond"]}]},{"@type":"WebPage","@id":"https:\/\/ifamnews.com\/es\/per-nuevo-presidente-confirma-tendencia-radical-comunista-al-nombrar-a-premier-y-canciller","url":"https:\/\/ifamnews.com\/es\/per-nuevo-presidente-confirma-tendencia-radical-comunista-al-nombrar-a-premier-y-canciller","name":"Per\u00fa: Nuevo presidente confirma tendencia radical comunista al nombrar a Premier y Canciller - IFN","isPartOf":{"@id":"https:\/\/ifamnews.com\/en\/#website"},"primaryImageOfPage":{"@id":"https:\/\/ifamnews.com\/es\/per-nuevo-presidente-confirma-tendencia-radical-comunista-al-nombrar-a-premier-y-canciller#primaryimage"},"image":{"@id":"https:\/\/ifamnews.com\/es\/per-nuevo-presidente-confirma-tendencia-radical-comunista-al-nombrar-a-premier-y-canciller#primaryimage"},"thumbnailUrl":"https:\/\/ifamnews.com\/wp-content\/uploads\/2021\/08\/607469b06f007c4c773b73c2.png","datePublished":"2021-08-03T05:00:00+00:00","description":"A pesar de sus declaraciones, Pedro Castillo presenta un gabinete de ministros tan rojo como la sangre para dirigir al Per\u00fa.","breadcrumb":{"@id":"https:\/\/ifamnews.com\/es\/per-nuevo-presidente-confirma-tendencia-radical-comunista-al-nombrar-a-premier-y-canciller#breadcrumb"},"inLanguage":"es","potentialAction":[{"@type":"ReadAction","target":["https:\/\/ifamnews.com\/es\/per-nuevo-presidente-confirma-tendencia-radical-comunista-al-nombrar-a-premier-y-canciller"]}]},{"@type":"ImageObject","inLanguage":"es","@id":"https:\/\/ifamnews.com\/es\/per-nuevo-presidente-confirma-tendencia-radical-comunista-al-nombrar-a-premier-y-canciller#primaryimage","url":"https:\/\/ifamnews.com\/wp-content\/uploads\/2021\/08\/607469b06f007c4c773b73c2.png","contentUrl":"https:\/\/ifamnews.com\/wp-content\/uploads\/2021\/08\/607469b06f007c4c773b73c2.png","width":1200,"height":675},{"@type":"BreadcrumbList","@id":"https:\/\/ifamnews.com\/es\/per-nuevo-presidente-confirma-tendencia-radical-comunista-al-nombrar-a-premier-y-canciller#breadcrumb","itemListElement":[{"@type":"ListItem","position":1,"name":"Home","item":"https:\/\/ifamnews.com\/de"},{"@type":"ListItem","position":2,"name":"Politics","item":"https:\/\/ifamnews.com\/en\/category\/politics"},{"@type":"ListItem","position":3,"name":"Per\u00fa: Nuevo presidente confirma tendencia radical comunista al nombrar a Premier y Canciller"}]},{"@type":"WebSite","@id":"https:\/\/ifamnews.com\/en\/#website","url":"https:\/\/ifamnews.com\/en\/","name":"IFN","description":"International Family News Network","publisher":{"@id":"https:\/\/ifamnews.com\/en\/#organization"},"potentialAction":[{"@type":"SearchAction","target":{"@type":"EntryPoint","urlTemplate":"https:\/\/ifamnews.com\/en\/?s={search_term_string}"},"query-input":{"@type":"PropertyValueSpecification","valueRequired":true,"valueName":"search_term_string"}}],"inLanguage":"es"},{"@type":"Organization","@id":"https:\/\/ifamnews.com\/en\/#organization","name":"iFamNews","url":"https:\/\/ifamnews.com\/en\/","logo":{"@type":"ImageObject","inLanguage":"es","@id":"https:\/\/ifamnews.com\/en\/#\/schema\/logo\/image\/","url":"https:\/\/ifamnews.com\/wp-content\/uploads\/2020\/01\/Share-logo.png","contentUrl":"https:\/\/ifamnews.com\/wp-content\/uploads\/2020\/01\/Share-logo.png","width":200,"height":200,"caption":"iFamNews"},"image":{"@id":"https:\/\/ifamnews.com\/en\/#\/schema\/logo\/image\/"},"sameAs":["https:\/\/www.facebook.com\/iFamNews","https:\/\/x.com\/iFamNewsEN"]},{"@type":"Person","@id":"https:\/\/ifamnews.com\/en\/#\/schema\/person\/73366277df7b3482ebc184bb8f40def2","name":"Cedric Lenners","image":{"@type":"ImageObject","inLanguage":"es","@id":"https:\/\/secure.gravatar.com\/avatar\/bdac3284aa50463573957490dbb609012f59949b6b777ba5cf3ea6c85bbddb3a?s=96&d=mm&r=g","url":"https:\/\/secure.gravatar.com\/avatar\/bdac3284aa50463573957490dbb609012f59949b6b777ba5cf3ea6c85bbddb3a?s=96&d=mm&r=g","contentUrl":"https:\/\/secure.gravatar.com\/avatar\/bdac3284aa50463573957490dbb609012f59949b6b777ba5cf3ea6c85bbddb3a?s=96&d=mm&r=g","caption":"Cedric Lenners"},"description":"Master of Science in Physics, with minors in Philosophy and Theology. Born and raised in Belgium, he has been living in Peru for many years. Lecturer and Professor, he has also been a professional poker player. He has done pro-life works in Latin America. Among those is the articulation for pro-life and pro-family organizations in Lima. He made an investigation showing the financing by Planned Parenthood of Latin American NGOs illegally promoting and encouraging abortions. Advise families to ease and promote foster care of children in an abandonment situation in Peru.","url":"https:\/\/ifamnews.com\/es\/author\/cedric-lenners"}]}},"amp_enabled":true,"_links":{"self":[{"href":"https:\/\/ifamnews.com\/es\/wp-json\/wp\/v2\/posts\/87272","targetHints":{"allow":["GET"]}}],"collection":[{"href":"https:\/\/ifamnews.com\/es\/wp-json\/wp\/v2\/posts"}],"about":[{"href":"https:\/\/ifamnews.com\/es\/wp-json\/wp\/v2\/types\/post"}],"author":[{"embeddable":true,"href":"https:\/\/ifamnews.com\/es\/wp-json\/wp\/v2\/users\/576"}],"replies":[{"embeddable":true,"href":"https:\/\/ifamnews.com\/es\/wp-json\/wp\/v2\/comments?post=87272"}],"version-history":[{"count":1,"href":"https:\/\/ifamnews.com\/es\/wp-json\/wp\/v2\/posts\/87272\/revisions"}],"predecessor-version":[{"id":87281,"href":"https:\/\/ifamnews.com\/es\/wp-json\/wp\/v2\/posts\/87272\/revisions\/87281"}],"wp:featuredmedia":[{"embeddable":true,"href":"https:\/\/ifamnews.com\/es\/wp-json\/wp\/v2\/media\/87273"}],"wp:attachment":[{"href":"https:\/\/ifamnews.com\/es\/wp-json\/wp\/v2\/media?parent=87272"}],"wp:term":[{"taxonomy":"category","embeddable":true,"href":"https:\/\/ifamnews.com\/es\/wp-json\/wp\/v2\/categories?post=87272"},{"taxonomy":"post_tag","embeddable":true,"href":"https:\/\/ifamnews.com\/es\/wp-json\/wp\/v2\/tags?post=87272"}],"curies":[{"name":"wp","href":"https:\/\/api.w.org\/{rel}","templated":true}]}}